{"id":263938,"date":"2022-12-20T18:02:00","date_gmt":"2022-12-20T17:02:00","guid":{"rendered":"https:\/\/www.intoscana.it\/it\/?p=263938"},"modified":"2022-12-20T18:09:47","modified_gmt":"2022-12-20T17:09:47","slug":"gli-auguri-di-giani-e-mazzeo-giovani-ambiente-e-lavoro-per-il-2023","status":"publish","type":"post","link":"https:\/\/www.intoscana.it\/it\/gli-auguri-di-giani-e-mazzeo-giovani-ambiente-e-lavoro-per-il-2023\/","title":{"rendered":"Gli auguri di Giani e Mazzeo: giovani, ambiente e lavoro per il 2023"},"content":{"rendered":"<p style=\"font-weight: 400;\">Tre priorit\u00e0 per il 2023: <strong>giovani, ambiente e lavoro<\/strong>. Questo l&#8217;augurio espresso dal presidente della Giunta Regionale Eugenio Giani e dal presidente del Consiglio regionale, <strong>Antonio Mazzeo<\/strong>, in occasione brindisi natalizio nella sala Gonfalone di palazzo del Pegaso.<\/p>\n<p>Il presidente <strong>Eugenio Giani<\/strong> ha ricordato le difficolt\u00e0 affrontate nel 2022, dalla pandemia alla guerra fino al caro bollette e l\u2019aumento delle materie prime. \u201c<em>Ma abbiamo avuto la capacit\u00e0 di guardare al futuro con speranza<\/em> \u2013 ha detto \u2013 <em>e l\u2019augurio per il prossimo anno che si possano concretizzare tutta una serie di interventi che possano essere volano per la nostra economia. Dall\u2019altra parte mi auguro sia un anno all\u2019insegna della solidariet\u00e0 verso chi si trova a vivere in condizioni di povert\u00e0, verso i migranti, che per la prima volta arriveranno al porto di Livorno, e nei confronti di chi, per motivi di salute, si trova a dover vivere all\u2019interno delle nostre strutture sanitarie<\/em>\u201d.<\/p>\n<p style=\"font-weight: 400;\">Mazzeo ha voluto ricordare <strong>alcune delle leggi approvate<\/strong> in Consiglio regionale: &#8220;<em>lo psicologo di base che mette a disposizione di tutti una figura di supporto dal punto di vista mentale. Il progetto Ri-Generazione urbana con la quale, attraverso i risparmi dei costi della politica, abbiamo messo a disposizione delle ragazze dei ragazzi giovani la possibilit\u00e0 di disegnare un pezzo della loro comunit\u00e0. O ancora, penso alle comunit\u00e0 energetiche. Sono tutte azioni in linea con la nostra idea di agire pensando ai giovani, all\u2019ambiente, al lavoro<\/em>\u201d.<\/p>\n<p style=\"font-weight: 400;\">Mazzeo ha poi ricordato che \u00e8 in arrivo <strong>la proposta di legge<\/strong> con cui si metter\u00e0 <strong>a disposizione delle giovani coppie l\u2019asilo nido gratuito<\/strong> se al di sotto di un certo livello di reddito.<\/p>\n","protected":false},"excerpt":{"rendered":"<p>Aspettando il nuovo anno tra i progetti in sostegno dell&#8217;economia e le iniziative rivolte alle generazioni future e a chi vive ai margini<\/p>\n","protected":false},"author":525,"featured_media":263933,"comment_status":"open","ping_status":"open","sticky":false,"template":"","format":"standard","meta":{"_acf_changed":false,"footnotes":""},"categories":[494],"tags":[4760,158,151],"class_list":["post-263938","post","type-post","status-publish","format-standard","has-post-thumbnail","hentry","category-attualita","tag-antonio-mazzeo","tag-eugenio-giani","tag-regione-toscana"],"acf":[],"yoast_head":"<!-- This site is optimized with the Yoast SEO Premium plugin v24.2 (Yoast SEO v25.6) - https:\/\/yoast.com\/wordpress\/plugins\/seo\/ -->\n<title>Gli auguri di Giani e Mazzeo: giovani, ambiente e lavoro per il 2023 - intoscana<\/title>\n<meta name=\"description\" content=\"Aspettando il nuovo anno tra progetti in sostegno dell&#039;economia e iniziative rivolte alle generazioni future e a chi vive ai margini\" \/>\n<meta name=\"robots\" content=\"index, follow, max-snippet:-1, max-image-preview:large, max-video-preview:-1\" \/>\n<link rel=\"canonical\" href=\"https:\/\/www.intoscana.it\/it\/gli-auguri-di-giani-e-mazzeo-giovani-ambiente-e-lavoro-per-il-2023\/\" \/>\n<meta property=\"og:locale\" content=\"it_IT\" \/>\n<meta property=\"og:type\" content=\"article\" \/>\n<meta property=\"og:title\" content=\"Gli auguri di Giani e Mazzeo: giovani, ambiente e lavoro per il 2023\" \/>\n<meta property=\"og:description\" content=\"Aspettando il nuovo anno tra progetti in sostegno dell&#039;economia e iniziative rivolte alle generazioni future e a chi vive ai margini\" \/>\n<meta property=\"og:url\" content=\"https:\/\/www.intoscana.it\/it\/gli-auguri-di-giani-e-mazzeo-giovani-ambiente-e-lavoro-per-il-2023\/\" \/>\n<meta property=\"og:site_name\" content=\"intoscana\" \/>\n<meta property=\"article:publisher\" content=\"https:\/\/www.facebook.com\/intoscana.it\" \/>\n<meta property=\"article:published_time\" content=\"2022-12-20T17:02:00+00:00\" \/>\n<meta property=\"article:modified_time\" content=\"2022-12-20T17:09:47+00:00\" \/>\n<meta property=\"og:image\" content=\"https:\/\/www.intoscana.it\/wp-content\/uploads\/auguri-natale-e1671555678887.jpeg\" \/>\n\t<meta property=\"og:image:width\" content=\"849\" \/>\n\t<meta property=\"og:image:height\" content=\"665\" \/>\n\t<meta property=\"og:image:type\" content=\"image\/jpeg\" \/>\n<meta name=\"author\" content=\"Redazione\" \/>\n<meta name=\"twitter:card\" content=\"summary_large_image\" \/>\n<meta name=\"twitter:creator\" content=\"@intoscana\" \/>\n<meta name=\"twitter:site\" content=\"@intoscana\" \/>\n<meta name=\"twitter:label1\" content=\"Written by\" \/>\n\t<meta name=\"twitter:data1\" content=\"Redazione\" \/>\n\t<meta name=\"twitter:label2\" content=\"Est. reading time\" \/>\n\t<meta name=\"twitter:data2\" content=\"1 minuto\" \/>\n<script type=\"application\/ld+json\" class=\"yoast-schema-graph\">{\"@context\":\"https:\/\/schema.org\",\"@graph\":[{\"@type\":\"WebPage\",\"@id\":\"https:\/\/www.intoscana.it\/it\/gli-auguri-di-giani-e-mazzeo-giovani-ambiente-e-lavoro-per-il-2023\/\",\"url\":\"https:\/\/www.intoscana.it\/it\/gli-auguri-di-giani-e-mazzeo-giovani-ambiente-e-lavoro-per-il-2023\/\",\"name\":\"Gli auguri di Giani e Mazzeo: giovani, ambiente e lavoro per il 2023 - intoscana\",\"isPartOf\":{\"@id\":\"https:\/\/www.intoscana.it\/it\/#website\"},\"primaryImageOfPage\":{\"@id\":\"https:\/\/www.intoscana.it\/it\/gli-auguri-di-giani-e-mazzeo-giovani-ambiente-e-lavoro-per-il-2023\/#primaryimage\"},\"image\":{\"@id\":\"https:\/\/www.intoscana.it\/it\/gli-auguri-di-giani-e-mazzeo-giovani-ambiente-e-lavoro-per-il-2023\/#primaryimage\"},\"thumbnailUrl\":\"https:\/\/www.intoscana.it\/wp-content\/uploads\/auguri-natale-e1671555678887.jpeg\",\"datePublished\":\"2022-12-20T17:02:00+00:00\",\"dateModified\":\"2022-12-20T17:09:47+00:00\",\"author\":{\"@id\":\"https:\/\/www.intoscana.it\/it\/#\/schema\/person\/9223810753230f20bd670fdd322661f8\"},\"description\":\"Aspettando il nuovo anno tra progetti in sostegno dell'economia e iniziative rivolte alle generazioni future e a chi vive ai margini\",\"breadcrumb\":{\"@id\":\"https:\/\/www.intoscana.it\/it\/gli-auguri-di-giani-e-mazzeo-giovani-ambiente-e-lavoro-per-il-2023\/#breadcrumb\"},\"inLanguage\":\"it-IT\",\"potentialAction\":[{\"@type\":\"ReadAction\",\"target\":[\"https:\/\/www.intoscana.it\/it\/gli-auguri-di-giani-e-mazzeo-giovani-ambiente-e-lavoro-per-il-2023\/\"]}]},{\"@type\":\"ImageObject\",\"inLanguage\":\"it-IT\",\"@id\":\"https:\/\/www.intoscana.it\/it\/gli-auguri-di-giani-e-mazzeo-giovani-ambiente-e-lavoro-per-il-2023\/#primaryimage\",\"url\":\"https:\/\/www.intoscana.it\/wp-content\/uploads\/auguri-natale-e1671555678887.jpeg\",\"contentUrl\":\"https:\/\/www.intoscana.it\/wp-content\/uploads\/auguri-natale-e1671555678887.jpeg\",\"width\":849,\"height\":665},{\"@type\":\"BreadcrumbList\",\"@id\":\"https:\/\/www.intoscana.it\/it\/gli-auguri-di-giani-e-mazzeo-giovani-ambiente-e-lavoro-per-il-2023\/#breadcrumb\",\"itemListElement\":[{\"@type\":\"ListItem\",\"position\":1,\"name\":\"Home\",\"item\":\"https:\/\/www.intoscana.it\/it\/\"},{\"@type\":\"ListItem\",\"position\":2,\"name\":\"Gli auguri di Giani e Mazzeo: giovani, ambiente e lavoro per il 2023\"}]},{\"@type\":\"WebSite\",\"@id\":\"https:\/\/www.intoscana.it\/it\/#website\",\"url\":\"https:\/\/www.intoscana.it\/it\/\",\"name\":\"intoscana\",\"description\":\"\",\"potentialAction\":[{\"@type\":\"SearchAction\",\"target\":{\"@type\":\"EntryPoint\",\"urlTemplate\":\"https:\/\/www.intoscana.it\/it\/?s={search_term_string}\"},\"query-input\":{\"@type\":\"PropertyValueSpecification\",\"valueRequired\":true,\"valueName\":\"search_term_string\"}}],\"inLanguage\":\"it-IT\"},{\"@type\":\"Person\",\"@id\":\"https:\/\/www.intoscana.it\/it\/#\/schema\/person\/9223810753230f20bd670fdd322661f8\",\"name\":\"Redazione\",\"url\":\"https:\/\/www.intoscana.it\/it\/author\/redazione\/\"}]}<\/script>\n<!-- \/ Yoast SEO Premium plugin. -->","yoast_head_json":{"title":"Gli auguri di Giani e Mazzeo: giovani, ambiente e lavoro per il 2023 - intoscana","description":"Aspettando il nuovo anno tra progetti in sostegno dell'economia e iniziative rivolte alle generazioni future e a chi vive ai margini","robots":{"index":"index","follow":"follow","max-snippet":"max-snippet:-1","max-image-preview":"max-image-preview:large","max-video-preview":"max-video-preview:-1"},"canonical":"https:\/\/www.intoscana.it\/it\/gli-auguri-di-giani-e-mazzeo-giovani-ambiente-e-lavoro-per-il-2023\/","og_locale":"it_IT","og_type":"article","og_title":"Gli auguri di Giani e Mazzeo: giovani, ambiente e lavoro per il 2023","og_description":"Aspettando il nuovo anno tra progetti in sostegno dell'economia e iniziative rivolte alle generazioni future e a chi vive ai margini","og_url":"https:\/\/www.intoscana.it\/it\/gli-auguri-di-giani-e-mazzeo-giovani-ambiente-e-lavoro-per-il-2023\/","og_site_name":"intoscana","article_publisher":"https:\/\/www.facebook.com\/intoscana.it","article_published_time":"2022-12-20T17:02:00+00:00","article_modified_time":"2022-12-20T17:09:47+00:00","og_image":[{"width":849,"height":665,"url":"https:\/\/www.intoscana.it\/wp-content\/uploads\/auguri-natale-e1671555678887.jpeg","type":"image\/jpeg"}],"author":"Redazione","twitter_card":"summary_large_image","twitter_creator":"@intoscana","twitter_site":"@intoscana","twitter_misc":{"Written by":"Redazione","Est. reading time":"1 minuto"},"schema":{"@context":"https:\/\/schema.org","@graph":[{"@type":"WebPage","@id":"https:\/\/www.intoscana.it\/it\/gli-auguri-di-giani-e-mazzeo-giovani-ambiente-e-lavoro-per-il-2023\/","url":"https:\/\/www.intoscana.it\/it\/gli-auguri-di-giani-e-mazzeo-giovani-ambiente-e-lavoro-per-il-2023\/","name":"Gli auguri di Giani e Mazzeo: giovani, ambiente e lavoro per il 2023 - intoscana","isPartOf":{"@id":"https:\/\/www.intoscana.it\/it\/#website"},"primaryImageOfPage":{"@id":"https:\/\/www.intoscana.it\/it\/gli-auguri-di-giani-e-mazzeo-giovani-ambiente-e-lavoro-per-il-2023\/#primaryimage"},"image":{"@id":"https:\/\/www.intoscana.it\/it\/gli-auguri-di-giani-e-mazzeo-giovani-ambiente-e-lavoro-per-il-2023\/#primaryimage"},"thumbnailUrl":"https:\/\/www.intoscana.it\/wp-content\/uploads\/auguri-natale-e1671555678887.jpeg","datePublished":"2022-12-20T17:02:00+00:00","dateModified":"2022-12-20T17:09:47+00:00","author":{"@id":"https:\/\/www.intoscana.it\/it\/#\/schema\/person\/9223810753230f20bd670fdd322661f8"},"description":"Aspettando il nuovo anno tra progetti in sostegno dell'economia e iniziative rivolte alle generazioni future e a chi vive ai margini","breadcrumb":{"@id":"https:\/\/www.intoscana.it\/it\/gli-auguri-di-giani-e-mazzeo-giovani-ambiente-e-lavoro-per-il-2023\/#breadcrumb"},"inLanguage":"it-IT","potentialAction":[{"@type":"ReadAction","target":["https:\/\/www.intoscana.it\/it\/gli-auguri-di-giani-e-mazzeo-giovani-ambiente-e-lavoro-per-il-2023\/"]}]},{"@type":"ImageObject","inLanguage":"it-IT","@id":"https:\/\/www.intoscana.it\/it\/gli-auguri-di-giani-e-mazzeo-giovani-ambiente-e-lavoro-per-il-2023\/#primaryimage","url":"https:\/\/www.intoscana.it\/wp-content\/uploads\/auguri-natale-e1671555678887.jpeg","contentUrl":"https:\/\/www.intoscana.it\/wp-content\/uploads\/auguri-natale-e1671555678887.jpeg","width":849,"height":665},{"@type":"BreadcrumbList","@id":"https:\/\/www.intoscana.it\/it\/gli-auguri-di-giani-e-mazzeo-giovani-ambiente-e-lavoro-per-il-2023\/#breadcrumb","itemListElement":[{"@type":"ListItem","position":1,"name":"Home","item":"https:\/\/www.intoscana.it\/it\/"},{"@type":"ListItem","position":2,"name":"Gli auguri di Giani e Mazzeo: giovani, ambiente e lavoro per il 2023"}]},{"@type":"WebSite","@id":"https:\/\/www.intoscana.it\/it\/#website","url":"https:\/\/www.intoscana.it\/it\/","name":"intoscana","description":"","potentialAction":[{"@type":"SearchAction","target":{"@type":"EntryPoint","urlTemplate":"https:\/\/www.intoscana.it\/it\/?s={search_term_string}"},"query-input":{"@type":"PropertyValueSpecification","valueRequired":true,"valueName":"search_term_string"}}],"inLanguage":"it-IT"},{"@type":"Person","@id":"https:\/\/www.intoscana.it\/it\/#\/schema\/person\/9223810753230f20bd670fdd322661f8","name":"Redazione","url":"https:\/\/www.intoscana.it\/it\/author\/redazione\/"}]}},"_links":{"self":[{"href":"https:\/\/www.intoscana.it\/it\/wp-json\/wp\/v2\/posts\/263938","targetHints":{"allow":["GET"]}}],"collection":[{"href":"https:\/\/www.intoscana.it\/it\/wp-json\/wp\/v2\/posts"}],"about":[{"href":"https:\/\/www.intoscana.it\/it\/wp-json\/wp\/v2\/types\/post"}],"author":[{"embeddable":true,"href":"https:\/\/www.intoscana.it\/it\/wp-json\/wp\/v2\/users\/525"}],"replies":[{"embeddable":true,"href":"https:\/\/www.intoscana.it\/it\/wp-json\/wp\/v2\/comments?post=263938"}],"version-history":[{"count":0,"href":"https:\/\/www.intoscana.it\/it\/wp-json\/wp\/v2\/posts\/263938\/revisions"}],"wp:featuredmedia":[{"embeddable":true,"href":"https:\/\/www.intoscana.it\/it\/wp-json\/wp\/v2\/media\/263933"}],"wp:attachment":[{"href":"https:\/\/www.intoscana.it\/it\/wp-json\/wp\/v2\/media?parent=263938"}],"wp:term":[{"taxonomy":"category","embeddable":true,"href":"https:\/\/www.intoscana.it\/it\/wp-json\/wp\/v2\/categories?post=263938"},{"taxonomy":"post_tag","embeddable":true,"href":"https:\/\/www.intoscana.it\/it\/wp-json\/wp\/v2\/tags?post=263938"}],"curies":[{"name":"wp","href":"https:\/\/api.w.org\/{rel}","templated":true}]}}