{"id":264232,"date":"2022-12-22T10:35:17","date_gmt":"2022-12-22T09:35:17","guid":{"rendered":"https:\/\/www.intoscana.it\/it\/?p=264232"},"modified":"2022-12-23T11:20:00","modified_gmt":"2022-12-23T10:20:00","slug":"covid-19-in-toscana-1-158-nuovi-casi-quindici-i-decessi","status":"publish","type":"post","link":"https:\/\/www.intoscana.it\/it\/covid-19-in-toscana-1-158-nuovi-casi-quindici-i-decessi\/","title":{"rendered":"Covid-19: in Toscana 1.158 nuovi casi, quindici i decessi"},"content":{"rendered":"<p><strong>Sono 1.158 i nuovi casi di Covid-19<\/strong> registrati nelle ultime ventiquattro ore in Toscana: 293 sono stati confermati con tampone molecolare e gli altri 865 con test rapido.<\/p>\n<p>Il numero dei contagiati rilevati nella regione dall&#8217;inizio della pandemia sale dunque a 1.559.572. I nuovi casi sono lo 0,1% in pi\u00f9 rispetto al totale del giorno precedente. I guariti crescono dello 0,1% (1.990 persone) e raggiungono quota 1.475.110 (94,6% dei casi totali).<\/p>\n<p><strong>Al momento in Toscana risultano pertanto 73.154 positivi,<\/strong> -1,1% rispetto a ieri. Di questi 540 (35 in meno rispetto a ieri) sono ricoverati in ospedale: 22 (3 in meno) si trovano in terapia intensiva.<\/p>\n<p><strong>La lista dei decessi si aggiorna con 15 nuovi decessi:<\/strong> 9 uomini e 6 donne con un&#8217;et\u00e0 media di 83,3 anni.<\/p>\n<p>Dall&#8217;ultimo bollettino quotidiano <strong>sono stati eseguiti 804 tamponi molecolari e 6.455 tamponi antigenici rapidi<\/strong>: di questi il 16% \u00e8 risultato positivo. Sono invece 1.336 i soggetti testati, escludendo i tamponi di controllo: l&#8217;86,7% di questi \u00e8 risultato positivo.<\/p>\n<h3>L&#8217;andamento per provincia<\/h3>\n<p>Con gli ultimi casi <strong>salgono a 418.694 i positivi dall&#8217;inizio dell&#8217;emergenza<\/strong> nei comuni della Citt\u00e0 metropolitana di Firenze (238 in pi\u00f9 rispetto a ieri), 102.149 in provincia di Prato (45 in pi\u00f9), 121.726 a Pistoia (68 in pi\u00f9), 81.290 a Massa Carrara (110 in pi\u00f9), 170.019 a Lucca (138 in pi\u00f9), 181.992 a Pisa (159 in pi\u00f9), 143.365 a Livorno (136 in pi\u00f9), 140.587 ad Arezzo (111 in pi\u00f9), 111.399 a Siena (88 in pi\u00f9) e 87.197 a Grosseto (62 in pi\u00f9). A questi vanno aggiunti 569 casi di positivit\u00e0 notificati in Toscana ma che riguardano residenti in altre regioni.<\/p>\n<p><strong>La Toscana ha circa 42.232 casi complessivi ogni 100.000 abitanti<\/strong> dall&#8217;inizio della pandemia (tra residenti e non residenti). Al momento la provincia di notifica con il tasso pi\u00f9 alto \u00e9 Lucca (con 44.281 casi ogni 100 mila abitanti), seguita da Livorno (43.577) e Pisa (43.541). La pi\u00f9 bassa concentrazione si riscontra a Prato (con un tasso di 38.508).<\/p>\n<p><strong>In 72.614 sono in isolamento a casa,<\/strong> perch\u00e9 presentano sintomi lievi che non richiedono cure ospedaliere o risultano prive di sintomi (812 in meno rispetto a ieri, meno 1,1%).<\/p>\n<p><strong>I 1.475.110 guariti registrati a oggi<\/strong> lo sono a tutti gli effetti, da un punto di vista virale, certificati con tampone negativo.<\/p>\n<h3>I decessi<\/h3>\n<p>La lista dei decessi si aggiorna con<strong> 15 nuovi decessi: 9 uomini e 6 donne con un&#8217;et\u00e0 media di 83,3 anni.<\/strong><\/p>\n<p>Relativamente alla provincia di residenza, le persone decedute sono: 9 a Firenze, 2 a Prato, 2 a Pistoia, 1 a Arezzo, 1 a Siena.<\/p>\n<p><strong>Sono 11.308 i deceduti dall&#8217;inizio dell&#8217;epidemia:<\/strong> 3.598 nella Citt\u00e0 metropolitana di Firenze, 916 in provincia di Prato, 1.010 a Pistoia, 714 a Massa Carrara, 1.060 a Lucca, 1.266 a Pisa, 847 a Livorno, 720 ad Arezzo, 604 a Siena, 410 a Grosseto. Vanno aggiunte 163 persone decedute sul suolo toscano ma erano residenti fuori regione.<\/p>\n<p>Il tasso grezzo di mortalit\u00e0 per Covid-19 (numero di deceduti\/popolazione residente) \u00e8 al momento 306,2 ogni 100 mila residenti. Per quanto riguarda le province, il tasso di mortalit\u00e0 pi\u00f9 alto si riscontra a Massa Carrara (376,1 ogni 100 mila abitanti), seguita da Firenze (360,4) e Pistoia (348,0), mentre il pi\u00f9 basso \u00e8 a Grosseto (188,2).<\/p>\n","protected":false},"excerpt":{"rendered":"<p>Sono 540 i ricoverati in ospedale, di questi 22 si trovano in terapia intensiva<\/p>\n","protected":false},"author":525,"featured_media":252981,"comment_status":"open","ping_status":"open","sticky":false,"template":"","format":"standard","meta":{"_acf_changed":false,"footnotes":""},"categories":[494],"tags":[4868,4809],"class_list":["post-264232","post","type-post","status-publish","format-standard","has-post-thumbnail","hentry","category-attualita","tag-bollettino-covid-toscana","tag-covid"],"acf":[],"yoast_head":"<!-- This site is optimized with the Yoast SEO Premium plugin v24.2 (Yoast SEO v25.6) - https:\/\/yoast.com\/wordpress\/plugins\/seo\/ -->\n<title>Covid-19: in Toscana 1.158 nuovi casi, quindici i decessi - intoscana<\/title>\n<meta name=\"robots\" content=\"index, follow, max-snippet:-1, max-image-preview:large, max-video-preview:-1\" \/>\n<link rel=\"canonical\" href=\"https:\/\/www.intoscana.it\/it\/covid-19-in-toscana-1-158-nuovi-casi-quindici-i-decessi\/\" \/>\n<meta property=\"og:locale\" content=\"it_IT\" \/>\n<meta property=\"og:type\" content=\"article\" \/>\n<meta property=\"og:title\" content=\"Covid-19: in Toscana 1.158 nuovi casi, quindici i decessi\" \/>\n<meta property=\"og:description\" content=\"Sono 540 i ricoverati in ospedale, di questi 22 si trovano in terapia intensiva\" \/>\n<meta property=\"og:url\" content=\"https:\/\/www.intoscana.it\/it\/covid-19-in-toscana-1-158-nuovi-casi-quindici-i-decessi\/\" \/>\n<meta property=\"og:site_name\" content=\"intoscana\" \/>\n<meta property=\"article:publisher\" content=\"https:\/\/www.facebook.com\/intoscana.it\" \/>\n<meta property=\"article:published_time\" content=\"2022-12-22T09:35:17+00:00\" \/>\n<meta property=\"article:modified_time\" content=\"2022-12-23T10:20:00+00:00\" \/>\n<meta property=\"og:image\" content=\"https:\/\/www.intoscana.it\/wp-content\/uploads\/vaccine-6165772_1920.jpg\" \/>\n\t<meta property=\"og:image:width\" content=\"1920\" \/>\n\t<meta property=\"og:image:height\" content=\"1272\" \/>\n\t<meta property=\"og:image:type\" content=\"image\/jpeg\" \/>\n<meta name=\"author\" content=\"Redazione\" \/>\n<meta name=\"twitter:card\" content=\"summary_large_image\" \/>\n<meta name=\"twitter:creator\" content=\"@intoscana\" \/>\n<meta name=\"twitter:site\" content=\"@intoscana\" \/>\n<meta name=\"twitter:label1\" content=\"Written by\" \/>\n\t<meta name=\"twitter:data1\" content=\"Redazione\" \/>\n\t<meta name=\"twitter:label2\" content=\"Est. reading time\" \/>\n\t<meta name=\"twitter:data2\" content=\"2 minuti\" \/>\n<script type=\"application\/ld+json\" class=\"yoast-schema-graph\">{\"@context\":\"https:\/\/schema.org\",\"@graph\":[{\"@type\":\"WebPage\",\"@id\":\"https:\/\/www.intoscana.it\/it\/covid-19-in-toscana-1-158-nuovi-casi-quindici-i-decessi\/\",\"url\":\"https:\/\/www.intoscana.it\/it\/covid-19-in-toscana-1-158-nuovi-casi-quindici-i-decessi\/\",\"name\":\"Covid-19: in Toscana 1.158 nuovi casi, quindici i decessi - intoscana\",\"isPartOf\":{\"@id\":\"https:\/\/www.intoscana.it\/it\/#website\"},\"primaryImageOfPage\":{\"@id\":\"https:\/\/www.intoscana.it\/it\/covid-19-in-toscana-1-158-nuovi-casi-quindici-i-decessi\/#primaryimage\"},\"image\":{\"@id\":\"https:\/\/www.intoscana.it\/it\/covid-19-in-toscana-1-158-nuovi-casi-quindici-i-decessi\/#primaryimage\"},\"thumbnailUrl\":\"https:\/\/www.intoscana.it\/wp-content\/uploads\/vaccine-6165772_1920.jpg\",\"datePublished\":\"2022-12-22T09:35:17+00:00\",\"dateModified\":\"2022-12-23T10:20:00+00:00\",\"author\":{\"@id\":\"https:\/\/www.intoscana.it\/it\/#\/schema\/person\/9223810753230f20bd670fdd322661f8\"},\"breadcrumb\":{\"@id\":\"https:\/\/www.intoscana.it\/it\/covid-19-in-toscana-1-158-nuovi-casi-quindici-i-decessi\/#breadcrumb\"},\"inLanguage\":\"it-IT\",\"potentialAction\":[{\"@type\":\"ReadAction\",\"target\":[\"https:\/\/www.intoscana.it\/it\/covid-19-in-toscana-1-158-nuovi-casi-quindici-i-decessi\/\"]}]},{\"@type\":\"ImageObject\",\"inLanguage\":\"it-IT\",\"@id\":\"https:\/\/www.intoscana.it\/it\/covid-19-in-toscana-1-158-nuovi-casi-quindici-i-decessi\/#primaryimage\",\"url\":\"https:\/\/www.intoscana.it\/wp-content\/uploads\/vaccine-6165772_1920.jpg\",\"contentUrl\":\"https:\/\/www.intoscana.it\/wp-content\/uploads\/vaccine-6165772_1920.jpg\",\"width\":1920,\"height\":1272,\"caption\":\"Un vaccino per il Covid-19 - \u00a9 Spencer Davis da Pixabay\"},{\"@type\":\"BreadcrumbList\",\"@id\":\"https:\/\/www.intoscana.it\/it\/covid-19-in-toscana-1-158-nuovi-casi-quindici-i-decessi\/#breadcrumb\",\"itemListElement\":[{\"@type\":\"ListItem\",\"position\":1,\"name\":\"Home\",\"item\":\"https:\/\/www.intoscana.it\/it\/\"},{\"@type\":\"ListItem\",\"position\":2,\"name\":\"Covid-19: in Toscana 1.158 nuovi casi, quindici i decessi\"}]},{\"@type\":\"WebSite\",\"@id\":\"https:\/\/www.intoscana.it\/it\/#website\",\"url\":\"https:\/\/www.intoscana.it\/it\/\",\"name\":\"intoscana\",\"description\":\"\",\"potentialAction\":[{\"@type\":\"SearchAction\",\"target\":{\"@type\":\"EntryPoint\",\"urlTemplate\":\"https:\/\/www.intoscana.it\/it\/?s={search_term_string}\"},\"query-input\":{\"@type\":\"PropertyValueSpecification\",\"valueRequired\":true,\"valueName\":\"search_term_string\"}}],\"inLanguage\":\"it-IT\"},{\"@type\":\"Person\",\"@id\":\"https:\/\/www.intoscana.it\/it\/#\/schema\/person\/9223810753230f20bd670fdd322661f8\",\"name\":\"Redazione\",\"url\":\"https:\/\/www.intoscana.it\/it\/author\/redazione\/\"}]}<\/script>\n<!-- \/ Yoast SEO Premium plugin. -->","yoast_head_json":{"title":"Covid-19: in Toscana 1.158 nuovi casi, quindici i decessi - intoscana","robots":{"index":"index","follow":"follow","max-snippet":"max-snippet:-1","max-image-preview":"max-image-preview:large","max-video-preview":"max-video-preview:-1"},"canonical":"https:\/\/www.intoscana.it\/it\/covid-19-in-toscana-1-158-nuovi-casi-quindici-i-decessi\/","og_locale":"it_IT","og_type":"article","og_title":"Covid-19: in Toscana 1.158 nuovi casi, quindici i decessi","og_description":"Sono 540 i ricoverati in ospedale, di questi 22 si trovano in terapia intensiva","og_url":"https:\/\/www.intoscana.it\/it\/covid-19-in-toscana-1-158-nuovi-casi-quindici-i-decessi\/","og_site_name":"intoscana","article_publisher":"https:\/\/www.facebook.com\/intoscana.it","article_published_time":"2022-12-22T09:35:17+00:00","article_modified_time":"2022-12-23T10:20:00+00:00","og_image":[{"width":1920,"height":1272,"url":"https:\/\/www.intoscana.it\/wp-content\/uploads\/vaccine-6165772_1920.jpg","type":"image\/jpeg"}],"author":"Redazione","twitter_card":"summary_large_image","twitter_creator":"@intoscana","twitter_site":"@intoscana","twitter_misc":{"Written by":"Redazione","Est. reading time":"2 minuti"},"schema":{"@context":"https:\/\/schema.org","@graph":[{"@type":"WebPage","@id":"https:\/\/www.intoscana.it\/it\/covid-19-in-toscana-1-158-nuovi-casi-quindici-i-decessi\/","url":"https:\/\/www.intoscana.it\/it\/covid-19-in-toscana-1-158-nuovi-casi-quindici-i-decessi\/","name":"Covid-19: in Toscana 1.158 nuovi casi, quindici i decessi - intoscana","isPartOf":{"@id":"https:\/\/www.intoscana.it\/it\/#website"},"primaryImageOfPage":{"@id":"https:\/\/www.intoscana.it\/it\/covid-19-in-toscana-1-158-nuovi-casi-quindici-i-decessi\/#primaryimage"},"image":{"@id":"https:\/\/www.intoscana.it\/it\/covid-19-in-toscana-1-158-nuovi-casi-quindici-i-decessi\/#primaryimage"},"thumbnailUrl":"https:\/\/www.intoscana.it\/wp-content\/uploads\/vaccine-6165772_1920.jpg","datePublished":"2022-12-22T09:35:17+00:00","dateModified":"2022-12-23T10:20:00+00:00","author":{"@id":"https:\/\/www.intoscana.it\/it\/#\/schema\/person\/9223810753230f20bd670fdd322661f8"},"breadcrumb":{"@id":"https:\/\/www.intoscana.it\/it\/covid-19-in-toscana-1-158-nuovi-casi-quindici-i-decessi\/#breadcrumb"},"inLanguage":"it-IT","potentialAction":[{"@type":"ReadAction","target":["https:\/\/www.intoscana.it\/it\/covid-19-in-toscana-1-158-nuovi-casi-quindici-i-decessi\/"]}]},{"@type":"ImageObject","inLanguage":"it-IT","@id":"https:\/\/www.intoscana.it\/it\/covid-19-in-toscana-1-158-nuovi-casi-quindici-i-decessi\/#primaryimage","url":"https:\/\/www.intoscana.it\/wp-content\/uploads\/vaccine-6165772_1920.jpg","contentUrl":"https:\/\/www.intoscana.it\/wp-content\/uploads\/vaccine-6165772_1920.jpg","width":1920,"height":1272,"caption":"Un vaccino per il Covid-19 - \u00a9 Spencer Davis da Pixabay"},{"@type":"BreadcrumbList","@id":"https:\/\/www.intoscana.it\/it\/covid-19-in-toscana-1-158-nuovi-casi-quindici-i-decessi\/#breadcrumb","itemListElement":[{"@type":"ListItem","position":1,"name":"Home","item":"https:\/\/www.intoscana.it\/it\/"},{"@type":"ListItem","position":2,"name":"Covid-19: in Toscana 1.158 nuovi casi, quindici i decessi"}]},{"@type":"WebSite","@id":"https:\/\/www.intoscana.it\/it\/#website","url":"https:\/\/www.intoscana.it\/it\/","name":"intoscana","description":"","potentialAction":[{"@type":"SearchAction","target":{"@type":"EntryPoint","urlTemplate":"https:\/\/www.intoscana.it\/it\/?s={search_term_string}"},"query-input":{"@type":"PropertyValueSpecification","valueRequired":true,"valueName":"search_term_string"}}],"inLanguage":"it-IT"},{"@type":"Person","@id":"https:\/\/www.intoscana.it\/it\/#\/schema\/person\/9223810753230f20bd670fdd322661f8","name":"Redazione","url":"https:\/\/www.intoscana.it\/it\/author\/redazione\/"}]}},"_links":{"self":[{"href":"https:\/\/www.intoscana.it\/it\/wp-json\/wp\/v2\/posts\/264232","targetHints":{"allow":["GET"]}}],"collection":[{"href":"https:\/\/www.intoscana.it\/it\/wp-json\/wp\/v2\/posts"}],"about":[{"href":"https:\/\/www.intoscana.it\/it\/wp-json\/wp\/v2\/types\/post"}],"author":[{"embeddable":true,"href":"https:\/\/www.intoscana.it\/it\/wp-json\/wp\/v2\/users\/525"}],"replies":[{"embeddable":true,"href":"https:\/\/www.intoscana.it\/it\/wp-json\/wp\/v2\/comments?post=264232"}],"version-history":[{"count":0,"href":"https:\/\/www.intoscana.it\/it\/wp-json\/wp\/v2\/posts\/264232\/revisions"}],"wp:featuredmedia":[{"embeddable":true,"href":"https:\/\/www.intoscana.it\/it\/wp-json\/wp\/v2\/media\/252981"}],"wp:attachment":[{"href":"https:\/\/www.intoscana.it\/it\/wp-json\/wp\/v2\/media?parent=264232"}],"wp:term":[{"taxonomy":"category","embeddable":true,"href":"https:\/\/www.intoscana.it\/it\/wp-json\/wp\/v2\/categories?post=264232"},{"taxonomy":"post_tag","embeddable":true,"href":"https:\/\/www.intoscana.it\/it\/wp-json\/wp\/v2\/tags?post=264232"}],"curies":[{"name":"wp","href":"https:\/\/api.w.org\/{rel}","templated":true}]}}