{"id":264912,"date":"2022-12-28T14:16:47","date_gmt":"2022-12-28T13:16:47","guid":{"rendered":"https:\/\/www.intoscana.it\/it\/?p=264912"},"modified":"2022-12-28T14:17:12","modified_gmt":"2022-12-28T13:17:12","slug":"nuovo-ponte-sullarno-tra-signa-e-lastra-via-ai-lavori-nel-2024","status":"publish","type":"post","link":"https:\/\/www.intoscana.it\/it\/nuovo-ponte-sullarno-tra-signa-e-lastra-via-ai-lavori-nel-2024\/","title":{"rendered":"Nuovo ponte sull&#8217;Arno tra Signa e Lastra: via ai lavori nel 2024"},"content":{"rendered":"<p>Arrivano buone notizie per un&#8217;altra infrastruttura cruciale per la viabilit\u00e0 regionale. E&#8217; stato aperto il bando di gara per realizzare il <strong>ponte sull&#8217;Arno tra Signa e Lastra Signa<\/strong>, opera molto attesa dalla popolazione di questo territorio che permetter\u00e0 cos\u00ec di migliorare la <strong>sicurezza<\/strong> della circolazione e la <strong>fluidit\u00e0<\/strong> del traffico veicolare in un\u2019area molto trafficata, consentendo di potenziare la rete delle infrastrutture presenti sul territorio, migliorandone <strong>l\u2019accessibilit\u00e0<\/strong> e garantendo quindi una condizione necessaria per lo sviluppo, la competitivit\u00e0 e la resilienza del territorio della Piana fiorentina.<\/p>\n<h3>Investimenti e cronoprogramma<\/h3>\n<p>La Regione Toscana, rispettando in anticipo i tempi di pubblicazione stabiliti dal ministero, ha pubblicato il bando di gara, nella forma dell\u2019appalto integrato. L&#8217;operatore economico che si aggiudicher\u00e0 la gara dovr\u00e0 infatti presentare una proposta economica insieme al progetto definitivo. Le tempistiche sono chiare: 150 giorni di tempo per produrre il progetto definitivo, mentre <strong>l\u2019inizio lavori<\/strong> \u00e8 previsto nel <strong>2024<\/strong> e la <strong>conclusione nel 2028<\/strong>.<\/p>\n<p>L\u2019opera \u00e8 gi\u00e0 finanziata con Fondi di Sviluppo e Coesione per un importo pari a 61,5 milioni di euro e con 10 milioni con fondi regionali, per un importo complessivo di investimento pari a <strong>71,5 milioni di euro,<\/strong> aggiornato all\u2019ultimo prezzario regionale.<\/p>\n<h3>Il progetto<\/h3>\n<p>Questa nuova infrastruttura avr\u00e0 una lunghezza di <strong>2.750 metri<\/strong>. Il ponte avr\u00e0 una campata principale con una luce di oltre 140 metri e sar\u00e0 dotato di un <strong>percorso ciclo-pedonale<\/strong> di collegamento tra il Parco Fluviale di Lastra a Signa in riva sinistra del fiume Arno e il Parco dei Renai.<\/p>\n<p>L\u2019intervento prevede anche la realizzazione di una importante<strong> cassa di espansione<\/strong> mirata a ridurre il rischio idraulico per la zona. Durante la realizzazione dell&#8217;opera saranno create aree di compensazione ambientale a cui seguiranno specifici interventi di rinaturalizzazione e potenziamento ecologico.<\/p>\n<p>Soddisfatto il presidente della Regione Toscana, <strong>Eugenio Giani<\/strong>: \u201c<em>Finalmente andiamo a gara nella forma dell\u2019appalto integrato, con un progetto redatto e vagliato nel corso della procedura di valutazione degli impatti ambientali. L\u2019opera<\/em> \u2013 ha proseguito Giani &#8211; <em>\u00e8 strategica non soltanto per l\u2019area delle Signe e la Piana fiorentina, ma per tutto il sistema infrastrutturale della Toscana centrale. Pensato in accordo con i sindaci, il nuovo ponte\u00a0 rivoluzioner\u00e0 in senso positivo la mobilit\u00e0 coniugandola con la valorizzazione ambientale<\/em>\u201d.<\/p>\n<p>Per l\u2019assessore alle infrastrutture <strong>Stefano Baccelli<\/strong>: \u201c<em>Si tratta di un\u2019opera molto attesa dai territori e con gli uffici ce l\u2019abbiamo messa tutta e il risultato c\u2019\u00e8. Finalmente andiamo a gara. Il nuovo ponte migliorer\u00e0 la sicurezza della circolazione e la fluidit\u00e0 del traffico in un progetto di riqualificazione complessiva, di miglioramento della\u00a0 competitivit\u00e0 e della resilienza del territorio della Piana fiorentina.<\/em>&#8221;<\/p>\n<p>&nbsp;<\/p>\n","protected":false},"excerpt":{"rendered":"<p>Per il presidente Giani: &#8220;l&#8217;opera \u00e8 strategica non soltanto per l&#8217;area delle Signe e la Piana fiorentina, ma per tutto il sistema infrastrutturale della Toscana centrale&#8221;<\/p>\n","protected":false},"author":525,"featured_media":228490,"comment_status":"open","ping_status":"open","sticky":false,"template":"","format":"standard","meta":{"_acf_changed":false,"footnotes":""},"categories":[494],"tags":[158,6090,1577,6468,4818,248],"class_list":["post-264912","post","type-post","status-publish","format-standard","has-post-thumbnail","hentry","category-attualita","tag-eugenio-giani","tag-lastra-a-signa","tag-muoversi-in-toscana","tag-signa","tag-stefano-baccelli","tag-viabilita"],"acf":[],"yoast_head":"<!-- This site is optimized with the Yoast SEO Premium plugin v24.2 (Yoast SEO v25.6) - https:\/\/yoast.com\/wordpress\/plugins\/seo\/ -->\n<title>Nuovo ponte sull&#039;Arno tra Signa e Lastra: via ai lavori nel 2024 - intoscana<\/title>\n<meta name=\"robots\" content=\"index, follow, max-snippet:-1, max-image-preview:large, max-video-preview:-1\" \/>\n<link rel=\"canonical\" href=\"https:\/\/www.intoscana.it\/it\/nuovo-ponte-sullarno-tra-signa-e-lastra-via-ai-lavori-nel-2024\/\" \/>\n<meta property=\"og:locale\" content=\"it_IT\" \/>\n<meta property=\"og:type\" content=\"article\" \/>\n<meta property=\"og:title\" content=\"Nuovo ponte sull&#039;Arno tra Signa e Lastra: via ai lavori nel 2024\" \/>\n<meta property=\"og:description\" content=\"Per il presidente Giani: &quot;l&#039;opera \u00e8 strategica non soltanto per l&#039;area delle Signe e la Piana fiorentina, ma per tutto il sistema infrastrutturale della Toscana centrale&quot;\" \/>\n<meta property=\"og:url\" content=\"https:\/\/www.intoscana.it\/it\/nuovo-ponte-sullarno-tra-signa-e-lastra-via-ai-lavori-nel-2024\/\" \/>\n<meta property=\"og:site_name\" content=\"intoscana\" \/>\n<meta property=\"article:publisher\" content=\"https:\/\/www.facebook.com\/intoscana.it\" \/>\n<meta property=\"article:published_time\" content=\"2022-12-28T13:16:47+00:00\" \/>\n<meta property=\"article:modified_time\" content=\"2022-12-28T13:17:12+00:00\" \/>\n<meta property=\"og:image\" content=\"https:\/\/www.intoscana.it\/wp-content\/uploads\/ponte-1-1-scaled.jpg\" \/>\n\t<meta property=\"og:image:width\" content=\"2048\" \/>\n\t<meta property=\"og:image:height\" content=\"1501\" \/>\n\t<meta property=\"og:image:type\" content=\"image\/jpeg\" \/>\n<meta name=\"author\" content=\"Redazione\" \/>\n<meta name=\"twitter:card\" content=\"summary_large_image\" \/>\n<meta name=\"twitter:creator\" content=\"@intoscana\" \/>\n<meta name=\"twitter:site\" content=\"@intoscana\" \/>\n<meta name=\"twitter:label1\" content=\"Written by\" \/>\n\t<meta name=\"twitter:data1\" content=\"Redazione\" \/>\n\t<meta name=\"twitter:label2\" content=\"Est. reading time\" \/>\n\t<meta name=\"twitter:data2\" content=\"2 minuti\" \/>\n<script type=\"application\/ld+json\" class=\"yoast-schema-graph\">{\"@context\":\"https:\/\/schema.org\",\"@graph\":[{\"@type\":\"WebPage\",\"@id\":\"https:\/\/www.intoscana.it\/it\/nuovo-ponte-sullarno-tra-signa-e-lastra-via-ai-lavori-nel-2024\/\",\"url\":\"https:\/\/www.intoscana.it\/it\/nuovo-ponte-sullarno-tra-signa-e-lastra-via-ai-lavori-nel-2024\/\",\"name\":\"Nuovo ponte sull'Arno tra Signa e Lastra: via ai lavori nel 2024 - intoscana\",\"isPartOf\":{\"@id\":\"https:\/\/www.intoscana.it\/it\/#website\"},\"primaryImageOfPage\":{\"@id\":\"https:\/\/www.intoscana.it\/it\/nuovo-ponte-sullarno-tra-signa-e-lastra-via-ai-lavori-nel-2024\/#primaryimage\"},\"image\":{\"@id\":\"https:\/\/www.intoscana.it\/it\/nuovo-ponte-sullarno-tra-signa-e-lastra-via-ai-lavori-nel-2024\/#primaryimage\"},\"thumbnailUrl\":\"https:\/\/www.intoscana.it\/wp-content\/uploads\/ponte-1-1-scaled.jpg\",\"datePublished\":\"2022-12-28T13:16:47+00:00\",\"dateModified\":\"2022-12-28T13:17:12+00:00\",\"author\":{\"@id\":\"https:\/\/www.intoscana.it\/it\/#\/schema\/person\/9223810753230f20bd670fdd322661f8\"},\"breadcrumb\":{\"@id\":\"https:\/\/www.intoscana.it\/it\/nuovo-ponte-sullarno-tra-signa-e-lastra-via-ai-lavori-nel-2024\/#breadcrumb\"},\"inLanguage\":\"it-IT\",\"potentialAction\":[{\"@type\":\"ReadAction\",\"target\":[\"https:\/\/www.intoscana.it\/it\/nuovo-ponte-sullarno-tra-signa-e-lastra-via-ai-lavori-nel-2024\/\"]}]},{\"@type\":\"ImageObject\",\"inLanguage\":\"it-IT\",\"@id\":\"https:\/\/www.intoscana.it\/it\/nuovo-ponte-sullarno-tra-signa-e-lastra-via-ai-lavori-nel-2024\/#primaryimage\",\"url\":\"https:\/\/www.intoscana.it\/wp-content\/uploads\/ponte-1-1-scaled.jpg\",\"contentUrl\":\"https:\/\/www.intoscana.it\/wp-content\/uploads\/ponte-1-1-scaled.jpg\",\"width\":2048,\"height\":1501,\"caption\":\"rendering ponte Signa-Lastra a Signa\"},{\"@type\":\"BreadcrumbList\",\"@id\":\"https:\/\/www.intoscana.it\/it\/nuovo-ponte-sullarno-tra-signa-e-lastra-via-ai-lavori-nel-2024\/#breadcrumb\",\"itemListElement\":[{\"@type\":\"ListItem\",\"position\":1,\"name\":\"Home\",\"item\":\"https:\/\/www.intoscana.it\/it\/\"},{\"@type\":\"ListItem\",\"position\":2,\"name\":\"Nuovo ponte sull&#8217;Arno tra Signa e Lastra: via ai lavori nel 2024\"}]},{\"@type\":\"WebSite\",\"@id\":\"https:\/\/www.intoscana.it\/it\/#website\",\"url\":\"https:\/\/www.intoscana.it\/it\/\",\"name\":\"intoscana\",\"description\":\"\",\"potentialAction\":[{\"@type\":\"SearchAction\",\"target\":{\"@type\":\"EntryPoint\",\"urlTemplate\":\"https:\/\/www.intoscana.it\/it\/?s={search_term_string}\"},\"query-input\":{\"@type\":\"PropertyValueSpecification\",\"valueRequired\":true,\"valueName\":\"search_term_string\"}}],\"inLanguage\":\"it-IT\"},{\"@type\":\"Person\",\"@id\":\"https:\/\/www.intoscana.it\/it\/#\/schema\/person\/9223810753230f20bd670fdd322661f8\",\"name\":\"Redazione\",\"url\":\"https:\/\/www.intoscana.it\/it\/author\/redazione\/\"}]}<\/script>\n<!-- \/ Yoast SEO Premium plugin. -->","yoast_head_json":{"title":"Nuovo ponte sull'Arno tra Signa e Lastra: via ai lavori nel 2024 - intoscana","robots":{"index":"index","follow":"follow","max-snippet":"max-snippet:-1","max-image-preview":"max-image-preview:large","max-video-preview":"max-video-preview:-1"},"canonical":"https:\/\/www.intoscana.it\/it\/nuovo-ponte-sullarno-tra-signa-e-lastra-via-ai-lavori-nel-2024\/","og_locale":"it_IT","og_type":"article","og_title":"Nuovo ponte sull'Arno tra Signa e Lastra: via ai lavori nel 2024","og_description":"Per il presidente Giani: \"l'opera \u00e8 strategica non soltanto per l'area delle Signe e la Piana fiorentina, ma per tutto il sistema infrastrutturale della Toscana centrale\"","og_url":"https:\/\/www.intoscana.it\/it\/nuovo-ponte-sullarno-tra-signa-e-lastra-via-ai-lavori-nel-2024\/","og_site_name":"intoscana","article_publisher":"https:\/\/www.facebook.com\/intoscana.it","article_published_time":"2022-12-28T13:16:47+00:00","article_modified_time":"2022-12-28T13:17:12+00:00","og_image":[{"width":2048,"height":1501,"url":"https:\/\/www.intoscana.it\/wp-content\/uploads\/ponte-1-1-scaled.jpg","type":"image\/jpeg"}],"author":"Redazione","twitter_card":"summary_large_image","twitter_creator":"@intoscana","twitter_site":"@intoscana","twitter_misc":{"Written by":"Redazione","Est. reading time":"2 minuti"},"schema":{"@context":"https:\/\/schema.org","@graph":[{"@type":"WebPage","@id":"https:\/\/www.intoscana.it\/it\/nuovo-ponte-sullarno-tra-signa-e-lastra-via-ai-lavori-nel-2024\/","url":"https:\/\/www.intoscana.it\/it\/nuovo-ponte-sullarno-tra-signa-e-lastra-via-ai-lavori-nel-2024\/","name":"Nuovo ponte sull'Arno tra Signa e Lastra: via ai lavori nel 2024 - intoscana","isPartOf":{"@id":"https:\/\/www.intoscana.it\/it\/#website"},"primaryImageOfPage":{"@id":"https:\/\/www.intoscana.it\/it\/nuovo-ponte-sullarno-tra-signa-e-lastra-via-ai-lavori-nel-2024\/#primaryimage"},"image":{"@id":"https:\/\/www.intoscana.it\/it\/nuovo-ponte-sullarno-tra-signa-e-lastra-via-ai-lavori-nel-2024\/#primaryimage"},"thumbnailUrl":"https:\/\/www.intoscana.it\/wp-content\/uploads\/ponte-1-1-scaled.jpg","datePublished":"2022-12-28T13:16:47+00:00","dateModified":"2022-12-28T13:17:12+00:00","author":{"@id":"https:\/\/www.intoscana.it\/it\/#\/schema\/person\/9223810753230f20bd670fdd322661f8"},"breadcrumb":{"@id":"https:\/\/www.intoscana.it\/it\/nuovo-ponte-sullarno-tra-signa-e-lastra-via-ai-lavori-nel-2024\/#breadcrumb"},"inLanguage":"it-IT","potentialAction":[{"@type":"ReadAction","target":["https:\/\/www.intoscana.it\/it\/nuovo-ponte-sullarno-tra-signa-e-lastra-via-ai-lavori-nel-2024\/"]}]},{"@type":"ImageObject","inLanguage":"it-IT","@id":"https:\/\/www.intoscana.it\/it\/nuovo-ponte-sullarno-tra-signa-e-lastra-via-ai-lavori-nel-2024\/#primaryimage","url":"https:\/\/www.intoscana.it\/wp-content\/uploads\/ponte-1-1-scaled.jpg","contentUrl":"https:\/\/www.intoscana.it\/wp-content\/uploads\/ponte-1-1-scaled.jpg","width":2048,"height":1501,"caption":"rendering ponte Signa-Lastra a Signa"},{"@type":"BreadcrumbList","@id":"https:\/\/www.intoscana.it\/it\/nuovo-ponte-sullarno-tra-signa-e-lastra-via-ai-lavori-nel-2024\/#breadcrumb","itemListElement":[{"@type":"ListItem","position":1,"name":"Home","item":"https:\/\/www.intoscana.it\/it\/"},{"@type":"ListItem","position":2,"name":"Nuovo ponte sull&#8217;Arno tra Signa e Lastra: via ai lavori nel 2024"}]},{"@type":"WebSite","@id":"https:\/\/www.intoscana.it\/it\/#website","url":"https:\/\/www.intoscana.it\/it\/","name":"intoscana","description":"","potentialAction":[{"@type":"SearchAction","target":{"@type":"EntryPoint","urlTemplate":"https:\/\/www.intoscana.it\/it\/?s={search_term_string}"},"query-input":{"@type":"PropertyValueSpecification","valueRequired":true,"valueName":"search_term_string"}}],"inLanguage":"it-IT"},{"@type":"Person","@id":"https:\/\/www.intoscana.it\/it\/#\/schema\/person\/9223810753230f20bd670fdd322661f8","name":"Redazione","url":"https:\/\/www.intoscana.it\/it\/author\/redazione\/"}]}},"_links":{"self":[{"href":"https:\/\/www.intoscana.it\/it\/wp-json\/wp\/v2\/posts\/264912","targetHints":{"allow":["GET"]}}],"collection":[{"href":"https:\/\/www.intoscana.it\/it\/wp-json\/wp\/v2\/posts"}],"about":[{"href":"https:\/\/www.intoscana.it\/it\/wp-json\/wp\/v2\/types\/post"}],"author":[{"embeddable":true,"href":"https:\/\/www.intoscana.it\/it\/wp-json\/wp\/v2\/users\/525"}],"replies":[{"embeddable":true,"href":"https:\/\/www.intoscana.it\/it\/wp-json\/wp\/v2\/comments?post=264912"}],"version-history":[{"count":0,"href":"https:\/\/www.intoscana.it\/it\/wp-json\/wp\/v2\/posts\/264912\/revisions"}],"wp:featuredmedia":[{"embeddable":true,"href":"https:\/\/www.intoscana.it\/it\/wp-json\/wp\/v2\/media\/228490"}],"wp:attachment":[{"href":"https:\/\/www.intoscana.it\/it\/wp-json\/wp\/v2\/media?parent=264912"}],"wp:term":[{"taxonomy":"category","embeddable":true,"href":"https:\/\/www.intoscana.it\/it\/wp-json\/wp\/v2\/categories?post=264912"},{"taxonomy":"post_tag","embeddable":true,"href":"https:\/\/www.intoscana.it\/it\/wp-json\/wp\/v2\/tags?post=264912"}],"curies":[{"name":"wp","href":"https:\/\/api.w.org\/{rel}","templated":true}]}}