{"id":264931,"date":"2023-03-02T17:26:47","date_gmt":"2023-03-02T16:26:47","guid":{"rendered":"https:\/\/www.intoscana.it\/it\/?p=264931"},"modified":"2023-03-03T09:04:08","modified_gmt":"2023-03-03T08:04:08","slug":"marchio-patrimonio-europeo","status":"publish","type":"post","link":"https:\/\/www.intoscana.it\/it\/marchio-patrimonio-europeo\/","title":{"rendered":"Marchio del patrimonio europeo: candidata Sant&#8217;Anna di Stazzema"},"content":{"rendered":"<p>Il Complesso monumentale di San Vincenzo al Volturno e <strong>Sant&#8217;Anna di Stazzema<\/strong> sono le candidate italiane al <strong>Marchio del patrimonio europeo<\/strong> nell&#8217;ambito della selezione 2023. Il ministero della Cultura ha trasmesso alla Commissione europea i dossier: saranno valutati da un panel europeo di esperti, che potr\u00e0 conferire il titolo a uno solo dei due siti.<\/p>\n<h3>Due luoghi simbolo dell&#8217;identit\u00e0 europea<\/h3>\n<p>&#8220;<em>L&#8217;Italia candida due siti di straordinario valore, entrambi meritevoli di riconoscimento. Qualunque sia la scelta che verr\u00e0 presa, sar\u00e0 pi\u00f9 che giustificata dall&#8217;alto valore simbolico e culturale che il Complesso monumentale di San Vincenzo al Volturno e Sant&#8217;Anna di Stazzema rivestono nell&#8217;ambito del processo di formazione della comune identit\u00e0 europea<\/em>&#8220;, ha dichiarato il ministro della Cultura, <strong>Gennaro Sangiuliano<\/strong>.<\/p>\n<h3>Il Marchio del patrimonio europeo<\/h3>\n<p>Il <strong>Marchio del patrimonio europeo<\/strong> \u00e8 un riconoscimento che mira a rafforzare il senso di appartenenza all&#8217;Unione europea, attraverso la valorizzazione di quei siti del patrimonio culturale che possiedono un particolare <strong>valore simbolico<\/strong> o rivestono un ruolo importante <strong>nella storia e nella cultura europea<\/strong>. Ad oggi, i siti italiani insigniti del Marchio del patrimonio europeo sono quattro: il Comune di <strong>Ventotene<\/strong> (selezione 2021), l&#8217;Area archeologica di <strong>Ostia antica<\/strong> (selezione 2019), <strong>Forte Cadine<\/strong> (selezione 2017) e il <strong>Museo Casa De Gasperi<\/strong> (selezione 2014).<\/p>\n<div class=\"focuson\"><a href=\"https:\/\/www.intoscana.it\/it\/articolo\/uffizi-diffusi-pietrasanta\/\"><img decoding=\"async\" class=\"lazy\" src=\"https:\/\/www.intoscana.it\/wp-content\/uploads\/IMG_20221119_115556-scaled.jpg\" style=\"\">\n                <div class=\"cat\">Uffizi diffusi a Pietrasanta<\/div>\n                <h4>Gli autoritratti degli artisti dialogano con bozzetti<\/h4><\/a>\n              <\/div>\n<h3>Tre i siti toscani in ballottaggio<\/h3>\n<p>Erano tre all&#8217;inizio i siti toscani in lizza per <em>&#8220;Marchio del patrimonio europeo&#8221;<\/em> 2023, il riconoscimento Ue, noto anche con la denominazione &#8220;<em>European Heritage Label<\/em>&#8220;, che ha come obiettivo quello di valorizzare, a cadenza biennale, il patrimonio culturale comune, tramite il quale rafforzare il senso di appartenenza all&#8217;Unione Europea.<\/p>\n<p>Le<strong> 13 candidature italiane<\/strong> presentate per il riconoscimento sono state vagliate da una commissione ministeriale l&#8217;<strong>8 febbraio<\/strong> i siti migliori dal punto di vista della rilevanza europea, della qualit\u00e0 progettuale e della capacit\u00e0 operativo-gestionale. Alla fine la scelta \u00e8 caduta sul Complesso monumentale di San Vincenzo al Volturno e su <strong>Sant&#8217;Anna di Stazzema<\/strong><\/p>\n<h3>Il Museo Galileo, il Museo dei Bozzetti e Sant&#8217;Anna di Stazzema<\/h3>\n<p>Per la Toscana si sono candidati il <a href=\"https:\/\/www.intoscana.it\/it\/articolo\/museo-galileo-ministero\/\" target=\"_blank\" rel=\"noopener\"><strong>Museo Galileo di Firenze<\/strong>,<\/a> Istituto e Museo di storia della scienza che espone una delle collezioni di strumenti scientifici pi\u00f9 importanti al mondo, incluso il telescopio di Galileo, e il <strong>Museo dei Bozzetti<\/strong> &#8220;Pierluigi Gherardi&#8221; di <strong>Piet<\/strong><strong>r<\/strong><a href=\"https:\/\/www.intoscana.it\/it\/articolo\/uffizi-diffusi-pietrasanta\/\" target=\"_blank\" rel=\"noopener\"><strong>asanta<\/strong>,<\/a> dove sono conservati oltre 700 bozzetti di sculture di artisti internazionali che hanno realizzato le proprie opere nei laboratori <em>d<\/em>ella piccola Atene della Versilia. Infine \u00e8 in gara per il riconoscimento anche il Parco Nazionale della pace di <strong>Sant&#8217;Anna di Stazzema<\/strong>, istituito nel borgo sulle Apuane dove il 12 agosto del 1944 i nazisti <a href=\"https:\/\/www.intoscana.it\/it\/articolo\/sant-anna-di-stazzema-si-prepara-anniversario-strage\/\" target=\"_blank\" rel=\"noopener\">uccisero 560 persone<\/a>, tra cui molti bambini.<\/p>\n","protected":false},"excerpt":{"rendered":"<p>Scelta dal ministro Sangiuliano insieme al complesso monumentale di San Vincenzo al Volturno. L&#8217;ultima parola a un panel di esperti della Ue<\/p>\n","protected":false},"author":525,"featured_media":224808,"comment_status":"open","ping_status":"open","sticky":false,"template":"","format":"standard","meta":{"_acf_changed":false,"footnotes":""},"categories":[493],"tags":[148,226,4367],"class_list":["post-264931","post","type-post","status-publish","format-standard","has-post-thumbnail","hentry","category-cultura","tag-cultura","tag-musei","tag-santanna-stazzema"],"acf":[],"yoast_head":"<!-- This site is optimized with the Yoast SEO Premium plugin v24.2 (Yoast SEO v25.6) - https:\/\/yoast.com\/wordpress\/plugins\/seo\/ -->\n<title>Marchio del patrimonio europeo: candidata S.Anna di Stazzema-intoscana<\/title>\n<meta name=\"description\" content=\"Scelta dal ministro Sangiuliano insieme al complesso monumentale di San Vincenzo al Volturno. L&#039;ultima parola a un panel di esperti della Ue\" \/>\n<meta name=\"robots\" content=\"index, follow, max-snippet:-1, max-image-preview:large, max-video-preview:-1\" \/>\n<link rel=\"canonical\" href=\"https:\/\/www.intoscana.it\/it\/marchio-patrimonio-europeo\/\" \/>\n<meta property=\"og:locale\" content=\"it_IT\" \/>\n<meta property=\"og:type\" content=\"article\" \/>\n<meta property=\"og:title\" content=\"Marchio del patrimonio europeo: candidata Sant&#039;Anna di Stazzema\" \/>\n<meta property=\"og:description\" content=\"Scelta dal ministro Sangiuliano insieme al complesso monumentale di San Vincenzo al Volturno. L&#039;ultima parola a un panel di esperti della Ue\" \/>\n<meta property=\"og:url\" content=\"https:\/\/www.intoscana.it\/it\/marchio-patrimonio-europeo\/\" \/>\n<meta property=\"og:site_name\" content=\"intoscana\" \/>\n<meta property=\"article:publisher\" content=\"https:\/\/www.facebook.com\/intoscana.it\" \/>\n<meta property=\"article:published_time\" content=\"2023-03-02T16:26:47+00:00\" \/>\n<meta property=\"article:modified_time\" content=\"2023-03-03T08:04:08+00:00\" \/>\n<meta property=\"og:image\" content=\"https:\/\/www.intoscana.it\/wp-content\/uploads\/SantAnna-di-Stazzema-scaled.jpg\" \/>\n\t<meta property=\"og:image:width\" content=\"2048\" \/>\n\t<meta property=\"og:image:height\" content=\"1365\" \/>\n\t<meta property=\"og:image:type\" content=\"image\/jpeg\" \/>\n<meta name=\"author\" content=\"Redazione\" \/>\n<meta name=\"twitter:card\" content=\"summary_large_image\" \/>\n<meta name=\"twitter:creator\" content=\"@intoscana\" \/>\n<meta name=\"twitter:site\" content=\"@intoscana\" \/>\n<meta name=\"twitter:label1\" content=\"Written by\" \/>\n\t<meta name=\"twitter:data1\" content=\"Redazione\" \/>\n\t<meta name=\"twitter:label2\" content=\"Est. reading time\" \/>\n\t<meta name=\"twitter:data2\" content=\"2 minuti\" \/>\n<script type=\"application\/ld+json\" class=\"yoast-schema-graph\">{\"@context\":\"https:\/\/schema.org\",\"@graph\":[{\"@type\":\"WebPage\",\"@id\":\"https:\/\/www.intoscana.it\/it\/marchio-patrimonio-europeo\/\",\"url\":\"https:\/\/www.intoscana.it\/it\/marchio-patrimonio-europeo\/\",\"name\":\"Marchio del patrimonio europeo: candidata S.Anna di Stazzema-intoscana\",\"isPartOf\":{\"@id\":\"https:\/\/www.intoscana.it\/it\/#website\"},\"primaryImageOfPage\":{\"@id\":\"https:\/\/www.intoscana.it\/it\/marchio-patrimonio-europeo\/#primaryimage\"},\"image\":{\"@id\":\"https:\/\/www.intoscana.it\/it\/marchio-patrimonio-europeo\/#primaryimage\"},\"thumbnailUrl\":\"https:\/\/www.intoscana.it\/wp-content\/uploads\/SantAnna-di-Stazzema-scaled.jpg\",\"datePublished\":\"2023-03-02T16:26:47+00:00\",\"dateModified\":\"2023-03-03T08:04:08+00:00\",\"author\":{\"@id\":\"https:\/\/www.intoscana.it\/it\/#\/schema\/person\/9223810753230f20bd670fdd322661f8\"},\"description\":\"Scelta dal ministro Sangiuliano insieme al complesso monumentale di San Vincenzo al Volturno. L'ultima parola a un panel di esperti della Ue\",\"breadcrumb\":{\"@id\":\"https:\/\/www.intoscana.it\/it\/marchio-patrimonio-europeo\/#breadcrumb\"},\"inLanguage\":\"it-IT\",\"potentialAction\":[{\"@type\":\"ReadAction\",\"target\":[\"https:\/\/www.intoscana.it\/it\/marchio-patrimonio-europeo\/\"]}]},{\"@type\":\"ImageObject\",\"inLanguage\":\"it-IT\",\"@id\":\"https:\/\/www.intoscana.it\/it\/marchio-patrimonio-europeo\/#primaryimage\",\"url\":\"https:\/\/www.intoscana.it\/wp-content\/uploads\/SantAnna-di-Stazzema-scaled.jpg\",\"contentUrl\":\"https:\/\/www.intoscana.it\/wp-content\/uploads\/SantAnna-di-Stazzema-scaled.jpg\",\"width\":2048,\"height\":1365,\"caption\":\"Sant'Anna di Stazzema\"},{\"@type\":\"BreadcrumbList\",\"@id\":\"https:\/\/www.intoscana.it\/it\/marchio-patrimonio-europeo\/#breadcrumb\",\"itemListElement\":[{\"@type\":\"ListItem\",\"position\":1,\"name\":\"Home\",\"item\":\"https:\/\/www.intoscana.it\/it\/\"},{\"@type\":\"ListItem\",\"position\":2,\"name\":\"Marchio del patrimonio europeo: candidata Sant&#8217;Anna di Stazzema\"}]},{\"@type\":\"WebSite\",\"@id\":\"https:\/\/www.intoscana.it\/it\/#website\",\"url\":\"https:\/\/www.intoscana.it\/it\/\",\"name\":\"intoscana\",\"description\":\"\",\"potentialAction\":[{\"@type\":\"SearchAction\",\"target\":{\"@type\":\"EntryPoint\",\"urlTemplate\":\"https:\/\/www.intoscana.it\/it\/?s={search_term_string}\"},\"query-input\":{\"@type\":\"PropertyValueSpecification\",\"valueRequired\":true,\"valueName\":\"search_term_string\"}}],\"inLanguage\":\"it-IT\"},{\"@type\":\"Person\",\"@id\":\"https:\/\/www.intoscana.it\/it\/#\/schema\/person\/9223810753230f20bd670fdd322661f8\",\"name\":\"Redazione\",\"url\":\"https:\/\/www.intoscana.it\/it\/author\/redazione\/\"}]}<\/script>\n<!-- \/ Yoast SEO Premium plugin. -->","yoast_head_json":{"title":"Marchio del patrimonio europeo: candidata S.Anna di Stazzema-intoscana","description":"Scelta dal ministro Sangiuliano insieme al complesso monumentale di San Vincenzo al Volturno. L'ultima parola a un panel di esperti della Ue","robots":{"index":"index","follow":"follow","max-snippet":"max-snippet:-1","max-image-preview":"max-image-preview:large","max-video-preview":"max-video-preview:-1"},"canonical":"https:\/\/www.intoscana.it\/it\/marchio-patrimonio-europeo\/","og_locale":"it_IT","og_type":"article","og_title":"Marchio del patrimonio europeo: candidata Sant'Anna di Stazzema","og_description":"Scelta dal ministro Sangiuliano insieme al complesso monumentale di San Vincenzo al Volturno. L'ultima parola a un panel di esperti della Ue","og_url":"https:\/\/www.intoscana.it\/it\/marchio-patrimonio-europeo\/","og_site_name":"intoscana","article_publisher":"https:\/\/www.facebook.com\/intoscana.it","article_published_time":"2023-03-02T16:26:47+00:00","article_modified_time":"2023-03-03T08:04:08+00:00","og_image":[{"width":2048,"height":1365,"url":"https:\/\/www.intoscana.it\/wp-content\/uploads\/SantAnna-di-Stazzema-scaled.jpg","type":"image\/jpeg"}],"author":"Redazione","twitter_card":"summary_large_image","twitter_creator":"@intoscana","twitter_site":"@intoscana","twitter_misc":{"Written by":"Redazione","Est. reading time":"2 minuti"},"schema":{"@context":"https:\/\/schema.org","@graph":[{"@type":"WebPage","@id":"https:\/\/www.intoscana.it\/it\/marchio-patrimonio-europeo\/","url":"https:\/\/www.intoscana.it\/it\/marchio-patrimonio-europeo\/","name":"Marchio del patrimonio europeo: candidata S.Anna di Stazzema-intoscana","isPartOf":{"@id":"https:\/\/www.intoscana.it\/it\/#website"},"primaryImageOfPage":{"@id":"https:\/\/www.intoscana.it\/it\/marchio-patrimonio-europeo\/#primaryimage"},"image":{"@id":"https:\/\/www.intoscana.it\/it\/marchio-patrimonio-europeo\/#primaryimage"},"thumbnailUrl":"https:\/\/www.intoscana.it\/wp-content\/uploads\/SantAnna-di-Stazzema-scaled.jpg","datePublished":"2023-03-02T16:26:47+00:00","dateModified":"2023-03-03T08:04:08+00:00","author":{"@id":"https:\/\/www.intoscana.it\/it\/#\/schema\/person\/9223810753230f20bd670fdd322661f8"},"description":"Scelta dal ministro Sangiuliano insieme al complesso monumentale di San Vincenzo al Volturno. L'ultima parola a un panel di esperti della Ue","breadcrumb":{"@id":"https:\/\/www.intoscana.it\/it\/marchio-patrimonio-europeo\/#breadcrumb"},"inLanguage":"it-IT","potentialAction":[{"@type":"ReadAction","target":["https:\/\/www.intoscana.it\/it\/marchio-patrimonio-europeo\/"]}]},{"@type":"ImageObject","inLanguage":"it-IT","@id":"https:\/\/www.intoscana.it\/it\/marchio-patrimonio-europeo\/#primaryimage","url":"https:\/\/www.intoscana.it\/wp-content\/uploads\/SantAnna-di-Stazzema-scaled.jpg","contentUrl":"https:\/\/www.intoscana.it\/wp-content\/uploads\/SantAnna-di-Stazzema-scaled.jpg","width":2048,"height":1365,"caption":"Sant'Anna di Stazzema"},{"@type":"BreadcrumbList","@id":"https:\/\/www.intoscana.it\/it\/marchio-patrimonio-europeo\/#breadcrumb","itemListElement":[{"@type":"ListItem","position":1,"name":"Home","item":"https:\/\/www.intoscana.it\/it\/"},{"@type":"ListItem","position":2,"name":"Marchio del patrimonio europeo: candidata Sant&#8217;Anna di Stazzema"}]},{"@type":"WebSite","@id":"https:\/\/www.intoscana.it\/it\/#website","url":"https:\/\/www.intoscana.it\/it\/","name":"intoscana","description":"","potentialAction":[{"@type":"SearchAction","target":{"@type":"EntryPoint","urlTemplate":"https:\/\/www.intoscana.it\/it\/?s={search_term_string}"},"query-input":{"@type":"PropertyValueSpecification","valueRequired":true,"valueName":"search_term_string"}}],"inLanguage":"it-IT"},{"@type":"Person","@id":"https:\/\/www.intoscana.it\/it\/#\/schema\/person\/9223810753230f20bd670fdd322661f8","name":"Redazione","url":"https:\/\/www.intoscana.it\/it\/author\/redazione\/"}]}},"_links":{"self":[{"href":"https:\/\/www.intoscana.it\/it\/wp-json\/wp\/v2\/posts\/264931","targetHints":{"allow":["GET"]}}],"collection":[{"href":"https:\/\/www.intoscana.it\/it\/wp-json\/wp\/v2\/posts"}],"about":[{"href":"https:\/\/www.intoscana.it\/it\/wp-json\/wp\/v2\/types\/post"}],"author":[{"embeddable":true,"href":"https:\/\/www.intoscana.it\/it\/wp-json\/wp\/v2\/users\/525"}],"replies":[{"embeddable":true,"href":"https:\/\/www.intoscana.it\/it\/wp-json\/wp\/v2\/comments?post=264931"}],"version-history":[{"count":0,"href":"https:\/\/www.intoscana.it\/it\/wp-json\/wp\/v2\/posts\/264931\/revisions"}],"wp:featuredmedia":[{"embeddable":true,"href":"https:\/\/www.intoscana.it\/it\/wp-json\/wp\/v2\/media\/224808"}],"wp:attachment":[{"href":"https:\/\/www.intoscana.it\/it\/wp-json\/wp\/v2\/media?parent=264931"}],"wp:term":[{"taxonomy":"category","embeddable":true,"href":"https:\/\/www.intoscana.it\/it\/wp-json\/wp\/v2\/categories?post=264931"},{"taxonomy":"post_tag","embeddable":true,"href":"https:\/\/www.intoscana.it\/it\/wp-json\/wp\/v2\/tags?post=264931"}],"curies":[{"name":"wp","href":"https:\/\/api.w.org\/{rel}","templated":true}]}}