{"id":265231,"date":"2022-12-30T10:15:59","date_gmt":"2022-12-30T09:15:59","guid":{"rendered":"https:\/\/www.intoscana.it\/it\/?p=265231"},"modified":"2022-12-30T10:21:34","modified_gmt":"2022-12-30T09:21:34","slug":"la-toscana-ricorda-pele-la-leggenda-del-calcio-mondiale","status":"publish","type":"post","link":"https:\/\/www.intoscana.it\/it\/la-toscana-ricorda-pele-la-leggenda-del-calcio-mondiale\/","title":{"rendered":"La Toscana ricorda Pel\u00e8, la leggenda del calcio mondiale"},"content":{"rendered":"<p>La notizia delle morte di <strong>Pel\u00e8<\/strong>, al secolo Edson Arantes do Nascimento, non arriva certo inaspettata dopo le ultime notizie sulle sue condizioni di salute, ma scuote con forza e tristezza tutto il mondo, non solo del calcio. L&#8217;addio al campione 82enne che in vita \u00e8 diventato leggenda \u00e8 gi\u00e0 un rito collettivo, perch\u00e9 ognuno ha un ricordo legato a Pel\u00e8, un&#8217;emozione che \u00e8 sport e umanit\u00e0 insieme.<\/p>\n<p>&#8220;Hai inventato il calcio. Per sempre O Rei&#8221; \u00e8 il ricordo di un altro campione, <strong>Giancarlo Antognoni<\/strong><i>.<\/i> Il direttore generale della Fiorentina <mark>Joe Barone ha celebrato il grande\u00a0 brasiliano postando sui social una sua foto con indosso la maglia dei New York Cosmos: Pel\u00e9 ha infatti militato dal &#8217;75 al &#8217;77 nel club americano di Rocco Commisso e del quale \u00e8 stato dirigente anche lo stesso Barone.<\/mark> Cordoglio anche dall&#8217;attaccante brasiliano del club viola <strong>Arthur Cabral<\/strong>: &#8220;Grazie di tutto, il mondo del calcio sentir\u00e0 la sua mancanza&#8221;.<\/p>\n<blockquote class=\"instagram-media\" style=\"background: #FFF; border: 0; border-radius: 3px; box-shadow: 0 0 1px 0 rgba(0,0,0,0.5),0 1px 10px 0 rgba(0,0,0,0.15); margin: 1px; max-width: 540px; min-width: 326px; padding: 0; width: calc(100% - 2px);\" data-instgrm-captioned=\"\" data-instgrm-permalink=\"https:\/\/www.instagram.com\/p\/Cmw7Fn1Ihcw\/?utm_source=ig_embed&amp;utm_campaign=loading\" data-instgrm-version=\"14\">\n<div style=\"padding: 16px;\">\n<p>&nbsp;<\/p>\n<div style=\"display: flex; flex-direction: row; align-items: center;\">\n<div style=\"background-color: #f4f4f4; border-radius: 50%; flex-grow: 0; height: 40px; margin-right: 14px; width: 40px;\"><\/div>\n<div style=\"display: flex; flex-direction: column; flex-grow: 1; justify-content: center;\">\n<div style=\"background-color: #f4f4f4; border-radius: 4px; flex-grow: 0; height: 14px; margin-bottom: 6px; width: 100px;\"><\/div>\n<div style=\"background-color: #f4f4f4; border-radius: 4px; flex-grow: 0; height: 14px; width: 60px;\"><\/div>\n<\/div>\n<\/div>\n<div style=\"padding: 19% 0;\"><\/div>\n<div style=\"display: block; height: 50px; margin: 0 auto 12px; width: 50px;\"><\/div>\n<div style=\"padding-top: 8px;\">\n<div style=\"color: #3897f0; font-family: Arial,sans-serif; font-size: 14px; font-style: normal; font-weight: 550; line-height: 18px;\">Visualizza questo post su Instagram<\/div>\n<\/div>\n<div style=\"padding: 12.5% 0;\"><\/div>\n<div style=\"display: flex; flex-direction: row; margin-bottom: 14px; align-items: center;\">\n<div>\n<div style=\"background-color: #f4f4f4; border-radius: 50%; height: 12.5px; width: 12.5px; transform: translateX(0px) translateY(7px);\"><\/div>\n<div style=\"background-color: #f4f4f4; height: 12.5px; transform: rotate(-45deg) translateX(3px) translateY(1px); width: 12.5px; flex-grow: 0; margin-right: 14px; margin-left: 2px;\"><\/div>\n<div style=\"background-color: #f4f4f4; border-radius: 50%; height: 12.5px; width: 12.5px; transform: translateX(9px) translateY(-18px);\"><\/div>\n<\/div>\n<div style=\"margin-left: 8px;\">\n<div style=\"background-color: #f4f4f4; border-radius: 50%; flex-grow: 0; height: 20px; width: 20px;\"><\/div>\n<div style=\"width: 0; height: 0; border-top: 2px solid transparent; border-left: 6px solid #f4f4f4; border-bottom: 2px solid transparent; transform: translateX(16px) translateY(-4px) rotate(30deg);\"><\/div>\n<\/div>\n<div style=\"margin-left: auto;\">\n<div style=\"width: 0px; border-top: 8px solid #F4F4F4; border-right: 8px solid transparent; transform: translateY(16px);\"><\/div>\n<div style=\"background-color: #f4f4f4; flex-grow: 0; height: 12px; width: 16px; transform: translateY(-4px);\"><\/div>\n<div style=\"width: 0; height: 0; border-top: 8px solid #F4F4F4; border-left: 8px solid transparent; transform: translateY(-4px) translateX(8px);\"><\/div>\n<\/div>\n<\/div>\n<div style=\"display: flex; flex-direction: column; flex-grow: 1; justify-content: center; margin-bottom: 24px;\">\n<div style=\"background-color: #f4f4f4; border-radius: 4px; flex-grow: 0; height: 14px; margin-bottom: 6px; width: 224px;\"><\/div>\n<div style=\"background-color: #f4f4f4; border-radius: 4px; flex-grow: 0; height: 14px; width: 144px;\"><\/div>\n<\/div>\n<p>&nbsp;<\/p>\n<p style=\"color: #c9c8cd; font-family: Arial,sans-serif; font-size: 14px; line-height: 17px; margin-bottom: 0; margin-top: 8px; overflow: hidden; padding: 8px 0 7px; text-align: center; text-overflow: ellipsis; white-space: nowrap;\"><a style=\"color: #c9c8cd; font-family: Arial,sans-serif; font-size: 14px; font-style: normal; font-weight: normal; line-height: 17px; text-decoration: none;\" href=\"https:\/\/www.instagram.com\/p\/Cmw7Fn1Ihcw\/?utm_source=ig_embed&amp;utm_campaign=loading\" target=\"_blank\" rel=\"noopener\">Un post condiviso da Giancarlo Antognoni (@giancarloantognoni)<\/a><\/p>\n<\/div>\n<\/blockquote>\n<p><script async src=\"\/\/www.instagram.com\/embed.js\"><\/script><\/p>\n<p>Le massime istituzioni toscane ricordano anche loro il &#8220;re del calcio&#8221;. \u201cSe ne va una leggenda del calcio, dello sport, di tutti noi. <mark>Pel\u00e9 era un patrimonio dell\u2019umanit\u00e0. Da uomo appassionato di sport, l\u2019ho sempre ammirato.<\/mark> Prendendolo ad esempio, generazioni di bambini, ragazzi ma anche adulti, hanno non solo sognato su campi di calcio ma anche sfidato il loro destino per emularlo&#8221;, \u00e8 il commento del presidente della Regione Toscana, <strong>Eugenio Giani<\/strong>.<\/p>\n<p>Il presidente del Consiglio regionale, <strong>Antonio Mazzeo<\/strong>, posta sui social una foto di Pel\u00e9 con Maradona: &#8220;Ora me li immagino lass\u00f9, insieme, con un pallone a ridere di noi che continueremo a chiederci chi sia stato il migliore&#8221;. Anche il sindaco di Firenze <strong>Dario Nardella<\/strong> affida il suo ricordo ai suoi profili: &#8220;Se ne va una leggenda che ha dato tanto al mondo del calcio e non solo. Buon viaggio&#8221;.<\/p>\n","protected":false},"excerpt":{"rendered":"<p>Da Antognoni alle istituzioni, tutti celebrano &#8220;O Rei&#8221;. Il presidente Giani: &#8220;Era patrimonio dell&#8217;umanit\u00e0&#8221;<\/p>\n","protected":false},"author":525,"featured_media":265273,"comment_status":"open","ping_status":"open","sticky":false,"template":"","format":"standard","meta":{"_acf_changed":false,"footnotes":""},"categories":[494],"tags":[290],"class_list":["post-265231","post","type-post","status-publish","format-standard","has-post-thumbnail","hentry","category-attualita","tag-calcio"],"acf":[],"yoast_head":"<!-- This site is optimized with the Yoast SEO Premium plugin v24.2 (Yoast SEO v25.6) - https:\/\/yoast.com\/wordpress\/plugins\/seo\/ -->\n<title>La Toscana ricorda Pel\u00e8, la leggenda del calcio mondiale - intoscana<\/title>\n<meta name=\"description\" content=\"Da Antognoni alle istituzioni, tutti celebrano &quot;O Rei&quot;. Il presidente Giani: &quot;Era patrimonio dell&#039;umanit\u00e0&quot;\" \/>\n<meta name=\"robots\" content=\"index, follow, max-snippet:-1, max-image-preview:large, max-video-preview:-1\" \/>\n<link rel=\"canonical\" href=\"https:\/\/www.intoscana.it\/it\/la-toscana-ricorda-pele-la-leggenda-del-calcio-mondiale\/\" \/>\n<meta property=\"og:locale\" content=\"it_IT\" \/>\n<meta property=\"og:type\" content=\"article\" \/>\n<meta property=\"og:title\" content=\"La Toscana ricorda Pel\u00e8, la leggenda del calcio mondiale\" \/>\n<meta property=\"og:description\" content=\"Da Antognoni alle istituzioni, tutti celebrano &quot;O Rei&quot;. Il presidente Giani: &quot;Era patrimonio dell&#039;umanit\u00e0&quot;\" \/>\n<meta property=\"og:url\" content=\"https:\/\/www.intoscana.it\/it\/la-toscana-ricorda-pele-la-leggenda-del-calcio-mondiale\/\" \/>\n<meta property=\"og:site_name\" content=\"intoscana\" \/>\n<meta property=\"article:publisher\" content=\"https:\/\/www.facebook.com\/intoscana.it\" \/>\n<meta property=\"article:published_time\" content=\"2022-12-30T09:15:59+00:00\" \/>\n<meta property=\"article:modified_time\" content=\"2022-12-30T09:21:34+00:00\" \/>\n<meta property=\"og:image\" content=\"https:\/\/www.intoscana.it\/wp-content\/uploads\/Pele\u0300.jpeg\" \/>\n\t<meta property=\"og:image:width\" content=\"604\" \/>\n\t<meta property=\"og:image:height\" content=\"486\" \/>\n\t<meta property=\"og:image:type\" content=\"image\/jpeg\" \/>\n<meta name=\"author\" content=\"Redazione\" \/>\n<meta name=\"twitter:card\" content=\"summary_large_image\" \/>\n<meta name=\"twitter:creator\" content=\"@intoscana\" \/>\n<meta name=\"twitter:site\" content=\"@intoscana\" \/>\n<meta name=\"twitter:label1\" content=\"Written by\" \/>\n\t<meta name=\"twitter:data1\" content=\"Redazione\" \/>\n\t<meta name=\"twitter:label2\" content=\"Est. reading time\" \/>\n\t<meta name=\"twitter:data2\" content=\"2 minuti\" \/>\n<script type=\"application\/ld+json\" class=\"yoast-schema-graph\">{\"@context\":\"https:\/\/schema.org\",\"@graph\":[{\"@type\":\"WebPage\",\"@id\":\"https:\/\/www.intoscana.it\/it\/la-toscana-ricorda-pele-la-leggenda-del-calcio-mondiale\/\",\"url\":\"https:\/\/www.intoscana.it\/it\/la-toscana-ricorda-pele-la-leggenda-del-calcio-mondiale\/\",\"name\":\"La Toscana ricorda Pel\u00e8, la leggenda del calcio mondiale - intoscana\",\"isPartOf\":{\"@id\":\"https:\/\/www.intoscana.it\/it\/#website\"},\"primaryImageOfPage\":{\"@id\":\"https:\/\/www.intoscana.it\/it\/la-toscana-ricorda-pele-la-leggenda-del-calcio-mondiale\/#primaryimage\"},\"image\":{\"@id\":\"https:\/\/www.intoscana.it\/it\/la-toscana-ricorda-pele-la-leggenda-del-calcio-mondiale\/#primaryimage\"},\"thumbnailUrl\":\"https:\/\/www.intoscana.it\/wp-content\/uploads\/Pele\u0300.jpeg\",\"datePublished\":\"2022-12-30T09:15:59+00:00\",\"dateModified\":\"2022-12-30T09:21:34+00:00\",\"author\":{\"@id\":\"https:\/\/www.intoscana.it\/it\/#\/schema\/person\/9223810753230f20bd670fdd322661f8\"},\"description\":\"Da Antognoni alle istituzioni, tutti celebrano \\\"O Rei\\\". Il presidente Giani: \\\"Era patrimonio dell'umanit\u00e0\\\"\",\"breadcrumb\":{\"@id\":\"https:\/\/www.intoscana.it\/it\/la-toscana-ricorda-pele-la-leggenda-del-calcio-mondiale\/#breadcrumb\"},\"inLanguage\":\"it-IT\",\"potentialAction\":[{\"@type\":\"ReadAction\",\"target\":[\"https:\/\/www.intoscana.it\/it\/la-toscana-ricorda-pele-la-leggenda-del-calcio-mondiale\/\"]}]},{\"@type\":\"ImageObject\",\"inLanguage\":\"it-IT\",\"@id\":\"https:\/\/www.intoscana.it\/it\/la-toscana-ricorda-pele-la-leggenda-del-calcio-mondiale\/#primaryimage\",\"url\":\"https:\/\/www.intoscana.it\/wp-content\/uploads\/Pele\u0300.jpeg\",\"contentUrl\":\"https:\/\/www.intoscana.it\/wp-content\/uploads\/Pele\u0300.jpeg\",\"width\":604,\"height\":486},{\"@type\":\"BreadcrumbList\",\"@id\":\"https:\/\/www.intoscana.it\/it\/la-toscana-ricorda-pele-la-leggenda-del-calcio-mondiale\/#breadcrumb\",\"itemListElement\":[{\"@type\":\"ListItem\",\"position\":1,\"name\":\"Home\",\"item\":\"https:\/\/www.intoscana.it\/it\/\"},{\"@type\":\"ListItem\",\"position\":2,\"name\":\"La Toscana ricorda Pel\u00e8, la leggenda del calcio mondiale\"}]},{\"@type\":\"WebSite\",\"@id\":\"https:\/\/www.intoscana.it\/it\/#website\",\"url\":\"https:\/\/www.intoscana.it\/it\/\",\"name\":\"intoscana\",\"description\":\"\",\"potentialAction\":[{\"@type\":\"SearchAction\",\"target\":{\"@type\":\"EntryPoint\",\"urlTemplate\":\"https:\/\/www.intoscana.it\/it\/?s={search_term_string}\"},\"query-input\":{\"@type\":\"PropertyValueSpecification\",\"valueRequired\":true,\"valueName\":\"search_term_string\"}}],\"inLanguage\":\"it-IT\"},{\"@type\":\"Person\",\"@id\":\"https:\/\/www.intoscana.it\/it\/#\/schema\/person\/9223810753230f20bd670fdd322661f8\",\"name\":\"Redazione\",\"url\":\"https:\/\/www.intoscana.it\/it\/author\/redazione\/\"}]}<\/script>\n<!-- \/ Yoast SEO Premium plugin. -->","yoast_head_json":{"title":"La Toscana ricorda Pel\u00e8, la leggenda del calcio mondiale - intoscana","description":"Da Antognoni alle istituzioni, tutti celebrano \"O Rei\". Il presidente Giani: \"Era patrimonio dell'umanit\u00e0\"","robots":{"index":"index","follow":"follow","max-snippet":"max-snippet:-1","max-image-preview":"max-image-preview:large","max-video-preview":"max-video-preview:-1"},"canonical":"https:\/\/www.intoscana.it\/it\/la-toscana-ricorda-pele-la-leggenda-del-calcio-mondiale\/","og_locale":"it_IT","og_type":"article","og_title":"La Toscana ricorda Pel\u00e8, la leggenda del calcio mondiale","og_description":"Da Antognoni alle istituzioni, tutti celebrano \"O Rei\". Il presidente Giani: \"Era patrimonio dell'umanit\u00e0\"","og_url":"https:\/\/www.intoscana.it\/it\/la-toscana-ricorda-pele-la-leggenda-del-calcio-mondiale\/","og_site_name":"intoscana","article_publisher":"https:\/\/www.facebook.com\/intoscana.it","article_published_time":"2022-12-30T09:15:59+00:00","article_modified_time":"2022-12-30T09:21:34+00:00","og_image":[{"width":604,"height":486,"url":"https:\/\/www.intoscana.it\/wp-content\/uploads\/Pele\u0300.jpeg","type":"image\/jpeg"}],"author":"Redazione","twitter_card":"summary_large_image","twitter_creator":"@intoscana","twitter_site":"@intoscana","twitter_misc":{"Written by":"Redazione","Est. reading time":"2 minuti"},"schema":{"@context":"https:\/\/schema.org","@graph":[{"@type":"WebPage","@id":"https:\/\/www.intoscana.it\/it\/la-toscana-ricorda-pele-la-leggenda-del-calcio-mondiale\/","url":"https:\/\/www.intoscana.it\/it\/la-toscana-ricorda-pele-la-leggenda-del-calcio-mondiale\/","name":"La Toscana ricorda Pel\u00e8, la leggenda del calcio mondiale - intoscana","isPartOf":{"@id":"https:\/\/www.intoscana.it\/it\/#website"},"primaryImageOfPage":{"@id":"https:\/\/www.intoscana.it\/it\/la-toscana-ricorda-pele-la-leggenda-del-calcio-mondiale\/#primaryimage"},"image":{"@id":"https:\/\/www.intoscana.it\/it\/la-toscana-ricorda-pele-la-leggenda-del-calcio-mondiale\/#primaryimage"},"thumbnailUrl":"https:\/\/www.intoscana.it\/wp-content\/uploads\/Pele\u0300.jpeg","datePublished":"2022-12-30T09:15:59+00:00","dateModified":"2022-12-30T09:21:34+00:00","author":{"@id":"https:\/\/www.intoscana.it\/it\/#\/schema\/person\/9223810753230f20bd670fdd322661f8"},"description":"Da Antognoni alle istituzioni, tutti celebrano \"O Rei\". Il presidente Giani: \"Era patrimonio dell'umanit\u00e0\"","breadcrumb":{"@id":"https:\/\/www.intoscana.it\/it\/la-toscana-ricorda-pele-la-leggenda-del-calcio-mondiale\/#breadcrumb"},"inLanguage":"it-IT","potentialAction":[{"@type":"ReadAction","target":["https:\/\/www.intoscana.it\/it\/la-toscana-ricorda-pele-la-leggenda-del-calcio-mondiale\/"]}]},{"@type":"ImageObject","inLanguage":"it-IT","@id":"https:\/\/www.intoscana.it\/it\/la-toscana-ricorda-pele-la-leggenda-del-calcio-mondiale\/#primaryimage","url":"https:\/\/www.intoscana.it\/wp-content\/uploads\/Pele\u0300.jpeg","contentUrl":"https:\/\/www.intoscana.it\/wp-content\/uploads\/Pele\u0300.jpeg","width":604,"height":486},{"@type":"BreadcrumbList","@id":"https:\/\/www.intoscana.it\/it\/la-toscana-ricorda-pele-la-leggenda-del-calcio-mondiale\/#breadcrumb","itemListElement":[{"@type":"ListItem","position":1,"name":"Home","item":"https:\/\/www.intoscana.it\/it\/"},{"@type":"ListItem","position":2,"name":"La Toscana ricorda Pel\u00e8, la leggenda del calcio mondiale"}]},{"@type":"WebSite","@id":"https:\/\/www.intoscana.it\/it\/#website","url":"https:\/\/www.intoscana.it\/it\/","name":"intoscana","description":"","potentialAction":[{"@type":"SearchAction","target":{"@type":"EntryPoint","urlTemplate":"https:\/\/www.intoscana.it\/it\/?s={search_term_string}"},"query-input":{"@type":"PropertyValueSpecification","valueRequired":true,"valueName":"search_term_string"}}],"inLanguage":"it-IT"},{"@type":"Person","@id":"https:\/\/www.intoscana.it\/it\/#\/schema\/person\/9223810753230f20bd670fdd322661f8","name":"Redazione","url":"https:\/\/www.intoscana.it\/it\/author\/redazione\/"}]}},"_links":{"self":[{"href":"https:\/\/www.intoscana.it\/it\/wp-json\/wp\/v2\/posts\/265231","targetHints":{"allow":["GET"]}}],"collection":[{"href":"https:\/\/www.intoscana.it\/it\/wp-json\/wp\/v2\/posts"}],"about":[{"href":"https:\/\/www.intoscana.it\/it\/wp-json\/wp\/v2\/types\/post"}],"author":[{"embeddable":true,"href":"https:\/\/www.intoscana.it\/it\/wp-json\/wp\/v2\/users\/525"}],"replies":[{"embeddable":true,"href":"https:\/\/www.intoscana.it\/it\/wp-json\/wp\/v2\/comments?post=265231"}],"version-history":[{"count":0,"href":"https:\/\/www.intoscana.it\/it\/wp-json\/wp\/v2\/posts\/265231\/revisions"}],"wp:featuredmedia":[{"embeddable":true,"href":"https:\/\/www.intoscana.it\/it\/wp-json\/wp\/v2\/media\/265273"}],"wp:attachment":[{"href":"https:\/\/www.intoscana.it\/it\/wp-json\/wp\/v2\/media?parent=265231"}],"wp:term":[{"taxonomy":"category","embeddable":true,"href":"https:\/\/www.intoscana.it\/it\/wp-json\/wp\/v2\/categories?post=265231"},{"taxonomy":"post_tag","embeddable":true,"href":"https:\/\/www.intoscana.it\/it\/wp-json\/wp\/v2\/tags?post=265231"}],"curies":[{"name":"wp","href":"https:\/\/api.w.org\/{rel}","templated":true}]}}