{"id":265263,"date":"2022-12-30T11:00:09","date_gmt":"2022-12-30T10:00:09","guid":{"rendered":"https:\/\/www.intoscana.it\/it\/?p=265263"},"modified":"2022-12-30T11:00:09","modified_gmt":"2022-12-30T10:00:09","slug":"vivian-maier-mostra-siena","status":"publish","type":"post","link":"https:\/\/www.intoscana.it\/it\/vivian-maier-mostra-siena\/","title":{"rendered":"Riflessi, specchi e ombre: le straordinarie fotografie di Vivian Maier in mostra a Siena"},"content":{"rendered":"<p><strong>Vivian Maier \u00e8 un mistero.<\/strong> Ha\u00a0lavorato come tata, dai primi anni Cinquanta e per oltre quarant\u2019anni, a New York e poi a Chicago.<\/p>\n<p><strong>Tutta la sua vita \u00e8 trascorsa nell\u2019anonimato,<\/strong> finch\u00e8 <strong>nel 2007<\/strong> quasi per caso \u00e8 stato scoperto il suo <strong>corpus fotografico.<\/strong><\/p>\n<p><strong>Si tratta di un lavoro enorme e impressionante<\/strong>, composto da <strong>oltre 120.000 negativi, pellicole super 8 e 16mm,<\/strong> varie registrazioni audio, alcune fotografie e <strong>centinaia di rullini non sviluppati. <\/strong><\/p>\n<p>Quello che forse per lei era solo un &#8220;hobby&#8221;,<strong> l&#8217;ha resa una delle pi\u00f9 acclamate fotografe del mondo<\/strong> al punto che nella storia della fotografia compare a fianco di autori del calibro di <strong>Diane Arbus, Robert Frank, Helen Levitt e Garry Winogrand.<\/strong><\/p>\n<p><strong>Fino al 16 marzo 2023<\/strong> al <strong>Complesso Museale Santa Maria della Scala di Siena<\/strong> la mostra\u00a0<em><strong>\u201cVivian\u00a0Maier. The Self-Portrait and its Double\u201d\u00a0<\/strong><\/em>celebra questo <strong>straordinario talento nascosto<\/strong> esponendo<strong>\u00a093 autoritratti<\/strong> che attraversano la misteriosa vita dell\u2019artista americana.<\/p>\n<p>Attraverso gli scatti di <strong>Vivian Meier<\/strong> \u00e8 possibile vedere la seconda met\u00e0 del Novecento,\u00a0con gli occhi e negli occhi di<strong> un\u2019icona della storia della fotografia.<\/strong><\/p>\n<p><strong>Anne Morin curatrice,<\/strong> insieme a <strong>Loredana De Pace<\/strong> della mostra senese ha dichiarato:\u00a0<em>\u201cLa scoperta tardiva del lavoro di Vivian Maier, che avrebbe potuto facilmente scomparire o addirittura essere distrutto, \u00e8 stata quasi una contraddizione. Ha comportato un completo capovolgimento del suo destino, perch\u00e9 grazie a quel ritrovamento, una \u201csemplice\u201d Vivian Maier, la tata, \u00e8 riuscita a diventare, postuma, Vivian Maier la fotografa\u201d<\/em>.<\/p>\n<figure id=\"post-265293 media-265293\" class=\"align-none\"><img decoding=\"async\" src=\"https:\/\/www.intoscana.it\/wp-content\/uploads\/vivian-maier.jpg\" alt=\"\" \/><\/figure>\n<div class=\"titleimg\"><em>Vivian Maier<\/em><\/div>\n<h3>Le tre sezioni della mostra: l&#8217;ombra, il riflesso, lo specchio<\/h3>\n<p>L\u2019allestimento al Santa Maria della Scala accompagna il visitatore lungo tre sezioni: <strong>la prima \u00e8 dedicat<\/strong><\/p>\n<p><strong>a a \u201cL\u2019OMBRA\u201d,<\/strong> intesa come autorappresentazione: un tema\u00a0\u00a0che attraversa il lavoro di <strong>Vivian Maier<\/strong> sin dai suoi esordi, nei primi anni Cinquanta, fino agli anni Novanta. \u201cMiss Viv\u201d ha continuato a sviluppare un registro compositivo di grande ricchezza ed estrema complessit\u00e0, combinando queste scoperte estetiche insieme alle categorie chiave dell<strong>\u2019ombra, del riflesso e dello specchio.<\/strong><\/p>\n<p>Ed e proprio con<strong> \u201cIL RIFLESSO\u201d<\/strong>, a cui \u00e8 dedicata la seconda sezione, che <strong>Vivian Maier<\/strong> reinterpreta il campo lessicale della fotografia attraverso <strong>l&#8217;idea di auto-rappresentazione<\/strong>.<\/p>\n<p>L\u2019autrice usa mille stratagemmi per <strong>collocare s\u00e9 stessa al limite tra il visibile e l\u2019invisibile, il riconoscibile e l\u2019irriconoscibile<\/strong>. I suoi lineamenti sono sfocati, qualcosa si interpone davanti a loro o li rimanda altrove, si apre su un fuori campo o si trasforma davanti ai nostri occhi.<\/p>\n<p>Il suo volto ci sfugge ma non <strong>la certezza della sua presenza nel momento in cui l\u2019immagine viene catturata<\/strong>. Ogni fotografia \u00e8 un gioco a nascondino. Ogni fotografia \u00e8 di per s\u00e9 un atto di resistenza alla sua invisibilit\u00e0.<\/p>\n<p>Infine la sezione e dedicata a<strong> \u201cLO SPECCHIO\u201d,<\/strong> un oggetto che appare spesso nelle immagini di Vivian Maier. \u00c8 frammentato o posto di fronte a un altro specchio oppure posizionato in modo tale che il suo viso sia proiettato su altri specchi, in una cascata infinita. \u00c8 lo strumento attraverso il quale affronta il proprio sguardo, questo <strong>\u201cIo\u201d davanti a \u201cMe\u201d.<\/strong><\/p>\n<figure id=\"post-265292 media-265292\" class=\"align-none\"><img decoding=\"async\" src=\"https:\/\/www.intoscana.it\/wp-content\/uploads\/Schermata-2019-09-27-alle-10.44.24.png\" alt=\"\" \/><\/figure>\n<div class=\"titleimg\"><em>Vivian Maier<\/em><\/div>\n<p>&nbsp;<\/p>\n","protected":false},"excerpt":{"rendered":"<p>Fino al 16 marzo 2023 la misteriosa fotografa americana \u00e8 raccontata in una mostra al Santa Maria della Scala di Siena attraverso i suoi inconfondibili autoritratti<\/p>\n","protected":false},"author":525,"featured_media":265228,"comment_status":"open","ping_status":"open","sticky":false,"template":"","format":"standard","meta":{"_acf_changed":false,"footnotes":""},"categories":[493],"tags":[242,238,164],"class_list":["post-265263","post","type-post","status-publish","format-standard","has-post-thumbnail","hentry","category-cultura","tag-fotografia","tag-mostra","tag-siena"],"acf":[],"yoast_head":"<!-- This site is optimized with the Yoast SEO Premium plugin v24.2 (Yoast SEO v25.6) - https:\/\/yoast.com\/wordpress\/plugins\/seo\/ -->\n<title>Riflessi, specchi e ombre: le straordinarie fotografie di Vivian Maier in mostra a Siena - intoscana<\/title>\n<meta name=\"description\" content=\"Fino al 16 marzo 2023 la misteriosa fotografa americana \u00e8 raccontata in una mostra al Santa Maria della Scala di Siena\" \/>\n<meta name=\"robots\" content=\"index, follow, max-snippet:-1, max-image-preview:large, max-video-preview:-1\" \/>\n<link rel=\"canonical\" href=\"https:\/\/www.intoscana.it\/it\/vivian-maier-mostra-siena\/\" \/>\n<meta property=\"og:locale\" content=\"it_IT\" \/>\n<meta property=\"og:type\" content=\"article\" \/>\n<meta property=\"og:title\" content=\"Riflessi, specchi e ombre: le straordinarie fotografie di Vivian Maier in mostra a Siena\" \/>\n<meta property=\"og:description\" content=\"Fino al 16 marzo 2023 la misteriosa fotografa americana \u00e8 raccontata in una mostra al Santa Maria della Scala di Siena\" \/>\n<meta property=\"og:url\" content=\"https:\/\/www.intoscana.it\/it\/vivian-maier-mostra-siena\/\" \/>\n<meta property=\"og:site_name\" content=\"intoscana\" \/>\n<meta property=\"article:publisher\" content=\"https:\/\/www.facebook.com\/intoscana.it\" \/>\n<meta property=\"article:published_time\" content=\"2022-12-30T10:00:09+00:00\" \/>\n<meta property=\"og:image\" content=\"https:\/\/www.intoscana.it\/wp-content\/uploads\/1-FOTO-PORTANTE-MAIER_crediti-\u00a9Estate-of-Vivian-Maier-Courtesy-of-Maloof-Collection-and-Howard-Greenberg-Gallery-NY-2048x2048-2.jpg\" \/>\n\t<meta property=\"og:image:width\" content=\"1973\" \/>\n\t<meta property=\"og:image:height\" content=\"1639\" \/>\n\t<meta property=\"og:image:type\" content=\"image\/jpeg\" \/>\n<meta name=\"author\" content=\"Redazione\" \/>\n<meta name=\"twitter:card\" content=\"summary_large_image\" \/>\n<meta name=\"twitter:creator\" content=\"@intoscana\" \/>\n<meta name=\"twitter:site\" content=\"@intoscana\" \/>\n<meta name=\"twitter:label1\" content=\"Written by\" \/>\n\t<meta name=\"twitter:data1\" content=\"Redazione\" \/>\n\t<meta name=\"twitter:label2\" content=\"Est. reading time\" \/>\n\t<meta name=\"twitter:data2\" content=\"2 minuti\" \/>\n<script type=\"application\/ld+json\" class=\"yoast-schema-graph\">{\"@context\":\"https:\/\/schema.org\",\"@graph\":[{\"@type\":\"WebPage\",\"@id\":\"https:\/\/www.intoscana.it\/it\/vivian-maier-mostra-siena\/\",\"url\":\"https:\/\/www.intoscana.it\/it\/vivian-maier-mostra-siena\/\",\"name\":\"Riflessi, specchi e ombre: le straordinarie fotografie di Vivian Maier in mostra a Siena - intoscana\",\"isPartOf\":{\"@id\":\"https:\/\/www.intoscana.it\/it\/#website\"},\"primaryImageOfPage\":{\"@id\":\"https:\/\/www.intoscana.it\/it\/vivian-maier-mostra-siena\/#primaryimage\"},\"image\":{\"@id\":\"https:\/\/www.intoscana.it\/it\/vivian-maier-mostra-siena\/#primaryimage\"},\"thumbnailUrl\":\"https:\/\/www.intoscana.it\/wp-content\/uploads\/1-FOTO-PORTANTE-MAIER_crediti-\u00a9Estate-of-Vivian-Maier-Courtesy-of-Maloof-Collection-and-Howard-Greenberg-Gallery-NY-2048x2048-2.jpg\",\"datePublished\":\"2022-12-30T10:00:09+00:00\",\"author\":{\"@id\":\"https:\/\/www.intoscana.it\/it\/#\/schema\/person\/9223810753230f20bd670fdd322661f8\"},\"description\":\"Fino al 16 marzo 2023 la misteriosa fotografa americana \u00e8 raccontata in una mostra al Santa Maria della Scala di Siena\",\"breadcrumb\":{\"@id\":\"https:\/\/www.intoscana.it\/it\/vivian-maier-mostra-siena\/#breadcrumb\"},\"inLanguage\":\"it-IT\",\"potentialAction\":[{\"@type\":\"ReadAction\",\"target\":[\"https:\/\/www.intoscana.it\/it\/vivian-maier-mostra-siena\/\"]}]},{\"@type\":\"ImageObject\",\"inLanguage\":\"it-IT\",\"@id\":\"https:\/\/www.intoscana.it\/it\/vivian-maier-mostra-siena\/#primaryimage\",\"url\":\"https:\/\/www.intoscana.it\/wp-content\/uploads\/1-FOTO-PORTANTE-MAIER_crediti-\u00a9Estate-of-Vivian-Maier-Courtesy-of-Maloof-Collection-and-Howard-Greenberg-Gallery-NY-2048x2048-2.jpg\",\"contentUrl\":\"https:\/\/www.intoscana.it\/wp-content\/uploads\/1-FOTO-PORTANTE-MAIER_crediti-\u00a9Estate-of-Vivian-Maier-Courtesy-of-Maloof-Collection-and-Howard-Greenberg-Gallery-NY-2048x2048-2.jpg\",\"width\":1973,\"height\":1639,\"caption\":\"Vivian Maier\"},{\"@type\":\"BreadcrumbList\",\"@id\":\"https:\/\/www.intoscana.it\/it\/vivian-maier-mostra-siena\/#breadcrumb\",\"itemListElement\":[{\"@type\":\"ListItem\",\"position\":1,\"name\":\"Home\",\"item\":\"https:\/\/www.intoscana.it\/it\/\"},{\"@type\":\"ListItem\",\"position\":2,\"name\":\"Riflessi, specchi e ombre: le straordinarie fotografie di Vivian Maier in mostra a Siena\"}]},{\"@type\":\"WebSite\",\"@id\":\"https:\/\/www.intoscana.it\/it\/#website\",\"url\":\"https:\/\/www.intoscana.it\/it\/\",\"name\":\"intoscana\",\"description\":\"\",\"potentialAction\":[{\"@type\":\"SearchAction\",\"target\":{\"@type\":\"EntryPoint\",\"urlTemplate\":\"https:\/\/www.intoscana.it\/it\/?s={search_term_string}\"},\"query-input\":{\"@type\":\"PropertyValueSpecification\",\"valueRequired\":true,\"valueName\":\"search_term_string\"}}],\"inLanguage\":\"it-IT\"},{\"@type\":\"Person\",\"@id\":\"https:\/\/www.intoscana.it\/it\/#\/schema\/person\/9223810753230f20bd670fdd322661f8\",\"name\":\"Redazione\",\"url\":\"https:\/\/www.intoscana.it\/it\/author\/redazione\/\"}]}<\/script>\n<!-- \/ Yoast SEO Premium plugin. -->","yoast_head_json":{"title":"Riflessi, specchi e ombre: le straordinarie fotografie di Vivian Maier in mostra a Siena - intoscana","description":"Fino al 16 marzo 2023 la misteriosa fotografa americana \u00e8 raccontata in una mostra al Santa Maria della Scala di Siena","robots":{"index":"index","follow":"follow","max-snippet":"max-snippet:-1","max-image-preview":"max-image-preview:large","max-video-preview":"max-video-preview:-1"},"canonical":"https:\/\/www.intoscana.it\/it\/vivian-maier-mostra-siena\/","og_locale":"it_IT","og_type":"article","og_title":"Riflessi, specchi e ombre: le straordinarie fotografie di Vivian Maier in mostra a Siena","og_description":"Fino al 16 marzo 2023 la misteriosa fotografa americana \u00e8 raccontata in una mostra al Santa Maria della Scala di Siena","og_url":"https:\/\/www.intoscana.it\/it\/vivian-maier-mostra-siena\/","og_site_name":"intoscana","article_publisher":"https:\/\/www.facebook.com\/intoscana.it","article_published_time":"2022-12-30T10:00:09+00:00","og_image":[{"width":1973,"height":1639,"url":"https:\/\/www.intoscana.it\/wp-content\/uploads\/1-FOTO-PORTANTE-MAIER_crediti-\u00a9Estate-of-Vivian-Maier-Courtesy-of-Maloof-Collection-and-Howard-Greenberg-Gallery-NY-2048x2048-2.jpg","type":"image\/jpeg"}],"author":"Redazione","twitter_card":"summary_large_image","twitter_creator":"@intoscana","twitter_site":"@intoscana","twitter_misc":{"Written by":"Redazione","Est. reading time":"2 minuti"},"schema":{"@context":"https:\/\/schema.org","@graph":[{"@type":"WebPage","@id":"https:\/\/www.intoscana.it\/it\/vivian-maier-mostra-siena\/","url":"https:\/\/www.intoscana.it\/it\/vivian-maier-mostra-siena\/","name":"Riflessi, specchi e ombre: le straordinarie fotografie di Vivian Maier in mostra a Siena - intoscana","isPartOf":{"@id":"https:\/\/www.intoscana.it\/it\/#website"},"primaryImageOfPage":{"@id":"https:\/\/www.intoscana.it\/it\/vivian-maier-mostra-siena\/#primaryimage"},"image":{"@id":"https:\/\/www.intoscana.it\/it\/vivian-maier-mostra-siena\/#primaryimage"},"thumbnailUrl":"https:\/\/www.intoscana.it\/wp-content\/uploads\/1-FOTO-PORTANTE-MAIER_crediti-\u00a9Estate-of-Vivian-Maier-Courtesy-of-Maloof-Collection-and-Howard-Greenberg-Gallery-NY-2048x2048-2.jpg","datePublished":"2022-12-30T10:00:09+00:00","author":{"@id":"https:\/\/www.intoscana.it\/it\/#\/schema\/person\/9223810753230f20bd670fdd322661f8"},"description":"Fino al 16 marzo 2023 la misteriosa fotografa americana \u00e8 raccontata in una mostra al Santa Maria della Scala di Siena","breadcrumb":{"@id":"https:\/\/www.intoscana.it\/it\/vivian-maier-mostra-siena\/#breadcrumb"},"inLanguage":"it-IT","potentialAction":[{"@type":"ReadAction","target":["https:\/\/www.intoscana.it\/it\/vivian-maier-mostra-siena\/"]}]},{"@type":"ImageObject","inLanguage":"it-IT","@id":"https:\/\/www.intoscana.it\/it\/vivian-maier-mostra-siena\/#primaryimage","url":"https:\/\/www.intoscana.it\/wp-content\/uploads\/1-FOTO-PORTANTE-MAIER_crediti-\u00a9Estate-of-Vivian-Maier-Courtesy-of-Maloof-Collection-and-Howard-Greenberg-Gallery-NY-2048x2048-2.jpg","contentUrl":"https:\/\/www.intoscana.it\/wp-content\/uploads\/1-FOTO-PORTANTE-MAIER_crediti-\u00a9Estate-of-Vivian-Maier-Courtesy-of-Maloof-Collection-and-Howard-Greenberg-Gallery-NY-2048x2048-2.jpg","width":1973,"height":1639,"caption":"Vivian Maier"},{"@type":"BreadcrumbList","@id":"https:\/\/www.intoscana.it\/it\/vivian-maier-mostra-siena\/#breadcrumb","itemListElement":[{"@type":"ListItem","position":1,"name":"Home","item":"https:\/\/www.intoscana.it\/it\/"},{"@type":"ListItem","position":2,"name":"Riflessi, specchi e ombre: le straordinarie fotografie di Vivian Maier in mostra a Siena"}]},{"@type":"WebSite","@id":"https:\/\/www.intoscana.it\/it\/#website","url":"https:\/\/www.intoscana.it\/it\/","name":"intoscana","description":"","potentialAction":[{"@type":"SearchAction","target":{"@type":"EntryPoint","urlTemplate":"https:\/\/www.intoscana.it\/it\/?s={search_term_string}"},"query-input":{"@type":"PropertyValueSpecification","valueRequired":true,"valueName":"search_term_string"}}],"inLanguage":"it-IT"},{"@type":"Person","@id":"https:\/\/www.intoscana.it\/it\/#\/schema\/person\/9223810753230f20bd670fdd322661f8","name":"Redazione","url":"https:\/\/www.intoscana.it\/it\/author\/redazione\/"}]}},"_links":{"self":[{"href":"https:\/\/www.intoscana.it\/it\/wp-json\/wp\/v2\/posts\/265263","targetHints":{"allow":["GET"]}}],"collection":[{"href":"https:\/\/www.intoscana.it\/it\/wp-json\/wp\/v2\/posts"}],"about":[{"href":"https:\/\/www.intoscana.it\/it\/wp-json\/wp\/v2\/types\/post"}],"author":[{"embeddable":true,"href":"https:\/\/www.intoscana.it\/it\/wp-json\/wp\/v2\/users\/525"}],"replies":[{"embeddable":true,"href":"https:\/\/www.intoscana.it\/it\/wp-json\/wp\/v2\/comments?post=265263"}],"version-history":[{"count":0,"href":"https:\/\/www.intoscana.it\/it\/wp-json\/wp\/v2\/posts\/265263\/revisions"}],"wp:featuredmedia":[{"embeddable":true,"href":"https:\/\/www.intoscana.it\/it\/wp-json\/wp\/v2\/media\/265228"}],"wp:attachment":[{"href":"https:\/\/www.intoscana.it\/it\/wp-json\/wp\/v2\/media?parent=265263"}],"wp:term":[{"taxonomy":"category","embeddable":true,"href":"https:\/\/www.intoscana.it\/it\/wp-json\/wp\/v2\/categories?post=265263"},{"taxonomy":"post_tag","embeddable":true,"href":"https:\/\/www.intoscana.it\/it\/wp-json\/wp\/v2\/tags?post=265263"}],"curies":[{"name":"wp","href":"https:\/\/api.w.org\/{rel}","templated":true}]}}