{"id":265284,"date":"2022-12-30T10:46:32","date_gmt":"2022-12-30T09:46:32","guid":{"rendered":"https:\/\/www.intoscana.it\/it\/?p=265284"},"modified":"2022-12-30T10:46:32","modified_gmt":"2022-12-30T09:46:32","slug":"il-sindaco-di-san-gimignano-vicepresidente-dellassociazione-beni-italiani-patrimonio-unesco","status":"publish","type":"post","link":"https:\/\/www.intoscana.it\/it\/il-sindaco-di-san-gimignano-vicepresidente-dellassociazione-beni-italiani-patrimonio-unesco\/","title":{"rendered":"Il sindaco di San Gimignano vicepresidente dell&#8217;associazione Beni italiani Patrimonio Unesco"},"content":{"rendered":"<p>Il sindaco di San Gimignano <strong>Andrea Marrucci<\/strong> \u00e8 stato nominato <mark>vicepresidente dell\u2019associazione Beni Italiani Patrimonio Mondiale Unesco e responsabile dell\u2019area centro Italia.<\/mark> L\u2019incarico triennale \u00e8 stato conferito nei giorni scorsi a Roma in occasione della giornata elettiva dell\u2019associazione e che ha portato alla riconferma di Alessio Pascucci nel ruolo di Presidente. Con l\u2019inizio del 2023 si terr\u00e0 la prima riunione dei soci per la programmazione dei lavori.<\/p>\n<figure id=\"post-265290 media-265290\" class=\"align-none\"><img decoding=\"async\" src=\"https:\/\/www.intoscana.it\/wp-content\/uploads\/Sindaco-Marrucci.jpg\" alt=\"\" \/><\/figure>\n<p>\u201cUn incarico che mi riempie di orgoglio perch\u00e9 si tratta di un riconoscimento alla nostra citt\u00e0 e al suo patrimonio \u2013 sottolinea il sindaco di San Gimignano <strong>Marrucci<\/strong> -. Ringrazio il Presidente Pascucci e tutta l\u2019assemblea&#8221;.<\/p>\n<p>Chiara anche la liste delle priorit\u00e0 da affrontare: &#8220;Il mio impegno nel direttivo dell\u2019associazione sar\u00e0 su tre temi precisi: <mark>dare il giusto riconoscimento all\u2019associazione nei tavoli nazionali in cui si fanno le politiche; aggiornare la legge 77 del 2006 per i siti patrimonio; pi\u00f9 poteri ai sindaci per la tutela dei centri storici<\/mark> per il decoro, la vivibilit\u00e0 e la qualit\u00e0 della vita. Restituire ai sindaci la possibilit\u00e0 di regolamentare i propri centri storici, tutelando l\u2019interesse pubblico per evitare spopolamento, indebolimento economico, rendite speculative. Servono strumenti, ancor prima che risorse, per preservarne le nostre tipicit\u00e0 contro l\u2019omologazione commerciale, puntando su decoro, vivibilit\u00e0 e identit\u00e0 dei luoghi\u201d.<\/p>\n","protected":false},"excerpt":{"rendered":"<p>La nomina di Andrea Marrucci anche a responsabile dell&#8217;Italia centrale: &#8220;Un riconoscimento alla citt\u00e0, il mio impegno per dare pi\u00f9 potere ai sindaci nella tutela dei centri storici&#8221;<\/p>\n","protected":false},"author":525,"featured_media":104546,"comment_status":"open","ping_status":"open","sticky":false,"template":"","format":"standard","meta":{"_acf_changed":false,"footnotes":""},"categories":[494],"tags":[229,4145],"class_list":["post-265284","post","type-post","status-publish","format-standard","has-post-thumbnail","hentry","category-attualita","tag-san-gimignano","tag-unesco"],"acf":[],"yoast_head":"<!-- This site is optimized with the Yoast SEO Premium plugin v24.2 (Yoast SEO v25.6) - https:\/\/yoast.com\/wordpress\/plugins\/seo\/ -->\n<title>Il sindaco di San Gimignano vicepresidente dell&#039;associazione Beni italiani Patrimonio Unesco - intoscana<\/title>\n<meta name=\"description\" content=\"La nomina di Andrea Marrucci anche a responsabile dell&#039;Italia centrale: &quot;Un riconoscimento alla citt\u00e0, il mio impegno per dare pi\u00f9 potere ai sindaci nella tutela dei centri storici&quot;\" \/>\n<meta name=\"robots\" content=\"index, follow, max-snippet:-1, max-image-preview:large, max-video-preview:-1\" \/>\n<link rel=\"canonical\" href=\"https:\/\/www.intoscana.it\/it\/il-sindaco-di-san-gimignano-vicepresidente-dellassociazione-beni-italiani-patrimonio-unesco\/\" \/>\n<meta property=\"og:locale\" content=\"it_IT\" \/>\n<meta property=\"og:type\" content=\"article\" \/>\n<meta property=\"og:title\" content=\"Il sindaco di San Gimignano vicepresidente dell&#039;associazione Beni italiani Patrimonio Unesco\" \/>\n<meta property=\"og:description\" content=\"La nomina di Andrea Marrucci anche a responsabile dell&#039;Italia centrale: &quot;Un riconoscimento alla citt\u00e0, il mio impegno per dare pi\u00f9 potere ai sindaci nella tutela dei centri storici&quot;\" \/>\n<meta property=\"og:url\" content=\"https:\/\/www.intoscana.it\/it\/il-sindaco-di-san-gimignano-vicepresidente-dellassociazione-beni-italiani-patrimonio-unesco\/\" \/>\n<meta property=\"og:site_name\" content=\"intoscana\" \/>\n<meta property=\"article:publisher\" content=\"https:\/\/www.facebook.com\/intoscana.it\" \/>\n<meta property=\"article:published_time\" content=\"2022-12-30T09:46:32+00:00\" \/>\n<meta property=\"og:image\" content=\"https:\/\/www.intoscana.it\/wp-content\/uploads\/sangimignano-4.jpg\" \/>\n\t<meta property=\"og:image:width\" content=\"1000\" \/>\n\t<meta property=\"og:image:height\" content=\"666\" \/>\n\t<meta property=\"og:image:type\" content=\"image\/jpeg\" \/>\n<meta name=\"author\" content=\"Redazione\" \/>\n<meta name=\"twitter:card\" content=\"summary_large_image\" \/>\n<meta name=\"twitter:creator\" content=\"@intoscana\" \/>\n<meta name=\"twitter:site\" content=\"@intoscana\" \/>\n<meta name=\"twitter:label1\" content=\"Written by\" \/>\n\t<meta name=\"twitter:data1\" content=\"Redazione\" \/>\n\t<meta name=\"twitter:label2\" content=\"Est. reading time\" \/>\n\t<meta name=\"twitter:data2\" content=\"1 minuto\" \/>\n<script type=\"application\/ld+json\" class=\"yoast-schema-graph\">{\"@context\":\"https:\/\/schema.org\",\"@graph\":[{\"@type\":\"WebPage\",\"@id\":\"https:\/\/www.intoscana.it\/it\/il-sindaco-di-san-gimignano-vicepresidente-dellassociazione-beni-italiani-patrimonio-unesco\/\",\"url\":\"https:\/\/www.intoscana.it\/it\/il-sindaco-di-san-gimignano-vicepresidente-dellassociazione-beni-italiani-patrimonio-unesco\/\",\"name\":\"Il sindaco di San Gimignano vicepresidente dell'associazione Beni italiani Patrimonio Unesco - intoscana\",\"isPartOf\":{\"@id\":\"https:\/\/www.intoscana.it\/it\/#website\"},\"primaryImageOfPage\":{\"@id\":\"https:\/\/www.intoscana.it\/it\/il-sindaco-di-san-gimignano-vicepresidente-dellassociazione-beni-italiani-patrimonio-unesco\/#primaryimage\"},\"image\":{\"@id\":\"https:\/\/www.intoscana.it\/it\/il-sindaco-di-san-gimignano-vicepresidente-dellassociazione-beni-italiani-patrimonio-unesco\/#primaryimage\"},\"thumbnailUrl\":\"https:\/\/www.intoscana.it\/wp-content\/uploads\/sangimignano-4.jpg\",\"datePublished\":\"2022-12-30T09:46:32+00:00\",\"author\":{\"@id\":\"https:\/\/www.intoscana.it\/it\/#\/schema\/person\/9223810753230f20bd670fdd322661f8\"},\"description\":\"La nomina di Andrea Marrucci anche a responsabile dell'Italia centrale: \\\"Un riconoscimento alla citt\u00e0, il mio impegno per dare pi\u00f9 potere ai sindaci nella tutela dei centri storici\\\"\",\"breadcrumb\":{\"@id\":\"https:\/\/www.intoscana.it\/it\/il-sindaco-di-san-gimignano-vicepresidente-dellassociazione-beni-italiani-patrimonio-unesco\/#breadcrumb\"},\"inLanguage\":\"it-IT\",\"potentialAction\":[{\"@type\":\"ReadAction\",\"target\":[\"https:\/\/www.intoscana.it\/it\/il-sindaco-di-san-gimignano-vicepresidente-dellassociazione-beni-italiani-patrimonio-unesco\/\"]}]},{\"@type\":\"ImageObject\",\"inLanguage\":\"it-IT\",\"@id\":\"https:\/\/www.intoscana.it\/it\/il-sindaco-di-san-gimignano-vicepresidente-dellassociazione-beni-italiani-patrimonio-unesco\/#primaryimage\",\"url\":\"https:\/\/www.intoscana.it\/wp-content\/uploads\/sangimignano-4.jpg\",\"contentUrl\":\"https:\/\/www.intoscana.it\/wp-content\/uploads\/sangimignano-4.jpg\",\"width\":1000,\"height\":666,\"caption\":\"San Gimignano, il borgo toscano premiato dalla ricerca di Holidu\"},{\"@type\":\"BreadcrumbList\",\"@id\":\"https:\/\/www.intoscana.it\/it\/il-sindaco-di-san-gimignano-vicepresidente-dellassociazione-beni-italiani-patrimonio-unesco\/#breadcrumb\",\"itemListElement\":[{\"@type\":\"ListItem\",\"position\":1,\"name\":\"Home\",\"item\":\"https:\/\/www.intoscana.it\/it\/\"},{\"@type\":\"ListItem\",\"position\":2,\"name\":\"Il sindaco di San Gimignano vicepresidente dell&#8217;associazione Beni italiani Patrimonio Unesco\"}]},{\"@type\":\"WebSite\",\"@id\":\"https:\/\/www.intoscana.it\/it\/#website\",\"url\":\"https:\/\/www.intoscana.it\/it\/\",\"name\":\"intoscana\",\"description\":\"\",\"potentialAction\":[{\"@type\":\"SearchAction\",\"target\":{\"@type\":\"EntryPoint\",\"urlTemplate\":\"https:\/\/www.intoscana.it\/it\/?s={search_term_string}\"},\"query-input\":{\"@type\":\"PropertyValueSpecification\",\"valueRequired\":true,\"valueName\":\"search_term_string\"}}],\"inLanguage\":\"it-IT\"},{\"@type\":\"Person\",\"@id\":\"https:\/\/www.intoscana.it\/it\/#\/schema\/person\/9223810753230f20bd670fdd322661f8\",\"name\":\"Redazione\",\"url\":\"https:\/\/www.intoscana.it\/it\/author\/redazione\/\"}]}<\/script>\n<!-- \/ Yoast SEO Premium plugin. -->","yoast_head_json":{"title":"Il sindaco di San Gimignano vicepresidente dell'associazione Beni italiani Patrimonio Unesco - intoscana","description":"La nomina di Andrea Marrucci anche a responsabile dell'Italia centrale: \"Un riconoscimento alla citt\u00e0, il mio impegno per dare pi\u00f9 potere ai sindaci nella tutela dei centri storici\"","robots":{"index":"index","follow":"follow","max-snippet":"max-snippet:-1","max-image-preview":"max-image-preview:large","max-video-preview":"max-video-preview:-1"},"canonical":"https:\/\/www.intoscana.it\/it\/il-sindaco-di-san-gimignano-vicepresidente-dellassociazione-beni-italiani-patrimonio-unesco\/","og_locale":"it_IT","og_type":"article","og_title":"Il sindaco di San Gimignano vicepresidente dell'associazione Beni italiani Patrimonio Unesco","og_description":"La nomina di Andrea Marrucci anche a responsabile dell'Italia centrale: \"Un riconoscimento alla citt\u00e0, il mio impegno per dare pi\u00f9 potere ai sindaci nella tutela dei centri storici\"","og_url":"https:\/\/www.intoscana.it\/it\/il-sindaco-di-san-gimignano-vicepresidente-dellassociazione-beni-italiani-patrimonio-unesco\/","og_site_name":"intoscana","article_publisher":"https:\/\/www.facebook.com\/intoscana.it","article_published_time":"2022-12-30T09:46:32+00:00","og_image":[{"width":1000,"height":666,"url":"https:\/\/www.intoscana.it\/wp-content\/uploads\/sangimignano-4.jpg","type":"image\/jpeg"}],"author":"Redazione","twitter_card":"summary_large_image","twitter_creator":"@intoscana","twitter_site":"@intoscana","twitter_misc":{"Written by":"Redazione","Est. reading time":"1 minuto"},"schema":{"@context":"https:\/\/schema.org","@graph":[{"@type":"WebPage","@id":"https:\/\/www.intoscana.it\/it\/il-sindaco-di-san-gimignano-vicepresidente-dellassociazione-beni-italiani-patrimonio-unesco\/","url":"https:\/\/www.intoscana.it\/it\/il-sindaco-di-san-gimignano-vicepresidente-dellassociazione-beni-italiani-patrimonio-unesco\/","name":"Il sindaco di San Gimignano vicepresidente dell'associazione Beni italiani Patrimonio Unesco - intoscana","isPartOf":{"@id":"https:\/\/www.intoscana.it\/it\/#website"},"primaryImageOfPage":{"@id":"https:\/\/www.intoscana.it\/it\/il-sindaco-di-san-gimignano-vicepresidente-dellassociazione-beni-italiani-patrimonio-unesco\/#primaryimage"},"image":{"@id":"https:\/\/www.intoscana.it\/it\/il-sindaco-di-san-gimignano-vicepresidente-dellassociazione-beni-italiani-patrimonio-unesco\/#primaryimage"},"thumbnailUrl":"https:\/\/www.intoscana.it\/wp-content\/uploads\/sangimignano-4.jpg","datePublished":"2022-12-30T09:46:32+00:00","author":{"@id":"https:\/\/www.intoscana.it\/it\/#\/schema\/person\/9223810753230f20bd670fdd322661f8"},"description":"La nomina di Andrea Marrucci anche a responsabile dell'Italia centrale: \"Un riconoscimento alla citt\u00e0, il mio impegno per dare pi\u00f9 potere ai sindaci nella tutela dei centri storici\"","breadcrumb":{"@id":"https:\/\/www.intoscana.it\/it\/il-sindaco-di-san-gimignano-vicepresidente-dellassociazione-beni-italiani-patrimonio-unesco\/#breadcrumb"},"inLanguage":"it-IT","potentialAction":[{"@type":"ReadAction","target":["https:\/\/www.intoscana.it\/it\/il-sindaco-di-san-gimignano-vicepresidente-dellassociazione-beni-italiani-patrimonio-unesco\/"]}]},{"@type":"ImageObject","inLanguage":"it-IT","@id":"https:\/\/www.intoscana.it\/it\/il-sindaco-di-san-gimignano-vicepresidente-dellassociazione-beni-italiani-patrimonio-unesco\/#primaryimage","url":"https:\/\/www.intoscana.it\/wp-content\/uploads\/sangimignano-4.jpg","contentUrl":"https:\/\/www.intoscana.it\/wp-content\/uploads\/sangimignano-4.jpg","width":1000,"height":666,"caption":"San Gimignano, il borgo toscano premiato dalla ricerca di Holidu"},{"@type":"BreadcrumbList","@id":"https:\/\/www.intoscana.it\/it\/il-sindaco-di-san-gimignano-vicepresidente-dellassociazione-beni-italiani-patrimonio-unesco\/#breadcrumb","itemListElement":[{"@type":"ListItem","position":1,"name":"Home","item":"https:\/\/www.intoscana.it\/it\/"},{"@type":"ListItem","position":2,"name":"Il sindaco di San Gimignano vicepresidente dell&#8217;associazione Beni italiani Patrimonio Unesco"}]},{"@type":"WebSite","@id":"https:\/\/www.intoscana.it\/it\/#website","url":"https:\/\/www.intoscana.it\/it\/","name":"intoscana","description":"","potentialAction":[{"@type":"SearchAction","target":{"@type":"EntryPoint","urlTemplate":"https:\/\/www.intoscana.it\/it\/?s={search_term_string}"},"query-input":{"@type":"PropertyValueSpecification","valueRequired":true,"valueName":"search_term_string"}}],"inLanguage":"it-IT"},{"@type":"Person","@id":"https:\/\/www.intoscana.it\/it\/#\/schema\/person\/9223810753230f20bd670fdd322661f8","name":"Redazione","url":"https:\/\/www.intoscana.it\/it\/author\/redazione\/"}]}},"_links":{"self":[{"href":"https:\/\/www.intoscana.it\/it\/wp-json\/wp\/v2\/posts\/265284","targetHints":{"allow":["GET"]}}],"collection":[{"href":"https:\/\/www.intoscana.it\/it\/wp-json\/wp\/v2\/posts"}],"about":[{"href":"https:\/\/www.intoscana.it\/it\/wp-json\/wp\/v2\/types\/post"}],"author":[{"embeddable":true,"href":"https:\/\/www.intoscana.it\/it\/wp-json\/wp\/v2\/users\/525"}],"replies":[{"embeddable":true,"href":"https:\/\/www.intoscana.it\/it\/wp-json\/wp\/v2\/comments?post=265284"}],"version-history":[{"count":0,"href":"https:\/\/www.intoscana.it\/it\/wp-json\/wp\/v2\/posts\/265284\/revisions"}],"wp:featuredmedia":[{"embeddable":true,"href":"https:\/\/www.intoscana.it\/it\/wp-json\/wp\/v2\/media\/104546"}],"wp:attachment":[{"href":"https:\/\/www.intoscana.it\/it\/wp-json\/wp\/v2\/media?parent=265284"}],"wp:term":[{"taxonomy":"category","embeddable":true,"href":"https:\/\/www.intoscana.it\/it\/wp-json\/wp\/v2\/categories?post=265284"},{"taxonomy":"post_tag","embeddable":true,"href":"https:\/\/www.intoscana.it\/it\/wp-json\/wp\/v2\/tags?post=265284"}],"curies":[{"name":"wp","href":"https:\/\/api.w.org\/{rel}","templated":true}]}}