{"id":265308,"date":"2022-12-30T12:46:30","date_gmt":"2022-12-30T11:46:30","guid":{"rendered":"https:\/\/www.intoscana.it\/it\/?p=265308"},"modified":"2022-12-30T15:00:07","modified_gmt":"2022-12-30T14:00:07","slug":"pele-il-legame-con-firenze-e-le-tre-amichevoli-giocate-al-franchi","status":"publish","type":"post","link":"https:\/\/www.intoscana.it\/it\/pele-il-legame-con-firenze-e-le-tre-amichevoli-giocate-al-franchi\/","title":{"rendered":"Quando Pel\u00e8 gioc\u00f2 a Firenze, le tre amichevoli al Franchi con Paolo Rossi sugli spalti"},"content":{"rendered":"<p>Edson Arantes do Nascimento, detto <strong>Pel\u00e9<\/strong>, \u00e8 stato il pi\u00f9 grande giocatore della storia del calcio mondiale e alcuni fortunati l&#8217;hanno visto giocare al <strong>Franchi<\/strong> di Firenze. La sua carriera \u00e8 stata costellata da numerosi trofei vinti e record infranti. Guardando ad alcune impressionati statistiche della sua storia sono stati <strong>1.281 i gol segnati in 1.363 partite giocate<\/strong> e, ad oggi, \u00e8 l&#8217;unico giocatore ad aver vinto <strong>tre Mondiali di calcio <\/strong>(del 1958, del 1962 e del 1970).<\/p>\n<p>Come scrive <strong>Mauro Sconcerti<\/strong>, giornalista sportivo che ci ha lasciato il 17 dicembre scorso, sul Corriere: &#8220;<em>Il vero limite di Pel\u00e9 \u00e8 stato il <strong>tempo<\/strong>. Ha giocato in anni in cui la <strong>comunicazione era lenta<\/strong>, la televisione alle prime ore. Noi riusciamo a sentire nostro solo quello che vediamo. Pel\u00e9 non lo abbiamo davvero mai visto. Era un modo di dire, mi sembri Pel\u00e9. Ma non capivamo cosa stavamo dicendo<\/em>&#8220;. Nella sua lunga carriera Pel\u00e9 ha giocato in <strong>due sole squadre di calcio<\/strong>, oltre alla nazionale, resistendo pi\u00f9 volte alle offerte dei grandi club europei (nel &#8217;62 ci furono anche delle trattative per portarlo a Firenze), il <strong>Santos<\/strong> in Brasile dal 1957 al 1974 e, dopo un anno sabbatico, i New York Cosmos negli Stati Uniti dal 1975 al 1977.<\/p>\n<div class=\"focuson\"><a href=\"https:\/\/www.intoscana.it\/it\/articolo\/la-toscana-ricorda-pele-la-leggenda-del-calcio-mondiale\/\"><img decoding=\"async\" class=\"lazy\" src=\"https:\/\/www.intoscana.it\/wp-content\/uploads\/Pele\u0300.jpeg\" style=\"\">\n                <div class=\"cat\">Morte di Pel\u00e8<\/div>\n                <h4>Il ricordo della Toscana<\/h4><\/a>\n              <\/div>\n<p>Allora non c&#8217;erano le dirette televisive e le registrazioni video delle partite erano ben poche, per questo motivo il Santos organizzava numerose trasferte in tutto il mondo portando in tour il &#8220;tesoro nazionale&#8221; del Brasile. Ed \u00e8 proprio grazie a queste tourn\u00e9e che Pel\u00e9 \u00e8 arrivato a Firenze, nel 1958, nel 1960 e nel 1967, per giocare <strong>tre amichevoli<\/strong> contro la <strong>Fiorentina<\/strong>. Occasioni da tutto esaurito dove gli appassionati di calcio hanno potuto vedere dal vivo la classe e il gioco del O Rei.<\/p>\n<p>La prima amichevole, quella del <strong>1958<\/strong>, vide sfidarsi la <strong>Fiorentina con il Brasile<\/strong>, in una dei test alla vigilia dei Mondiali di Svezia, vinti proprio dal Brasile di Pel\u00e9. In questa partita <strong>Pel\u00e9 rimase in panchina<\/strong> e la nazionale verde-oro ebbe la meglio sui viola per 4-0. Nel <strong>1960<\/strong> Pel\u00e9 torn\u00f2 a Firenze con il Santos che uscir\u00e0 sconfitto per 3-0 contro i viola, che si presero una bella rivincita sui brasiliani. Pel\u00e9 and\u00f2 pi\u00f9 volte vicino al gol colpendo <strong>due pali<\/strong>. La terza e ultima amichevole si svolse al Franchi il 27 giugno <strong>1967<\/strong> in occasione del triangolare <strong>Torneo Citt\u00e0 di Roma<\/strong>, tra Fiorentina, Roma e Santos. Firenze torn\u00f2 cos\u00ec ad accogliere il campione brasiliano che ha gi\u00e0 conquistato due, dei tre, Mondiali con il Brasile.<\/p>\n<figure id=\"post-265343 media-265343\" class=\"align-center\"><img decoding=\"async\" src=\"https:\/\/www.intoscana.it\/wp-content\/uploads\/1967-roma-fiorentina-santos-watermark.jpg\" alt=\"\" \/><\/figure>\n<div class=\"titleimg\">\u00a9 Museo Fiorentina<\/div>\n<p>Oltre <strong>40mila spettatori<\/strong> affollarono le tribune e le curve del Franchi, tutti volevano vedere giocare Pel\u00e9 dal vivo. &#8220;<em>Sono emozionato all\u2019idea di vedere per la prima volta dal vivo il grande Pel\u00e9<\/em>\u00a0&#8211; scrive Ruben Lopes Pegna sul sito del Museo della Fiorentina. &#8211; <em>Ho tredici anni e per noi bambini, tifosi della Fiorentina, oltre che i giocatori viola, i migliori di tutti sempre e comunque, <strong>il nostro mito \u00e8 il numero dieci del Santos<\/strong> e del Brasile, anche se lo abbiamo visto, comunque raramente, anche in televisione<\/em>&#8220;. La partita fin\u00ec 1-1, O Rei non segn\u00f2 ma, soprattutto nel secondo tempo, mostr\u00f2 tutta la sua classe. Questa amichevole viene ricordata anche per un altro motivo, sugli spalti, tra quei 40mila tifosi allo stadio c&#8217;\u00e8 un bambino che da Prato \u00e8 venuto fino a Firenze per vedere il campione verde-oro. Quel bambino diventer\u00e0 il bomber della nazionale italiana,<strong> Paolo Rossi.<\/strong><\/p>\n<p>&nbsp;<\/p>\n<p>&nbsp;<\/p>\n","protected":false},"excerpt":{"rendered":"<p>Ha trascorso quasi tutta la carriera giocando in Brasile con il Santos, per questo venivano organizzate tourn\u00e9e in tutto il Mondo, anche in Italia dove il campione affront\u00f2 la Fiorentina nel 1958, nel 1960 e nel 1967<\/p>\n","protected":false},"author":507,"featured_media":265347,"comment_status":"open","ping_status":"open","sticky":false,"template":"","format":"standard","meta":{"_acf_changed":false,"footnotes":""},"categories":[4],"tags":[290,199,202],"class_list":["post-265308","post","type-post","status-publish","format-standard","has-post-thumbnail","hentry","category-storie","tag-calcio","tag-fiorentina","tag-firenze"],"acf":[],"yoast_head":"<!-- This site is optimized with the Yoast SEO Premium plugin v24.2 (Yoast SEO v25.6) - https:\/\/yoast.com\/wordpress\/plugins\/seo\/ -->\n<title>Quando Pel\u00e8 gioc\u00f2 a Firenze, le tre amichevoli al Franchi con Paolo Rossi sugli spalti - intoscana<\/title>\n<meta name=\"robots\" content=\"index, follow, max-snippet:-1, max-image-preview:large, max-video-preview:-1\" \/>\n<link rel=\"canonical\" href=\"https:\/\/www.intoscana.it\/it\/pele-il-legame-con-firenze-e-le-tre-amichevoli-giocate-al-franchi\/\" \/>\n<meta property=\"og:locale\" content=\"it_IT\" \/>\n<meta property=\"og:type\" content=\"article\" \/>\n<meta property=\"og:title\" content=\"Quando Pel\u00e8 gioc\u00f2 a Firenze, le tre amichevoli al Franchi con Paolo Rossi sugli spalti\" \/>\n<meta property=\"og:description\" content=\"Ha trascorso quasi tutta la carriera giocando in Brasile con il Santos, per questo venivano organizzate tourn\u00e9e in tutto il Mondo, anche in Italia dove il campione affront\u00f2 la Fiorentina nel 1958, nel 1960 e nel 1967\" \/>\n<meta property=\"og:url\" content=\"https:\/\/www.intoscana.it\/it\/pele-il-legame-con-firenze-e-le-tre-amichevoli-giocate-al-franchi\/\" \/>\n<meta property=\"og:site_name\" content=\"intoscana\" \/>\n<meta property=\"article:publisher\" content=\"https:\/\/www.facebook.com\/intoscana.it\" \/>\n<meta property=\"article:published_time\" content=\"2022-12-30T11:46:30+00:00\" \/>\n<meta property=\"article:modified_time\" content=\"2022-12-30T14:00:07+00:00\" \/>\n<meta property=\"og:image\" content=\"https:\/\/www.intoscana.it\/wp-content\/uploads\/41561975520_35aee6396a_k.jpg\" \/>\n\t<meta property=\"og:image:width\" content=\"2048\" \/>\n\t<meta property=\"og:image:height\" content=\"1536\" \/>\n\t<meta property=\"og:image:type\" content=\"image\/jpeg\" \/>\n<meta name=\"author\" content=\"Chiara Bianchini\" \/>\n<meta name=\"twitter:card\" content=\"summary_large_image\" \/>\n<meta name=\"twitter:creator\" content=\"@intoscana\" \/>\n<meta name=\"twitter:site\" content=\"@intoscana\" \/>\n<meta name=\"twitter:label1\" content=\"Written by\" \/>\n\t<meta name=\"twitter:data1\" content=\"Chiara Bianchini\" \/>\n\t<meta name=\"twitter:label2\" content=\"Est. reading time\" \/>\n\t<meta name=\"twitter:data2\" content=\"3 minuti\" \/>\n<script type=\"application\/ld+json\" class=\"yoast-schema-graph\">{\"@context\":\"https:\/\/schema.org\",\"@graph\":[{\"@type\":\"WebPage\",\"@id\":\"https:\/\/www.intoscana.it\/it\/pele-il-legame-con-firenze-e-le-tre-amichevoli-giocate-al-franchi\/\",\"url\":\"https:\/\/www.intoscana.it\/it\/pele-il-legame-con-firenze-e-le-tre-amichevoli-giocate-al-franchi\/\",\"name\":\"Quando Pel\u00e8 gioc\u00f2 a Firenze, le tre amichevoli al Franchi con Paolo Rossi sugli spalti - intoscana\",\"isPartOf\":{\"@id\":\"https:\/\/www.intoscana.it\/it\/#website\"},\"primaryImageOfPage\":{\"@id\":\"https:\/\/www.intoscana.it\/it\/pele-il-legame-con-firenze-e-le-tre-amichevoli-giocate-al-franchi\/#primaryimage\"},\"image\":{\"@id\":\"https:\/\/www.intoscana.it\/it\/pele-il-legame-con-firenze-e-le-tre-amichevoli-giocate-al-franchi\/#primaryimage\"},\"thumbnailUrl\":\"https:\/\/www.intoscana.it\/wp-content\/uploads\/41561975520_35aee6396a_k.jpg\",\"datePublished\":\"2022-12-30T11:46:30+00:00\",\"dateModified\":\"2022-12-30T14:00:07+00:00\",\"author\":{\"@id\":\"https:\/\/www.intoscana.it\/it\/#\/schema\/person\/010af92117f50561886339ad5b873a41\"},\"breadcrumb\":{\"@id\":\"https:\/\/www.intoscana.it\/it\/pele-il-legame-con-firenze-e-le-tre-amichevoli-giocate-al-franchi\/#breadcrumb\"},\"inLanguage\":\"it-IT\",\"potentialAction\":[{\"@type\":\"ReadAction\",\"target\":[\"https:\/\/www.intoscana.it\/it\/pele-il-legame-con-firenze-e-le-tre-amichevoli-giocate-al-franchi\/\"]}]},{\"@type\":\"ImageObject\",\"inLanguage\":\"it-IT\",\"@id\":\"https:\/\/www.intoscana.it\/it\/pele-il-legame-con-firenze-e-le-tre-amichevoli-giocate-al-franchi\/#primaryimage\",\"url\":\"https:\/\/www.intoscana.it\/wp-content\/uploads\/41561975520_35aee6396a_k.jpg\",\"contentUrl\":\"https:\/\/www.intoscana.it\/wp-content\/uploads\/41561975520_35aee6396a_k.jpg\",\"width\":2048,\"height\":1536},{\"@type\":\"BreadcrumbList\",\"@id\":\"https:\/\/www.intoscana.it\/it\/pele-il-legame-con-firenze-e-le-tre-amichevoli-giocate-al-franchi\/#breadcrumb\",\"itemListElement\":[{\"@type\":\"ListItem\",\"position\":1,\"name\":\"Home\",\"item\":\"https:\/\/www.intoscana.it\/it\/\"},{\"@type\":\"ListItem\",\"position\":2,\"name\":\"Quando Pel\u00e8 gioc\u00f2 a Firenze, le tre amichevoli al Franchi con Paolo Rossi sugli spalti\"}]},{\"@type\":\"WebSite\",\"@id\":\"https:\/\/www.intoscana.it\/it\/#website\",\"url\":\"https:\/\/www.intoscana.it\/it\/\",\"name\":\"intoscana\",\"description\":\"\",\"potentialAction\":[{\"@type\":\"SearchAction\",\"target\":{\"@type\":\"EntryPoint\",\"urlTemplate\":\"https:\/\/www.intoscana.it\/it\/?s={search_term_string}\"},\"query-input\":{\"@type\":\"PropertyValueSpecification\",\"valueRequired\":true,\"valueName\":\"search_term_string\"}}],\"inLanguage\":\"it-IT\"},{\"@type\":\"Person\",\"@id\":\"https:\/\/www.intoscana.it\/it\/#\/schema\/person\/010af92117f50561886339ad5b873a41\",\"name\":\"Chiara Bianchini\",\"sameAs\":[\"c.bianchini@fst.it\"],\"url\":\"https:\/\/www.intoscana.it\/it\/author\/chiara-bianchini\/\"}]}<\/script>\n<!-- \/ Yoast SEO Premium plugin. -->","yoast_head_json":{"title":"Quando Pel\u00e8 gioc\u00f2 a Firenze, le tre amichevoli al Franchi con Paolo Rossi sugli spalti - intoscana","robots":{"index":"index","follow":"follow","max-snippet":"max-snippet:-1","max-image-preview":"max-image-preview:large","max-video-preview":"max-video-preview:-1"},"canonical":"https:\/\/www.intoscana.it\/it\/pele-il-legame-con-firenze-e-le-tre-amichevoli-giocate-al-franchi\/","og_locale":"it_IT","og_type":"article","og_title":"Quando Pel\u00e8 gioc\u00f2 a Firenze, le tre amichevoli al Franchi con Paolo Rossi sugli spalti","og_description":"Ha trascorso quasi tutta la carriera giocando in Brasile con il Santos, per questo venivano organizzate tourn\u00e9e in tutto il Mondo, anche in Italia dove il campione affront\u00f2 la Fiorentina nel 1958, nel 1960 e nel 1967","og_url":"https:\/\/www.intoscana.it\/it\/pele-il-legame-con-firenze-e-le-tre-amichevoli-giocate-al-franchi\/","og_site_name":"intoscana","article_publisher":"https:\/\/www.facebook.com\/intoscana.it","article_published_time":"2022-12-30T11:46:30+00:00","article_modified_time":"2022-12-30T14:00:07+00:00","og_image":[{"width":2048,"height":1536,"url":"https:\/\/www.intoscana.it\/wp-content\/uploads\/41561975520_35aee6396a_k.jpg","type":"image\/jpeg"}],"author":"Chiara Bianchini","twitter_card":"summary_large_image","twitter_creator":"@intoscana","twitter_site":"@intoscana","twitter_misc":{"Written by":"Chiara Bianchini","Est. reading time":"3 minuti"},"schema":{"@context":"https:\/\/schema.org","@graph":[{"@type":"WebPage","@id":"https:\/\/www.intoscana.it\/it\/pele-il-legame-con-firenze-e-le-tre-amichevoli-giocate-al-franchi\/","url":"https:\/\/www.intoscana.it\/it\/pele-il-legame-con-firenze-e-le-tre-amichevoli-giocate-al-franchi\/","name":"Quando Pel\u00e8 gioc\u00f2 a Firenze, le tre amichevoli al Franchi con Paolo Rossi sugli spalti - intoscana","isPartOf":{"@id":"https:\/\/www.intoscana.it\/it\/#website"},"primaryImageOfPage":{"@id":"https:\/\/www.intoscana.it\/it\/pele-il-legame-con-firenze-e-le-tre-amichevoli-giocate-al-franchi\/#primaryimage"},"image":{"@id":"https:\/\/www.intoscana.it\/it\/pele-il-legame-con-firenze-e-le-tre-amichevoli-giocate-al-franchi\/#primaryimage"},"thumbnailUrl":"https:\/\/www.intoscana.it\/wp-content\/uploads\/41561975520_35aee6396a_k.jpg","datePublished":"2022-12-30T11:46:30+00:00","dateModified":"2022-12-30T14:00:07+00:00","author":{"@id":"https:\/\/www.intoscana.it\/it\/#\/schema\/person\/010af92117f50561886339ad5b873a41"},"breadcrumb":{"@id":"https:\/\/www.intoscana.it\/it\/pele-il-legame-con-firenze-e-le-tre-amichevoli-giocate-al-franchi\/#breadcrumb"},"inLanguage":"it-IT","potentialAction":[{"@type":"ReadAction","target":["https:\/\/www.intoscana.it\/it\/pele-il-legame-con-firenze-e-le-tre-amichevoli-giocate-al-franchi\/"]}]},{"@type":"ImageObject","inLanguage":"it-IT","@id":"https:\/\/www.intoscana.it\/it\/pele-il-legame-con-firenze-e-le-tre-amichevoli-giocate-al-franchi\/#primaryimage","url":"https:\/\/www.intoscana.it\/wp-content\/uploads\/41561975520_35aee6396a_k.jpg","contentUrl":"https:\/\/www.intoscana.it\/wp-content\/uploads\/41561975520_35aee6396a_k.jpg","width":2048,"height":1536},{"@type":"BreadcrumbList","@id":"https:\/\/www.intoscana.it\/it\/pele-il-legame-con-firenze-e-le-tre-amichevoli-giocate-al-franchi\/#breadcrumb","itemListElement":[{"@type":"ListItem","position":1,"name":"Home","item":"https:\/\/www.intoscana.it\/it\/"},{"@type":"ListItem","position":2,"name":"Quando Pel\u00e8 gioc\u00f2 a Firenze, le tre amichevoli al Franchi con Paolo Rossi sugli spalti"}]},{"@type":"WebSite","@id":"https:\/\/www.intoscana.it\/it\/#website","url":"https:\/\/www.intoscana.it\/it\/","name":"intoscana","description":"","potentialAction":[{"@type":"SearchAction","target":{"@type":"EntryPoint","urlTemplate":"https:\/\/www.intoscana.it\/it\/?s={search_term_string}"},"query-input":{"@type":"PropertyValueSpecification","valueRequired":true,"valueName":"search_term_string"}}],"inLanguage":"it-IT"},{"@type":"Person","@id":"https:\/\/www.intoscana.it\/it\/#\/schema\/person\/010af92117f50561886339ad5b873a41","name":"Chiara Bianchini","sameAs":["c.bianchini@fst.it"],"url":"https:\/\/www.intoscana.it\/it\/author\/chiara-bianchini\/"}]}},"_links":{"self":[{"href":"https:\/\/www.intoscana.it\/it\/wp-json\/wp\/v2\/posts\/265308","targetHints":{"allow":["GET"]}}],"collection":[{"href":"https:\/\/www.intoscana.it\/it\/wp-json\/wp\/v2\/posts"}],"about":[{"href":"https:\/\/www.intoscana.it\/it\/wp-json\/wp\/v2\/types\/post"}],"author":[{"embeddable":true,"href":"https:\/\/www.intoscana.it\/it\/wp-json\/wp\/v2\/users\/507"}],"replies":[{"embeddable":true,"href":"https:\/\/www.intoscana.it\/it\/wp-json\/wp\/v2\/comments?post=265308"}],"version-history":[{"count":0,"href":"https:\/\/www.intoscana.it\/it\/wp-json\/wp\/v2\/posts\/265308\/revisions"}],"wp:featuredmedia":[{"embeddable":true,"href":"https:\/\/www.intoscana.it\/it\/wp-json\/wp\/v2\/media\/265347"}],"wp:attachment":[{"href":"https:\/\/www.intoscana.it\/it\/wp-json\/wp\/v2\/media?parent=265308"}],"wp:term":[{"taxonomy":"category","embeddable":true,"href":"https:\/\/www.intoscana.it\/it\/wp-json\/wp\/v2\/categories?post=265308"},{"taxonomy":"post_tag","embeddable":true,"href":"https:\/\/www.intoscana.it\/it\/wp-json\/wp\/v2\/tags?post=265308"}],"curies":[{"name":"wp","href":"https:\/\/api.w.org\/{rel}","templated":true}]}}