{"id":265478,"date":"2023-01-02T10:33:03","date_gmt":"2023-01-02T09:33:03","guid":{"rendered":"https:\/\/www.intoscana.it\/it\/?p=265478"},"modified":"2023-01-02T11:03:57","modified_gmt":"2023-01-02T10:03:57","slug":"ratzinger-e-il-legame-con-la-toscana-il-ricordo-della-sua-visita-ad-arezzo-nel-2012","status":"publish","type":"post","link":"https:\/\/www.intoscana.it\/it\/ratzinger-e-il-legame-con-la-toscana-il-ricordo-della-sua-visita-ad-arezzo-nel-2012\/","title":{"rendered":"Ratzinger e il legame con la Toscana, il ricordo della sua visita ad Arezzo nel 2012"},"content":{"rendered":"<p>La scomparsa del papa emerito<strong> Benedetto XVI<\/strong>, Joseph Ratzinger morto il 31 dicembre scorso a 95 anni, ha lasciato un segno anche in Toscana, in particolare nella diocesi di Arezzo, Cortona e Sansepolcro. <mark>Qui infatti il 13 maggio 2012 si rec\u00f2 in visita pastorale, accompagnato dall&#8217;allora capo della gendarmeria vaticana l&#8217;aretino <strong>Domenico Giani<\/strong> e celebr\u00f2 la messa al Parco &#8220;Il Prato&#8221;, accolto da 30mila persone.<\/mark> \u00abLe parole pronunciate da Benedetto XVI nella sua omelia &#8211; ricorda il vescovo <strong>Andrea Migliavacca<\/strong> &#8211; sono per noi un prezioso lascito. Il Papa Benedetto richiam\u00f2 la nostra comunit\u00e0 diocesana a promuovere la vita cristiana&#8221;.<\/p>\n<h3><em>L&#8217;omelia di Benedetto XVI ad Arezzo<\/em><\/h3>\n<p>&#8220;Oggi mi accoglie un&#8217;antica Chiesa &#8211; disse il Papa emerito nella sua omelia &#8211;\u00a0 esperta di relazioni e benemerita per l&#8217;impegno nei secoli di costruire la citt\u00e0 dell&#8217;uomo a immagine della Citt\u00e0 di Dio. In terra di Toscana, la comunit\u00e0 aretina si \u00e8 infatti distinta molte volte nella storia per il senso di libert\u00e0 e la capacit\u00e0 di dialogo tra componenti sociali diverse. <mark>Venendo per la prima volta fra di voi, il mio augurio \u00e8 che la citt\u00e0 sappia sempre far fruttificare questa preziosa eredit\u00e0. La citt\u00e0 di Arezzo riassume, nella sua storia plurimillenaria, espressioni significative di culture e di valori.<\/mark> Tra i tesori della vostra tradizione, c&#8217;\u00e8 la fierezza di un&#8217;identit\u00e0 cristiana, testimoniata da tanti segni e da devozioni radicate, come quella per la Madonna del Conforto&#8221;.<\/p>\n<p>Il vescovo di Arezzo, Migliavacca, ha ricordato la figura di <strong>Benedetto XVI<\/strong> durante la Messa dell&#8217;ultimo dell&#8217;anno: &#8220;Il nostro Te Deum, il grande inno di ringraziamento al Signore che intoneremo alla fine della celebrazione assumer\u00e0 questa sera un significato ancora pi\u00f9 particolare: sar\u00e0 uno speciale ringraziamento al Signore per il dono che ha fatto alla Chiesa e al mondo di un grande Pastore e di un grande Pontefice&#8221;.<\/p>\n<h3><em>Il ricordo dell&#8217;aretino Domenico Giani, allora capo della gendarmeria vaticana<\/em><\/h3>\n<p><strong>Domenico Giani<\/strong>, 60 anni, aretino, \u00e8 stato per venti anni in servizio presso la Gendarmeria vaticana che ha diretto dal 2006 al 2019 quale responsabile della sicurezza del Papa.\u00a0 &#8220;La perdita di Papa Benedetto rappresenta per me la perdita di un padre che ha accompagnato non solo la mia vita professionale ma anche la mia vita personale. Ratzinger \u00e8 stato il Papa che ho servito per tutta la durata del suo Pontificato fino al momento in cui ha lasciato e sono rimasto poi con lui in contatto. Ci lascia un uomo anziano che ha percorso tutta la sua vita dando una grande testimonianza di fede, di amore, di umilt\u00e0, di mitezza e anche di forza. Una figura che sono certo rimarr\u00e0 nella storia&#8221;.<\/p>\n<p>Fu proprio Giani ad accompagnare Ratzinger nella visita pastorale nella diocesi toscana. <mark>&#8220;Il ricordo pi\u00f9 emozionante dal punto di vista affettivo che ho di lui \u00e8 la visita ad Arezzo, l&#8217;onore di accompagnarlo nella mia citt\u00e0.<\/mark> Ci sono poi momenti legati alla mia famiglia, in cui il Santo Padre si \u00e8 dimostrato un padre e un nonno per i miei figli. Di sicuro abbiamo perso una grande persona, un leader mondiale di altissimo livello, a volte anche incompreso per alcune sue scelte &#8211;\u00a0 aggiunge &#8211; Ricordo un momento di disorientamento personale quando si \u00e8 dimesso. Non avevo percepito l\u00ec per l\u00ec la portata storica dell&#8217;evento&#8221;.<\/p>\n<h3>L&#8217;omaggio delle istituzioni toscane<\/h3>\n<p>&#8220;La morte di Benedetto XVI, primo Papa emerito della storia, \u00e8 una morte che ci rattrista. Oltre ai suoi grandi studi teologici Joseph Ratzinger passer\u00e0 alla storia come il primo Papa che dopo sei secoli ha avuto il coraggio di dimettersi durante il suo mandato, lo ricorderemo per questo&#8221;. Cos\u00ec <strong>Eugenio Giani<\/strong>, presidente della Toscana, ha commentato la morte del 265mo Papa della Chiesa cattolica.<\/p>\n<p>&#8220;Rester\u00e0 nella storia per la sua scelta di dimettersi nel 2013 lasciando la strada a Bergoglio e al periodo dei due Papi&#8221;, commenta <strong>Antonio Mazzeo<\/strong>, presidente del Consiglio regionale della Toscana.<\/p>\n","protected":false},"excerpt":{"rendered":"<p>L&#8217;arrivo del Papa emerito accompagnato dall&#8217;allora capo della gendarmeria vaticana, l&#8217;aretino Domenico Giani, e la messa celebrata al Parco &#8220;Il Prato&#8221;. L&#8217;omaggio del vescovo e delle istituzioni a Benedetto XVI<\/p>\n","protected":false},"author":525,"featured_media":265480,"comment_status":"open","ping_status":"open","sticky":false,"template":"","format":"standard","meta":{"_acf_changed":false,"footnotes":""},"categories":[4],"tags":[4448],"class_list":["post-265478","post","type-post","status-publish","format-standard","has-post-thumbnail","hentry","category-storie","tag-chiesa"],"acf":[],"yoast_head":"<!-- This site is optimized with the Yoast SEO Premium plugin v24.2 (Yoast SEO v25.6) - https:\/\/yoast.com\/wordpress\/plugins\/seo\/ -->\n<title>Ratzinger e il legame con la Toscana, il ricordo della sua visita ad Arezzo nel 2012 - intoscana<\/title>\n<meta name=\"description\" content=\"L&#039;arrivo in Toscana del Papa emerito accompagnato dall&#039;allora capo della gendarmeria vaticana, l&#039;aretino Domenico Giani, e la messa celebrata al Parco &quot;Il Prato&quot;. L&#039;omaggio del vescovo e delle istituzioni a Benedetto XVI\" \/>\n<meta name=\"robots\" content=\"index, follow, max-snippet:-1, max-image-preview:large, max-video-preview:-1\" \/>\n<link rel=\"canonical\" href=\"https:\/\/www.intoscana.it\/it\/ratzinger-e-il-legame-con-la-toscana-il-ricordo-della-sua-visita-ad-arezzo-nel-2012\/\" \/>\n<meta property=\"og:locale\" content=\"it_IT\" \/>\n<meta property=\"og:type\" content=\"article\" \/>\n<meta property=\"og:title\" content=\"Ratzinger e il legame con la Toscana, il ricordo della sua visita ad Arezzo nel 2012\" \/>\n<meta property=\"og:description\" content=\"L&#039;arrivo in Toscana del Papa emerito accompagnato dall&#039;allora capo della gendarmeria vaticana, l&#039;aretino Domenico Giani, e la messa celebrata al Parco &quot;Il Prato&quot;. L&#039;omaggio del vescovo e delle istituzioni a Benedetto XVI\" \/>\n<meta property=\"og:url\" content=\"https:\/\/www.intoscana.it\/it\/ratzinger-e-il-legame-con-la-toscana-il-ricordo-della-sua-visita-ad-arezzo-nel-2012\/\" \/>\n<meta property=\"og:site_name\" content=\"intoscana\" \/>\n<meta property=\"article:publisher\" content=\"https:\/\/www.facebook.com\/intoscana.it\" \/>\n<meta property=\"article:published_time\" content=\"2023-01-02T09:33:03+00:00\" \/>\n<meta property=\"article:modified_time\" content=\"2023-01-02T10:03:57+00:00\" \/>\n<meta property=\"og:image\" content=\"https:\/\/www.intoscana.it\/wp-content\/uploads\/ratzinger.png\" \/>\n\t<meta property=\"og:image:width\" content=\"519\" \/>\n\t<meta property=\"og:image:height\" content=\"406\" \/>\n\t<meta property=\"og:image:type\" content=\"image\/png\" \/>\n<meta name=\"author\" content=\"Redazione\" \/>\n<meta name=\"twitter:card\" content=\"summary_large_image\" \/>\n<meta name=\"twitter:creator\" content=\"@intoscana\" \/>\n<meta name=\"twitter:site\" content=\"@intoscana\" \/>\n<meta name=\"twitter:label1\" content=\"Written by\" \/>\n\t<meta name=\"twitter:data1\" content=\"Redazione\" \/>\n\t<meta name=\"twitter:label2\" content=\"Est. reading time\" \/>\n\t<meta name=\"twitter:data2\" content=\"3 minuti\" \/>\n<script type=\"application\/ld+json\" class=\"yoast-schema-graph\">{\"@context\":\"https:\/\/schema.org\",\"@graph\":[{\"@type\":\"WebPage\",\"@id\":\"https:\/\/www.intoscana.it\/it\/ratzinger-e-il-legame-con-la-toscana-il-ricordo-della-sua-visita-ad-arezzo-nel-2012\/\",\"url\":\"https:\/\/www.intoscana.it\/it\/ratzinger-e-il-legame-con-la-toscana-il-ricordo-della-sua-visita-ad-arezzo-nel-2012\/\",\"name\":\"Ratzinger e il legame con la Toscana, il ricordo della sua visita ad Arezzo nel 2012 - intoscana\",\"isPartOf\":{\"@id\":\"https:\/\/www.intoscana.it\/it\/#website\"},\"primaryImageOfPage\":{\"@id\":\"https:\/\/www.intoscana.it\/it\/ratzinger-e-il-legame-con-la-toscana-il-ricordo-della-sua-visita-ad-arezzo-nel-2012\/#primaryimage\"},\"image\":{\"@id\":\"https:\/\/www.intoscana.it\/it\/ratzinger-e-il-legame-con-la-toscana-il-ricordo-della-sua-visita-ad-arezzo-nel-2012\/#primaryimage\"},\"thumbnailUrl\":\"https:\/\/www.intoscana.it\/wp-content\/uploads\/ratzinger.png\",\"datePublished\":\"2023-01-02T09:33:03+00:00\",\"dateModified\":\"2023-01-02T10:03:57+00:00\",\"author\":{\"@id\":\"https:\/\/www.intoscana.it\/it\/#\/schema\/person\/9223810753230f20bd670fdd322661f8\"},\"description\":\"L'arrivo in Toscana del Papa emerito accompagnato dall'allora capo della gendarmeria vaticana, l'aretino Domenico Giani, e la messa celebrata al Parco \\\"Il Prato\\\". L'omaggio del vescovo e delle istituzioni a Benedetto XVI\",\"breadcrumb\":{\"@id\":\"https:\/\/www.intoscana.it\/it\/ratzinger-e-il-legame-con-la-toscana-il-ricordo-della-sua-visita-ad-arezzo-nel-2012\/#breadcrumb\"},\"inLanguage\":\"it-IT\",\"potentialAction\":[{\"@type\":\"ReadAction\",\"target\":[\"https:\/\/www.intoscana.it\/it\/ratzinger-e-il-legame-con-la-toscana-il-ricordo-della-sua-visita-ad-arezzo-nel-2012\/\"]}]},{\"@type\":\"ImageObject\",\"inLanguage\":\"it-IT\",\"@id\":\"https:\/\/www.intoscana.it\/it\/ratzinger-e-il-legame-con-la-toscana-il-ricordo-della-sua-visita-ad-arezzo-nel-2012\/#primaryimage\",\"url\":\"https:\/\/www.intoscana.it\/wp-content\/uploads\/ratzinger.png\",\"contentUrl\":\"https:\/\/www.intoscana.it\/wp-content\/uploads\/ratzinger.png\",\"width\":519,\"height\":406},{\"@type\":\"BreadcrumbList\",\"@id\":\"https:\/\/www.intoscana.it\/it\/ratzinger-e-il-legame-con-la-toscana-il-ricordo-della-sua-visita-ad-arezzo-nel-2012\/#breadcrumb\",\"itemListElement\":[{\"@type\":\"ListItem\",\"position\":1,\"name\":\"Home\",\"item\":\"https:\/\/www.intoscana.it\/it\/\"},{\"@type\":\"ListItem\",\"position\":2,\"name\":\"Ratzinger e il legame con la Toscana, il ricordo della sua visita ad Arezzo nel 2012\"}]},{\"@type\":\"WebSite\",\"@id\":\"https:\/\/www.intoscana.it\/it\/#website\",\"url\":\"https:\/\/www.intoscana.it\/it\/\",\"name\":\"intoscana\",\"description\":\"\",\"potentialAction\":[{\"@type\":\"SearchAction\",\"target\":{\"@type\":\"EntryPoint\",\"urlTemplate\":\"https:\/\/www.intoscana.it\/it\/?s={search_term_string}\"},\"query-input\":{\"@type\":\"PropertyValueSpecification\",\"valueRequired\":true,\"valueName\":\"search_term_string\"}}],\"inLanguage\":\"it-IT\"},{\"@type\":\"Person\",\"@id\":\"https:\/\/www.intoscana.it\/it\/#\/schema\/person\/9223810753230f20bd670fdd322661f8\",\"name\":\"Redazione\",\"url\":\"https:\/\/www.intoscana.it\/it\/author\/redazione\/\"}]}<\/script>\n<!-- \/ Yoast SEO Premium plugin. -->","yoast_head_json":{"title":"Ratzinger e il legame con la Toscana, il ricordo della sua visita ad Arezzo nel 2012 - intoscana","description":"L'arrivo in Toscana del Papa emerito accompagnato dall'allora capo della gendarmeria vaticana, l'aretino Domenico Giani, e la messa celebrata al Parco \"Il Prato\". L'omaggio del vescovo e delle istituzioni a Benedetto XVI","robots":{"index":"index","follow":"follow","max-snippet":"max-snippet:-1","max-image-preview":"max-image-preview:large","max-video-preview":"max-video-preview:-1"},"canonical":"https:\/\/www.intoscana.it\/it\/ratzinger-e-il-legame-con-la-toscana-il-ricordo-della-sua-visita-ad-arezzo-nel-2012\/","og_locale":"it_IT","og_type":"article","og_title":"Ratzinger e il legame con la Toscana, il ricordo della sua visita ad Arezzo nel 2012","og_description":"L'arrivo in Toscana del Papa emerito accompagnato dall'allora capo della gendarmeria vaticana, l'aretino Domenico Giani, e la messa celebrata al Parco \"Il Prato\". L'omaggio del vescovo e delle istituzioni a Benedetto XVI","og_url":"https:\/\/www.intoscana.it\/it\/ratzinger-e-il-legame-con-la-toscana-il-ricordo-della-sua-visita-ad-arezzo-nel-2012\/","og_site_name":"intoscana","article_publisher":"https:\/\/www.facebook.com\/intoscana.it","article_published_time":"2023-01-02T09:33:03+00:00","article_modified_time":"2023-01-02T10:03:57+00:00","og_image":[{"width":519,"height":406,"url":"https:\/\/www.intoscana.it\/wp-content\/uploads\/ratzinger.png","type":"image\/png"}],"author":"Redazione","twitter_card":"summary_large_image","twitter_creator":"@intoscana","twitter_site":"@intoscana","twitter_misc":{"Written by":"Redazione","Est. reading time":"3 minuti"},"schema":{"@context":"https:\/\/schema.org","@graph":[{"@type":"WebPage","@id":"https:\/\/www.intoscana.it\/it\/ratzinger-e-il-legame-con-la-toscana-il-ricordo-della-sua-visita-ad-arezzo-nel-2012\/","url":"https:\/\/www.intoscana.it\/it\/ratzinger-e-il-legame-con-la-toscana-il-ricordo-della-sua-visita-ad-arezzo-nel-2012\/","name":"Ratzinger e il legame con la Toscana, il ricordo della sua visita ad Arezzo nel 2012 - intoscana","isPartOf":{"@id":"https:\/\/www.intoscana.it\/it\/#website"},"primaryImageOfPage":{"@id":"https:\/\/www.intoscana.it\/it\/ratzinger-e-il-legame-con-la-toscana-il-ricordo-della-sua-visita-ad-arezzo-nel-2012\/#primaryimage"},"image":{"@id":"https:\/\/www.intoscana.it\/it\/ratzinger-e-il-legame-con-la-toscana-il-ricordo-della-sua-visita-ad-arezzo-nel-2012\/#primaryimage"},"thumbnailUrl":"https:\/\/www.intoscana.it\/wp-content\/uploads\/ratzinger.png","datePublished":"2023-01-02T09:33:03+00:00","dateModified":"2023-01-02T10:03:57+00:00","author":{"@id":"https:\/\/www.intoscana.it\/it\/#\/schema\/person\/9223810753230f20bd670fdd322661f8"},"description":"L'arrivo in Toscana del Papa emerito accompagnato dall'allora capo della gendarmeria vaticana, l'aretino Domenico Giani, e la messa celebrata al Parco \"Il Prato\". L'omaggio del vescovo e delle istituzioni a Benedetto XVI","breadcrumb":{"@id":"https:\/\/www.intoscana.it\/it\/ratzinger-e-il-legame-con-la-toscana-il-ricordo-della-sua-visita-ad-arezzo-nel-2012\/#breadcrumb"},"inLanguage":"it-IT","potentialAction":[{"@type":"ReadAction","target":["https:\/\/www.intoscana.it\/it\/ratzinger-e-il-legame-con-la-toscana-il-ricordo-della-sua-visita-ad-arezzo-nel-2012\/"]}]},{"@type":"ImageObject","inLanguage":"it-IT","@id":"https:\/\/www.intoscana.it\/it\/ratzinger-e-il-legame-con-la-toscana-il-ricordo-della-sua-visita-ad-arezzo-nel-2012\/#primaryimage","url":"https:\/\/www.intoscana.it\/wp-content\/uploads\/ratzinger.png","contentUrl":"https:\/\/www.intoscana.it\/wp-content\/uploads\/ratzinger.png","width":519,"height":406},{"@type":"BreadcrumbList","@id":"https:\/\/www.intoscana.it\/it\/ratzinger-e-il-legame-con-la-toscana-il-ricordo-della-sua-visita-ad-arezzo-nel-2012\/#breadcrumb","itemListElement":[{"@type":"ListItem","position":1,"name":"Home","item":"https:\/\/www.intoscana.it\/it\/"},{"@type":"ListItem","position":2,"name":"Ratzinger e il legame con la Toscana, il ricordo della sua visita ad Arezzo nel 2012"}]},{"@type":"WebSite","@id":"https:\/\/www.intoscana.it\/it\/#website","url":"https:\/\/www.intoscana.it\/it\/","name":"intoscana","description":"","potentialAction":[{"@type":"SearchAction","target":{"@type":"EntryPoint","urlTemplate":"https:\/\/www.intoscana.it\/it\/?s={search_term_string}"},"query-input":{"@type":"PropertyValueSpecification","valueRequired":true,"valueName":"search_term_string"}}],"inLanguage":"it-IT"},{"@type":"Person","@id":"https:\/\/www.intoscana.it\/it\/#\/schema\/person\/9223810753230f20bd670fdd322661f8","name":"Redazione","url":"https:\/\/www.intoscana.it\/it\/author\/redazione\/"}]}},"_links":{"self":[{"href":"https:\/\/www.intoscana.it\/it\/wp-json\/wp\/v2\/posts\/265478","targetHints":{"allow":["GET"]}}],"collection":[{"href":"https:\/\/www.intoscana.it\/it\/wp-json\/wp\/v2\/posts"}],"about":[{"href":"https:\/\/www.intoscana.it\/it\/wp-json\/wp\/v2\/types\/post"}],"author":[{"embeddable":true,"href":"https:\/\/www.intoscana.it\/it\/wp-json\/wp\/v2\/users\/525"}],"replies":[{"embeddable":true,"href":"https:\/\/www.intoscana.it\/it\/wp-json\/wp\/v2\/comments?post=265478"}],"version-history":[{"count":0,"href":"https:\/\/www.intoscana.it\/it\/wp-json\/wp\/v2\/posts\/265478\/revisions"}],"wp:featuredmedia":[{"embeddable":true,"href":"https:\/\/www.intoscana.it\/it\/wp-json\/wp\/v2\/media\/265480"}],"wp:attachment":[{"href":"https:\/\/www.intoscana.it\/it\/wp-json\/wp\/v2\/media?parent=265478"}],"wp:term":[{"taxonomy":"category","embeddable":true,"href":"https:\/\/www.intoscana.it\/it\/wp-json\/wp\/v2\/categories?post=265478"},{"taxonomy":"post_tag","embeddable":true,"href":"https:\/\/www.intoscana.it\/it\/wp-json\/wp\/v2\/tags?post=265478"}],"curies":[{"name":"wp","href":"https:\/\/api.w.org\/{rel}","templated":true}]}}