{"id":265514,"date":"2023-01-02T14:57:12","date_gmt":"2023-01-02T13:57:12","guid":{"rendered":"https:\/\/www.intoscana.it\/it\/?p=265514"},"modified":"2023-01-05T13:55:07","modified_gmt":"2023-01-05T12:55:07","slug":"befana-in-toscana-2023","status":"publish","type":"post","link":"https:\/\/www.intoscana.it\/it\/befana-in-toscana-2023\/","title":{"rendered":"Befana in Toscana 2023, eventi e tradizioni da non perdere"},"content":{"rendered":"<p>A bordo di un dragon boat o in parapendio, ma sempre carica di caramelle. Il <strong>6 gennaio 2023<\/strong> sono tantissimi anche in Toscana gli eventi organizzati per festeggiare la <strong>Befana<\/strong>, la simpatica vecchietta che regala dolci ai bambini buoni.<\/p>\n<p>Rievocazioni, competizioni sportive o spettacoli teatrali. Quest\u2019anno si prospetta un\u2019Epifania dinamica e divertente: quello che ci vuole per porre fine alle festivit\u00e0 natalizie.<\/p>\n<h3>Befane &#8220;volanti&#8221;<\/h3>\n<p>Fatta eccezione per la <a href=\"https:\/\/www.feelflorence.it\/index.php\/it\/node\/28251\" target=\"_blank\" rel=\"noopener\" class=\"broken_link\">Cavalcata dei Magi a Firenze<\/a>, che non si svolger\u00e0 nemmeno nel 2023 al fine di evitare assembramenti, ripartono a pieno ritmo le <strong>feste e gli appuntamenti<\/strong> in varie localit\u00e0 della Toscana.<\/p>\n<p>A <strong>Pistoia<\/strong>, ad esempio, torna la tradizionale discesa della Befana dal Campanile della Cattedrale. Dalle 16:30, con l\u2019aiuto dei Vigili del Fuoco del Comando Provinciale di Pistoia, si caler\u00e0 dalla torre campanaria per festeggiare e distribuire dolciumi ai piccoli spettatori.<\/p>\n<figure id=\"post-265536 media-265536\" class=\"align-none\"><img decoding=\"async\" src=\"https:\/\/www.intoscana.it\/wp-content\/uploads\/befana-pistoia.jpg\" alt=\"\" \/><\/figure>\n<div class=\"titleimg\">La discesa della Befana di Pistoia &#8211; \u00a9 Visit Pistoia<\/div>\n<p>Tutti col naso all&#8217;ins\u00f9 anche ad <strong>Arezzo<\/strong>: la vecchietta con le \u201cscarpe tutte rotte\u201d arriver\u00e0 dal cielo scortata dai Vigili del Fuoco; volando dalla Torre del Comune atterrer\u00e0 infine in piazza della Libert\u00e0.<\/p>\n<p>La Befana arriva a <strong>Grosseto<\/strong> atterrando in piazza Dante; mercoled\u00ec 4 gennaio dalle ore 10 verranno distribuite calze ad offerta per beneficenza. Gioved\u00ec 5 gennaio, a partire dalle 15, si potr\u00e0 assistere al \u201cvolo\u201d della Befana (grazie al supporto dei Vigili del Fuoco) e al presepe vivente di Roselle con i Butteri di Maremma. Durante la serata, la Befana andr\u00e0 a far visita ai bambini dell&#8217;ospedale Misericordia e scorter\u00e0 i visitatori in una passeggiata lungo le mura.<\/p>\n<p>Venerd\u00ec 6 gennaio 2023, in piazza Farinata degli Uberti a <strong>Empoli<\/strong>, la Befana si caler\u00e0 dal campanile della Collegiata di Sant\u2019Andrea, salir\u00e0 sui tetti, portando tante cose buone ma anche un po\u2019 di carbone. Il pomeriggio vedr\u00e0 la sfilata in corteo in centro storico a partire dalle 16.30 con i<strong> Re Magi, le befane e i \u2018befanini\u2019<\/strong>.<\/p>\n<p>La Befana dei Vigili del Fuoco vola in <strong>piazza della Signoria a Firenze<\/strong> nel pomeriggio del 6 gennaio. L\u2019invito, rivolto a tutti i bimbi, \u00e8 di presentarsi in piazza alle 15.00: poco dopo la Befana dar\u00e0 prova di capacit\u00e0 acrobatiche calandosi dalla terrazza sopra la Loggia dei Lanzi e distribuendo caramelle e dolci ai piccoli spettatori.<br \/>\nNella citt\u00e0 del Giglio, la Befana e le sue spericolate aiutanti si caleranno durante la mattinata dall\u2019Arco di <strong>piazza della Repubblica<\/strong> e dal palazzo della Rinascente.<\/p>\n<h3>Piazze e borghi in festa<\/h3>\n<p>Dopo due anni di stop, torna ad animare la Maremma la festa a <strong>San Martino sul Fiora<\/strong>: alle 19 del 5 gennaio 2023, un corteo di persone attraverser\u00e0 le vie del paese, dove saranno offerti cibo e vino, con musica e balli tradizionali.<\/p>\n<p>La mattina del 6 gennaio, in piazza Matteotti a <strong>Montale<\/strong>, in provincia di Pistoia, la Befana verr\u00e0 accompagnata da <strong>Zia Caterina<\/strong>, nome d\u2019arte per Caterina Bellandi che, con il suo stravagante e coloratissimo taxi, gira per le strade di Firenze: oltre a svolgere il normale servizio pubblico, offre corse gratuite per l\u2019ospedale a favore dei bambini malati di tumore e dei loro familiari.<\/p>\n<figure id=\"post-265539 media-265539\" class=\"align-none\"><img decoding=\"async\" src=\"https:\/\/www.intoscana.it\/wp-content\/uploads\/falo\u0300-rosia-befana-sovicille-e1672657792595.jpeg\" alt=\"\" \/><\/figure>\n<div class=\"titleimg\">La Festa dell\u2019Epifania con il fal\u00f2 della Befana a Rosia, nel Comune di Sovicille &#8211; \u00a9 Guido Cancelli, Pro Loco Sovicille<\/div>\n<p>A <strong>Rosia<\/strong>, nel Comune di Sovicille, l\u2019arrivo della Befana sar\u00e0 celebrato con un suggestivo spettacolo di magia; seguiranno la preparazione del fal\u00f2 e l&#8217;incendio propiziatorio.<\/p>\n<p>A <strong>Massa Marittima<\/strong> sono attesi due giorni di festeggiamenti: il 5 gennaio il terziere di Borgo organizza un incontro con la Befana con un itinerario dalla Chiesina di San Rocco al villaggio di Babbo Natale. Il giorno successivo, alle ore 16:30, al Museo della Miniera si terranno attivit\u00e0 per bambini a cura dell\u2019associazione La Casina di Babbo Natale e Cooperativa Zoe.<\/p>\n<p>A <strong>Carmignano<\/strong>, la Befana, venerd\u00ec 6 gennaio, aspetter\u00e0 i bambini al <strong>Museo Archeologico di Artimino<\/strong> per accompagnarli in una visita guidata ricca di sorprese; nel tardo pomeriggio sar\u00e0 poi al Tennis Club di Seano per regalare le calze ai piccioli presenti. Domenica 8 gennaio, infine, l&#8217;associazione culturale Chiodo Fisso di Comeana propone il primo appuntamento con la rassegna teatrale &#8220;I bambini per i bambini&#8221;: alle ore 16 la Compagnia Maria Claretta metter\u00e0 in scena &#8220;<strong>Luigino e la magia del Calzettone<\/strong>&#8220;.<\/p>\n<p>Dal 6 all&#8217;8 gennaio al <strong>Parco di Pinocchio a Collodi<\/strong> si potr\u00e0 giocare al cesto a premi e alla tombola. Restano le aree a tema <strong>Harry Potter<\/strong>, con la scuola di magia dove i bambini possono diplomarsi in Incantesimi, Pozioni Magiche ed Erbologia. In calendario baby dance, spettacoli e laboratori con Anna e Elsa che a chiusura della giornata offriranno la loro &#8220;neve di zucchero&#8221;.<\/p>\n<p>Il pomeriggio del giorno di Epifania\u00a0sar\u00e0 allietato a <strong>Peccioli<\/strong> con\u00a0la rassegna\u00a0<strong>11Lune d&#8217;Inverno<\/strong>: il cartellone prevede spettacoli di strada, laboratori, attivit\u00e0 ludico didattiche all&#8217;interno dei musei, un mercatino artigianale, letture, racconti e merende nelle varie attivit\u00e0 commerciali, con artisti proveniente da tutto il mondo.<\/p>\n<p>A <strong>Pisa<\/strong> il programma prevede alle ore 9:30 l\u2019arrivo in piazza XX Settembre dei partecipanti e dei veicoli storici e la presenza dei \u201cClown Dottori&#8221; dell\u2019associazione Ridolina. La Befana raccoglier\u00e0 doni e giocattoli da consegnare ai piccoli degenti della struttura sanitaria Stella Maris di Calambrone e di Oncoematologia pediatrica. Seguir\u00e0 la sfilata dei veicoli d\u2019epoca in citt\u00e0, con la scorta degli agenti in motocicletta. Alle ore 12, poi, la Befana si sposter\u00e0 in via Sempione, in zona La Cella nel quartiere di Porta Fiorentina.<\/p>\n<h3>Il Treno della Befana<\/h3>\n<p>Il 2023 segna il ritorno del <a href=\"https:\/\/www.fondazionefs.it\/content\/fondazionefs\/it\/treni-storici\/2023\/1\/6\/il-treno-della-befana.html\" target=\"_blank\" rel=\"noopener\">Treno della Befana<\/a>, un\u2019esperienza di viaggio unica a bordo di carrozze &#8220;Centoporte&#8221; degli anni &#8217;30. La locomotiva partir\u00e0 il 6 gennaio dalla stazione di Firenze Santa Maria Novella alle ore 09.12 con arrivo a San Piero a Sieve alle ore 11.10. I passeggeri saranno accolti con un piccolo rinfresco e intrattenimento per adulti e bambini. Nel borgo, inoltre, \u00e8 prevista la tradizionale festa dell&#8217;Epifania: un\u2019occasione per visitare i piccoli negozi di prodotti tipici.<\/p>\n<figure id=\"post-73500 media-73500\" class=\"align-none\"><img decoding=\"async\" src=\"https:\/\/www.intoscana.it\/wp-content\/uploads\/35-befanatreno-1.jpg\" alt=\"\" \/><\/figure>\n<div class=\"titleimg\">Treno della Befana<\/div>\n<h3>In barca o in parapendio: una Befana alternativa<\/h3>\n<p>La Befana arriver\u00e0 vogando, a bordo di un <strong>dragon boat<\/strong> carico di calze, alla <strong>Canottieri Comunali Firenze<\/strong>. Saranno molte le befane che accoglieranno le famiglie in riva d\u2019Arno per uno degli appuntamenti pi\u00f9 attesi della citt\u00e0. Il gruppo delle Florence Dragon Lady-Lilt e altre donne della Canottieri Comunali vestiranno gli abiti della Befana e animeranno la festa invitando tutti a fare una gita sul fiume.<\/p>\n<p><iframe loading=\"lazy\" style=\"border: none; overflow: hidden;\" src=\"https:\/\/www.facebook.com\/plugins\/video.php?href=https%3A%2F%2Fwww.facebook.com%2FAsdCanottieriComunaliFirenze%2Fvideos%2F896676150998276%2F&amp;width=800&amp;show_text=false&amp;appId=658724847632282&amp;height=414\" width=\"800\" height=\"414\" frameborder=\"0\" scrolling=\"no\" allowfullscreen=\"allowfullscreen\"><\/iframe><\/p>\n<p>Viene dal mare, invece, la Befana di <strong>Marina di Massa<\/strong> che, scortata dai sommozzatori al pontile, distribuir\u00e0 palloncini e calze ai bambini presenti.<\/p>\n<p>Sar\u00e0 una Befana \u201calternativa\u201d anche quella di <strong>Vicopisano<\/strong> perch\u00e9 arriver\u00e0 in piazza Cavalca a bordo di un <strong>fuoristrada 4&#215;4<\/strong> giusto in tempo per consegnare le calze ai bambini.<\/p>\n<p>A <strong>Diecimo<\/strong>, la Befana atterrer\u00e0 in <strong>parapendio<\/strong> lungo il fiume Serchio. L\u2019evento, organizzato dal club Volo Libero, vede la collaborazione della Pro Loco di Borgo a Mozzano.<\/p>\n<p>In occasione di <strong>Pompieropoli<\/strong>, manifestazione ideata dall\u2019Associazione Nazionale dei Vigili del Fuoco per insegnare ai bambini cos&#8217;\u00e8 il rischio attraverso il gioco, la Befana arriver\u00e0 in piazza del Giglio a Lucca sulla <strong>Campagnola<\/strong>, il veicolo fuoristrada utilizzato dai pompieri. L&#8217;iniziativa \u00e8 a offerta libera e il ricavato sar\u00e0 interamente versato sul conto corrente aperto dal Comune di Lucca per le famiglie vittime dell\u2019<a href=\"https:\/\/www.intoscana.it\/it\/articolo\/esplosione-lucca-tre-morti\/\" target=\"_blank\" rel=\"noopener\">esplosione di Torre<\/a>.<\/p>\n<h3>La notte della Befana in Casentino<\/h3>\n<p>La notte dell&#8217;Epifania \u00e8 vissuta come una notte speciale in Casentino. La ritualit\u00e0 prende la forma della \u201cquestua itinerante\u201d a <strong>Bibbiena<\/strong> con il <strong>Carro della Befana<\/strong>. Dal 2 al 5 gennaio, una \u201ccasa della befana\u201d su ruote accoglie i suonatori e dispensa dolci ai bambini.<\/p>\n<p>A <strong>Chitignano<\/strong> la questua itinerante dei bambini andr\u00e0 di casa in casa per l&#8217;intera giornata del 5 gennaio. In contemporanea, a <strong>Badia Prataglia<\/strong> si tiene la Cenavecchia: i bambini travestiti da \u201cbefanotti\u201d effettuano una questua itinerante cantando attraverso le case e gli alberghi del paese. Lo stesso giorno, a partire dalle ore 22, si tiene il tradizionale grande fal\u00f2 del fantoccio raffigurante la Befana nella piazza di <strong>Soci<\/strong> (Bibbiena).<\/p>\n<figure id=\"post-265651 media-265651\" class=\"align-none\"><img decoding=\"async\" src=\"https:\/\/www.intoscana.it\/wp-content\/uploads\/befanotti-casentino.jpeg\" alt=\"\" \/><\/figure>\n<div class=\"titleimg\">Cenavecchi, befane, befanoni e befanotti in Casentino &#8211; \u00a9 Ecomuseo del Casentino<\/div>\n<p>A <strong>Moggiona<\/strong> (Poppi), l\u2019ultimo arrivato alla Messa dell\u2019Epifania (ore 11,15) \u00e8 destinato a portare il <strong>fantoccio del \u201cBefanone\u201d<\/strong> per le vie del paese. Previsti un fal\u00f2 e un brindisi finale.<\/p>\n<p>A chiudere i festeggiamenti, il 7 gennaio a <strong>Montemignaio<\/strong> sono i <strong>Vecchioni<\/strong>: un &#8220;giudice&#8221;, insieme a un gruppo mascherato, mette in scena rappresentazioni ed \u201cemette sentenze\u201d spostandosi nelle frazioni di tutto il paese.<\/p>\n<h3>La Cavalcata dei Magi a Borgo San Lorenzo<\/h3>\n<p>Si terr\u00e0 nei giorni<strong> sabato 7 e domenica 8 gennaio 2023<\/strong> la dodicesima edizione de \u201cLa Cavalcata dei Magi\u201d a Borgo San Lorenzo. Si inizia il sabato nelle sale di <strong>Villa Pecori Giraldi<\/strong>, con un laboratorio di sartoria del XV secolo. Domenica 8 gennaio, infine, per le vie del paese sfiler\u00e0 un <strong>corteo storico<\/strong> e nel pomeriggio si esibir\u00e0 in un concerto il <strong>Gruppo Rinascimentale<\/strong> della Scuola Media dell&#8217;Istituto Comprensivo diretto dalla professoressa Marilisa Cantini.<\/p>\n<h3>Il tuffo di Befana a Marina di Pisa<\/h3>\n<p>Una tradizione e un augurio. Dopo il <a href=\"https:\/\/www.intoscana.it\/it\/articolo\/un-tuffo-per-dare-il-benvenuto-al-2023-ecco-dove-in-toscana\/\">tuffo di Capodanno<\/a>\u00a0che si \u00e8 tenuto in diverse zone lungo la costa toscana e a Firenze, a <strong>Marina di Pisa<\/strong> \u00e8 tutto pronto per la <strong>15esima edizione del \u201c<a href=\"https:\/\/www.facebook.com\/Tuffodibefana\" target=\"_blank\" rel=\"noopener\">Tuffo di Befana<\/a>\u201d<\/strong>. Il 6 gennaio l\u2019appuntamento \u00e8 per le ore 11; previsti riconoscimenti speciali per il gruppo pi\u00f9 numeroso, per il tuffatore pi\u00f9 giovane e meno giovane.<\/p>\n<h3>La casa e la cucina della Befana<\/h3>\n<p>Non tutti forse sanno che in Toscana c\u2019\u00e8 anche la <a href=\"https:\/\/www.labefanadibarga.it\/\" target=\"_blank\" rel=\"noopener\"><strong>Casina della Befana<\/strong><\/a>: si tratta della residenza che, ogni anno, \u00e8 visitata da tantissimi bambini con le loro famiglie. Nel pomeriggio del 5 gennaio la Befana sar\u00e0 per le vie di Barga per i canti di questua; il 6 gennaio, invece, la festa si tiene nella sua casina di legno in mezzo ai castagni di Pegnana.<\/p>\n<p>Ma non finisce qui. In via Ghirlanda, nel centro storico di Massa, viene allestita anche la <a href=\"https:\/\/www.facebook.com\/events\/3268949863419459\/?acontext=%7B%22event_action_history%22%3A[%7B%22mechanism%22%3A%22search_results%22%2C%22surface%22%3A%22bookmark_search%22%7D]%2C%22ref_notif_type%22%3Anull%7D\" target=\"_blank\" rel=\"noopener\"><strong>Cucina della Befana<\/strong><\/a> che ospiter\u00e0 la simpatica vecchietta da luned\u00ec 2 a gioved\u00ec 5 gennaio dalle 15.30 alle 18.00. Tutti giorni sono previsti laboratori, burattini, letture e molto altro.<\/p>\n<h3>Per gli amanti dello sport<\/h3>\n<p>Se al posto di feste e laboratori preferite una giornata all\u2019insegna dello sport, la <strong>48esima Maratonina della Befana<\/strong> \u00e8 ci\u00f2 che fa per voi. La gara competitiva di 13,5 km (e non competitiva di 5 km) partir\u00e0 da via Pio Fedi, 7 a Firenze. Il percorso si snoder\u00e0 principalmente lungo il famoso <strong>Parco delle Cascine<\/strong>.<\/p>\n<p>Il prossimo 6 gennaio \u00e8 in programma a <strong>Castelfranco di Sotto<\/strong> il raduno &#8220;<strong>La Befana in Bicicletta<\/strong>&#8221; per le vie del paese. Alla fine del percorso, con ritrovo davanti al Palazzo Comunale, verranno regalate le calze donate dalla sezione Soci Unicoop Firenze Valdarno Inferiore. L&#8217;itinerario a pedali \u00e8 adatto a tutti, grandi e piccini.<\/p>\n<div class=\"focuson\"><a href=\"https:\/\/www.intoscana.it\/it\/articolo\/mostre-vacanze-natale-toscana\/\"><img decoding=\"async\" class=\"lazy\" src=\"https:\/\/www.intoscana.it\/wp-content\/uploads\/Banksy-Ragazza-con-palloncino-Girl-with-balloon-1.jpg\" style=\"\">\n                <div class=\"cat\">Mostre da vedere in Toscana<\/div>\n                <h4>Tante proposte culturali per tutta la famiglia<\/h4><\/a>\n              <\/div>\n<h3>Mostre e musei<\/h3>\n<p>Anche l\u2019arte non va in vacanza. Al <strong>Museo degli Innocenti di Firenze<\/strong>, fino al 26 marzo 2023, \u00e8 possibile ammirare una grande mostra che rende omaggio al genio visionario dell\u2019artista olandese <a href=\"https:\/\/www.intoscana.it\/it\/dettaglio-video\/escher-mostra-firenze\/\"><strong>Maurits Cornelis Escher<\/strong><\/a>.<\/p>\n<p>A Pisa, invece, la mostra \u201c<a href=\"https:\/\/www.intoscana.it\/it\/dettaglio-video\/i-macchiaioli-a-palazzo-blu-oltre-120-capolavori-in-mostra-a-pisa\/\"><strong>I Macchiaioli<\/strong><\/a>\u201d a <strong>Palazzo Blu<\/strong> ripercorre l\u2019entusiasmante rivoluzione che ha dato vita a una delle pi\u00f9 originali avanguardie della seconda met\u00e0 del XIX secolo che ha influenzato anche il cinema, da Luchino Visconti a Martin Scorsese.<\/p>\n<p>Fino all\u20198 gennaio 2023 al complesso museale <strong>Santa Maria della Scala a Siena<\/strong> \u00e8 aperta la grande mostra \u201c<a href=\"https:\/\/www.intoscana.it\/it\/articolo\/in-mostra-al-santa-maria-della-scala-i-capolavori-di-cinque-secoli-di-arte-senese\/\"><strong>Arte Senese \u2013 Dal tardo Medioevo al Novecento<\/strong><\/a>\u201d, nelle collezioni del Monte dei Paschi di Siena a cura di Laura Bonelli.<\/p>\n<h3>Befana a teatro, tra spettacoli e concerti<\/h3>\n<p>Montecatini Terme accoglie\u00a0due giganti della musica italiana.\u00a0<strong>Antonello Venditti e Francesco De Gregori<\/strong>\u00a0fanno tappa il 5 e 6 gennaio (ore 20,45) al\u00a0<a href=\"https:\/\/www.teatroverdimontecatini.it\/default.aspx\" target=\"_blank\" rel=\"noopener\"><strong>Teatro Verdi<\/strong><\/a>. Mentre, al Teatro Roma di <strong>Castagneto Carducci<\/strong>, il 6 gennaio (ore 17) andr\u00e0 in scena il tradizionale\u00a0<a href=\"https:\/\/www.visitcastagneto.com\/concerto-epifania-6-gennaio-2023\/\" target=\"_blank\" rel=\"noopener\" class=\"broken_link\"><strong>concerto dell\u2019Epifania<\/strong><\/a>\u00a0con le pi\u00f9 belle musiche del cinema di\u00a0<strong>Walt Disney\u00a0<\/strong>con il soprano Sang Eun Kim e il pianista Luigi Giachino.<\/p>\n<p>Il 5 e il 6 gennaio al <strong>Teatro Politeama Pratese<\/strong> \u00e8 in programma un evento speciale per la festa della Befana con la Compagnia Ribolle: una rivisitazione del suo storico spettacolo &#8220;<strong>Il circo delle bolle di sapone<\/strong>&#8220;. Bolle che scaturiranno da strumenti immaginifici o dalle semplici mani. Bolle che si andranno a mescolare con le danze e le clownerie, dove il pubblico sar\u00e0 coinvolto in un&#8217;animazione continua tra sketch, incanto e gioia.<\/p>\n<p>Venerd\u00ec 6 gennaio, la <strong>Citt\u00e0 del Teatro di Cascina<\/strong> ospita invece <strong>Klinke<\/strong>: un intenso spettacolo tra gesti, acrobazie mozzafiato, parole, musica, luci e scenografia.<\/p>\n<p>Lo stesso giorno alle 17, al teatro Verdi di <strong>Santa Croce sull\u2019Arno<\/strong>, Il Baule dei sogni porta <strong>La Befana a Teatro<\/strong> di e con Lorenzo Cecchi, produzione Giallo Mare Minimale Teatro \/Circoribalta.<\/p>\n<h3>Presepi artistici<\/h3>\n<figure id=\"post-258671 media-258671\" class=\"align-none\"><img decoding=\"async\" src=\"https:\/\/www.intoscana.it\/wp-content\/uploads\/sarteano-natale-2022-foto-repertorio-5.jpeg\" alt=\"\" \/><\/figure>\n<div class=\"titleimg\">Presepi d\u2019autore a Sarteano con la mostra diffusa \u201cL\u2019arte della nativit\u00e0\u201d<\/div>\n<p>Durante le feste di Natale, colline e <a href=\"https:\/\/www.intoscana.it\/it\/articolo\/epifania-2023-cinque-borghi-toscani-da-visitare\/\" target=\"_blank\" rel=\"noopener\">borghi toscani<\/a> diventano i luoghi ideali per ospitare statuine di artigiani, pastori e stelle comete. Ecco perch\u00e9, anche il giorno dell\u2019Epifania, \u00e8 una buona occasione per organizzare una gita fuori porta alla ricerca dei <strong>presepi pi\u00f9 belli del territorio<\/strong>.<\/p>\n<p><a href=\"https:\/\/www.intoscana.it\/it\/articolo\/sarteano-borgo-dei-presepi-2022\/\" target=\"_blank\" rel=\"noopener\"><strong>Sarteano<\/strong><\/a>, ad esempio, per il sesto anno diventa \u201cIl Paese dei Presepi\u201d e fino all\u20198 gennaio 2023 ospiter\u00e0 la mostra diffusa e a ingresso libero \u201cL\u2019Arte nella Nativit\u00e0\u201d. L\u2018esposizione si snoda tra le vie del borgo; parte dalla centralissima Sala Mostre comunale di piazza Bargagli per addentrarsi nel \u201cpaese vecchio\u201d.<\/p>\n<p>La tradizione secolare del presepe \u00e8 parte integrante della cultura popolare della Valle del Serchio. L&#8217;iniziativa <strong>La Valle dei Presepi<\/strong> raccoglie tutte la rappresentazioni della Nativit\u00e0 che vengono allestite in Media Valle: dalle pi\u00f9 tradizionali, vere proprie opere d&#8217;arte e di artigianato, a quelle pi\u00f9 innovative, e poi i presepi viventi, rievocazioni in costume che animano le vie dei centri storici.<\/p>\n<p>Il 6 gennaio \u00e8 anche l\u2019ultimo giorno per visitare la <strong>Mostra dei Presepi<\/strong> ospitata negli spazi del <strong>Rivoli Boutique Hotel di Firenze<\/strong>. L\u2019ingresso e\u0300 gratuito, ma chi lo desidera puo\u0300 lasciare un dono alla <a href=\"https:\/\/www.intoscana.it\/it\/articolo\/presepi-artistici-in-mostra-per-sostenere-la-fondazione-bacciotti\/\" target=\"_blank\" rel=\"noopener\"><strong>Fondazione Tommasino Bacciotti<\/strong><\/a>.<\/p>\n<h3>Tradizioni enogastronomiche<\/h3>\n<figure id=\"post-205972 media-205972\" class=\"align-none\"><img decoding=\"async\" src=\"https:\/\/www.intoscana.it\/wp-content\/uploads\/befanini-biscotti-epifania-scaled.jpg\" alt=\"\" \/><\/figure>\n<div class=\"titleimg\">Cavallucci, befanini (o befanotti) e non solo: i biscotti che omaggiano la Befana &#8211; \u00a9 Fotografiche<\/div>\n<p>I <strong>befanini<\/strong> (chiamati anche befanotti a seconda della localit\u00e0), come si evince dal nome, sono dei <a href=\"https:\/\/www.intoscana.it\/it\/articolo\/biscotti-toscani-befana\/\" target=\"_blank\" rel=\"noopener\">tipici biscotti<\/a> che vengono sfornati nel periodo dell\u2019Epifania nella provincia di Lucca e in particolare <strong>in Versilia e in Garfagnana<\/strong>. Sono dolcetti di pasta frolla che anche i bambini possono ritagliare con le formine e, infine, ricoprire con gli zuccherini colorati.<\/p>\n<p>Un\u2019altra ricetta che interessa principalmente le <strong>aree di Siena e di Arezzo<\/strong> \u00e8 quella dei <strong>cavallucci<\/strong>: dolci di antiche ed umili origini fatti con pochi semplici ingredienti (miele, farina, zucchero, canditi e noci).<\/p>\n","protected":false},"excerpt":{"rendered":"<p>Le feste in piazza e i dolci tipici, le gite fuori porta per ammirare i presepi artistici e i tuffi in mare. Il 6 gennaio per l\u2019Epifania sono in programma iniziative e spettacoli pensati per adulti e bambini<\/p>\n","protected":false},"author":483,"featured_media":265558,"comment_status":"open","ping_status":"open","sticky":false,"template":"","format":"standard","meta":{"_acf_changed":false,"footnotes":""},"categories":[6],"tags":[5257,4474,409],"class_list":["post-265514","post","type-post","status-publish","format-standard","has-post-thumbnail","hentry","category-viaggi","tag-befana","tag-eventi","tag-natale"],"acf":[],"yoast_head":"<!-- This site is optimized with the Yoast SEO Premium plugin v24.2 (Yoast SEO v25.6) - https:\/\/yoast.com\/wordpress\/plugins\/seo\/ -->\n<title>Befana in Toscana 2023, eventi e tradizioni da non perdere - intoscana<\/title>\n<meta name=\"description\" content=\"Il tuffo in mare, la visita alla tradizionale Casa in Garfagnana, le feste in piazza: ecco cosa fare in Toscana per festeggiare la Befana 2023\" \/>\n<meta name=\"robots\" content=\"index, follow, max-snippet:-1, max-image-preview:large, max-video-preview:-1\" \/>\n<link rel=\"canonical\" href=\"https:\/\/www.intoscana.it\/it\/befana-in-toscana-2023\/\" \/>\n<meta property=\"og:locale\" content=\"it_IT\" \/>\n<meta property=\"og:type\" content=\"article\" \/>\n<meta property=\"og:title\" content=\"Befana in Toscana 2023, eventi e tradizioni da non perdere\" \/>\n<meta property=\"og:description\" content=\"Il tuffo in mare, la visita alla tradizionale Casa in Garfagnana, le feste in piazza: ecco cosa fare in Toscana per festeggiare la Befana 2023\" \/>\n<meta property=\"og:url\" content=\"https:\/\/www.intoscana.it\/it\/befana-in-toscana-2023\/\" \/>\n<meta property=\"og:site_name\" content=\"intoscana\" \/>\n<meta property=\"article:publisher\" content=\"https:\/\/www.facebook.com\/intoscana.it\" \/>\n<meta property=\"article:published_time\" content=\"2023-01-02T13:57:12+00:00\" \/>\n<meta property=\"article:modified_time\" content=\"2023-01-05T12:55:07+00:00\" \/>\n<meta property=\"og:image\" content=\"https:\/\/www.intoscana.it\/wp-content\/uploads\/casina-befana-toscana.jpeg\" \/>\n\t<meta property=\"og:image:width\" content=\"960\" \/>\n\t<meta property=\"og:image:height\" content=\"720\" \/>\n\t<meta property=\"og:image:type\" content=\"image\/jpeg\" \/>\n<meta name=\"author\" content=\"Marta Mancini\" \/>\n<meta name=\"twitter:card\" content=\"summary_large_image\" \/>\n<meta name=\"twitter:creator\" content=\"@intoscana\" \/>\n<meta name=\"twitter:site\" content=\"@intoscana\" \/>\n<meta name=\"twitter:label1\" content=\"Written by\" \/>\n\t<meta name=\"twitter:data1\" content=\"Marta Mancini\" \/>\n\t<meta name=\"twitter:label2\" content=\"Est. reading time\" \/>\n\t<meta name=\"twitter:data2\" content=\"12 minuti\" \/>\n<script type=\"application\/ld+json\" class=\"yoast-schema-graph\">{\"@context\":\"https:\/\/schema.org\",\"@graph\":[{\"@type\":\"WebPage\",\"@id\":\"https:\/\/www.intoscana.it\/it\/befana-in-toscana-2023\/\",\"url\":\"https:\/\/www.intoscana.it\/it\/befana-in-toscana-2023\/\",\"name\":\"Befana in Toscana 2023, eventi e tradizioni da non perdere - intoscana\",\"isPartOf\":{\"@id\":\"https:\/\/www.intoscana.it\/it\/#website\"},\"primaryImageOfPage\":{\"@id\":\"https:\/\/www.intoscana.it\/it\/befana-in-toscana-2023\/#primaryimage\"},\"image\":{\"@id\":\"https:\/\/www.intoscana.it\/it\/befana-in-toscana-2023\/#primaryimage\"},\"thumbnailUrl\":\"https:\/\/www.intoscana.it\/wp-content\/uploads\/casina-befana-toscana.jpeg\",\"datePublished\":\"2023-01-02T13:57:12+00:00\",\"dateModified\":\"2023-01-05T12:55:07+00:00\",\"author\":{\"@id\":\"https:\/\/www.intoscana.it\/it\/#\/schema\/person\/ba955c49c389f39a8208f182b0652479\"},\"description\":\"Il tuffo in mare, la visita alla tradizionale Casa in Garfagnana, le feste in piazza: ecco cosa fare in Toscana per festeggiare la Befana 2023\",\"breadcrumb\":{\"@id\":\"https:\/\/www.intoscana.it\/it\/befana-in-toscana-2023\/#breadcrumb\"},\"inLanguage\":\"it-IT\",\"potentialAction\":[{\"@type\":\"ReadAction\",\"target\":[\"https:\/\/www.intoscana.it\/it\/befana-in-toscana-2023\/\"]}]},{\"@type\":\"ImageObject\",\"inLanguage\":\"it-IT\",\"@id\":\"https:\/\/www.intoscana.it\/it\/befana-in-toscana-2023\/#primaryimage\",\"url\":\"https:\/\/www.intoscana.it\/wp-content\/uploads\/casina-befana-toscana.jpeg\",\"contentUrl\":\"https:\/\/www.intoscana.it\/wp-content\/uploads\/casina-befana-toscana.jpeg\",\"width\":960,\"height\":720,\"caption\":\"La Casina della Befana di Barga\"},{\"@type\":\"BreadcrumbList\",\"@id\":\"https:\/\/www.intoscana.it\/it\/befana-in-toscana-2023\/#breadcrumb\",\"itemListElement\":[{\"@type\":\"ListItem\",\"position\":1,\"name\":\"Home\",\"item\":\"https:\/\/www.intoscana.it\/it\/\"},{\"@type\":\"ListItem\",\"position\":2,\"name\":\"Befana in Toscana 2023, eventi e tradizioni da non perdere\"}]},{\"@type\":\"WebSite\",\"@id\":\"https:\/\/www.intoscana.it\/it\/#website\",\"url\":\"https:\/\/www.intoscana.it\/it\/\",\"name\":\"intoscana\",\"description\":\"\",\"potentialAction\":[{\"@type\":\"SearchAction\",\"target\":{\"@type\":\"EntryPoint\",\"urlTemplate\":\"https:\/\/www.intoscana.it\/it\/?s={search_term_string}\"},\"query-input\":{\"@type\":\"PropertyValueSpecification\",\"valueRequired\":true,\"valueName\":\"search_term_string\"}}],\"inLanguage\":\"it-IT\"},{\"@type\":\"Person\",\"@id\":\"https:\/\/www.intoscana.it\/it\/#\/schema\/person\/ba955c49c389f39a8208f182b0652479\",\"name\":\"Marta Mancini\",\"url\":\"https:\/\/www.intoscana.it\/it\/author\/marta-mancini\/\"}]}<\/script>\n<!-- \/ Yoast SEO Premium plugin. -->","yoast_head_json":{"title":"Befana in Toscana 2023, eventi e tradizioni da non perdere - intoscana","description":"Il tuffo in mare, la visita alla tradizionale Casa in Garfagnana, le feste in piazza: ecco cosa fare in Toscana per festeggiare la Befana 2023","robots":{"index":"index","follow":"follow","max-snippet":"max-snippet:-1","max-image-preview":"max-image-preview:large","max-video-preview":"max-video-preview:-1"},"canonical":"https:\/\/www.intoscana.it\/it\/befana-in-toscana-2023\/","og_locale":"it_IT","og_type":"article","og_title":"Befana in Toscana 2023, eventi e tradizioni da non perdere","og_description":"Il tuffo in mare, la visita alla tradizionale Casa in Garfagnana, le feste in piazza: ecco cosa fare in Toscana per festeggiare la Befana 2023","og_url":"https:\/\/www.intoscana.it\/it\/befana-in-toscana-2023\/","og_site_name":"intoscana","article_publisher":"https:\/\/www.facebook.com\/intoscana.it","article_published_time":"2023-01-02T13:57:12+00:00","article_modified_time":"2023-01-05T12:55:07+00:00","og_image":[{"width":960,"height":720,"url":"https:\/\/www.intoscana.it\/wp-content\/uploads\/casina-befana-toscana.jpeg","type":"image\/jpeg"}],"author":"Marta Mancini","twitter_card":"summary_large_image","twitter_creator":"@intoscana","twitter_site":"@intoscana","twitter_misc":{"Written by":"Marta Mancini","Est. reading time":"12 minuti"},"schema":{"@context":"https:\/\/schema.org","@graph":[{"@type":"WebPage","@id":"https:\/\/www.intoscana.it\/it\/befana-in-toscana-2023\/","url":"https:\/\/www.intoscana.it\/it\/befana-in-toscana-2023\/","name":"Befana in Toscana 2023, eventi e tradizioni da non perdere - intoscana","isPartOf":{"@id":"https:\/\/www.intoscana.it\/it\/#website"},"primaryImageOfPage":{"@id":"https:\/\/www.intoscana.it\/it\/befana-in-toscana-2023\/#primaryimage"},"image":{"@id":"https:\/\/www.intoscana.it\/it\/befana-in-toscana-2023\/#primaryimage"},"thumbnailUrl":"https:\/\/www.intoscana.it\/wp-content\/uploads\/casina-befana-toscana.jpeg","datePublished":"2023-01-02T13:57:12+00:00","dateModified":"2023-01-05T12:55:07+00:00","author":{"@id":"https:\/\/www.intoscana.it\/it\/#\/schema\/person\/ba955c49c389f39a8208f182b0652479"},"description":"Il tuffo in mare, la visita alla tradizionale Casa in Garfagnana, le feste in piazza: ecco cosa fare in Toscana per festeggiare la Befana 2023","breadcrumb":{"@id":"https:\/\/www.intoscana.it\/it\/befana-in-toscana-2023\/#breadcrumb"},"inLanguage":"it-IT","potentialAction":[{"@type":"ReadAction","target":["https:\/\/www.intoscana.it\/it\/befana-in-toscana-2023\/"]}]},{"@type":"ImageObject","inLanguage":"it-IT","@id":"https:\/\/www.intoscana.it\/it\/befana-in-toscana-2023\/#primaryimage","url":"https:\/\/www.intoscana.it\/wp-content\/uploads\/casina-befana-toscana.jpeg","contentUrl":"https:\/\/www.intoscana.it\/wp-content\/uploads\/casina-befana-toscana.jpeg","width":960,"height":720,"caption":"La Casina della Befana di Barga"},{"@type":"BreadcrumbList","@id":"https:\/\/www.intoscana.it\/it\/befana-in-toscana-2023\/#breadcrumb","itemListElement":[{"@type":"ListItem","position":1,"name":"Home","item":"https:\/\/www.intoscana.it\/it\/"},{"@type":"ListItem","position":2,"name":"Befana in Toscana 2023, eventi e tradizioni da non perdere"}]},{"@type":"WebSite","@id":"https:\/\/www.intoscana.it\/it\/#website","url":"https:\/\/www.intoscana.it\/it\/","name":"intoscana","description":"","potentialAction":[{"@type":"SearchAction","target":{"@type":"EntryPoint","urlTemplate":"https:\/\/www.intoscana.it\/it\/?s={search_term_string}"},"query-input":{"@type":"PropertyValueSpecification","valueRequired":true,"valueName":"search_term_string"}}],"inLanguage":"it-IT"},{"@type":"Person","@id":"https:\/\/www.intoscana.it\/it\/#\/schema\/person\/ba955c49c389f39a8208f182b0652479","name":"Marta Mancini","url":"https:\/\/www.intoscana.it\/it\/author\/marta-mancini\/"}]}},"_links":{"self":[{"href":"https:\/\/www.intoscana.it\/it\/wp-json\/wp\/v2\/posts\/265514","targetHints":{"allow":["GET"]}}],"collection":[{"href":"https:\/\/www.intoscana.it\/it\/wp-json\/wp\/v2\/posts"}],"about":[{"href":"https:\/\/www.intoscana.it\/it\/wp-json\/wp\/v2\/types\/post"}],"author":[{"embeddable":true,"href":"https:\/\/www.intoscana.it\/it\/wp-json\/wp\/v2\/users\/483"}],"replies":[{"embeddable":true,"href":"https:\/\/www.intoscana.it\/it\/wp-json\/wp\/v2\/comments?post=265514"}],"version-history":[{"count":0,"href":"https:\/\/www.intoscana.it\/it\/wp-json\/wp\/v2\/posts\/265514\/revisions"}],"wp:featuredmedia":[{"embeddable":true,"href":"https:\/\/www.intoscana.it\/it\/wp-json\/wp\/v2\/media\/265558"}],"wp:attachment":[{"href":"https:\/\/www.intoscana.it\/it\/wp-json\/wp\/v2\/media?parent=265514"}],"wp:term":[{"taxonomy":"category","embeddable":true,"href":"https:\/\/www.intoscana.it\/it\/wp-json\/wp\/v2\/categories?post=265514"},{"taxonomy":"post_tag","embeddable":true,"href":"https:\/\/www.intoscana.it\/it\/wp-json\/wp\/v2\/tags?post=265514"}],"curies":[{"name":"wp","href":"https:\/\/api.w.org\/{rel}","templated":true}]}}