{"id":265836,"date":"2023-01-04T16:44:56","date_gmt":"2023-01-04T15:44:56","guid":{"rendered":"https:\/\/www.intoscana.it\/it\/?p=265836"},"modified":"2023-01-08T15:57:46","modified_gmt":"2023-01-08T14:57:46","slug":"formazione-ifts-due-nuovi-percorsi-per-moda-e-filiera-ict","status":"publish","type":"post","link":"https:\/\/www.intoscana.it\/it\/formazione-ifts-due-nuovi-percorsi-per-moda-e-filiera-ict\/","title":{"rendered":"Formazione Ifts, due nuovi percorsi per moda e filiera Ict"},"content":{"rendered":"<p>Finanziati <strong>due nuovi percorsi<\/strong> duali per acquisire competenze professionali certificate: uno nella <strong>filiera della moda<\/strong>, l\u2019altro nella filiera <strong>ICT (Information and Communication Technologies)<\/strong>.<\/p>\n<p>Con il nuovo finanziamento \u00e8 stato possibile scorrere la graduatoria dei progetti di Istruzione e Formazione Tecnica Superiore (IFTS), ammessi a finanziamento con risorse PNRR.<\/p>\n<p>\u201c<em>Grazie al PNRR possiamo mettere in campo percorsi formativi che accompagnino transizione ecologica e transizione digitale<\/em> &#8211; spiega l\u2019assessora a istruzione, formazione e lavoro <strong>Alessandra Nardini<\/strong> &#8211; <em>con l&#8217;obiettivo di salvaguardare e creare posti di lavoro, innovando e rendendo sempre pi\u00f9 competitive le nostre imprese&#8221;.<\/em><\/p>\n<figure id=\"post-199596 media-199596\" class=\"align-none\"><img decoding=\"async\" src=\"https:\/\/www.intoscana.it\/wp-content\/uploads\/DSC0583-scaled.jpg\" alt=\"\" \/><\/figure>\n<div class=\"titleimg\">Alessandra Nardini &#8211; \u00a9 Scuola Imt Alti Studi Lucca<\/div>\n<p>In una fase di grandi trasformazioni per la Regione va garantita <strong>un&#8217;offerta formativa all&#8217;altezza<\/strong>, capace di cogliere <strong>le nuove opportunit\u00e0 occupazionali<\/strong> che si presentano.<em> &#8220;\u00c9 essenziale &#8211; conclude &#8211; formare nuove figure professionali con competenze specialistiche, trasversali e interdisciplinari, sempre pi\u00f9 richieste dalle imprese toscane che si stanno mostrando attente al tema della sostenibilit\u00e0 ambientale dei processi e delle produzioni e sono impegnate nel cogliere appieno le opportunit\u00e0 della transizione digitale<\/em>\u201d.<\/p>\n<p>Salgono a <strong>34 i progetti IFTS toscani<\/strong> ad oggi finanziati, per un totale di\u00a0 <strong>4.058.290 euro<\/strong>. Ciascun progetto, della durata di due semestri, ricever\u00e0 un finanziamento per un massimo di 119.980 euro.<\/p>\n<p>L\u2019azione rientra nell\u2019ambito di <strong>GiovaniS\u00ec<\/strong>, il progetto della Regione Toscana per <strong>l\u2019autonomia dei giovani<\/strong>.<\/p>\n<p>&nbsp;<\/p>\n","protected":false},"excerpt":{"rendered":"<p>Per l&#8217;assessora Nardini fondamentale puntare su un&#8217;istruzione all&#8217;altezza, in grado di aiutare i giovani ad affrontare le sfide lavorative pi\u00f9 impegnative<\/p>\n","protected":false},"author":525,"featured_media":258830,"comment_status":"open","ping_status":"open","sticky":false,"template":"","format":"standard","meta":{"_acf_changed":false,"footnotes":""},"categories":[475],"tags":[6226,361,244],"class_list":["post-265836","post","type-post","status-publish","format-standard","has-post-thumbnail","hentry","category-innovazione","tag-alessandra-nardini","tag-formazione","tag-giovanisi"],"acf":[],"yoast_head":"<!-- This site is optimized with the Yoast SEO Premium plugin v24.2 (Yoast SEO v25.6) - https:\/\/yoast.com\/wordpress\/plugins\/seo\/ -->\n<title>Formazione Ifts, due nuovi percorsi per moda e filiera Ict - intoscana<\/title>\n<meta name=\"description\" content=\"Per l&#039;assessora Nardini fondamentale puntare su un&#039;istruzione all&#039;altezza, in grado di aiutare i giovani ad affrontare le sfide lavorative\" \/>\n<meta name=\"robots\" content=\"index, follow, max-snippet:-1, max-image-preview:large, max-video-preview:-1\" \/>\n<link rel=\"canonical\" href=\"https:\/\/www.intoscana.it\/it\/formazione-ifts-due-nuovi-percorsi-per-moda-e-filiera-ict\/\" \/>\n<meta property=\"og:locale\" content=\"it_IT\" \/>\n<meta property=\"og:type\" content=\"article\" \/>\n<meta property=\"og:title\" content=\"Formazione Ifts, due nuovi percorsi per moda e filiera Ict\" \/>\n<meta property=\"og:description\" content=\"Per l&#039;assessora Nardini fondamentale puntare su un&#039;istruzione all&#039;altezza, in grado di aiutare i giovani ad affrontare le sfide lavorative\" \/>\n<meta property=\"og:url\" content=\"https:\/\/www.intoscana.it\/it\/formazione-ifts-due-nuovi-percorsi-per-moda-e-filiera-ict\/\" \/>\n<meta property=\"og:site_name\" content=\"intoscana\" \/>\n<meta property=\"article:publisher\" content=\"https:\/\/www.facebook.com\/intoscana.it\" \/>\n<meta property=\"article:published_time\" content=\"2023-01-04T15:44:56+00:00\" \/>\n<meta property=\"article:modified_time\" content=\"2023-01-08T14:57:46+00:00\" \/>\n<meta property=\"og:image\" content=\"https:\/\/www.intoscana.it\/wp-content\/uploads\/Fondazione-Its-Tab-scaled.jpg\" \/>\n\t<meta property=\"og:image:width\" content=\"2048\" \/>\n\t<meta property=\"og:image:height\" content=\"1536\" \/>\n\t<meta property=\"og:image:type\" content=\"image\/jpeg\" \/>\n<meta name=\"author\" content=\"Redazione\" \/>\n<meta name=\"twitter:card\" content=\"summary_large_image\" \/>\n<meta name=\"twitter:creator\" content=\"@intoscana\" \/>\n<meta name=\"twitter:site\" content=\"@intoscana\" \/>\n<meta name=\"twitter:label1\" content=\"Written by\" \/>\n\t<meta name=\"twitter:data1\" content=\"Redazione\" \/>\n\t<meta name=\"twitter:label2\" content=\"Est. reading time\" \/>\n\t<meta name=\"twitter:data2\" content=\"1 minuto\" \/>\n<script type=\"application\/ld+json\" class=\"yoast-schema-graph\">{\"@context\":\"https:\/\/schema.org\",\"@graph\":[{\"@type\":\"WebPage\",\"@id\":\"https:\/\/www.intoscana.it\/it\/formazione-ifts-due-nuovi-percorsi-per-moda-e-filiera-ict\/\",\"url\":\"https:\/\/www.intoscana.it\/it\/formazione-ifts-due-nuovi-percorsi-per-moda-e-filiera-ict\/\",\"name\":\"Formazione Ifts, due nuovi percorsi per moda e filiera Ict - intoscana\",\"isPartOf\":{\"@id\":\"https:\/\/www.intoscana.it\/it\/#website\"},\"primaryImageOfPage\":{\"@id\":\"https:\/\/www.intoscana.it\/it\/formazione-ifts-due-nuovi-percorsi-per-moda-e-filiera-ict\/#primaryimage\"},\"image\":{\"@id\":\"https:\/\/www.intoscana.it\/it\/formazione-ifts-due-nuovi-percorsi-per-moda-e-filiera-ict\/#primaryimage\"},\"thumbnailUrl\":\"https:\/\/www.intoscana.it\/wp-content\/uploads\/Fondazione-Its-Tab-scaled.jpg\",\"datePublished\":\"2023-01-04T15:44:56+00:00\",\"dateModified\":\"2023-01-08T14:57:46+00:00\",\"author\":{\"@id\":\"https:\/\/www.intoscana.it\/it\/#\/schema\/person\/9223810753230f20bd670fdd322661f8\"},\"description\":\"Per l'assessora Nardini fondamentale puntare su un'istruzione all'altezza, in grado di aiutare i giovani ad affrontare le sfide lavorative\",\"breadcrumb\":{\"@id\":\"https:\/\/www.intoscana.it\/it\/formazione-ifts-due-nuovi-percorsi-per-moda-e-filiera-ict\/#breadcrumb\"},\"inLanguage\":\"it-IT\",\"potentialAction\":[{\"@type\":\"ReadAction\",\"target\":[\"https:\/\/www.intoscana.it\/it\/formazione-ifts-due-nuovi-percorsi-per-moda-e-filiera-ict\/\"]}]},{\"@type\":\"ImageObject\",\"inLanguage\":\"it-IT\",\"@id\":\"https:\/\/www.intoscana.it\/it\/formazione-ifts-due-nuovi-percorsi-per-moda-e-filiera-ict\/#primaryimage\",\"url\":\"https:\/\/www.intoscana.it\/wp-content\/uploads\/Fondazione-Its-Tab-scaled.jpg\",\"contentUrl\":\"https:\/\/www.intoscana.it\/wp-content\/uploads\/Fondazione-Its-Tab-scaled.jpg\",\"width\":2048,\"height\":1536},{\"@type\":\"BreadcrumbList\",\"@id\":\"https:\/\/www.intoscana.it\/it\/formazione-ifts-due-nuovi-percorsi-per-moda-e-filiera-ict\/#breadcrumb\",\"itemListElement\":[{\"@type\":\"ListItem\",\"position\":1,\"name\":\"Home\",\"item\":\"https:\/\/www.intoscana.it\/it\/\"},{\"@type\":\"ListItem\",\"position\":2,\"name\":\"Formazione Ifts, due nuovi percorsi per moda e filiera Ict\"}]},{\"@type\":\"WebSite\",\"@id\":\"https:\/\/www.intoscana.it\/it\/#website\",\"url\":\"https:\/\/www.intoscana.it\/it\/\",\"name\":\"intoscana\",\"description\":\"\",\"potentialAction\":[{\"@type\":\"SearchAction\",\"target\":{\"@type\":\"EntryPoint\",\"urlTemplate\":\"https:\/\/www.intoscana.it\/it\/?s={search_term_string}\"},\"query-input\":{\"@type\":\"PropertyValueSpecification\",\"valueRequired\":true,\"valueName\":\"search_term_string\"}}],\"inLanguage\":\"it-IT\"},{\"@type\":\"Person\",\"@id\":\"https:\/\/www.intoscana.it\/it\/#\/schema\/person\/9223810753230f20bd670fdd322661f8\",\"name\":\"Redazione\",\"url\":\"https:\/\/www.intoscana.it\/it\/author\/redazione\/\"}]}<\/script>\n<!-- \/ Yoast SEO Premium plugin. -->","yoast_head_json":{"title":"Formazione Ifts, due nuovi percorsi per moda e filiera Ict - intoscana","description":"Per l'assessora Nardini fondamentale puntare su un'istruzione all'altezza, in grado di aiutare i giovani ad affrontare le sfide lavorative","robots":{"index":"index","follow":"follow","max-snippet":"max-snippet:-1","max-image-preview":"max-image-preview:large","max-video-preview":"max-video-preview:-1"},"canonical":"https:\/\/www.intoscana.it\/it\/formazione-ifts-due-nuovi-percorsi-per-moda-e-filiera-ict\/","og_locale":"it_IT","og_type":"article","og_title":"Formazione Ifts, due nuovi percorsi per moda e filiera Ict","og_description":"Per l'assessora Nardini fondamentale puntare su un'istruzione all'altezza, in grado di aiutare i giovani ad affrontare le sfide lavorative","og_url":"https:\/\/www.intoscana.it\/it\/formazione-ifts-due-nuovi-percorsi-per-moda-e-filiera-ict\/","og_site_name":"intoscana","article_publisher":"https:\/\/www.facebook.com\/intoscana.it","article_published_time":"2023-01-04T15:44:56+00:00","article_modified_time":"2023-01-08T14:57:46+00:00","og_image":[{"width":2048,"height":1536,"url":"https:\/\/www.intoscana.it\/wp-content\/uploads\/Fondazione-Its-Tab-scaled.jpg","type":"image\/jpeg"}],"author":"Redazione","twitter_card":"summary_large_image","twitter_creator":"@intoscana","twitter_site":"@intoscana","twitter_misc":{"Written by":"Redazione","Est. reading time":"1 minuto"},"schema":{"@context":"https:\/\/schema.org","@graph":[{"@type":"WebPage","@id":"https:\/\/www.intoscana.it\/it\/formazione-ifts-due-nuovi-percorsi-per-moda-e-filiera-ict\/","url":"https:\/\/www.intoscana.it\/it\/formazione-ifts-due-nuovi-percorsi-per-moda-e-filiera-ict\/","name":"Formazione Ifts, due nuovi percorsi per moda e filiera Ict - intoscana","isPartOf":{"@id":"https:\/\/www.intoscana.it\/it\/#website"},"primaryImageOfPage":{"@id":"https:\/\/www.intoscana.it\/it\/formazione-ifts-due-nuovi-percorsi-per-moda-e-filiera-ict\/#primaryimage"},"image":{"@id":"https:\/\/www.intoscana.it\/it\/formazione-ifts-due-nuovi-percorsi-per-moda-e-filiera-ict\/#primaryimage"},"thumbnailUrl":"https:\/\/www.intoscana.it\/wp-content\/uploads\/Fondazione-Its-Tab-scaled.jpg","datePublished":"2023-01-04T15:44:56+00:00","dateModified":"2023-01-08T14:57:46+00:00","author":{"@id":"https:\/\/www.intoscana.it\/it\/#\/schema\/person\/9223810753230f20bd670fdd322661f8"},"description":"Per l'assessora Nardini fondamentale puntare su un'istruzione all'altezza, in grado di aiutare i giovani ad affrontare le sfide lavorative","breadcrumb":{"@id":"https:\/\/www.intoscana.it\/it\/formazione-ifts-due-nuovi-percorsi-per-moda-e-filiera-ict\/#breadcrumb"},"inLanguage":"it-IT","potentialAction":[{"@type":"ReadAction","target":["https:\/\/www.intoscana.it\/it\/formazione-ifts-due-nuovi-percorsi-per-moda-e-filiera-ict\/"]}]},{"@type":"ImageObject","inLanguage":"it-IT","@id":"https:\/\/www.intoscana.it\/it\/formazione-ifts-due-nuovi-percorsi-per-moda-e-filiera-ict\/#primaryimage","url":"https:\/\/www.intoscana.it\/wp-content\/uploads\/Fondazione-Its-Tab-scaled.jpg","contentUrl":"https:\/\/www.intoscana.it\/wp-content\/uploads\/Fondazione-Its-Tab-scaled.jpg","width":2048,"height":1536},{"@type":"BreadcrumbList","@id":"https:\/\/www.intoscana.it\/it\/formazione-ifts-due-nuovi-percorsi-per-moda-e-filiera-ict\/#breadcrumb","itemListElement":[{"@type":"ListItem","position":1,"name":"Home","item":"https:\/\/www.intoscana.it\/it\/"},{"@type":"ListItem","position":2,"name":"Formazione Ifts, due nuovi percorsi per moda e filiera Ict"}]},{"@type":"WebSite","@id":"https:\/\/www.intoscana.it\/it\/#website","url":"https:\/\/www.intoscana.it\/it\/","name":"intoscana","description":"","potentialAction":[{"@type":"SearchAction","target":{"@type":"EntryPoint","urlTemplate":"https:\/\/www.intoscana.it\/it\/?s={search_term_string}"},"query-input":{"@type":"PropertyValueSpecification","valueRequired":true,"valueName":"search_term_string"}}],"inLanguage":"it-IT"},{"@type":"Person","@id":"https:\/\/www.intoscana.it\/it\/#\/schema\/person\/9223810753230f20bd670fdd322661f8","name":"Redazione","url":"https:\/\/www.intoscana.it\/it\/author\/redazione\/"}]}},"_links":{"self":[{"href":"https:\/\/www.intoscana.it\/it\/wp-json\/wp\/v2\/posts\/265836","targetHints":{"allow":["GET"]}}],"collection":[{"href":"https:\/\/www.intoscana.it\/it\/wp-json\/wp\/v2\/posts"}],"about":[{"href":"https:\/\/www.intoscana.it\/it\/wp-json\/wp\/v2\/types\/post"}],"author":[{"embeddable":true,"href":"https:\/\/www.intoscana.it\/it\/wp-json\/wp\/v2\/users\/525"}],"replies":[{"embeddable":true,"href":"https:\/\/www.intoscana.it\/it\/wp-json\/wp\/v2\/comments?post=265836"}],"version-history":[{"count":0,"href":"https:\/\/www.intoscana.it\/it\/wp-json\/wp\/v2\/posts\/265836\/revisions"}],"wp:featuredmedia":[{"embeddable":true,"href":"https:\/\/www.intoscana.it\/it\/wp-json\/wp\/v2\/media\/258830"}],"wp:attachment":[{"href":"https:\/\/www.intoscana.it\/it\/wp-json\/wp\/v2\/media?parent=265836"}],"wp:term":[{"taxonomy":"category","embeddable":true,"href":"https:\/\/www.intoscana.it\/it\/wp-json\/wp\/v2\/categories?post=265836"},{"taxonomy":"post_tag","embeddable":true,"href":"https:\/\/www.intoscana.it\/it\/wp-json\/wp\/v2\/tags?post=265836"}],"curies":[{"name":"wp","href":"https:\/\/api.w.org\/{rel}","templated":true}]}}