{"id":266131,"date":"2023-01-09T14:52:53","date_gmt":"2023-01-09T13:52:53","guid":{"rendered":"https:\/\/www.intoscana.it\/it\/?p=266131"},"modified":"2023-01-09T16:47:15","modified_gmt":"2023-01-09T15:47:15","slug":"primo-anno-del-politecnico-delle-arti-e-del-design-giani-percorso-unico-in-italia","status":"publish","type":"post","link":"https:\/\/www.intoscana.it\/it\/primo-anno-del-politecnico-delle-arti-e-del-design-giani-percorso-unico-in-italia\/","title":{"rendered":"Primo anno del Politecnico delle Arti e del Design, Giani: &#8220;Percorso unico in Italia&#8221;"},"content":{"rendered":"<p>Inaugurato il <mark>primo anno accademico del Politecnico delle Arti e del Design che federa i tre istituti di Firenze: il Conservatorio Cherubini, l\u2019Accademia delle Belle Arti e l\u2019Isia.<\/mark> Un evento organizzato al teatro Niccolini che ha visto la presenza del ministro dell\u2019Universit\u00e0 e della Ricerca <strong>Anna Maria Bernini<\/strong> insieme al presidente della Regione <strong>Eugenio Giani<\/strong>, il sindaco <strong>Dario Nardella<\/strong>, e i presidenti dei tre istituti: Rosa Maria Di Giorgi per il Cherubini e l\u2019Isia, Carlo Sisi per l\u2019Accademia.<\/p>\n<p>Il Politecnico formalizza una collaborazione ultra decennale dei tre istituti che diventa cos\u00ec un <strong>innovativo polo formativo<\/strong>, primo esempio di federazione nel settore.<\/p>\n<p>\u201cQuella di oggi \u2013 ha detto <strong>Giani<\/strong> &#8211; \u00e8 un\u2019 occasione unica in Italia: una federazione fra tre istituti dimostra la grande storia che Firenze ha nell\u2019alta formazione. Ed \u00e8 anche un\u2019ulteriore spinta a mettere insieme le energie per poter realizzare strutture sempre pi\u00f9 qualificate. <mark>In questo caso si parla di musica con il Conservatorio, di design industriale grazie all\u2019Isia. L\u2019Accademia si porta dietro un patrimonio di storia e di arte fin dalla sua nascita nel 1564 con Vasari e Cosimo I dei Medici. Tre realt\u00e0 che possono dare qualcosa di unico al mondo&#8221;.<\/mark><\/p>\n<h3><em>Tre istituti con una grande storia<\/em><\/h3>\n<p>Il presidente Giani ha ricordato alcune grandi opere realizzate da artisti che si sono formati in questi tre istituti fiorentini. Il palazzo d\u2019Inverno e l\u2019Ermitage di San Pietroburgo progettato da Carlo Bartolomeo Rastrelli, il Teatro comunale di Varsavia progettato da Antonio Corazzi. E poi il padre dei Macchiaioli, Fattori, che insegnava all\u2019Accademia. &#8220;Vedere &#8211; ha aggiunto Giani &#8211; che nella versione moderna questi istituti riescono a mettersi insieme e ad avere la possibilit\u00e0 di creare nuovi spazi, penso ad esempio <mark>l\u2019ex Meccanotessile di Rifredi, a Villa Strozzi, \u00e8 un ulteriore passo verso la qualificazione di Firenze in questi settori.<\/mark> Mettere insieme alcune grandi realt\u00e0 della formazione culturale e artistica \u2013 ha concluso &#8211; puntare su percorsi di alta formazione, consolidare la prospettiva di un vero e proprio politecnico delle Arti e del Design \u00e8 lo sviluppo e la messa a frutto della grande eredit\u00e0 che ci arriva dai Medici e dai Lorena, un modo per diventare ancora di pi\u00f9 un polo di attrazione internazionale\u201d.<\/p>\n<figure id=\"post-266212 media-266212\" class=\"align-none\"><img decoding=\"async\" src=\"https:\/\/www.intoscana.it\/wp-content\/uploads\/Inaugurazione-anno-accademico_ph-Antonio-Viscido.jpg\" alt=\"\" \/><\/figure>\n<div class=\"titleimg\">Inaugurazione anno accademico_ph Antonio Viscido<\/div>\n<p>Il nuovo Politecnico delle arti di Firenze sar\u00e0 &#8220;un bellissimo progetto pilota che mette insieme l&#8217;arte, la musica, il design, creando il prodotto perfetto&#8221;, ha detto la ministra<strong> Bernini.<\/strong> &#8220;\u00c8 una bella iniziativa che come Ministero vogliamo continuare a condividere e seguire nel suo sviluppo, perch\u00e9 riteniamo che sia il futuro&#8221;. L&#8217;alta formazione artistica, musicale, coreutica &#8211; ha poi aggiunto &#8211; \u00e8 <mark>&#8220;in assoluto un patrimonio di talenti, una fabbrica di bello e di ben fatto che dobbiamo valorizzare sempre di pi\u00f9&#8221;, e il nuovo Politecnico offrir\u00e0 agli studenti &#8220;una prospettiva, un maggiore aggancio con il mercato del lavoro, perch\u00e9 creer\u00e0 una dimensione di collegamento tra arte e tecnologia che \u00e8 il futuro&#8221;.<\/mark><\/p>\n","protected":false},"excerpt":{"rendered":"<p>Inaugurazione con la ministra Bernini per il polo didattico che unisce i tre istituti di Firenze: il Conservatorio Cherubini, l\u2019Accademia delle Belle Arti e l\u2019Isia<\/p>\n","protected":false},"author":525,"featured_media":266174,"comment_status":"open","ping_status":"open","sticky":false,"template":"","format":"standard","meta":{"_acf_changed":false,"footnotes":""},"categories":[475],"tags":[158,361,189],"class_list":["post-266131","post","type-post","status-publish","format-standard","has-post-thumbnail","hentry","category-innovazione","tag-eugenio-giani","tag-formazione","tag-moda"],"acf":[],"yoast_head":"<!-- This site is optimized with the Yoast SEO Premium plugin v24.2 (Yoast SEO v25.6) - https:\/\/yoast.com\/wordpress\/plugins\/seo\/ -->\n<title>Primo anno del Politecnico delle Arti e del Design, Giani: &quot;Percorso unico in Italia&quot; - intoscana<\/title>\n<meta name=\"description\" content=\"Inaugurazione con la ministra Bernini per il polo didattico che unisce i tre istituti di Firenze: il Conservatorio Cherubini, l\u2019Accademia delle Belle Arti e l\u2019Isia\" \/>\n<meta name=\"robots\" content=\"index, follow, max-snippet:-1, max-image-preview:large, max-video-preview:-1\" \/>\n<link rel=\"canonical\" href=\"https:\/\/www.intoscana.it\/it\/primo-anno-del-politecnico-delle-arti-e-del-design-giani-percorso-unico-in-italia\/\" \/>\n<meta property=\"og:locale\" content=\"it_IT\" \/>\n<meta property=\"og:type\" content=\"article\" \/>\n<meta property=\"og:title\" content=\"Primo anno del Politecnico delle Arti e del Design, Giani: &quot;Percorso unico in Italia&quot;\" \/>\n<meta property=\"og:description\" content=\"Inaugurazione con la ministra Bernini per il polo didattico che unisce i tre istituti di Firenze: il Conservatorio Cherubini, l\u2019Accademia delle Belle Arti e l\u2019Isia\" \/>\n<meta property=\"og:url\" content=\"https:\/\/www.intoscana.it\/it\/primo-anno-del-politecnico-delle-arti-e-del-design-giani-percorso-unico-in-italia\/\" \/>\n<meta property=\"og:site_name\" content=\"intoscana\" \/>\n<meta property=\"article:publisher\" content=\"https:\/\/www.facebook.com\/intoscana.it\" \/>\n<meta property=\"article:published_time\" content=\"2023-01-09T13:52:53+00:00\" \/>\n<meta property=\"article:modified_time\" content=\"2023-01-09T15:47:15+00:00\" \/>\n<meta property=\"og:image\" content=\"https:\/\/www.intoscana.it\/wp-content\/uploads\/giani-niccolini.jpeg\" \/>\n\t<meta property=\"og:image:width\" content=\"1723\" \/>\n\t<meta property=\"og:image:height\" content=\"1307\" \/>\n\t<meta property=\"og:image:type\" content=\"image\/jpeg\" \/>\n<meta name=\"author\" content=\"Redazione\" \/>\n<meta name=\"twitter:card\" content=\"summary_large_image\" \/>\n<meta name=\"twitter:creator\" content=\"@intoscana\" \/>\n<meta name=\"twitter:site\" content=\"@intoscana\" \/>\n<meta name=\"twitter:label1\" content=\"Written by\" \/>\n\t<meta name=\"twitter:data1\" content=\"Redazione\" \/>\n\t<meta name=\"twitter:label2\" content=\"Est. reading time\" \/>\n\t<meta name=\"twitter:data2\" content=\"2 minuti\" \/>\n<script type=\"application\/ld+json\" class=\"yoast-schema-graph\">{\"@context\":\"https:\/\/schema.org\",\"@graph\":[{\"@type\":\"WebPage\",\"@id\":\"https:\/\/www.intoscana.it\/it\/primo-anno-del-politecnico-delle-arti-e-del-design-giani-percorso-unico-in-italia\/\",\"url\":\"https:\/\/www.intoscana.it\/it\/primo-anno-del-politecnico-delle-arti-e-del-design-giani-percorso-unico-in-italia\/\",\"name\":\"Primo anno del Politecnico delle Arti e del Design, Giani: \\\"Percorso unico in Italia\\\" - intoscana\",\"isPartOf\":{\"@id\":\"https:\/\/www.intoscana.it\/it\/#website\"},\"primaryImageOfPage\":{\"@id\":\"https:\/\/www.intoscana.it\/it\/primo-anno-del-politecnico-delle-arti-e-del-design-giani-percorso-unico-in-italia\/#primaryimage\"},\"image\":{\"@id\":\"https:\/\/www.intoscana.it\/it\/primo-anno-del-politecnico-delle-arti-e-del-design-giani-percorso-unico-in-italia\/#primaryimage\"},\"thumbnailUrl\":\"https:\/\/www.intoscana.it\/wp-content\/uploads\/giani-niccolini.jpeg\",\"datePublished\":\"2023-01-09T13:52:53+00:00\",\"dateModified\":\"2023-01-09T15:47:15+00:00\",\"author\":{\"@id\":\"https:\/\/www.intoscana.it\/it\/#\/schema\/person\/9223810753230f20bd670fdd322661f8\"},\"description\":\"Inaugurazione con la ministra Bernini per il polo didattico che unisce i tre istituti di Firenze: il Conservatorio Cherubini, l\u2019Accademia delle Belle Arti e l\u2019Isia\",\"breadcrumb\":{\"@id\":\"https:\/\/www.intoscana.it\/it\/primo-anno-del-politecnico-delle-arti-e-del-design-giani-percorso-unico-in-italia\/#breadcrumb\"},\"inLanguage\":\"it-IT\",\"potentialAction\":[{\"@type\":\"ReadAction\",\"target\":[\"https:\/\/www.intoscana.it\/it\/primo-anno-del-politecnico-delle-arti-e-del-design-giani-percorso-unico-in-italia\/\"]}]},{\"@type\":\"ImageObject\",\"inLanguage\":\"it-IT\",\"@id\":\"https:\/\/www.intoscana.it\/it\/primo-anno-del-politecnico-delle-arti-e-del-design-giani-percorso-unico-in-italia\/#primaryimage\",\"url\":\"https:\/\/www.intoscana.it\/wp-content\/uploads\/giani-niccolini.jpeg\",\"contentUrl\":\"https:\/\/www.intoscana.it\/wp-content\/uploads\/giani-niccolini.jpeg\",\"width\":1723,\"height\":1307},{\"@type\":\"BreadcrumbList\",\"@id\":\"https:\/\/www.intoscana.it\/it\/primo-anno-del-politecnico-delle-arti-e-del-design-giani-percorso-unico-in-italia\/#breadcrumb\",\"itemListElement\":[{\"@type\":\"ListItem\",\"position\":1,\"name\":\"Home\",\"item\":\"https:\/\/www.intoscana.it\/it\/\"},{\"@type\":\"ListItem\",\"position\":2,\"name\":\"Primo anno del Politecnico delle Arti e del Design, Giani: &#8220;Percorso unico in Italia&#8221;\"}]},{\"@type\":\"WebSite\",\"@id\":\"https:\/\/www.intoscana.it\/it\/#website\",\"url\":\"https:\/\/www.intoscana.it\/it\/\",\"name\":\"intoscana\",\"description\":\"\",\"potentialAction\":[{\"@type\":\"SearchAction\",\"target\":{\"@type\":\"EntryPoint\",\"urlTemplate\":\"https:\/\/www.intoscana.it\/it\/?s={search_term_string}\"},\"query-input\":{\"@type\":\"PropertyValueSpecification\",\"valueRequired\":true,\"valueName\":\"search_term_string\"}}],\"inLanguage\":\"it-IT\"},{\"@type\":\"Person\",\"@id\":\"https:\/\/www.intoscana.it\/it\/#\/schema\/person\/9223810753230f20bd670fdd322661f8\",\"name\":\"Redazione\",\"url\":\"https:\/\/www.intoscana.it\/it\/author\/redazione\/\"}]}<\/script>\n<!-- \/ Yoast SEO Premium plugin. -->","yoast_head_json":{"title":"Primo anno del Politecnico delle Arti e del Design, Giani: \"Percorso unico in Italia\" - intoscana","description":"Inaugurazione con la ministra Bernini per il polo didattico che unisce i tre istituti di Firenze: il Conservatorio Cherubini, l\u2019Accademia delle Belle Arti e l\u2019Isia","robots":{"index":"index","follow":"follow","max-snippet":"max-snippet:-1","max-image-preview":"max-image-preview:large","max-video-preview":"max-video-preview:-1"},"canonical":"https:\/\/www.intoscana.it\/it\/primo-anno-del-politecnico-delle-arti-e-del-design-giani-percorso-unico-in-italia\/","og_locale":"it_IT","og_type":"article","og_title":"Primo anno del Politecnico delle Arti e del Design, Giani: \"Percorso unico in Italia\"","og_description":"Inaugurazione con la ministra Bernini per il polo didattico che unisce i tre istituti di Firenze: il Conservatorio Cherubini, l\u2019Accademia delle Belle Arti e l\u2019Isia","og_url":"https:\/\/www.intoscana.it\/it\/primo-anno-del-politecnico-delle-arti-e-del-design-giani-percorso-unico-in-italia\/","og_site_name":"intoscana","article_publisher":"https:\/\/www.facebook.com\/intoscana.it","article_published_time":"2023-01-09T13:52:53+00:00","article_modified_time":"2023-01-09T15:47:15+00:00","og_image":[{"width":1723,"height":1307,"url":"https:\/\/www.intoscana.it\/wp-content\/uploads\/giani-niccolini.jpeg","type":"image\/jpeg"}],"author":"Redazione","twitter_card":"summary_large_image","twitter_creator":"@intoscana","twitter_site":"@intoscana","twitter_misc":{"Written by":"Redazione","Est. reading time":"2 minuti"},"schema":{"@context":"https:\/\/schema.org","@graph":[{"@type":"WebPage","@id":"https:\/\/www.intoscana.it\/it\/primo-anno-del-politecnico-delle-arti-e-del-design-giani-percorso-unico-in-italia\/","url":"https:\/\/www.intoscana.it\/it\/primo-anno-del-politecnico-delle-arti-e-del-design-giani-percorso-unico-in-italia\/","name":"Primo anno del Politecnico delle Arti e del Design, Giani: \"Percorso unico in Italia\" - intoscana","isPartOf":{"@id":"https:\/\/www.intoscana.it\/it\/#website"},"primaryImageOfPage":{"@id":"https:\/\/www.intoscana.it\/it\/primo-anno-del-politecnico-delle-arti-e-del-design-giani-percorso-unico-in-italia\/#primaryimage"},"image":{"@id":"https:\/\/www.intoscana.it\/it\/primo-anno-del-politecnico-delle-arti-e-del-design-giani-percorso-unico-in-italia\/#primaryimage"},"thumbnailUrl":"https:\/\/www.intoscana.it\/wp-content\/uploads\/giani-niccolini.jpeg","datePublished":"2023-01-09T13:52:53+00:00","dateModified":"2023-01-09T15:47:15+00:00","author":{"@id":"https:\/\/www.intoscana.it\/it\/#\/schema\/person\/9223810753230f20bd670fdd322661f8"},"description":"Inaugurazione con la ministra Bernini per il polo didattico che unisce i tre istituti di Firenze: il Conservatorio Cherubini, l\u2019Accademia delle Belle Arti e l\u2019Isia","breadcrumb":{"@id":"https:\/\/www.intoscana.it\/it\/primo-anno-del-politecnico-delle-arti-e-del-design-giani-percorso-unico-in-italia\/#breadcrumb"},"inLanguage":"it-IT","potentialAction":[{"@type":"ReadAction","target":["https:\/\/www.intoscana.it\/it\/primo-anno-del-politecnico-delle-arti-e-del-design-giani-percorso-unico-in-italia\/"]}]},{"@type":"ImageObject","inLanguage":"it-IT","@id":"https:\/\/www.intoscana.it\/it\/primo-anno-del-politecnico-delle-arti-e-del-design-giani-percorso-unico-in-italia\/#primaryimage","url":"https:\/\/www.intoscana.it\/wp-content\/uploads\/giani-niccolini.jpeg","contentUrl":"https:\/\/www.intoscana.it\/wp-content\/uploads\/giani-niccolini.jpeg","width":1723,"height":1307},{"@type":"BreadcrumbList","@id":"https:\/\/www.intoscana.it\/it\/primo-anno-del-politecnico-delle-arti-e-del-design-giani-percorso-unico-in-italia\/#breadcrumb","itemListElement":[{"@type":"ListItem","position":1,"name":"Home","item":"https:\/\/www.intoscana.it\/it\/"},{"@type":"ListItem","position":2,"name":"Primo anno del Politecnico delle Arti e del Design, Giani: &#8220;Percorso unico in Italia&#8221;"}]},{"@type":"WebSite","@id":"https:\/\/www.intoscana.it\/it\/#website","url":"https:\/\/www.intoscana.it\/it\/","name":"intoscana","description":"","potentialAction":[{"@type":"SearchAction","target":{"@type":"EntryPoint","urlTemplate":"https:\/\/www.intoscana.it\/it\/?s={search_term_string}"},"query-input":{"@type":"PropertyValueSpecification","valueRequired":true,"valueName":"search_term_string"}}],"inLanguage":"it-IT"},{"@type":"Person","@id":"https:\/\/www.intoscana.it\/it\/#\/schema\/person\/9223810753230f20bd670fdd322661f8","name":"Redazione","url":"https:\/\/www.intoscana.it\/it\/author\/redazione\/"}]}},"_links":{"self":[{"href":"https:\/\/www.intoscana.it\/it\/wp-json\/wp\/v2\/posts\/266131","targetHints":{"allow":["GET"]}}],"collection":[{"href":"https:\/\/www.intoscana.it\/it\/wp-json\/wp\/v2\/posts"}],"about":[{"href":"https:\/\/www.intoscana.it\/it\/wp-json\/wp\/v2\/types\/post"}],"author":[{"embeddable":true,"href":"https:\/\/www.intoscana.it\/it\/wp-json\/wp\/v2\/users\/525"}],"replies":[{"embeddable":true,"href":"https:\/\/www.intoscana.it\/it\/wp-json\/wp\/v2\/comments?post=266131"}],"version-history":[{"count":0,"href":"https:\/\/www.intoscana.it\/it\/wp-json\/wp\/v2\/posts\/266131\/revisions"}],"wp:featuredmedia":[{"embeddable":true,"href":"https:\/\/www.intoscana.it\/it\/wp-json\/wp\/v2\/media\/266174"}],"wp:attachment":[{"href":"https:\/\/www.intoscana.it\/it\/wp-json\/wp\/v2\/media?parent=266131"}],"wp:term":[{"taxonomy":"category","embeddable":true,"href":"https:\/\/www.intoscana.it\/it\/wp-json\/wp\/v2\/categories?post=266131"},{"taxonomy":"post_tag","embeddable":true,"href":"https:\/\/www.intoscana.it\/it\/wp-json\/wp\/v2\/tags?post=266131"}],"curies":[{"name":"wp","href":"https:\/\/api.w.org\/{rel}","templated":true}]}}