{"id":266631,"date":"2023-01-11T17:59:14","date_gmt":"2023-01-11T16:59:14","guid":{"rendered":"https:\/\/www.intoscana.it\/it\/?p=266631"},"modified":"2023-01-16T16:04:56","modified_gmt":"2023-01-16T15:04:56","slug":"tesi-di-laurea-david-sassoli","status":"publish","type":"post","link":"https:\/\/www.intoscana.it\/it\/tesi-di-laurea-david-sassoli\/","title":{"rendered":"Premiate tre tesi di laurea in ricordo di David Sassoli. Mazzeo: &#8220;Affinch\u00e9 i giovani possano crescere seguendo i valori europei&#8221;"},"content":{"rendered":"<p>Come annunciato il Consiglio della regione Toscana ha premiato le migliori tesi di laurea dedicate a Davide Sassoli. Ad un anno dalla scomparsa dell\u2019ex presidente del Parlamento europeo, oggi la cerimonia di premiazione e il conferimento del premio.<\/p>\n<p><mark>\u2018L\u2019Europa, le regioni e i cittadini\u2019 <\/mark> il tema della prima edizione del riconoscimento rivolto a giovani laureati degli atenei toscani.<\/p>\n<h3>Il premio per la miglior tesi di laurea<\/h3>\n<p>Bandito nel 2022 dal Consiglio regionale della Toscana in attuazione della deliberazione dell\u2019ufficio di presidenza, d\u2019intesa con la commissione Politiche europee e relazioni internazionali, il Premio ha l\u2019obiettivo di ricordare il pensiero e l\u2019azione di Sassoli, incrociando la sua memoria con le idee delle giovani generazioni toscane e con le riflessioni sul rapporto tra Regioni ed Europa.<\/p>\n<p>I vincitori sono\u00a0<strong>Alice Campolmi<\/strong>, laureata all\u2019Universit\u00e0 di Firenze, prima classificata;\u00a0<strong>Filippo Bordoni,<\/strong> laureato all\u2019Universit\u00e0 di Pisa, secondo classificato e\u00a0<strong>Mira Manini<\/strong> Tiwari, dell\u2019Universit\u00e0 di Siena, terza. Il contributo di 10mila euro \u00e8 cos\u00ec distribuito: al primo premio sono assegnati 5mila euro, al secondo 3mila e al terzo 2mila.<\/p>\n<p>\u201cQuesta nostra iniziativa vuole tenere insieme il ricordo di David Sassoli con una prospettiva futura che solo i pi\u00f9 giovani, con le loro lenti e il loro studio possono offrire\u00a0\u2013 ha affermato il presidente del Consiglio regionale\u00a0<strong>Antonio Mazzeo\u00a0<\/strong>\u2013\u00a0Il bando non \u00e8 stato solo un bel modo per ricordare David, ma dar\u00e0 a giovani meritevoli l\u2019opportunit\u00e0 di crescere e sognare nel solco dei valori europei. Per questo ho preso l\u2019impegno che venga istituzionalizzato\u201d.<\/p>\n<p><mark>\u201cDavid \u00e8 stato un politico appassionato, leader leale, rigoroso, ha saputo nutrire con la sua cultura un&#8217;iniziativa politica al servizio delle persone e delle istituzioni, ed \u00e8 un esempio per chi come me guida l\u2019assemblea legislativa della nostra regione <\/mark>\u2013 ha continuato Mazzeo &#8211; Oggi l\u2019Europa, grazie anche al suo contributo, rappresenta una dimensione essenziale, irrinunciabile per la nostra democrazia e per la libert\u00e0 di ogni cittadino\u201d.<\/p>\n<h3>Ventidue le tesi dedicate a Sassoli<\/h3>\n<p>Ventidue le tesi che sono state esaminate dalla commissione, composta da Benedetta Baldi dell\u2019Universit\u00e0 degli Studi di Firenze, Edoardo Bressanelli della Scuola Superiore Sant&#8217;Anna di Pisa e Massimiliano Montini dell\u2019Universit\u00e0 degli Studi di Siena e da Jacopo Cellini dell\u2019European University Institute che ha espresso pieno apprezzamento per l\u2019elevata qualit\u00e0 dei lavori: <mark>\u201cAbbiamo voluto premiare non solo la qualit\u00e0 accademica \u2013 ha sottolineato Cellini &#8211; ma anche l\u2019originalit\u00e0 dei contenuti e l\u2019innovativit\u00e0 degli approcci proposti\u201d <\/mark><\/p>\n<h3>Le tesi premiate<\/h3>\n<p>Il primo premio \u00e8 stato assegnato alla tesi di <strong>Alice Campolmi,<\/strong> dal titolo \u2018La tutela degli stranieri sottoposti a misure di trattenimento: la normativa dell\u2019Unione europea e la sua attuazione nell\u2019ordinamento italiano\u2019. Classe 1997, di Pontassieve, Alice si \u00e8 laureata in Giurisprudenza all\u2019Universit\u00e0 degli studi di Firenze nel dicembre 2021. La sua tesi affronta nodi di stretta attualit\u00e0 nel dibattito pubblico: \u201cSono molto grata e onorata per questo premio \u2013 ha detto Alice Campolmi \u2013 e spero di poter contribuire a portare avanti il pensiero di David Sassoli in modo concreto\u201d.<\/p>\n<p>Quella di <strong>Filippo Bordoni,<\/strong> classe 1997 di Pavia, \u2018Management attraverso algoritmi e problemi di privacy: un approccio europeo\u2019, si occupa di un problema attinente al diritto del lavoro, ossia dell\u2019impatto degli algoritmi per la gestione dei lavoratori sul diritto alla privacy. Infine quella di <strong>Mina Manini Tiwari<\/strong> (nata a Kuala Lumpur in Malaysia nel 1997) riguarda un altro tema al centro della discussione pubblica, ovvero quello della transizione ecologica promossa dall\u2019Unione Europea attraverso il piano di investimenti dello European Green Deal e di come questa possa essere coniugata con logiche redistributive e di giustizia sociale.<\/p>\n","protected":false},"excerpt":{"rendered":"<p>Il bando era stato lanciato dal consiglio della Regione Toscana nel 2022. Tre i vincitori: Alice Campolmi dell&#8217;Universit\u00e0 di Firenze (prima classificata); Filippo Bordoni dell&#8217;Universit\u00e0 di Pisa e Mira Manini Tiwari dell\u2019Universit\u00e0 di Siena<\/p>\n","protected":false},"author":525,"featured_media":188860,"comment_status":"open","ping_status":"open","sticky":false,"template":"","format":"standard","meta":{"_acf_changed":false,"footnotes":""},"categories":[493],"tags":[4753,6174,5446,221,234],"class_list":["post-266631","post","type-post","status-publish","format-standard","has-post-thumbnail","hentry","category-cultura","tag-consiglio-regionale-della-toscana","tag-david-sassoli","tag-europa","tag-giovani","tag-universita"],"acf":[],"yoast_head":"<!-- This site is optimized with the Yoast SEO Premium plugin v24.2 (Yoast SEO v25.6) - https:\/\/yoast.com\/wordpress\/plugins\/seo\/ -->\n<title>Premiate tre tesi di laurea in ricordo di David Sassoli<\/title>\n<meta name=\"description\" content=\"Il Consiglio della regione Toscana ha premiato le migliori tesi di laurea dedicate a Davide Sassoli, ad un anno dalla scomparsa.\" \/>\n<meta name=\"robots\" content=\"index, follow, max-snippet:-1, max-image-preview:large, max-video-preview:-1\" \/>\n<link rel=\"canonical\" href=\"https:\/\/www.intoscana.it\/it\/tesi-di-laurea-david-sassoli\/\" \/>\n<meta property=\"og:locale\" content=\"it_IT\" \/>\n<meta property=\"og:type\" content=\"article\" \/>\n<meta property=\"og:title\" content=\"Premiate tre tesi di laurea in ricordo di David Sassoli. Mazzeo: &quot;Affinch\u00e9 i giovani possano crescere seguendo i valori europei&quot;\" \/>\n<meta property=\"og:description\" content=\"Il Consiglio della regione Toscana ha premiato le migliori tesi di laurea dedicate a Davide Sassoli, ad un anno dalla scomparsa.\" \/>\n<meta property=\"og:url\" content=\"https:\/\/www.intoscana.it\/it\/tesi-di-laurea-david-sassoli\/\" \/>\n<meta property=\"og:site_name\" content=\"intoscana\" \/>\n<meta property=\"article:publisher\" content=\"https:\/\/www.facebook.com\/intoscana.it\" \/>\n<meta property=\"article:published_time\" content=\"2023-01-11T16:59:14+00:00\" \/>\n<meta property=\"article:modified_time\" content=\"2023-01-16T15:04:56+00:00\" \/>\n<meta property=\"og:image\" content=\"https:\/\/www.intoscana.it\/wp-content\/uploads\/david_sassoli-scaled.jpg\" \/>\n\t<meta property=\"og:image:width\" content=\"2048\" \/>\n\t<meta property=\"og:image:height\" content=\"1365\" \/>\n\t<meta property=\"og:image:type\" content=\"image\/jpeg\" \/>\n<meta name=\"author\" content=\"Redazione\" \/>\n<meta name=\"twitter:card\" content=\"summary_large_image\" \/>\n<meta name=\"twitter:creator\" content=\"@intoscana\" \/>\n<meta name=\"twitter:site\" content=\"@intoscana\" \/>\n<meta name=\"twitter:label1\" content=\"Written by\" \/>\n\t<meta name=\"twitter:data1\" content=\"Redazione\" \/>\n\t<meta name=\"twitter:label2\" content=\"Est. reading time\" \/>\n\t<meta name=\"twitter:data2\" content=\"3 minuti\" \/>\n<script type=\"application\/ld+json\" class=\"yoast-schema-graph\">{\"@context\":\"https:\/\/schema.org\",\"@graph\":[{\"@type\":\"WebPage\",\"@id\":\"https:\/\/www.intoscana.it\/it\/tesi-di-laurea-david-sassoli\/\",\"url\":\"https:\/\/www.intoscana.it\/it\/tesi-di-laurea-david-sassoli\/\",\"name\":\"Premiate tre tesi di laurea in ricordo di David Sassoli\",\"isPartOf\":{\"@id\":\"https:\/\/www.intoscana.it\/it\/#website\"},\"primaryImageOfPage\":{\"@id\":\"https:\/\/www.intoscana.it\/it\/tesi-di-laurea-david-sassoli\/#primaryimage\"},\"image\":{\"@id\":\"https:\/\/www.intoscana.it\/it\/tesi-di-laurea-david-sassoli\/#primaryimage\"},\"thumbnailUrl\":\"https:\/\/www.intoscana.it\/wp-content\/uploads\/david_sassoli-scaled.jpg\",\"datePublished\":\"2023-01-11T16:59:14+00:00\",\"dateModified\":\"2023-01-16T15:04:56+00:00\",\"author\":{\"@id\":\"https:\/\/www.intoscana.it\/it\/#\/schema\/person\/9223810753230f20bd670fdd322661f8\"},\"description\":\"Il Consiglio della regione Toscana ha premiato le migliori tesi di laurea dedicate a Davide Sassoli, ad un anno dalla scomparsa.\",\"breadcrumb\":{\"@id\":\"https:\/\/www.intoscana.it\/it\/tesi-di-laurea-david-sassoli\/#breadcrumb\"},\"inLanguage\":\"it-IT\",\"potentialAction\":[{\"@type\":\"ReadAction\",\"target\":[\"https:\/\/www.intoscana.it\/it\/tesi-di-laurea-david-sassoli\/\"]}]},{\"@type\":\"ImageObject\",\"inLanguage\":\"it-IT\",\"@id\":\"https:\/\/www.intoscana.it\/it\/tesi-di-laurea-david-sassoli\/#primaryimage\",\"url\":\"https:\/\/www.intoscana.it\/wp-content\/uploads\/david_sassoli-scaled.jpg\",\"contentUrl\":\"https:\/\/www.intoscana.it\/wp-content\/uploads\/david_sassoli-scaled.jpg\",\"width\":2048,\"height\":1365,\"caption\":\"David Sassoli\"},{\"@type\":\"BreadcrumbList\",\"@id\":\"https:\/\/www.intoscana.it\/it\/tesi-di-laurea-david-sassoli\/#breadcrumb\",\"itemListElement\":[{\"@type\":\"ListItem\",\"position\":1,\"name\":\"Home\",\"item\":\"https:\/\/www.intoscana.it\/it\/\"},{\"@type\":\"ListItem\",\"position\":2,\"name\":\"Premiate tre tesi di laurea in ricordo di David Sassoli. Mazzeo: &#8220;Affinch\u00e9 i giovani possano crescere seguendo i valori europei&#8221;\"}]},{\"@type\":\"WebSite\",\"@id\":\"https:\/\/www.intoscana.it\/it\/#website\",\"url\":\"https:\/\/www.intoscana.it\/it\/\",\"name\":\"intoscana\",\"description\":\"\",\"potentialAction\":[{\"@type\":\"SearchAction\",\"target\":{\"@type\":\"EntryPoint\",\"urlTemplate\":\"https:\/\/www.intoscana.it\/it\/?s={search_term_string}\"},\"query-input\":{\"@type\":\"PropertyValueSpecification\",\"valueRequired\":true,\"valueName\":\"search_term_string\"}}],\"inLanguage\":\"it-IT\"},{\"@type\":\"Person\",\"@id\":\"https:\/\/www.intoscana.it\/it\/#\/schema\/person\/9223810753230f20bd670fdd322661f8\",\"name\":\"Redazione\",\"url\":\"https:\/\/www.intoscana.it\/it\/author\/redazione\/\"}]}<\/script>\n<!-- \/ Yoast SEO Premium plugin. -->","yoast_head_json":{"title":"Premiate tre tesi di laurea in ricordo di David Sassoli","description":"Il Consiglio della regione Toscana ha premiato le migliori tesi di laurea dedicate a Davide Sassoli, ad un anno dalla scomparsa.","robots":{"index":"index","follow":"follow","max-snippet":"max-snippet:-1","max-image-preview":"max-image-preview:large","max-video-preview":"max-video-preview:-1"},"canonical":"https:\/\/www.intoscana.it\/it\/tesi-di-laurea-david-sassoli\/","og_locale":"it_IT","og_type":"article","og_title":"Premiate tre tesi di laurea in ricordo di David Sassoli. Mazzeo: \"Affinch\u00e9 i giovani possano crescere seguendo i valori europei\"","og_description":"Il Consiglio della regione Toscana ha premiato le migliori tesi di laurea dedicate a Davide Sassoli, ad un anno dalla scomparsa.","og_url":"https:\/\/www.intoscana.it\/it\/tesi-di-laurea-david-sassoli\/","og_site_name":"intoscana","article_publisher":"https:\/\/www.facebook.com\/intoscana.it","article_published_time":"2023-01-11T16:59:14+00:00","article_modified_time":"2023-01-16T15:04:56+00:00","og_image":[{"width":2048,"height":1365,"url":"https:\/\/www.intoscana.it\/wp-content\/uploads\/david_sassoli-scaled.jpg","type":"image\/jpeg"}],"author":"Redazione","twitter_card":"summary_large_image","twitter_creator":"@intoscana","twitter_site":"@intoscana","twitter_misc":{"Written by":"Redazione","Est. reading time":"3 minuti"},"schema":{"@context":"https:\/\/schema.org","@graph":[{"@type":"WebPage","@id":"https:\/\/www.intoscana.it\/it\/tesi-di-laurea-david-sassoli\/","url":"https:\/\/www.intoscana.it\/it\/tesi-di-laurea-david-sassoli\/","name":"Premiate tre tesi di laurea in ricordo di David Sassoli","isPartOf":{"@id":"https:\/\/www.intoscana.it\/it\/#website"},"primaryImageOfPage":{"@id":"https:\/\/www.intoscana.it\/it\/tesi-di-laurea-david-sassoli\/#primaryimage"},"image":{"@id":"https:\/\/www.intoscana.it\/it\/tesi-di-laurea-david-sassoli\/#primaryimage"},"thumbnailUrl":"https:\/\/www.intoscana.it\/wp-content\/uploads\/david_sassoli-scaled.jpg","datePublished":"2023-01-11T16:59:14+00:00","dateModified":"2023-01-16T15:04:56+00:00","author":{"@id":"https:\/\/www.intoscana.it\/it\/#\/schema\/person\/9223810753230f20bd670fdd322661f8"},"description":"Il Consiglio della regione Toscana ha premiato le migliori tesi di laurea dedicate a Davide Sassoli, ad un anno dalla scomparsa.","breadcrumb":{"@id":"https:\/\/www.intoscana.it\/it\/tesi-di-laurea-david-sassoli\/#breadcrumb"},"inLanguage":"it-IT","potentialAction":[{"@type":"ReadAction","target":["https:\/\/www.intoscana.it\/it\/tesi-di-laurea-david-sassoli\/"]}]},{"@type":"ImageObject","inLanguage":"it-IT","@id":"https:\/\/www.intoscana.it\/it\/tesi-di-laurea-david-sassoli\/#primaryimage","url":"https:\/\/www.intoscana.it\/wp-content\/uploads\/david_sassoli-scaled.jpg","contentUrl":"https:\/\/www.intoscana.it\/wp-content\/uploads\/david_sassoli-scaled.jpg","width":2048,"height":1365,"caption":"David Sassoli"},{"@type":"BreadcrumbList","@id":"https:\/\/www.intoscana.it\/it\/tesi-di-laurea-david-sassoli\/#breadcrumb","itemListElement":[{"@type":"ListItem","position":1,"name":"Home","item":"https:\/\/www.intoscana.it\/it\/"},{"@type":"ListItem","position":2,"name":"Premiate tre tesi di laurea in ricordo di David Sassoli. Mazzeo: &#8220;Affinch\u00e9 i giovani possano crescere seguendo i valori europei&#8221;"}]},{"@type":"WebSite","@id":"https:\/\/www.intoscana.it\/it\/#website","url":"https:\/\/www.intoscana.it\/it\/","name":"intoscana","description":"","potentialAction":[{"@type":"SearchAction","target":{"@type":"EntryPoint","urlTemplate":"https:\/\/www.intoscana.it\/it\/?s={search_term_string}"},"query-input":{"@type":"PropertyValueSpecification","valueRequired":true,"valueName":"search_term_string"}}],"inLanguage":"it-IT"},{"@type":"Person","@id":"https:\/\/www.intoscana.it\/it\/#\/schema\/person\/9223810753230f20bd670fdd322661f8","name":"Redazione","url":"https:\/\/www.intoscana.it\/it\/author\/redazione\/"}]}},"_links":{"self":[{"href":"https:\/\/www.intoscana.it\/it\/wp-json\/wp\/v2\/posts\/266631","targetHints":{"allow":["GET"]}}],"collection":[{"href":"https:\/\/www.intoscana.it\/it\/wp-json\/wp\/v2\/posts"}],"about":[{"href":"https:\/\/www.intoscana.it\/it\/wp-json\/wp\/v2\/types\/post"}],"author":[{"embeddable":true,"href":"https:\/\/www.intoscana.it\/it\/wp-json\/wp\/v2\/users\/525"}],"replies":[{"embeddable":true,"href":"https:\/\/www.intoscana.it\/it\/wp-json\/wp\/v2\/comments?post=266631"}],"version-history":[{"count":0,"href":"https:\/\/www.intoscana.it\/it\/wp-json\/wp\/v2\/posts\/266631\/revisions"}],"wp:featuredmedia":[{"embeddable":true,"href":"https:\/\/www.intoscana.it\/it\/wp-json\/wp\/v2\/media\/188860"}],"wp:attachment":[{"href":"https:\/\/www.intoscana.it\/it\/wp-json\/wp\/v2\/media?parent=266631"}],"wp:term":[{"taxonomy":"category","embeddable":true,"href":"https:\/\/www.intoscana.it\/it\/wp-json\/wp\/v2\/categories?post=266631"},{"taxonomy":"post_tag","embeddable":true,"href":"https:\/\/www.intoscana.it\/it\/wp-json\/wp\/v2\/tags?post=266631"}],"curies":[{"name":"wp","href":"https:\/\/api.w.org\/{rel}","templated":true}]}}