{"id":266676,"date":"2023-01-12T10:04:48","date_gmt":"2023-01-12T09:04:48","guid":{"rendered":"https:\/\/www.intoscana.it\/it\/?p=266676"},"modified":"2023-01-12T10:04:48","modified_gmt":"2023-01-12T09:04:48","slug":"covid-19-in-toscana-487-i-nuovi-casi-cinque-i-decessi","status":"publish","type":"post","link":"https:\/\/www.intoscana.it\/it\/covid-19-in-toscana-487-i-nuovi-casi-cinque-i-decessi\/","title":{"rendered":"Covid-19 in Toscana 487 i nuovi casi. Cinque i decessi"},"content":{"rendered":"<p><strong>Sono 487 i nuovi casi di Covid-19<\/strong> registrati nelle ultime ventiquattro ore in Toscana: 83 sono stati confermati con tampone molecolare e gli altri 404 con test rapido.<\/p>\n<p>Il numero dei contagiati rilevati nella regione dall&#8217;inizio della pandemia sale dunque a<strong> 1.576.963.<\/strong> I nuovi casi sono lo 0,03% in pi\u00f9 rispetto al totale del giorno precedente. I guariti crescono dello 0,1% (1.158 persone) e raggiungono quota 1.493.710 (94,7% dei casi totali).<\/p>\n<p>Al momento in Toscana risultano pertanto <strong>71.823 positivi, -0,9% rispetto a ieri.<\/strong> Di questi 373 (17 in meno rispetto a ieri) sono ricoverati in ospedale: 20 (2 in meno) si trovano in terapia intensiva.<\/p>\n<p>La lista dei decessi si aggiorna con<strong> 5 nuovi decessi: 4 uomini e una donna con un&#8217;et\u00e0 media di 83 anni.<\/strong><\/p>\n<p>Dall&#8217;ultimo bollettino quotidiano sono stati eseguiti <strong>637 tamponi molecolari e 4.787 tamponi antigenici rapidi:<\/strong> di questi il 9% \u00e8 risultato positivo. Sono invece 790 i soggetti testati, escludendo i tamponi di controllo: il 61,6% di questi \u00e8 risultato positivo.<\/p>\n<h3>L&#8217;andamento per provincia<\/h3>\n<p>Con gli ultimi casi <strong>salgono a 422.214 i positivi dall&#8217;inizio dell&#8217;emergenza<\/strong> nei comuni della Citt\u00e0 metropolitana di Firenze (126 in pi\u00f9 rispetto a ieri), 102.958 in provincia di Prato (16 in pi\u00f9), 122.689 a Pistoia (13 in pi\u00f9), 82.718 a Massa Carrara (23 in pi\u00f9), 172.097 a Lucca (47 in pi\u00f9), 184.343 a Pisa (66 in pi\u00f9), 145.523 a Livorno (69 in pi\u00f9), 142.266 ad Arezzo (60 in pi\u00f9), 112.650 a Siena (40 in pi\u00f9) e 88.273 a Grosseto (27 in pi\u00f9). A questi vanno aggiunti 569 casi di positivit\u00e0 notificati in Toscana ma che riguardano residenti in altre regioni.<\/p>\n<p><strong>La Toscana ha circa 43.049 casi complessivi ogni 100.000 abitanti<\/strong> dall&#8217;inizio della pandemia (tra residenti e non residenti). Al momento la provincia di notifica con il tasso pi\u00f9 alto \u00e9 Lucca (con 44.997 casi ogni 100 mila abitanti), seguita da Livorno (44.467) e Pisa (44.203). La pi\u00f9 bassa concentrazione si riscontra a Prato (con un tasso di 39.887).<\/p>\n<p><strong>In 71.450 sono in isolamento a casa,<\/strong> perch\u00e9 presentano sintomi lievi che non richiedono cure ospedaliere o risultano prive di sintomi (659 in meno rispetto a ieri, meno 0,9%).<\/p>\n<p><strong>I 1.493.710 guariti registrati a oggi<\/strong> lo sono a tutti gli effetti, da un punto di vista virale, certificati con tampone negativo.<\/p>\n<h3>I decessi<\/h3>\n<p>La lista dei decessi si aggiorna con<strong> 5 nuovi decessi: 4 uomini e una donna con un&#8217;et\u00e0 media di 83 anni.<\/strong><\/p>\n<p>Relativamente alla provincia di residenza, le persone decedute sono:<strong> 1 a Firenze, 2 a Prato, 2 a Arezzo.<\/strong><\/p>\n<p><strong>Sono 11.430 i deceduti dall&#8217;inizio dell&#8217;epidemia:<\/strong> 3.641 nella Citt\u00e0 metropolitana di Firenze, 937 in provincia di Prato, 1.022 a Pistoia, 715 a Massa Carrara, 1.063 a Lucca, 1.275 a Pisa, 856 a Livorno, 727 ad Arezzo, 615 a Siena, 414 a Grosseto. Vanno aggiunte 165 persone decedute sul suolo toscano ma erano residenti fuori regione.<\/p>\n<p>Il tasso grezzo di mortalit\u00e0 per Covid-19 (numero di deceduti\/popolazione residente) \u00e8 al momento 312,0 ogni 100 mila residenti. Per quanto riguarda le province, il tasso di mortalit\u00e0 pi\u00f9 alto si riscontra a Massa Carrara (379,3 ogni 100 mila abitanti), seguita da Firenze (368,8 x100.000) e Prato (363,0 x100.000), mentre il pi\u00f9 basso \u00e8 a Grosseto (190,8 x100.000).<\/p>\n","protected":false},"excerpt":{"rendered":"<p>Al momento in Toscana risultano pertanto 71.823 positivi, -0,9% rispetto a ieri. Di questi 373 (17 in meno rispetto a ieri) sono ricoverati in ospedale: 20 (2 in meno) si trovano in terapia intensiva<\/p>\n","protected":false},"author":525,"featured_media":252981,"comment_status":"open","ping_status":"open","sticky":false,"template":"","format":"standard","meta":{"_acf_changed":false,"footnotes":""},"categories":[494],"tags":[4868,418,151],"class_list":["post-266676","post","type-post","status-publish","format-standard","has-post-thumbnail","hentry","category-attualita","tag-bollettino-covid-toscana","tag-covid-19","tag-regione-toscana"],"acf":[],"yoast_head":"<!-- This site is optimized with the Yoast SEO Premium plugin v24.2 (Yoast SEO v25.6) - https:\/\/yoast.com\/wordpress\/plugins\/seo\/ -->\n<title>Covid-19 in Toscana 487 i nuovi casi. Cinque i decessi - intoscana<\/title>\n<meta name=\"description\" content=\"Al momento in Toscana risultano pertanto 71.823 positivi, -0,9% rispetto a ieri. Di questi 373 (17 in meno rispetto a ieri)\" \/>\n<meta name=\"robots\" content=\"index, follow, max-snippet:-1, max-image-preview:large, max-video-preview:-1\" \/>\n<link rel=\"canonical\" href=\"https:\/\/www.intoscana.it\/it\/covid-19-in-toscana-487-i-nuovi-casi-cinque-i-decessi\/\" \/>\n<meta property=\"og:locale\" content=\"it_IT\" \/>\n<meta property=\"og:type\" content=\"article\" \/>\n<meta property=\"og:title\" content=\"Covid-19 in Toscana 487 i nuovi casi. Cinque i decessi\" \/>\n<meta property=\"og:description\" content=\"Al momento in Toscana risultano pertanto 71.823 positivi, -0,9% rispetto a ieri. Di questi 373 (17 in meno rispetto a ieri)\" \/>\n<meta property=\"og:url\" content=\"https:\/\/www.intoscana.it\/it\/covid-19-in-toscana-487-i-nuovi-casi-cinque-i-decessi\/\" \/>\n<meta property=\"og:site_name\" content=\"intoscana\" \/>\n<meta property=\"article:publisher\" content=\"https:\/\/www.facebook.com\/intoscana.it\" \/>\n<meta property=\"article:published_time\" content=\"2023-01-12T09:04:48+00:00\" \/>\n<meta property=\"og:image\" content=\"https:\/\/www.intoscana.it\/wp-content\/uploads\/vaccine-6165772_1920.jpg\" \/>\n\t<meta property=\"og:image:width\" content=\"1920\" \/>\n\t<meta property=\"og:image:height\" content=\"1272\" \/>\n\t<meta property=\"og:image:type\" content=\"image\/jpeg\" \/>\n<meta name=\"author\" content=\"Redazione\" \/>\n<meta name=\"twitter:card\" content=\"summary_large_image\" \/>\n<meta name=\"twitter:creator\" content=\"@intoscana\" \/>\n<meta name=\"twitter:site\" content=\"@intoscana\" \/>\n<meta name=\"twitter:label1\" content=\"Written by\" \/>\n\t<meta name=\"twitter:data1\" content=\"Redazione\" \/>\n\t<meta name=\"twitter:label2\" content=\"Est. reading time\" \/>\n\t<meta name=\"twitter:data2\" content=\"2 minuti\" \/>\n<script type=\"application\/ld+json\" class=\"yoast-schema-graph\">{\"@context\":\"https:\/\/schema.org\",\"@graph\":[{\"@type\":\"WebPage\",\"@id\":\"https:\/\/www.intoscana.it\/it\/covid-19-in-toscana-487-i-nuovi-casi-cinque-i-decessi\/\",\"url\":\"https:\/\/www.intoscana.it\/it\/covid-19-in-toscana-487-i-nuovi-casi-cinque-i-decessi\/\",\"name\":\"Covid-19 in Toscana 487 i nuovi casi. Cinque i decessi - intoscana\",\"isPartOf\":{\"@id\":\"https:\/\/www.intoscana.it\/it\/#website\"},\"primaryImageOfPage\":{\"@id\":\"https:\/\/www.intoscana.it\/it\/covid-19-in-toscana-487-i-nuovi-casi-cinque-i-decessi\/#primaryimage\"},\"image\":{\"@id\":\"https:\/\/www.intoscana.it\/it\/covid-19-in-toscana-487-i-nuovi-casi-cinque-i-decessi\/#primaryimage\"},\"thumbnailUrl\":\"https:\/\/www.intoscana.it\/wp-content\/uploads\/vaccine-6165772_1920.jpg\",\"datePublished\":\"2023-01-12T09:04:48+00:00\",\"author\":{\"@id\":\"https:\/\/www.intoscana.it\/it\/#\/schema\/person\/9223810753230f20bd670fdd322661f8\"},\"description\":\"Al momento in Toscana risultano pertanto 71.823 positivi, -0,9% rispetto a ieri. Di questi 373 (17 in meno rispetto a ieri)\",\"breadcrumb\":{\"@id\":\"https:\/\/www.intoscana.it\/it\/covid-19-in-toscana-487-i-nuovi-casi-cinque-i-decessi\/#breadcrumb\"},\"inLanguage\":\"it-IT\",\"potentialAction\":[{\"@type\":\"ReadAction\",\"target\":[\"https:\/\/www.intoscana.it\/it\/covid-19-in-toscana-487-i-nuovi-casi-cinque-i-decessi\/\"]}]},{\"@type\":\"ImageObject\",\"inLanguage\":\"it-IT\",\"@id\":\"https:\/\/www.intoscana.it\/it\/covid-19-in-toscana-487-i-nuovi-casi-cinque-i-decessi\/#primaryimage\",\"url\":\"https:\/\/www.intoscana.it\/wp-content\/uploads\/vaccine-6165772_1920.jpg\",\"contentUrl\":\"https:\/\/www.intoscana.it\/wp-content\/uploads\/vaccine-6165772_1920.jpg\",\"width\":1920,\"height\":1272,\"caption\":\"Un vaccino per il Covid-19 - \u00a9 Spencer Davis da Pixabay\"},{\"@type\":\"BreadcrumbList\",\"@id\":\"https:\/\/www.intoscana.it\/it\/covid-19-in-toscana-487-i-nuovi-casi-cinque-i-decessi\/#breadcrumb\",\"itemListElement\":[{\"@type\":\"ListItem\",\"position\":1,\"name\":\"Home\",\"item\":\"https:\/\/www.intoscana.it\/it\/\"},{\"@type\":\"ListItem\",\"position\":2,\"name\":\"Covid-19 in Toscana 487 i nuovi casi. Cinque i decessi\"}]},{\"@type\":\"WebSite\",\"@id\":\"https:\/\/www.intoscana.it\/it\/#website\",\"url\":\"https:\/\/www.intoscana.it\/it\/\",\"name\":\"intoscana\",\"description\":\"\",\"potentialAction\":[{\"@type\":\"SearchAction\",\"target\":{\"@type\":\"EntryPoint\",\"urlTemplate\":\"https:\/\/www.intoscana.it\/it\/?s={search_term_string}\"},\"query-input\":{\"@type\":\"PropertyValueSpecification\",\"valueRequired\":true,\"valueName\":\"search_term_string\"}}],\"inLanguage\":\"it-IT\"},{\"@type\":\"Person\",\"@id\":\"https:\/\/www.intoscana.it\/it\/#\/schema\/person\/9223810753230f20bd670fdd322661f8\",\"name\":\"Redazione\",\"url\":\"https:\/\/www.intoscana.it\/it\/author\/redazione\/\"}]}<\/script>\n<!-- \/ Yoast SEO Premium plugin. -->","yoast_head_json":{"title":"Covid-19 in Toscana 487 i nuovi casi. Cinque i decessi - intoscana","description":"Al momento in Toscana risultano pertanto 71.823 positivi, -0,9% rispetto a ieri. Di questi 373 (17 in meno rispetto a ieri)","robots":{"index":"index","follow":"follow","max-snippet":"max-snippet:-1","max-image-preview":"max-image-preview:large","max-video-preview":"max-video-preview:-1"},"canonical":"https:\/\/www.intoscana.it\/it\/covid-19-in-toscana-487-i-nuovi-casi-cinque-i-decessi\/","og_locale":"it_IT","og_type":"article","og_title":"Covid-19 in Toscana 487 i nuovi casi. Cinque i decessi","og_description":"Al momento in Toscana risultano pertanto 71.823 positivi, -0,9% rispetto a ieri. Di questi 373 (17 in meno rispetto a ieri)","og_url":"https:\/\/www.intoscana.it\/it\/covid-19-in-toscana-487-i-nuovi-casi-cinque-i-decessi\/","og_site_name":"intoscana","article_publisher":"https:\/\/www.facebook.com\/intoscana.it","article_published_time":"2023-01-12T09:04:48+00:00","og_image":[{"width":1920,"height":1272,"url":"https:\/\/www.intoscana.it\/wp-content\/uploads\/vaccine-6165772_1920.jpg","type":"image\/jpeg"}],"author":"Redazione","twitter_card":"summary_large_image","twitter_creator":"@intoscana","twitter_site":"@intoscana","twitter_misc":{"Written by":"Redazione","Est. reading time":"2 minuti"},"schema":{"@context":"https:\/\/schema.org","@graph":[{"@type":"WebPage","@id":"https:\/\/www.intoscana.it\/it\/covid-19-in-toscana-487-i-nuovi-casi-cinque-i-decessi\/","url":"https:\/\/www.intoscana.it\/it\/covid-19-in-toscana-487-i-nuovi-casi-cinque-i-decessi\/","name":"Covid-19 in Toscana 487 i nuovi casi. Cinque i decessi - intoscana","isPartOf":{"@id":"https:\/\/www.intoscana.it\/it\/#website"},"primaryImageOfPage":{"@id":"https:\/\/www.intoscana.it\/it\/covid-19-in-toscana-487-i-nuovi-casi-cinque-i-decessi\/#primaryimage"},"image":{"@id":"https:\/\/www.intoscana.it\/it\/covid-19-in-toscana-487-i-nuovi-casi-cinque-i-decessi\/#primaryimage"},"thumbnailUrl":"https:\/\/www.intoscana.it\/wp-content\/uploads\/vaccine-6165772_1920.jpg","datePublished":"2023-01-12T09:04:48+00:00","author":{"@id":"https:\/\/www.intoscana.it\/it\/#\/schema\/person\/9223810753230f20bd670fdd322661f8"},"description":"Al momento in Toscana risultano pertanto 71.823 positivi, -0,9% rispetto a ieri. Di questi 373 (17 in meno rispetto a ieri)","breadcrumb":{"@id":"https:\/\/www.intoscana.it\/it\/covid-19-in-toscana-487-i-nuovi-casi-cinque-i-decessi\/#breadcrumb"},"inLanguage":"it-IT","potentialAction":[{"@type":"ReadAction","target":["https:\/\/www.intoscana.it\/it\/covid-19-in-toscana-487-i-nuovi-casi-cinque-i-decessi\/"]}]},{"@type":"ImageObject","inLanguage":"it-IT","@id":"https:\/\/www.intoscana.it\/it\/covid-19-in-toscana-487-i-nuovi-casi-cinque-i-decessi\/#primaryimage","url":"https:\/\/www.intoscana.it\/wp-content\/uploads\/vaccine-6165772_1920.jpg","contentUrl":"https:\/\/www.intoscana.it\/wp-content\/uploads\/vaccine-6165772_1920.jpg","width":1920,"height":1272,"caption":"Un vaccino per il Covid-19 - \u00a9 Spencer Davis da Pixabay"},{"@type":"BreadcrumbList","@id":"https:\/\/www.intoscana.it\/it\/covid-19-in-toscana-487-i-nuovi-casi-cinque-i-decessi\/#breadcrumb","itemListElement":[{"@type":"ListItem","position":1,"name":"Home","item":"https:\/\/www.intoscana.it\/it\/"},{"@type":"ListItem","position":2,"name":"Covid-19 in Toscana 487 i nuovi casi. Cinque i decessi"}]},{"@type":"WebSite","@id":"https:\/\/www.intoscana.it\/it\/#website","url":"https:\/\/www.intoscana.it\/it\/","name":"intoscana","description":"","potentialAction":[{"@type":"SearchAction","target":{"@type":"EntryPoint","urlTemplate":"https:\/\/www.intoscana.it\/it\/?s={search_term_string}"},"query-input":{"@type":"PropertyValueSpecification","valueRequired":true,"valueName":"search_term_string"}}],"inLanguage":"it-IT"},{"@type":"Person","@id":"https:\/\/www.intoscana.it\/it\/#\/schema\/person\/9223810753230f20bd670fdd322661f8","name":"Redazione","url":"https:\/\/www.intoscana.it\/it\/author\/redazione\/"}]}},"_links":{"self":[{"href":"https:\/\/www.intoscana.it\/it\/wp-json\/wp\/v2\/posts\/266676","targetHints":{"allow":["GET"]}}],"collection":[{"href":"https:\/\/www.intoscana.it\/it\/wp-json\/wp\/v2\/posts"}],"about":[{"href":"https:\/\/www.intoscana.it\/it\/wp-json\/wp\/v2\/types\/post"}],"author":[{"embeddable":true,"href":"https:\/\/www.intoscana.it\/it\/wp-json\/wp\/v2\/users\/525"}],"replies":[{"embeddable":true,"href":"https:\/\/www.intoscana.it\/it\/wp-json\/wp\/v2\/comments?post=266676"}],"version-history":[{"count":0,"href":"https:\/\/www.intoscana.it\/it\/wp-json\/wp\/v2\/posts\/266676\/revisions"}],"wp:featuredmedia":[{"embeddable":true,"href":"https:\/\/www.intoscana.it\/it\/wp-json\/wp\/v2\/media\/252981"}],"wp:attachment":[{"href":"https:\/\/www.intoscana.it\/it\/wp-json\/wp\/v2\/media?parent=266676"}],"wp:term":[{"taxonomy":"category","embeddable":true,"href":"https:\/\/www.intoscana.it\/it\/wp-json\/wp\/v2\/categories?post=266676"},{"taxonomy":"post_tag","embeddable":true,"href":"https:\/\/www.intoscana.it\/it\/wp-json\/wp\/v2\/tags?post=266676"}],"curies":[{"name":"wp","href":"https:\/\/api.w.org\/{rel}","templated":true}]}}