{"id":266707,"date":"2023-01-12T12:47:30","date_gmt":"2023-01-12T11:47:30","guid":{"rendered":"https:\/\/www.intoscana.it\/it\/?p=266707"},"modified":"2023-01-12T15:51:00","modified_gmt":"2023-01-12T14:51:00","slug":"meteo-freddo-toscana-gennaio","status":"publish","type":"post","link":"https:\/\/www.intoscana.it\/it\/meteo-freddo-toscana-gennaio\/","title":{"rendered":"Meteo, dalla prossima settimana arriva il freddo e la neve sull&#8217;Appennino"},"content":{"rendered":"<p>Un anticipo del <strong>freddo<\/strong> lo abbiamo avuto proprio nei giorni scorsi, ma dalla met\u00e0 della prossima settimana torner\u00e0 a farci compagnia e ci accompagner\u00e0 nelle nostre giornate. La conferma arriva dal <strong>Consorzio Lamma<\/strong> e dal meteorologo <strong>Claudio Tei<\/strong> che abbiamo contattato. &#8220;<em>Il freddo arriva e le temperature sono previste in diminuzione. Questo a partire da met\u00e0 settimana perch\u00e9 cominceranno ad arrivare delle perturbazioni dall&#8217;Atlantico dal nord, quindi sar\u00e0 aria fredda di origine artica marittima. Sono perturbazioni seguite da aria pi\u00f9 fredda rispetto a quella che ha accompagnato anche le ultime perturbazioni<\/em>&#8220;.<\/p>\n<p>Che temperature ci aspettano?<\/p>\n<p>&#8220;<em>La diminuzione delle temperature sar\u00e0 da mercoled\u00ec e avremo delle temperature massime probabilmente <strong>non superiori a dieci-dodici gradi<\/strong>, le minime potranno temporaneamente andare <strong>sotto lo zero<\/strong>. Per le temperature minime non ci attendiamo delle diminuzioni sensibili almeno fino a tutta la prossima settimana perch\u00e9 ci saranno le nuvole, ci sar\u00e0 vento quindi sar\u00e0 una situazione abbastanza variabile e anche perturbata<\/em>&#8220;.<\/p>\n<p>Gli impianti sciistici sono fermi e non c&#8217;\u00e8 neve in montagna, queste perturbazioni in arrivo porteranno delle precipitazioni sui rilievi?<\/p>\n<p>&#8220;<em>A partire da marted\u00ec torner\u00e0 la neve anche sull&#8217;Appennino. C i saranno <strong>nevicate sull&#8217;Appennino<\/strong> a quote anche pi\u00f9 basse rispetto a quella di questi giorni. Arriver\u00e0 finalmente un po&#8217; di neve su tutto l&#8217;Appennino e probabilmente anche <strong>sull&#8217;Amiata<\/strong>. Diciamo che, dopo il passaggio di queste di queste perturbazioni, le stazioni sciistiche respireranno un po&#8217;<\/em>&#8220;.<\/p>\n<p>Possiamo dire che, dalla prossima settimana, possiamo aspettarci un meteo in linea con quello che dovrebbe essere a gennaio?<\/p>\n<p>&#8220;<em>Rispetto a questi giorni avremo un calo di quattro-cinque gradi, non sar\u00e0 un calo drastico per\u00f2 torneremo <strong>nei valori medi del mese di gennaio<\/strong>. S\u00ec torniamo a come dovrebbe essere il mese di gennaio con valori pi\u00f9 pi\u00f9 consoni. Poi vedremo il proseguo del mese insomma potrebbe rimanere freddo o meno. Ancora questo \u00e8 molto incerto, ma sicuramente ci aggiorneremo<\/em>&#8220;.<\/p>\n<h3>La diretta del Lamma<\/h3>\n<p>&nbsp;<br \/>\n<iframe loading=\"lazy\" width=\"800\" height=\"450\" src=\"https:\/\/www.youtube.com\/embed\/iZ4kXI9wycc\" title=\"YouTube video player\" frameborder=\"0\" allow=\"accelerometer; autoplay; clipboard-write; encrypted-media; gyroscope; picture-in-picture; web-share\" allowfullscreen><\/iframe><br \/>\n&nbsp;<\/p>\n","protected":false},"excerpt":{"rendered":"<p>Dalla prossima settimana ci aspetta un calo delle temperature, anche sotto lo zero, mentre sull&#8217;Appennino arriver\u00e0 anche la neve. Il punto con il Consorzio Lamma<\/p>\n","protected":false},"author":507,"featured_media":206244,"comment_status":"open","ping_status":"open","sticky":false,"template":"","format":"standard","meta":{"_acf_changed":false,"footnotes":""},"categories":[494],"tags":[4858],"class_list":["post-266707","post","type-post","status-publish","format-standard","has-post-thumbnail","hentry","category-attualita","tag-meteo"],"acf":[],"yoast_head":"<!-- This site is optimized with the Yoast SEO Premium plugin v24.2 (Yoast SEO v25.6) - https:\/\/yoast.com\/wordpress\/plugins\/seo\/ -->\n<title>Meteo, dalla prossima settimana arriva il freddo e la neve sull&#039;Appennino - intoscana<\/title>\n<meta name=\"robots\" content=\"index, follow, max-snippet:-1, max-image-preview:large, max-video-preview:-1\" \/>\n<link rel=\"canonical\" href=\"https:\/\/www.intoscana.it\/it\/meteo-freddo-toscana-gennaio\/\" \/>\n<meta property=\"og:locale\" content=\"it_IT\" \/>\n<meta property=\"og:type\" content=\"article\" \/>\n<meta property=\"og:title\" content=\"Meteo, dalla prossima settimana arriva il freddo e la neve sull&#039;Appennino\" \/>\n<meta property=\"og:description\" content=\"Dalla prossima settimana ci aspetta un calo delle temperature, anche sotto lo zero, mentre sull&#039;Appennino arriver\u00e0 anche la neve. Il punto con il Consorzio Lamma\" \/>\n<meta property=\"og:url\" content=\"https:\/\/www.intoscana.it\/it\/meteo-freddo-toscana-gennaio\/\" \/>\n<meta property=\"og:site_name\" content=\"intoscana\" \/>\n<meta property=\"article:publisher\" content=\"https:\/\/www.facebook.com\/intoscana.it\" \/>\n<meta property=\"article:published_time\" content=\"2023-01-12T11:47:30+00:00\" \/>\n<meta property=\"article:modified_time\" content=\"2023-01-12T14:51:00+00:00\" \/>\n<meta property=\"og:image\" content=\"https:\/\/www.intoscana.it\/wp-content\/uploads\/Allerta-meteo-per-neve-e-vento.jpeg\" \/>\n\t<meta property=\"og:image:width\" content=\"1600\" \/>\n\t<meta property=\"og:image:height\" content=\"729\" \/>\n\t<meta property=\"og:image:type\" content=\"image\/jpeg\" \/>\n<meta name=\"author\" content=\"Chiara Bianchini\" \/>\n<meta name=\"twitter:card\" content=\"summary_large_image\" \/>\n<meta name=\"twitter:creator\" content=\"@intoscana\" \/>\n<meta name=\"twitter:site\" content=\"@intoscana\" \/>\n<meta name=\"twitter:label1\" content=\"Written by\" \/>\n\t<meta name=\"twitter:data1\" content=\"Chiara Bianchini\" \/>\n\t<meta name=\"twitter:label2\" content=\"Est. reading time\" \/>\n\t<meta name=\"twitter:data2\" content=\"2 minuti\" \/>\n<script type=\"application\/ld+json\" class=\"yoast-schema-graph\">{\"@context\":\"https:\/\/schema.org\",\"@graph\":[{\"@type\":\"WebPage\",\"@id\":\"https:\/\/www.intoscana.it\/it\/meteo-freddo-toscana-gennaio\/\",\"url\":\"https:\/\/www.intoscana.it\/it\/meteo-freddo-toscana-gennaio\/\",\"name\":\"Meteo, dalla prossima settimana arriva il freddo e la neve sull'Appennino - intoscana\",\"isPartOf\":{\"@id\":\"https:\/\/www.intoscana.it\/it\/#website\"},\"primaryImageOfPage\":{\"@id\":\"https:\/\/www.intoscana.it\/it\/meteo-freddo-toscana-gennaio\/#primaryimage\"},\"image\":{\"@id\":\"https:\/\/www.intoscana.it\/it\/meteo-freddo-toscana-gennaio\/#primaryimage\"},\"thumbnailUrl\":\"https:\/\/www.intoscana.it\/wp-content\/uploads\/Allerta-meteo-per-neve-e-vento.jpeg\",\"datePublished\":\"2023-01-12T11:47:30+00:00\",\"dateModified\":\"2023-01-12T14:51:00+00:00\",\"author\":{\"@id\":\"https:\/\/www.intoscana.it\/it\/#\/schema\/person\/010af92117f50561886339ad5b873a41\"},\"breadcrumb\":{\"@id\":\"https:\/\/www.intoscana.it\/it\/meteo-freddo-toscana-gennaio\/#breadcrumb\"},\"inLanguage\":\"it-IT\",\"potentialAction\":[{\"@type\":\"ReadAction\",\"target\":[\"https:\/\/www.intoscana.it\/it\/meteo-freddo-toscana-gennaio\/\"]}]},{\"@type\":\"ImageObject\",\"inLanguage\":\"it-IT\",\"@id\":\"https:\/\/www.intoscana.it\/it\/meteo-freddo-toscana-gennaio\/#primaryimage\",\"url\":\"https:\/\/www.intoscana.it\/wp-content\/uploads\/Allerta-meteo-per-neve-e-vento.jpeg\",\"contentUrl\":\"https:\/\/www.intoscana.it\/wp-content\/uploads\/Allerta-meteo-per-neve-e-vento.jpeg\",\"width\":1600,\"height\":729,\"caption\":\"Allerta meteo per neve\"},{\"@type\":\"BreadcrumbList\",\"@id\":\"https:\/\/www.intoscana.it\/it\/meteo-freddo-toscana-gennaio\/#breadcrumb\",\"itemListElement\":[{\"@type\":\"ListItem\",\"position\":1,\"name\":\"Home\",\"item\":\"https:\/\/www.intoscana.it\/it\/\"},{\"@type\":\"ListItem\",\"position\":2,\"name\":\"Meteo, dalla prossima settimana arriva il freddo e la neve sull&#8217;Appennino\"}]},{\"@type\":\"WebSite\",\"@id\":\"https:\/\/www.intoscana.it\/it\/#website\",\"url\":\"https:\/\/www.intoscana.it\/it\/\",\"name\":\"intoscana\",\"description\":\"\",\"potentialAction\":[{\"@type\":\"SearchAction\",\"target\":{\"@type\":\"EntryPoint\",\"urlTemplate\":\"https:\/\/www.intoscana.it\/it\/?s={search_term_string}\"},\"query-input\":{\"@type\":\"PropertyValueSpecification\",\"valueRequired\":true,\"valueName\":\"search_term_string\"}}],\"inLanguage\":\"it-IT\"},{\"@type\":\"Person\",\"@id\":\"https:\/\/www.intoscana.it\/it\/#\/schema\/person\/010af92117f50561886339ad5b873a41\",\"name\":\"Chiara Bianchini\",\"sameAs\":[\"c.bianchini@fst.it\"],\"url\":\"https:\/\/www.intoscana.it\/it\/author\/chiara-bianchini\/\"}]}<\/script>\n<!-- \/ Yoast SEO Premium plugin. -->","yoast_head_json":{"title":"Meteo, dalla prossima settimana arriva il freddo e la neve sull'Appennino - intoscana","robots":{"index":"index","follow":"follow","max-snippet":"max-snippet:-1","max-image-preview":"max-image-preview:large","max-video-preview":"max-video-preview:-1"},"canonical":"https:\/\/www.intoscana.it\/it\/meteo-freddo-toscana-gennaio\/","og_locale":"it_IT","og_type":"article","og_title":"Meteo, dalla prossima settimana arriva il freddo e la neve sull'Appennino","og_description":"Dalla prossima settimana ci aspetta un calo delle temperature, anche sotto lo zero, mentre sull'Appennino arriver\u00e0 anche la neve. Il punto con il Consorzio Lamma","og_url":"https:\/\/www.intoscana.it\/it\/meteo-freddo-toscana-gennaio\/","og_site_name":"intoscana","article_publisher":"https:\/\/www.facebook.com\/intoscana.it","article_published_time":"2023-01-12T11:47:30+00:00","article_modified_time":"2023-01-12T14:51:00+00:00","og_image":[{"width":1600,"height":729,"url":"https:\/\/www.intoscana.it\/wp-content\/uploads\/Allerta-meteo-per-neve-e-vento.jpeg","type":"image\/jpeg"}],"author":"Chiara Bianchini","twitter_card":"summary_large_image","twitter_creator":"@intoscana","twitter_site":"@intoscana","twitter_misc":{"Written by":"Chiara Bianchini","Est. reading time":"2 minuti"},"schema":{"@context":"https:\/\/schema.org","@graph":[{"@type":"WebPage","@id":"https:\/\/www.intoscana.it\/it\/meteo-freddo-toscana-gennaio\/","url":"https:\/\/www.intoscana.it\/it\/meteo-freddo-toscana-gennaio\/","name":"Meteo, dalla prossima settimana arriva il freddo e la neve sull'Appennino - intoscana","isPartOf":{"@id":"https:\/\/www.intoscana.it\/it\/#website"},"primaryImageOfPage":{"@id":"https:\/\/www.intoscana.it\/it\/meteo-freddo-toscana-gennaio\/#primaryimage"},"image":{"@id":"https:\/\/www.intoscana.it\/it\/meteo-freddo-toscana-gennaio\/#primaryimage"},"thumbnailUrl":"https:\/\/www.intoscana.it\/wp-content\/uploads\/Allerta-meteo-per-neve-e-vento.jpeg","datePublished":"2023-01-12T11:47:30+00:00","dateModified":"2023-01-12T14:51:00+00:00","author":{"@id":"https:\/\/www.intoscana.it\/it\/#\/schema\/person\/010af92117f50561886339ad5b873a41"},"breadcrumb":{"@id":"https:\/\/www.intoscana.it\/it\/meteo-freddo-toscana-gennaio\/#breadcrumb"},"inLanguage":"it-IT","potentialAction":[{"@type":"ReadAction","target":["https:\/\/www.intoscana.it\/it\/meteo-freddo-toscana-gennaio\/"]}]},{"@type":"ImageObject","inLanguage":"it-IT","@id":"https:\/\/www.intoscana.it\/it\/meteo-freddo-toscana-gennaio\/#primaryimage","url":"https:\/\/www.intoscana.it\/wp-content\/uploads\/Allerta-meteo-per-neve-e-vento.jpeg","contentUrl":"https:\/\/www.intoscana.it\/wp-content\/uploads\/Allerta-meteo-per-neve-e-vento.jpeg","width":1600,"height":729,"caption":"Allerta meteo per neve"},{"@type":"BreadcrumbList","@id":"https:\/\/www.intoscana.it\/it\/meteo-freddo-toscana-gennaio\/#breadcrumb","itemListElement":[{"@type":"ListItem","position":1,"name":"Home","item":"https:\/\/www.intoscana.it\/it\/"},{"@type":"ListItem","position":2,"name":"Meteo, dalla prossima settimana arriva il freddo e la neve sull&#8217;Appennino"}]},{"@type":"WebSite","@id":"https:\/\/www.intoscana.it\/it\/#website","url":"https:\/\/www.intoscana.it\/it\/","name":"intoscana","description":"","potentialAction":[{"@type":"SearchAction","target":{"@type":"EntryPoint","urlTemplate":"https:\/\/www.intoscana.it\/it\/?s={search_term_string}"},"query-input":{"@type":"PropertyValueSpecification","valueRequired":true,"valueName":"search_term_string"}}],"inLanguage":"it-IT"},{"@type":"Person","@id":"https:\/\/www.intoscana.it\/it\/#\/schema\/person\/010af92117f50561886339ad5b873a41","name":"Chiara Bianchini","sameAs":["c.bianchini@fst.it"],"url":"https:\/\/www.intoscana.it\/it\/author\/chiara-bianchini\/"}]}},"_links":{"self":[{"href":"https:\/\/www.intoscana.it\/it\/wp-json\/wp\/v2\/posts\/266707","targetHints":{"allow":["GET"]}}],"collection":[{"href":"https:\/\/www.intoscana.it\/it\/wp-json\/wp\/v2\/posts"}],"about":[{"href":"https:\/\/www.intoscana.it\/it\/wp-json\/wp\/v2\/types\/post"}],"author":[{"embeddable":true,"href":"https:\/\/www.intoscana.it\/it\/wp-json\/wp\/v2\/users\/507"}],"replies":[{"embeddable":true,"href":"https:\/\/www.intoscana.it\/it\/wp-json\/wp\/v2\/comments?post=266707"}],"version-history":[{"count":0,"href":"https:\/\/www.intoscana.it\/it\/wp-json\/wp\/v2\/posts\/266707\/revisions"}],"wp:featuredmedia":[{"embeddable":true,"href":"https:\/\/www.intoscana.it\/it\/wp-json\/wp\/v2\/media\/206244"}],"wp:attachment":[{"href":"https:\/\/www.intoscana.it\/it\/wp-json\/wp\/v2\/media?parent=266707"}],"wp:term":[{"taxonomy":"category","embeddable":true,"href":"https:\/\/www.intoscana.it\/it\/wp-json\/wp\/v2\/categories?post=266707"},{"taxonomy":"post_tag","embeddable":true,"href":"https:\/\/www.intoscana.it\/it\/wp-json\/wp\/v2\/tags?post=266707"}],"curies":[{"name":"wp","href":"https:\/\/api.w.org\/{rel}","templated":true}]}}