{"id":266861,"date":"2023-01-13T11:27:22","date_gmt":"2023-01-13T10:27:22","guid":{"rendered":"https:\/\/www.intoscana.it\/it\/?p=266861"},"modified":"2023-01-13T11:27:22","modified_gmt":"2023-01-13T10:27:22","slug":"albedo-o-chiardiluna-le-opere-di-daniela-de-lorenzo-in-mostra-alla-galleria-crumb","status":"publish","type":"post","link":"https:\/\/www.intoscana.it\/it\/albedo-o-chiardiluna-le-opere-di-daniela-de-lorenzo-in-mostra-alla-galleria-crumb\/","title":{"rendered":"&#8220;Albedo o Chiardiluna&#8221; le opere di Daniela De Lorenzo in mostra alla galleria Crumb"},"content":{"rendered":"<p>La galleria fiorentina <strong>Crumb Gallery<\/strong> inaugura la programmazione espositiva del 2023 con la mostra <em><strong>Albedo o chiardiluna<\/strong><\/em>, un progetto inedito, realizzato appositamente per l\u2019occasione dall\u2019artista <strong>Daniela De Lorenzo.<\/strong><\/p>\n<p><em><strong>Albedo o chiardiluna<\/strong> <\/em>racconta la <strong>delicata relazione tra spazio e tempo<\/strong> attraverso la storia dell\u2019arte, la scultura e il montaggio.<\/p>\n<p>Al centro di questa serie fotografica,<strong> Daniela De Lorenzo<\/strong> pone l\u2019iconografia di un\u2019opera quattrocentesca quale<strong><em> San Giorgio e la principessa<\/em> di Paolo Uccello<\/strong>, un\u2019opera dalla rigida struttura prospettica ma permeata di <strong>un\u2019atmosfera onirica, dal sapore fiabesco.<\/strong><\/p>\n<p>Le tre figure principali &#8211; <strong>la principessa<\/strong>\u00a0a sinistra,<strong> il drago<\/strong>\u00a0al centro, e il S<strong>an Giorgio a cavallo<\/strong> sulla destra, concatenati dal guinzaglio e dalla lancia, che li legano indissolubilmente &#8211; si muovono, come su un palcoscenico, all\u2019interno di quinte teatrali, create dalle diagonali che definiscono la geometria dello spazio e creano la profondit\u00e0 del paesaggio.<\/p>\n<p>Una rappresentazione caratterizzata da <strong>una dimensione surreale, sospesa, dominata dal riverbero misterioso del cielo<\/strong>, in cui il chiarore della falce di luna si contrappone alla nuvola a spirale che minaccia una tempesta.<\/p>\n<p><strong>De Lorenzo si muove all\u2019interno del quadro,<\/strong> taglia, rimonta, sostituisce, fa slittare i piani sottostanti, alterando i personaggi e gli elementi paesaggistici, come in un montaggio cinematografico. Non vuole re-interpretare o quanto meno raccontare, piuttosto si interroga su cosa sta sotto la superficie, cosa ne possa emergere. Cos\u00ec Albedo \u00e8 la parte pi\u00f9 interna dell\u2019agrume, quella bianca e spugnosa che vedi solo se ne togli la buccia ma \u00e8 anche, in fisica, la luce riflessa da un corpo, rispetto a quella che lo colpisce, come lo \u00e8 d\u2019altronde, quella che emana la luna.<\/p>\n<p>In ognuna delle<strong> dodici fotografie che compongono il progetto<\/strong> l\u2019artista <strong>evoca un tempo instabile all\u2019interno della narrazione lineare dell\u2019opera di Paolo Uccello,<\/strong> alza il velo sul visibile e sul rappresentato, ne scompone l\u2019ordine, i campi visivi, ci mette davanti a una lettura diversa, a un\u2019altra percezione, ne illumina le parti nascoste, a dimostrare che il reale, o quello che crediamo tale, non \u00e8 mai uguale.<\/p>\n<p>La ricerca di <strong>Daniela De Lorenzo,<\/strong> sin dai primi lavori, \u00e8 sempre stata associata alla pratica del fare, all\u2019uso di materiali diversi che plasma nel profondo, dalle prima sculture, della fine degli anni \u201980, a quelle realizzate successivamente con<strong> il feltro, dai ricami alle ceramiche, dai video alle performance, alla fotografia<\/strong> che, nel suo percorso, si confronta costantemente con la scultura stessa.<\/p>\n<p>Alla<strong> galleria Crumb<\/strong> le immagini disposte sulle pareti, si relazionano e si completano con <em><strong>&#8220;Sonni&#8221;<\/strong><\/em>, un\u2019opera composta da<strong> due piccole sculture in gesso con cera e pigmenti,<\/strong> collocate al centro della stanza, quasi fossero il punto di fuga dell\u2019intera visione del progetto, il luogo da cui si genera.<\/p>\n<p>Sonni \u00e8 il ricordo di un lavoro in gommapiuma, a cose fatte, del 1998, e sulle sue superfici si individua ancora la memoria di ci\u00f2 che \u00e8 stato, di un tempo che non \u00e8 pi\u00f9 e che l\u2019artista rielabora per infondergli una nuova vita e un nuovo senso. Cos\u00ec<strong> le opere della De Lorenzo raccontano la propria instabilit\u00e0,<\/strong> riflettono sullo spazio, sulla memoria, sulle <strong>possibilit\u00e0 interpretative delle immagini e del tempo.<\/strong><\/p>\n<figure id=\"post-266864 media-266864\" class=\"align-none\"><img decoding=\"async\" src=\"https:\/\/www.intoscana.it\/wp-content\/uploads\/Daniela-De-Lorenzo-ritratto.png\" alt=\"\" \/><\/figure>\n<div class=\"titleimg\"><em>Daniela De Lorenzo<\/em><\/div>\n<p><strong>Daniela De Lorenzo vive e lavora a Firenze.<\/strong> Attiva dalla met\u00e0 degli anni \u201880, inizia la sua ricerca ponendosi ai margini della scultura. Alla luce della consapevolezza della crisi del \u2018progetto\u2019 i materiali diventano effimeri e il suo lavoro avanza dentro alla propria provvisoriet\u00e0.<\/p>\n<p>Dopo la partecipazione alla <strong>Biennale di Venezia nel 1988<\/strong>, inizia un percorso, volto ad un\u2019analisi temporale ed identitaria, supportata innanzitutto dalla<strong> scultura<\/strong>, ma che a partire dal 1995 instaura <strong>un rapporto costante con la fotografia,<\/strong> al punto che i due poli vivono di un continuo gioco di rimandi e corrispondenze segrete.<\/p>\n<p><strong>Fotografia prima, video e performance dopo,<\/strong> generano tangenze e sovrapposizioni di linguaggi che le permettono di seguire i passaggi attivando un tempo\/movimento sospeso, una specie di durata istantanea che sottrae il tempo alla logica di un cambiamento irreversibile.<\/p>\n<p>E\u2019 presente in <strong>numerose mostre collettive e personali in Italia e all\u2019estero<\/strong> ed ha esposto in prestigiosi spazi espositivi su territorio nazionale ed internazionale come il Kunstverein di Kassel, la Neue Galerie di Graz, il Museo Pecci di Prato, Galerie im Martin Gropius Bau di Berlin, Le Papesse di Siena, il Mart di Rovereto, il Mambo di Bologna, la Triennale di Milano, la Galleria Nazionale di Roma e il Maxxi l\u2019Aquila. La Fondazione Olivetti di Roma, La Gallera di Valencia, il Museo 900 e il Museo Marini di Firenze. Le sue opere sono presenti in importanti collezioni private e pubbliche, tra queste: Galleria d&#8217;Arte Moderna di Bologna, Museo Luigi Pecci di Prato, PAC di Milano, Neue Galerie di Graz, Masi di Lugano, Centro del Carmen di Valencia, Museo degli Uffizi di Firenze, la Galleria Nazionale e il Maxxi di Roma.<\/p>\n<figure id=\"post-266865 media-266865\" class=\"align-none\"><img decoding=\"async\" src=\"https:\/\/www.intoscana.it\/wp-content\/uploads\/Daniela-De-Lorenzo-SONNI-2021-gesso-pigmenti-e-cera-scaled.jpg\" alt=\"\" \/><\/figure>\n<div class=\"titleimg\"><em>Daniela De Lorenzo SONNI, 2021<\/em><\/div>\n","protected":false},"excerpt":{"rendered":"<p>Dal 13 gennaio all&#8217;11 marzo a Firenze la Crumb Gallery ospita un progetto inedito realizzato appositamente per l\u2019occasione dall\u2019artista Daniela De Lorenzo<\/p>\n","protected":false},"author":518,"featured_media":266863,"comment_status":"open","ping_status":"open","sticky":false,"template":"","format":"standard","meta":{"_acf_changed":false,"footnotes":""},"categories":[493],"tags":[227,202,222],"class_list":["post-266861","post","type-post","status-publish","format-standard","has-post-thumbnail","hentry","category-cultura","tag-arte-contemporanea","tag-firenze","tag-mostre"],"acf":[],"yoast_head":"<!-- This site is optimized with the Yoast SEO Premium plugin v24.2 (Yoast SEO v25.6) - https:\/\/yoast.com\/wordpress\/plugins\/seo\/ -->\n<title>&quot;Albedo o Chiardiluna&quot; le opere di Daniela De Lorenzo in mostra alla galleria Crumb - intoscana<\/title>\n<meta name=\"description\" content=\"Dal 13 gennaio all&#039;11 marzo a Firenze Crumb Gallery ospita un progetto inedito realizzato dall\u2019artista Daniela De Lorenzo\" \/>\n<meta name=\"robots\" content=\"index, follow, max-snippet:-1, max-image-preview:large, max-video-preview:-1\" \/>\n<link rel=\"canonical\" href=\"https:\/\/www.intoscana.it\/it\/albedo-o-chiardiluna-le-opere-di-daniela-de-lorenzo-in-mostra-alla-galleria-crumb\/\" \/>\n<meta property=\"og:locale\" content=\"it_IT\" \/>\n<meta property=\"og:type\" content=\"article\" \/>\n<meta property=\"og:title\" content=\"&quot;Albedo o Chiardiluna&quot; le opere di Daniela De Lorenzo in mostra alla galleria Crumb\" \/>\n<meta property=\"og:description\" content=\"Dal 13 gennaio all&#039;11 marzo a Firenze Crumb Gallery ospita un progetto inedito realizzato dall\u2019artista Daniela De Lorenzo\" \/>\n<meta property=\"og:url\" content=\"https:\/\/www.intoscana.it\/it\/albedo-o-chiardiluna-le-opere-di-daniela-de-lorenzo-in-mostra-alla-galleria-crumb\/\" \/>\n<meta property=\"og:site_name\" content=\"intoscana\" \/>\n<meta property=\"article:publisher\" content=\"https:\/\/www.facebook.com\/intoscana.it\" \/>\n<meta property=\"article:published_time\" content=\"2023-01-13T10:27:22+00:00\" \/>\n<meta property=\"og:image\" content=\"https:\/\/www.intoscana.it\/wp-content\/uploads\/Daniela-De-Lorenzo-albedo-o-chiardiluna-2022-12-scaled.jpg\" \/>\n\t<meta property=\"og:image:width\" content=\"2048\" \/>\n\t<meta property=\"og:image:height\" content=\"1622\" \/>\n\t<meta property=\"og:image:type\" content=\"image\/jpeg\" \/>\n<meta name=\"author\" content=\"Costanza Baldini\" \/>\n<meta name=\"twitter:card\" content=\"summary_large_image\" \/>\n<meta name=\"twitter:creator\" content=\"@intoscana\" \/>\n<meta name=\"twitter:site\" content=\"@intoscana\" \/>\n<meta name=\"twitter:label1\" content=\"Written by\" \/>\n\t<meta name=\"twitter:data1\" content=\"Costanza Baldini\" \/>\n\t<meta name=\"twitter:label2\" content=\"Est. reading time\" \/>\n\t<meta name=\"twitter:data2\" content=\"4 minuti\" \/>\n<script type=\"application\/ld+json\" class=\"yoast-schema-graph\">{\"@context\":\"https:\/\/schema.org\",\"@graph\":[{\"@type\":\"WebPage\",\"@id\":\"https:\/\/www.intoscana.it\/it\/albedo-o-chiardiluna-le-opere-di-daniela-de-lorenzo-in-mostra-alla-galleria-crumb\/\",\"url\":\"https:\/\/www.intoscana.it\/it\/albedo-o-chiardiluna-le-opere-di-daniela-de-lorenzo-in-mostra-alla-galleria-crumb\/\",\"name\":\"\\\"Albedo o Chiardiluna\\\" le opere di Daniela De Lorenzo in mostra alla galleria Crumb - intoscana\",\"isPartOf\":{\"@id\":\"https:\/\/www.intoscana.it\/it\/#website\"},\"primaryImageOfPage\":{\"@id\":\"https:\/\/www.intoscana.it\/it\/albedo-o-chiardiluna-le-opere-di-daniela-de-lorenzo-in-mostra-alla-galleria-crumb\/#primaryimage\"},\"image\":{\"@id\":\"https:\/\/www.intoscana.it\/it\/albedo-o-chiardiluna-le-opere-di-daniela-de-lorenzo-in-mostra-alla-galleria-crumb\/#primaryimage\"},\"thumbnailUrl\":\"https:\/\/www.intoscana.it\/wp-content\/uploads\/Daniela-De-Lorenzo-albedo-o-chiardiluna-2022-12-scaled.jpg\",\"datePublished\":\"2023-01-13T10:27:22+00:00\",\"author\":{\"@id\":\"https:\/\/www.intoscana.it\/it\/#\/schema\/person\/d469f35f09739bdf00bf5dd3f0647a82\"},\"description\":\"Dal 13 gennaio all'11 marzo a Firenze Crumb Gallery ospita un progetto inedito realizzato dall\u2019artista Daniela De Lorenzo\",\"breadcrumb\":{\"@id\":\"https:\/\/www.intoscana.it\/it\/albedo-o-chiardiluna-le-opere-di-daniela-de-lorenzo-in-mostra-alla-galleria-crumb\/#breadcrumb\"},\"inLanguage\":\"it-IT\",\"potentialAction\":[{\"@type\":\"ReadAction\",\"target\":[\"https:\/\/www.intoscana.it\/it\/albedo-o-chiardiluna-le-opere-di-daniela-de-lorenzo-in-mostra-alla-galleria-crumb\/\"]}]},{\"@type\":\"ImageObject\",\"inLanguage\":\"it-IT\",\"@id\":\"https:\/\/www.intoscana.it\/it\/albedo-o-chiardiluna-le-opere-di-daniela-de-lorenzo-in-mostra-alla-galleria-crumb\/#primaryimage\",\"url\":\"https:\/\/www.intoscana.it\/wp-content\/uploads\/Daniela-De-Lorenzo-albedo-o-chiardiluna-2022-12-scaled.jpg\",\"contentUrl\":\"https:\/\/www.intoscana.it\/wp-content\/uploads\/Daniela-De-Lorenzo-albedo-o-chiardiluna-2022-12-scaled.jpg\",\"width\":2048,\"height\":1622},{\"@type\":\"BreadcrumbList\",\"@id\":\"https:\/\/www.intoscana.it\/it\/albedo-o-chiardiluna-le-opere-di-daniela-de-lorenzo-in-mostra-alla-galleria-crumb\/#breadcrumb\",\"itemListElement\":[{\"@type\":\"ListItem\",\"position\":1,\"name\":\"Home\",\"item\":\"https:\/\/www.intoscana.it\/it\/\"},{\"@type\":\"ListItem\",\"position\":2,\"name\":\"&#8220;Albedo o Chiardiluna&#8221; le opere di Daniela De Lorenzo in mostra alla galleria Crumb\"}]},{\"@type\":\"WebSite\",\"@id\":\"https:\/\/www.intoscana.it\/it\/#website\",\"url\":\"https:\/\/www.intoscana.it\/it\/\",\"name\":\"intoscana\",\"description\":\"\",\"potentialAction\":[{\"@type\":\"SearchAction\",\"target\":{\"@type\":\"EntryPoint\",\"urlTemplate\":\"https:\/\/www.intoscana.it\/it\/?s={search_term_string}\"},\"query-input\":{\"@type\":\"PropertyValueSpecification\",\"valueRequired\":true,\"valueName\":\"search_term_string\"}}],\"inLanguage\":\"it-IT\"},{\"@type\":\"Person\",\"@id\":\"https:\/\/www.intoscana.it\/it\/#\/schema\/person\/d469f35f09739bdf00bf5dd3f0647a82\",\"name\":\"Costanza Baldini\",\"url\":\"https:\/\/www.intoscana.it\/it\/author\/costanza-baldini\/\"}]}<\/script>\n<!-- \/ Yoast SEO Premium plugin. -->","yoast_head_json":{"title":"\"Albedo o Chiardiluna\" le opere di Daniela De Lorenzo in mostra alla galleria Crumb - intoscana","description":"Dal 13 gennaio all'11 marzo a Firenze Crumb Gallery ospita un progetto inedito realizzato dall\u2019artista Daniela De Lorenzo","robots":{"index":"index","follow":"follow","max-snippet":"max-snippet:-1","max-image-preview":"max-image-preview:large","max-video-preview":"max-video-preview:-1"},"canonical":"https:\/\/www.intoscana.it\/it\/albedo-o-chiardiluna-le-opere-di-daniela-de-lorenzo-in-mostra-alla-galleria-crumb\/","og_locale":"it_IT","og_type":"article","og_title":"\"Albedo o Chiardiluna\" le opere di Daniela De Lorenzo in mostra alla galleria Crumb","og_description":"Dal 13 gennaio all'11 marzo a Firenze Crumb Gallery ospita un progetto inedito realizzato dall\u2019artista Daniela De Lorenzo","og_url":"https:\/\/www.intoscana.it\/it\/albedo-o-chiardiluna-le-opere-di-daniela-de-lorenzo-in-mostra-alla-galleria-crumb\/","og_site_name":"intoscana","article_publisher":"https:\/\/www.facebook.com\/intoscana.it","article_published_time":"2023-01-13T10:27:22+00:00","og_image":[{"width":2048,"height":1622,"url":"https:\/\/www.intoscana.it\/wp-content\/uploads\/Daniela-De-Lorenzo-albedo-o-chiardiluna-2022-12-scaled.jpg","type":"image\/jpeg"}],"author":"Costanza Baldini","twitter_card":"summary_large_image","twitter_creator":"@intoscana","twitter_site":"@intoscana","twitter_misc":{"Written by":"Costanza Baldini","Est. reading time":"4 minuti"},"schema":{"@context":"https:\/\/schema.org","@graph":[{"@type":"WebPage","@id":"https:\/\/www.intoscana.it\/it\/albedo-o-chiardiluna-le-opere-di-daniela-de-lorenzo-in-mostra-alla-galleria-crumb\/","url":"https:\/\/www.intoscana.it\/it\/albedo-o-chiardiluna-le-opere-di-daniela-de-lorenzo-in-mostra-alla-galleria-crumb\/","name":"\"Albedo o Chiardiluna\" le opere di Daniela De Lorenzo in mostra alla galleria Crumb - intoscana","isPartOf":{"@id":"https:\/\/www.intoscana.it\/it\/#website"},"primaryImageOfPage":{"@id":"https:\/\/www.intoscana.it\/it\/albedo-o-chiardiluna-le-opere-di-daniela-de-lorenzo-in-mostra-alla-galleria-crumb\/#primaryimage"},"image":{"@id":"https:\/\/www.intoscana.it\/it\/albedo-o-chiardiluna-le-opere-di-daniela-de-lorenzo-in-mostra-alla-galleria-crumb\/#primaryimage"},"thumbnailUrl":"https:\/\/www.intoscana.it\/wp-content\/uploads\/Daniela-De-Lorenzo-albedo-o-chiardiluna-2022-12-scaled.jpg","datePublished":"2023-01-13T10:27:22+00:00","author":{"@id":"https:\/\/www.intoscana.it\/it\/#\/schema\/person\/d469f35f09739bdf00bf5dd3f0647a82"},"description":"Dal 13 gennaio all'11 marzo a Firenze Crumb Gallery ospita un progetto inedito realizzato dall\u2019artista Daniela De Lorenzo","breadcrumb":{"@id":"https:\/\/www.intoscana.it\/it\/albedo-o-chiardiluna-le-opere-di-daniela-de-lorenzo-in-mostra-alla-galleria-crumb\/#breadcrumb"},"inLanguage":"it-IT","potentialAction":[{"@type":"ReadAction","target":["https:\/\/www.intoscana.it\/it\/albedo-o-chiardiluna-le-opere-di-daniela-de-lorenzo-in-mostra-alla-galleria-crumb\/"]}]},{"@type":"ImageObject","inLanguage":"it-IT","@id":"https:\/\/www.intoscana.it\/it\/albedo-o-chiardiluna-le-opere-di-daniela-de-lorenzo-in-mostra-alla-galleria-crumb\/#primaryimage","url":"https:\/\/www.intoscana.it\/wp-content\/uploads\/Daniela-De-Lorenzo-albedo-o-chiardiluna-2022-12-scaled.jpg","contentUrl":"https:\/\/www.intoscana.it\/wp-content\/uploads\/Daniela-De-Lorenzo-albedo-o-chiardiluna-2022-12-scaled.jpg","width":2048,"height":1622},{"@type":"BreadcrumbList","@id":"https:\/\/www.intoscana.it\/it\/albedo-o-chiardiluna-le-opere-di-daniela-de-lorenzo-in-mostra-alla-galleria-crumb\/#breadcrumb","itemListElement":[{"@type":"ListItem","position":1,"name":"Home","item":"https:\/\/www.intoscana.it\/it\/"},{"@type":"ListItem","position":2,"name":"&#8220;Albedo o Chiardiluna&#8221; le opere di Daniela De Lorenzo in mostra alla galleria Crumb"}]},{"@type":"WebSite","@id":"https:\/\/www.intoscana.it\/it\/#website","url":"https:\/\/www.intoscana.it\/it\/","name":"intoscana","description":"","potentialAction":[{"@type":"SearchAction","target":{"@type":"EntryPoint","urlTemplate":"https:\/\/www.intoscana.it\/it\/?s={search_term_string}"},"query-input":{"@type":"PropertyValueSpecification","valueRequired":true,"valueName":"search_term_string"}}],"inLanguage":"it-IT"},{"@type":"Person","@id":"https:\/\/www.intoscana.it\/it\/#\/schema\/person\/d469f35f09739bdf00bf5dd3f0647a82","name":"Costanza Baldini","url":"https:\/\/www.intoscana.it\/it\/author\/costanza-baldini\/"}]}},"_links":{"self":[{"href":"https:\/\/www.intoscana.it\/it\/wp-json\/wp\/v2\/posts\/266861","targetHints":{"allow":["GET"]}}],"collection":[{"href":"https:\/\/www.intoscana.it\/it\/wp-json\/wp\/v2\/posts"}],"about":[{"href":"https:\/\/www.intoscana.it\/it\/wp-json\/wp\/v2\/types\/post"}],"author":[{"embeddable":true,"href":"https:\/\/www.intoscana.it\/it\/wp-json\/wp\/v2\/users\/518"}],"replies":[{"embeddable":true,"href":"https:\/\/www.intoscana.it\/it\/wp-json\/wp\/v2\/comments?post=266861"}],"version-history":[{"count":0,"href":"https:\/\/www.intoscana.it\/it\/wp-json\/wp\/v2\/posts\/266861\/revisions"}],"wp:featuredmedia":[{"embeddable":true,"href":"https:\/\/www.intoscana.it\/it\/wp-json\/wp\/v2\/media\/266863"}],"wp:attachment":[{"href":"https:\/\/www.intoscana.it\/it\/wp-json\/wp\/v2\/media?parent=266861"}],"wp:term":[{"taxonomy":"category","embeddable":true,"href":"https:\/\/www.intoscana.it\/it\/wp-json\/wp\/v2\/categories?post=266861"},{"taxonomy":"post_tag","embeddable":true,"href":"https:\/\/www.intoscana.it\/it\/wp-json\/wp\/v2\/tags?post=266861"}],"curies":[{"name":"wp","href":"https:\/\/api.w.org\/{rel}","templated":true}]}}