{"id":266987,"date":"2023-01-14T08:32:54","date_gmt":"2023-01-14T07:32:54","guid":{"rendered":"https:\/\/www.intoscana.it\/it\/?p=266987"},"modified":"2023-01-14T13:38:28","modified_gmt":"2023-01-14T12:38:28","slug":"memorial-davide-astori","status":"publish","type":"post","link":"https:\/\/www.intoscana.it\/it\/memorial-davide-astori\/","title":{"rendered":"A Firenze arriva il primo Memorial Davide Astori"},"content":{"rendered":"<p>Si terr\u00e0 a giugno a Firenze la prima edizione del Memorial <strong>Davide Astori<\/strong>, torneo riservato alla categoria Pulcini 2012-2013 e dedicato <a href=\"https:\/\/www.intoscana.it\/it\/articolo\/il-ritratto-del-capitano-gentile-ecco-il-documentario-su-davide-astori\/\" target=\"_blank\" rel=\"noopener\">al capitano della <\/a><strong>Fiorentina,<\/strong> scomparso il 4 marzo 2018. Bologna, Cagliari, Cremonese, Fiorentina, Inter, Roma, il club fiorentino Affrico come padrone di casa e altre squadre dilettanti sono le societ\u00e0 che daranno vita al Memorial.<\/p>\n<p>Il torneo, che si gioca appunto sul <strong>campo dell&#8217;Affrico<\/strong> (nel Quartiere 2, a pochi passi dallo stadio Artemio Franchi), si svolger\u00e0 dal 2 al 4 giugno. Il club dilettantistico \u00e8 affiliato alla Fiorentina.<\/p>\n<h3>Bruno Astori: &#8220;Venire a Firenze \u00e8 come tornare a casa&#8221;<\/h3>\n<p>Tra i presenti alla conferenza stampa di lancio dell&#8217;evento che si \u00e8 tenuta ieri al Museo del calcio di Coverciano anche il direttore generale della Fiorentina Joe Barone e Bruno, Marco e Renato Astori, rispettivamente fratelli e padre di Davide.<\/p>\n<div class=\"focuson\"><a href=\"https:\/\/www.intoscana.it\/it\/articolo\/le-nuove-maglie-della-fiorentina-con-un-omaggio-a-davide-astori-13-gigli-per-ricordarlo\/\"><img decoding=\"async\" class=\"lazy\" src=\"https:\/\/www.intoscana.it\/wp-content\/uploads\/Davide-Astori-Fotocronache_Germogli-002.jpg\" style=\"\">\n                <div class=\"cat\">Le nuove maglie della Fiorentina con un omaggio a Davide Astori<\/div>\n                <h4>13 gigli per ricordarlo<\/h4><\/a>\n              <\/div>\n<p><em>&#8220;Venire a Firenze \u00e8 come tornare a casa, ogni volta che possiamo per questi eventi cerchiamo di farlo<\/em> &#8211; ha detto <strong>Bruno Astori<\/strong> &#8211; <em>Coverciano per Davide \u00e8 stato un posto molto simbolico, la prima volta che sono venuto a vederlo era nel 2005 quando giocava <\/em><em>nell&#8217;Under 18. Ho parlato con la Fiorentina e cercheranno sempre di mantenere il ricordo con grande discrezione, apprezziamo<\/em><br \/>\n<em>molto&#8221;.<\/em><\/p>\n<p><em>&#8220;Ero negli Stati Uniti quando ho letto di Astori<\/em> &#8211; ha spiegato il direttore della Fiorentina, <strong>Joe Barone<\/strong> &#8211; <mark><em>la sua storia \u00e8 molto evidente nella Fiorentina ed \u00e8 sempre presente in tantissimi stadi, abbiamo sue foto ovunque e la sua maglia, il suo ricordo \u00e8 sempre vivo nel calcio italiano. Questo evento \u00e8 molto importante, Davide faceva tanto per i bambini ed avere il suo nome in un Memorial era il mio primo punto d&#8217;arrivo: l&#8217;Affrico \u00e8 la mia prima conoscenza nel calcio fiorentino.<\/mark> Mi auguro che un giorno la finale si possa giocare al Viola Park. Astori ha lasciato un ricordo di come deve essere un umano, un calciatore, un pap\u00e0, un amico, far parte della citt\u00e0 e di un popolo: io questi valori li rivedo ogni giorno nel nostro capitano Biraghi&#8221;.<\/em><\/p>\n<p><em>&#8220;Penso che Davide abbia fatto uno dei pochi miracoli che il calcio conosce, mettere insieme tutti<\/em> &#8211; ha concluso il direttore del <strong>Museo del calcio<\/strong> Matteo Marani &#8211; <em>ricordo che tempo fa venne qui al Museo Bonucci, vide la maglia di Astori e lo vidi commosso&#8221;.<\/em><\/p>\n","protected":false},"excerpt":{"rendered":"<p>Il torneo in ricordo del capitano viola, scomparso il 4 marzo 2018, si terr\u00e0 a giugno<\/p>\n","protected":false},"author":525,"featured_media":172295,"comment_status":"open","ping_status":"open","sticky":false,"template":"","format":"standard","meta":{"_acf_changed":false,"footnotes":""},"categories":[494],"tags":[290,202],"class_list":["post-266987","post","type-post","status-publish","format-standard","has-post-thumbnail","hentry","category-attualita","tag-calcio","tag-firenze"],"acf":[],"yoast_head":"<!-- This site is optimized with the Yoast SEO Premium plugin v24.2 (Yoast SEO v25.6) - https:\/\/yoast.com\/wordpress\/plugins\/seo\/ -->\n<title>A Firenze arriva il primo Memorial Davide Astori - intoscana<\/title>\n<meta name=\"description\" content=\"A Firenze arriva il primo Memorial Davide Astori, in memoria del capitano della Fiorentina scomparso nel 2018: si terr\u00e0 a giugno.\" \/>\n<meta name=\"robots\" content=\"index, follow, max-snippet:-1, max-image-preview:large, max-video-preview:-1\" \/>\n<link rel=\"canonical\" href=\"https:\/\/www.intoscana.it\/it\/memorial-davide-astori\/\" \/>\n<meta property=\"og:locale\" content=\"it_IT\" \/>\n<meta property=\"og:type\" content=\"article\" \/>\n<meta property=\"og:title\" content=\"A Firenze arriva il primo Memorial Davide Astori\" \/>\n<meta property=\"og:description\" content=\"A Firenze arriva il primo Memorial Davide Astori, in memoria del capitano della Fiorentina scomparso nel 2018: si terr\u00e0 a giugno.\" \/>\n<meta property=\"og:url\" content=\"https:\/\/www.intoscana.it\/it\/memorial-davide-astori\/\" \/>\n<meta property=\"og:site_name\" content=\"intoscana\" \/>\n<meta property=\"article:publisher\" content=\"https:\/\/www.facebook.com\/intoscana.it\" \/>\n<meta property=\"article:published_time\" content=\"2023-01-14T07:32:54+00:00\" \/>\n<meta property=\"article:modified_time\" content=\"2023-01-14T12:38:28+00:00\" \/>\n<meta property=\"og:image\" content=\"https:\/\/www.intoscana.it\/wp-content\/uploads\/Davide-Astori-copyright-Fotocronache_Germogli-004.jpg\" \/>\n\t<meta property=\"og:image:width\" content=\"2048\" \/>\n\t<meta property=\"og:image:height\" content=\"1365\" \/>\n\t<meta property=\"og:image:type\" content=\"image\/jpeg\" \/>\n<meta name=\"author\" content=\"Redazione\" \/>\n<meta name=\"twitter:card\" content=\"summary_large_image\" \/>\n<meta name=\"twitter:creator\" content=\"@intoscana\" \/>\n<meta name=\"twitter:site\" content=\"@intoscana\" \/>\n<meta name=\"twitter:label1\" content=\"Written by\" \/>\n\t<meta name=\"twitter:data1\" content=\"Redazione\" \/>\n\t<meta name=\"twitter:label2\" content=\"Est. reading time\" \/>\n\t<meta name=\"twitter:data2\" content=\"2 minuti\" \/>\n<script type=\"application\/ld+json\" class=\"yoast-schema-graph\">{\"@context\":\"https:\/\/schema.org\",\"@graph\":[{\"@type\":\"WebPage\",\"@id\":\"https:\/\/www.intoscana.it\/it\/memorial-davide-astori\/\",\"url\":\"https:\/\/www.intoscana.it\/it\/memorial-davide-astori\/\",\"name\":\"A Firenze arriva il primo Memorial Davide Astori - intoscana\",\"isPartOf\":{\"@id\":\"https:\/\/www.intoscana.it\/it\/#website\"},\"primaryImageOfPage\":{\"@id\":\"https:\/\/www.intoscana.it\/it\/memorial-davide-astori\/#primaryimage\"},\"image\":{\"@id\":\"https:\/\/www.intoscana.it\/it\/memorial-davide-astori\/#primaryimage\"},\"thumbnailUrl\":\"https:\/\/www.intoscana.it\/wp-content\/uploads\/Davide-Astori-copyright-Fotocronache_Germogli-004.jpg\",\"datePublished\":\"2023-01-14T07:32:54+00:00\",\"dateModified\":\"2023-01-14T12:38:28+00:00\",\"author\":{\"@id\":\"https:\/\/www.intoscana.it\/it\/#\/schema\/person\/9223810753230f20bd670fdd322661f8\"},\"description\":\"A Firenze arriva il primo Memorial Davide Astori, in memoria del capitano della Fiorentina scomparso nel 2018: si terr\u00e0 a giugno.\",\"breadcrumb\":{\"@id\":\"https:\/\/www.intoscana.it\/it\/memorial-davide-astori\/#breadcrumb\"},\"inLanguage\":\"it-IT\",\"potentialAction\":[{\"@type\":\"ReadAction\",\"target\":[\"https:\/\/www.intoscana.it\/it\/memorial-davide-astori\/\"]}]},{\"@type\":\"ImageObject\",\"inLanguage\":\"it-IT\",\"@id\":\"https:\/\/www.intoscana.it\/it\/memorial-davide-astori\/#primaryimage\",\"url\":\"https:\/\/www.intoscana.it\/wp-content\/uploads\/Davide-Astori-copyright-Fotocronache_Germogli-004.jpg\",\"contentUrl\":\"https:\/\/www.intoscana.it\/wp-content\/uploads\/Davide-Astori-copyright-Fotocronache_Germogli-004.jpg\",\"width\":2048,\"height\":1365,\"caption\":\"Davide Astori\"},{\"@type\":\"BreadcrumbList\",\"@id\":\"https:\/\/www.intoscana.it\/it\/memorial-davide-astori\/#breadcrumb\",\"itemListElement\":[{\"@type\":\"ListItem\",\"position\":1,\"name\":\"Home\",\"item\":\"https:\/\/www.intoscana.it\/it\/\"},{\"@type\":\"ListItem\",\"position\":2,\"name\":\"A Firenze arriva il primo Memorial Davide Astori\"}]},{\"@type\":\"WebSite\",\"@id\":\"https:\/\/www.intoscana.it\/it\/#website\",\"url\":\"https:\/\/www.intoscana.it\/it\/\",\"name\":\"intoscana\",\"description\":\"\",\"potentialAction\":[{\"@type\":\"SearchAction\",\"target\":{\"@type\":\"EntryPoint\",\"urlTemplate\":\"https:\/\/www.intoscana.it\/it\/?s={search_term_string}\"},\"query-input\":{\"@type\":\"PropertyValueSpecification\",\"valueRequired\":true,\"valueName\":\"search_term_string\"}}],\"inLanguage\":\"it-IT\"},{\"@type\":\"Person\",\"@id\":\"https:\/\/www.intoscana.it\/it\/#\/schema\/person\/9223810753230f20bd670fdd322661f8\",\"name\":\"Redazione\",\"url\":\"https:\/\/www.intoscana.it\/it\/author\/redazione\/\"}]}<\/script>\n<!-- \/ Yoast SEO Premium plugin. -->","yoast_head_json":{"title":"A Firenze arriva il primo Memorial Davide Astori - intoscana","description":"A Firenze arriva il primo Memorial Davide Astori, in memoria del capitano della Fiorentina scomparso nel 2018: si terr\u00e0 a giugno.","robots":{"index":"index","follow":"follow","max-snippet":"max-snippet:-1","max-image-preview":"max-image-preview:large","max-video-preview":"max-video-preview:-1"},"canonical":"https:\/\/www.intoscana.it\/it\/memorial-davide-astori\/","og_locale":"it_IT","og_type":"article","og_title":"A Firenze arriva il primo Memorial Davide Astori","og_description":"A Firenze arriva il primo Memorial Davide Astori, in memoria del capitano della Fiorentina scomparso nel 2018: si terr\u00e0 a giugno.","og_url":"https:\/\/www.intoscana.it\/it\/memorial-davide-astori\/","og_site_name":"intoscana","article_publisher":"https:\/\/www.facebook.com\/intoscana.it","article_published_time":"2023-01-14T07:32:54+00:00","article_modified_time":"2023-01-14T12:38:28+00:00","og_image":[{"width":2048,"height":1365,"url":"https:\/\/www.intoscana.it\/wp-content\/uploads\/Davide-Astori-copyright-Fotocronache_Germogli-004.jpg","type":"image\/jpeg"}],"author":"Redazione","twitter_card":"summary_large_image","twitter_creator":"@intoscana","twitter_site":"@intoscana","twitter_misc":{"Written by":"Redazione","Est. reading time":"2 minuti"},"schema":{"@context":"https:\/\/schema.org","@graph":[{"@type":"WebPage","@id":"https:\/\/www.intoscana.it\/it\/memorial-davide-astori\/","url":"https:\/\/www.intoscana.it\/it\/memorial-davide-astori\/","name":"A Firenze arriva il primo Memorial Davide Astori - intoscana","isPartOf":{"@id":"https:\/\/www.intoscana.it\/it\/#website"},"primaryImageOfPage":{"@id":"https:\/\/www.intoscana.it\/it\/memorial-davide-astori\/#primaryimage"},"image":{"@id":"https:\/\/www.intoscana.it\/it\/memorial-davide-astori\/#primaryimage"},"thumbnailUrl":"https:\/\/www.intoscana.it\/wp-content\/uploads\/Davide-Astori-copyright-Fotocronache_Germogli-004.jpg","datePublished":"2023-01-14T07:32:54+00:00","dateModified":"2023-01-14T12:38:28+00:00","author":{"@id":"https:\/\/www.intoscana.it\/it\/#\/schema\/person\/9223810753230f20bd670fdd322661f8"},"description":"A Firenze arriva il primo Memorial Davide Astori, in memoria del capitano della Fiorentina scomparso nel 2018: si terr\u00e0 a giugno.","breadcrumb":{"@id":"https:\/\/www.intoscana.it\/it\/memorial-davide-astori\/#breadcrumb"},"inLanguage":"it-IT","potentialAction":[{"@type":"ReadAction","target":["https:\/\/www.intoscana.it\/it\/memorial-davide-astori\/"]}]},{"@type":"ImageObject","inLanguage":"it-IT","@id":"https:\/\/www.intoscana.it\/it\/memorial-davide-astori\/#primaryimage","url":"https:\/\/www.intoscana.it\/wp-content\/uploads\/Davide-Astori-copyright-Fotocronache_Germogli-004.jpg","contentUrl":"https:\/\/www.intoscana.it\/wp-content\/uploads\/Davide-Astori-copyright-Fotocronache_Germogli-004.jpg","width":2048,"height":1365,"caption":"Davide Astori"},{"@type":"BreadcrumbList","@id":"https:\/\/www.intoscana.it\/it\/memorial-davide-astori\/#breadcrumb","itemListElement":[{"@type":"ListItem","position":1,"name":"Home","item":"https:\/\/www.intoscana.it\/it\/"},{"@type":"ListItem","position":2,"name":"A Firenze arriva il primo Memorial Davide Astori"}]},{"@type":"WebSite","@id":"https:\/\/www.intoscana.it\/it\/#website","url":"https:\/\/www.intoscana.it\/it\/","name":"intoscana","description":"","potentialAction":[{"@type":"SearchAction","target":{"@type":"EntryPoint","urlTemplate":"https:\/\/www.intoscana.it\/it\/?s={search_term_string}"},"query-input":{"@type":"PropertyValueSpecification","valueRequired":true,"valueName":"search_term_string"}}],"inLanguage":"it-IT"},{"@type":"Person","@id":"https:\/\/www.intoscana.it\/it\/#\/schema\/person\/9223810753230f20bd670fdd322661f8","name":"Redazione","url":"https:\/\/www.intoscana.it\/it\/author\/redazione\/"}]}},"_links":{"self":[{"href":"https:\/\/www.intoscana.it\/it\/wp-json\/wp\/v2\/posts\/266987","targetHints":{"allow":["GET"]}}],"collection":[{"href":"https:\/\/www.intoscana.it\/it\/wp-json\/wp\/v2\/posts"}],"about":[{"href":"https:\/\/www.intoscana.it\/it\/wp-json\/wp\/v2\/types\/post"}],"author":[{"embeddable":true,"href":"https:\/\/www.intoscana.it\/it\/wp-json\/wp\/v2\/users\/525"}],"replies":[{"embeddable":true,"href":"https:\/\/www.intoscana.it\/it\/wp-json\/wp\/v2\/comments?post=266987"}],"version-history":[{"count":0,"href":"https:\/\/www.intoscana.it\/it\/wp-json\/wp\/v2\/posts\/266987\/revisions"}],"wp:featuredmedia":[{"embeddable":true,"href":"https:\/\/www.intoscana.it\/it\/wp-json\/wp\/v2\/media\/172295"}],"wp:attachment":[{"href":"https:\/\/www.intoscana.it\/it\/wp-json\/wp\/v2\/media?parent=266987"}],"wp:term":[{"taxonomy":"category","embeddable":true,"href":"https:\/\/www.intoscana.it\/it\/wp-json\/wp\/v2\/categories?post=266987"},{"taxonomy":"post_tag","embeddable":true,"href":"https:\/\/www.intoscana.it\/it\/wp-json\/wp\/v2\/tags?post=266987"}],"curies":[{"name":"wp","href":"https:\/\/api.w.org\/{rel}","templated":true}]}}