{"id":267030,"date":"2023-01-14T11:42:38","date_gmt":"2023-01-14T10:42:38","guid":{"rendered":"https:\/\/www.intoscana.it\/it\/?p=267030"},"modified":"2023-01-16T12:40:16","modified_gmt":"2023-01-16T11:40:16","slug":"covid-346-casi","status":"publish","type":"post","link":"https:\/\/www.intoscana.it\/it\/covid-346-casi\/","title":{"rendered":"Covid-19: 346 nuovi casi e tre decessi in Toscana"},"content":{"rendered":"<p>Sono 346 i nuovi casi di <strong>Covid-19<\/strong> registrati nelle ultime ventiquattro ore in Toscana: 69 sono stati confermati con tampone molecolare e gli altri 277 con test rapido.<br \/>\nIl numero dei<strong> contagiati<\/strong> rilevati nella regione dall&#8217;inizio della pandemia sale dunque a 1.577.721. I nuovi casi sono lo 0,02% in pi\u00f9 rispetto al totale del giorno precedente. I <strong>guariti<\/strong> crescono dello 0,1% (976 persone) e raggiungono quota 1.495.892 (94,8% dei casi totali).<\/p>\n<p>Al momento in Toscana risultano pertanto <strong>70.391 positivi<\/strong>, -0,9% rispetto a ieri. Di questi 344 (15 in meno rispetto a ieri) sono ricoverati in ospedale: 11 (6 in meno) si trovano in terapia intensiva.<\/p>\n<p>Dall&#8217;ultimo bollettino quotidiano sono stati eseguiti 497 tamponi molecolari e 3.075 <strong>tamponi antigenici rapidi<\/strong>: di questi il 9,7% \u00e8 risultato positivo. Sono invece 607 i soggetti testati, escludendo i tamponi di controllo: il 57% di questi \u00e8 risultato positivo.<\/p>\n<p>La lista dei <strong>decessi<\/strong> si aggiorna con 3 nuovi decessi: 2 uomini e una donna con un&#8217;et\u00e0 media di 82,7 anni.<\/p>\n<p>I dati, relativi all&#8217;andamento della pandemia, sono quelli accertati oggi sulla base delle richieste della Protezione civile nazionale.<\/p>\n<h3>L&#8217;andamento dei casi per provincia<\/h3>\n<p>Con gli ultimi casi salgono a <strong>422.389 i positivi<\/strong> dall&#8217;inizio dell&#8217;emergenza nei comuni della Citt\u00e0 metropolitana di Firenze (100 in pi\u00f9 rispetto a ieri), 103.003 in provincia di Prato (16 in pi\u00f9), 122.732 a Pistoia (22 in pi\u00f9), 82.751 a Massa Carrara (13 in pi\u00f9), 172.180 a Lucca (36 in pi\u00f9), 184.440 a Pisa (38 in pi\u00f9), 145.608 a Livorno (44 in pi\u00f9), 142.344 ad Arezzo (36 in pi\u00f9), 112.725 a Siena (26 in pi\u00f9) e 88.317 a Grosseto (15 in pi\u00f9). A questi vanno aggiunti 569 casi di positivit\u00e0 notificati in Toscana ma che riguardano residenti in altre regioni.<\/p>\n<p>La Toscana si trova all&#8217;<strong>11\u00b0 posto in Italia<\/strong> come numerosit\u00e0 di casi complessivi dall&#8217;inizio della pandemia (tra residenti e non residenti), con circa 43.070 casi ogni 100.000 abitanti (la media italiana \u00e9 42.967 x100.000, dato aggiornato a due giorni fa). Al momento la provincia di notifica con il tasso pi\u00f9 alto \u00e9 Lucca (con 45.019 casi ogni 100 mila abitanti), seguita da Livorno (44.493) e Pisa (44.226). La pi\u00f9 bassa concentrazione si riscontra a Prato (con un tasso di 39.905).<\/p>\n<p>In 70.047 sono in <strong>isolamento a casa<\/strong>, perch\u00e9 presentano sintomi lievi che non richiedono cure ospedaliere o risultano prive di sintomi (618 in meno rispetto a ieri, meno 0,9%).<\/p>\n<p>I 1.495.892 guariti registrati a oggi lo sono a tutti gli effetti, da un punto di vista virale, certificati con tampone negativo.<\/p>\n<h3>Tre nuovi decessi: et\u00e0 media 82,7 anni<\/h3>\n<p>La lista dei decessi si aggiorna con 3 nuovi decessi: 2 uomini e una donna con un&#8217;et\u00e0 media di<strong> 82,7 anni.<\/strong> Relativamente alla provincia di residenza, le persone decedute sono: 1 a Prato, 1 a Pistoia, 1 a Pisa.<\/p>\n<p>Sono <strong>11.438 i deceduti<\/strong> dall&#8217;inizio dell&#8217;epidemia: 3.641 nella Citt\u00e0 metropolitana di Firenze, 940 in provincia di Prato, 1.023 a Pistoia, 715 a Massa Carrara, 1.063 a Lucca, 1.276 a Pisa, 856 a Livorno, 727 ad Arezzo, 616 a Siena, 416 a Grosseto. Vanno aggiunte 165 persone decedute sul suolo toscano ma erano residenti fuori regione.<\/p>\n<p>Il <strong>tasso grezzo di mortalit\u00e0<\/strong> per Covid-19 (numero di deceduti\/popolazione residente) \u00e8 al momento 312,2 ogni 100 mila residenti, contro il 315,1 x100.000 della media italiana (dato aggiornato a due giorni fa). La Toscana \u00e9 8\u00b0 tra le regioni. Per quanto riguarda le province, il tasso di mortalit\u00e0 pi\u00f9 alto si riscontra a Massa Carrara (379,3 ogni 100 mila abitanti), seguita da Firenze (368,8 x100.000) e Prato (364,2 x100.000), mentre il pi\u00f9 basso \u00e8 a Grosseto (191,7 x100.000).<\/p>\n","protected":false},"excerpt":{"rendered":"<p>I ricoverati in ospedale sono 344 (15 in meno rispetto a ieri), mentre 70.047 persone sono in isolamento a casa<\/p>\n","protected":false},"author":525,"featured_media":157574,"comment_status":"open","ping_status":"open","sticky":false,"template":"","format":"standard","meta":{"_acf_changed":false,"footnotes":""},"categories":[494],"tags":[4868,418],"class_list":["post-267030","post","type-post","status-publish","format-standard","has-post-thumbnail","hentry","category-attualita","tag-bollettino-covid-toscana","tag-covid-19"],"acf":[],"yoast_head":"<!-- This site is optimized with the Yoast SEO Premium plugin v24.2 (Yoast SEO v25.6) - https:\/\/yoast.com\/wordpress\/plugins\/seo\/ -->\n<title>Covid-19: 346 nuovi casi e tre decessi in Toscana - intoscana<\/title>\n<meta name=\"description\" content=\"Sono 346 i nuovi casi di Covid-19 oggi in Toscana, si registrano anche 3 nuovi decessi con et\u00e0 media di 82,7 anni.\" \/>\n<meta name=\"robots\" content=\"index, follow, max-snippet:-1, max-image-preview:large, max-video-preview:-1\" \/>\n<link rel=\"canonical\" href=\"https:\/\/www.intoscana.it\/it\/covid-346-casi\/\" \/>\n<meta property=\"og:locale\" content=\"it_IT\" \/>\n<meta property=\"og:type\" content=\"article\" \/>\n<meta property=\"og:title\" content=\"Covid-19: 346 nuovi casi e tre decessi in Toscana\" \/>\n<meta property=\"og:description\" content=\"Sono 346 i nuovi casi di Covid-19 oggi in Toscana, si registrano anche 3 nuovi decessi con et\u00e0 media di 82,7 anni.\" \/>\n<meta property=\"og:url\" content=\"https:\/\/www.intoscana.it\/it\/covid-346-casi\/\" \/>\n<meta property=\"og:site_name\" content=\"intoscana\" \/>\n<meta property=\"article:publisher\" content=\"https:\/\/www.facebook.com\/intoscana.it\" \/>\n<meta property=\"article:published_time\" content=\"2023-01-14T10:42:38+00:00\" \/>\n<meta property=\"article:modified_time\" content=\"2023-01-16T11:40:16+00:00\" \/>\n<meta property=\"og:image\" content=\"https:\/\/www.intoscana.it\/wp-content\/uploads\/tampone-scaled.jpg\" \/>\n\t<meta property=\"og:image:width\" content=\"2048\" \/>\n\t<meta property=\"og:image:height\" content=\"1366\" \/>\n\t<meta property=\"og:image:type\" content=\"image\/jpeg\" \/>\n<meta name=\"author\" content=\"Redazione\" \/>\n<meta name=\"twitter:card\" content=\"summary_large_image\" \/>\n<meta name=\"twitter:creator\" content=\"@intoscana\" \/>\n<meta name=\"twitter:site\" content=\"@intoscana\" \/>\n<meta name=\"twitter:label1\" content=\"Written by\" \/>\n\t<meta name=\"twitter:data1\" content=\"Redazione\" \/>\n\t<meta name=\"twitter:label2\" content=\"Est. reading time\" \/>\n\t<meta name=\"twitter:data2\" content=\"3 minuti\" \/>\n<script type=\"application\/ld+json\" class=\"yoast-schema-graph\">{\"@context\":\"https:\/\/schema.org\",\"@graph\":[{\"@type\":\"WebPage\",\"@id\":\"https:\/\/www.intoscana.it\/it\/covid-346-casi\/\",\"url\":\"https:\/\/www.intoscana.it\/it\/covid-346-casi\/\",\"name\":\"Covid-19: 346 nuovi casi e tre decessi in Toscana - intoscana\",\"isPartOf\":{\"@id\":\"https:\/\/www.intoscana.it\/it\/#website\"},\"primaryImageOfPage\":{\"@id\":\"https:\/\/www.intoscana.it\/it\/covid-346-casi\/#primaryimage\"},\"image\":{\"@id\":\"https:\/\/www.intoscana.it\/it\/covid-346-casi\/#primaryimage\"},\"thumbnailUrl\":\"https:\/\/www.intoscana.it\/wp-content\/uploads\/tampone-scaled.jpg\",\"datePublished\":\"2023-01-14T10:42:38+00:00\",\"dateModified\":\"2023-01-16T11:40:16+00:00\",\"author\":{\"@id\":\"https:\/\/www.intoscana.it\/it\/#\/schema\/person\/9223810753230f20bd670fdd322661f8\"},\"description\":\"Sono 346 i nuovi casi di Covid-19 oggi in Toscana, si registrano anche 3 nuovi decessi con et\u00e0 media di 82,7 anni.\",\"breadcrumb\":{\"@id\":\"https:\/\/www.intoscana.it\/it\/covid-346-casi\/#breadcrumb\"},\"inLanguage\":\"it-IT\",\"potentialAction\":[{\"@type\":\"ReadAction\",\"target\":[\"https:\/\/www.intoscana.it\/it\/covid-346-casi\/\"]}]},{\"@type\":\"ImageObject\",\"inLanguage\":\"it-IT\",\"@id\":\"https:\/\/www.intoscana.it\/it\/covid-346-casi\/#primaryimage\",\"url\":\"https:\/\/www.intoscana.it\/wp-content\/uploads\/tampone-scaled.jpg\",\"contentUrl\":\"https:\/\/www.intoscana.it\/wp-content\/uploads\/tampone-scaled.jpg\",\"width\":2048,\"height\":1366,\"caption\":\"Un tampone per rilevare il Covid-19\"},{\"@type\":\"BreadcrumbList\",\"@id\":\"https:\/\/www.intoscana.it\/it\/covid-346-casi\/#breadcrumb\",\"itemListElement\":[{\"@type\":\"ListItem\",\"position\":1,\"name\":\"Home\",\"item\":\"https:\/\/www.intoscana.it\/it\/\"},{\"@type\":\"ListItem\",\"position\":2,\"name\":\"Covid-19: 346 nuovi casi e tre decessi in Toscana\"}]},{\"@type\":\"WebSite\",\"@id\":\"https:\/\/www.intoscana.it\/it\/#website\",\"url\":\"https:\/\/www.intoscana.it\/it\/\",\"name\":\"intoscana\",\"description\":\"\",\"potentialAction\":[{\"@type\":\"SearchAction\",\"target\":{\"@type\":\"EntryPoint\",\"urlTemplate\":\"https:\/\/www.intoscana.it\/it\/?s={search_term_string}\"},\"query-input\":{\"@type\":\"PropertyValueSpecification\",\"valueRequired\":true,\"valueName\":\"search_term_string\"}}],\"inLanguage\":\"it-IT\"},{\"@type\":\"Person\",\"@id\":\"https:\/\/www.intoscana.it\/it\/#\/schema\/person\/9223810753230f20bd670fdd322661f8\",\"name\":\"Redazione\",\"url\":\"https:\/\/www.intoscana.it\/it\/author\/redazione\/\"}]}<\/script>\n<!-- \/ Yoast SEO Premium plugin. -->","yoast_head_json":{"title":"Covid-19: 346 nuovi casi e tre decessi in Toscana - intoscana","description":"Sono 346 i nuovi casi di Covid-19 oggi in Toscana, si registrano anche 3 nuovi decessi con et\u00e0 media di 82,7 anni.","robots":{"index":"index","follow":"follow","max-snippet":"max-snippet:-1","max-image-preview":"max-image-preview:large","max-video-preview":"max-video-preview:-1"},"canonical":"https:\/\/www.intoscana.it\/it\/covid-346-casi\/","og_locale":"it_IT","og_type":"article","og_title":"Covid-19: 346 nuovi casi e tre decessi in Toscana","og_description":"Sono 346 i nuovi casi di Covid-19 oggi in Toscana, si registrano anche 3 nuovi decessi con et\u00e0 media di 82,7 anni.","og_url":"https:\/\/www.intoscana.it\/it\/covid-346-casi\/","og_site_name":"intoscana","article_publisher":"https:\/\/www.facebook.com\/intoscana.it","article_published_time":"2023-01-14T10:42:38+00:00","article_modified_time":"2023-01-16T11:40:16+00:00","og_image":[{"width":2048,"height":1366,"url":"https:\/\/www.intoscana.it\/wp-content\/uploads\/tampone-scaled.jpg","type":"image\/jpeg"}],"author":"Redazione","twitter_card":"summary_large_image","twitter_creator":"@intoscana","twitter_site":"@intoscana","twitter_misc":{"Written by":"Redazione","Est. reading time":"3 minuti"},"schema":{"@context":"https:\/\/schema.org","@graph":[{"@type":"WebPage","@id":"https:\/\/www.intoscana.it\/it\/covid-346-casi\/","url":"https:\/\/www.intoscana.it\/it\/covid-346-casi\/","name":"Covid-19: 346 nuovi casi e tre decessi in Toscana - intoscana","isPartOf":{"@id":"https:\/\/www.intoscana.it\/it\/#website"},"primaryImageOfPage":{"@id":"https:\/\/www.intoscana.it\/it\/covid-346-casi\/#primaryimage"},"image":{"@id":"https:\/\/www.intoscana.it\/it\/covid-346-casi\/#primaryimage"},"thumbnailUrl":"https:\/\/www.intoscana.it\/wp-content\/uploads\/tampone-scaled.jpg","datePublished":"2023-01-14T10:42:38+00:00","dateModified":"2023-01-16T11:40:16+00:00","author":{"@id":"https:\/\/www.intoscana.it\/it\/#\/schema\/person\/9223810753230f20bd670fdd322661f8"},"description":"Sono 346 i nuovi casi di Covid-19 oggi in Toscana, si registrano anche 3 nuovi decessi con et\u00e0 media di 82,7 anni.","breadcrumb":{"@id":"https:\/\/www.intoscana.it\/it\/covid-346-casi\/#breadcrumb"},"inLanguage":"it-IT","potentialAction":[{"@type":"ReadAction","target":["https:\/\/www.intoscana.it\/it\/covid-346-casi\/"]}]},{"@type":"ImageObject","inLanguage":"it-IT","@id":"https:\/\/www.intoscana.it\/it\/covid-346-casi\/#primaryimage","url":"https:\/\/www.intoscana.it\/wp-content\/uploads\/tampone-scaled.jpg","contentUrl":"https:\/\/www.intoscana.it\/wp-content\/uploads\/tampone-scaled.jpg","width":2048,"height":1366,"caption":"Un tampone per rilevare il Covid-19"},{"@type":"BreadcrumbList","@id":"https:\/\/www.intoscana.it\/it\/covid-346-casi\/#breadcrumb","itemListElement":[{"@type":"ListItem","position":1,"name":"Home","item":"https:\/\/www.intoscana.it\/it\/"},{"@type":"ListItem","position":2,"name":"Covid-19: 346 nuovi casi e tre decessi in Toscana"}]},{"@type":"WebSite","@id":"https:\/\/www.intoscana.it\/it\/#website","url":"https:\/\/www.intoscana.it\/it\/","name":"intoscana","description":"","potentialAction":[{"@type":"SearchAction","target":{"@type":"EntryPoint","urlTemplate":"https:\/\/www.intoscana.it\/it\/?s={search_term_string}"},"query-input":{"@type":"PropertyValueSpecification","valueRequired":true,"valueName":"search_term_string"}}],"inLanguage":"it-IT"},{"@type":"Person","@id":"https:\/\/www.intoscana.it\/it\/#\/schema\/person\/9223810753230f20bd670fdd322661f8","name":"Redazione","url":"https:\/\/www.intoscana.it\/it\/author\/redazione\/"}]}},"_links":{"self":[{"href":"https:\/\/www.intoscana.it\/it\/wp-json\/wp\/v2\/posts\/267030","targetHints":{"allow":["GET"]}}],"collection":[{"href":"https:\/\/www.intoscana.it\/it\/wp-json\/wp\/v2\/posts"}],"about":[{"href":"https:\/\/www.intoscana.it\/it\/wp-json\/wp\/v2\/types\/post"}],"author":[{"embeddable":true,"href":"https:\/\/www.intoscana.it\/it\/wp-json\/wp\/v2\/users\/525"}],"replies":[{"embeddable":true,"href":"https:\/\/www.intoscana.it\/it\/wp-json\/wp\/v2\/comments?post=267030"}],"version-history":[{"count":0,"href":"https:\/\/www.intoscana.it\/it\/wp-json\/wp\/v2\/posts\/267030\/revisions"}],"wp:featuredmedia":[{"embeddable":true,"href":"https:\/\/www.intoscana.it\/it\/wp-json\/wp\/v2\/media\/157574"}],"wp:attachment":[{"href":"https:\/\/www.intoscana.it\/it\/wp-json\/wp\/v2\/media?parent=267030"}],"wp:term":[{"taxonomy":"category","embeddable":true,"href":"https:\/\/www.intoscana.it\/it\/wp-json\/wp\/v2\/categories?post=267030"},{"taxonomy":"post_tag","embeddable":true,"href":"https:\/\/www.intoscana.it\/it\/wp-json\/wp\/v2\/tags?post=267030"}],"curies":[{"name":"wp","href":"https:\/\/api.w.org\/{rel}","templated":true}]}}