{"id":267507,"date":"2023-01-17T14:13:57","date_gmt":"2023-01-17T13:13:57","guid":{"rendered":"https:\/\/www.intoscana.it\/it\/?p=267507"},"modified":"2023-01-17T15:53:53","modified_gmt":"2023-01-17T14:53:53","slug":"studenti-lezione-medicina","status":"publish","type":"post","link":"https:\/\/www.intoscana.it\/it\/studenti-lezione-medicina\/","title":{"rendered":"A Firenze 200 studenti delle superiori a lezione di medicina"},"content":{"rendered":"<p>Circa <strong>200 studenti<\/strong> delle classi quarte e quinte degli istituti secondari superiori di Firenze &#8211; Machiavelli, Castelnuovo, Michelangelo e Rodolico &#8211; hanno partecipato questa mattina al Cinema La Compagnia alla lezione tenuta dagli iscritti all&#8217;<strong>Ordine dei medici chirurghi e odontoiatri<\/strong> della provincia di Firenze.<\/p>\n<h3>Far scoprire anche il lato umano della medicina<\/h3>\n<p><em>&#8220;\u00c8 un progetto ministeriale di successo<\/em> &#8211; ha commentato il presidente dell&#8217;ordine Pietro Dattolo &#8211; <mark><em>\u00e8 il modo per far conoscere quello che secondo me \u00e8 il mestiere pi\u00f9 bello del mondo, fare il medico, curare la gente, guarire le persone&#8221;.<\/mark><br \/>\n<\/em><\/p>\n<p><em>&#8220;La professione medica \u00e8 altamente totalizzante e non solo dal punto di vista delle conoscenze scientifiche, lo \u00e8 anche dal lato umano<\/em> &#8211; ha sottolineato <strong>Linda Vignozzi,<\/strong> presidente del corso di laurea in Medicina e chirurgia dell&#8217;<strong>Universit\u00e0 di Firenze<\/strong> &#8211; <em>con la sola <strong>laurea in medicina<\/strong> non si riesce a esercitare la professione, c&#8217;\u00e8 bisogno del diploma di specializzazione. I posti delle specializzazioni sono talvolta insufficienti a colmare le richieste del servizio sanitario nazionale e regionale. Per noi \u00e8 importante garantire una formazione di elevata qualit\u00e0. Se non formiamo bene i nostri giovani solo per pensare ai grandi numeri allora falliamo il nostro compito&#8221;.<\/em><\/p>\n<h3>Cinque lezioni per i ragazzi delle superiori<em><br \/>\n<\/em><\/h3>\n<p>Si tratta della prima di <strong>cinque lezioni<\/strong> per i ragazzi e le ragazze delle superiori, che si tengono nell&#8217;ambito dei <strong>Percorsi per le competenze trasversali e l&#8217;orientamento<\/strong> per l&#8217;anno 2022\/2023 e verteranno sulla riproduzione, sulle funzioni e gli organi vitali cos\u00ec come sul diabete, sulle malattie e sulle sindromi genetiche. Ma si parler\u00e0 anche di biomeccanica, medicina e chirurgia del movimento, microbiologia e microbiotica, malattie infettive, etica medica. Le altre quattro lezioni si terranno il 31 gennaio, il 21 febbraio, il 21 marzo, mentre l\u2019ultima \u00e8 prevista per aprile\/maggio.<\/p>\n<p>Secondo il coordinatore del progetto Federica Zolfanelli <em>&#8220;il lavoro che facciamo \u00e8 emozionante, bellissimo ed \u00e8 quello che vogliamo dire ai giovani&#8221;.<\/em><\/p>\n","protected":false},"excerpt":{"rendered":"<p>L&#8217;iniziativa di orientamento ha coinvolto i ragazzi e le ragazze delle superiori, il presidente dell&#8217;ordine Pietro Dattolo: &#8220;Un modo per far conoscere il mestiere pi\u00f9 bello del mondo&#8221;<\/p>\n","protected":false},"author":525,"featured_media":145490,"comment_status":"open","ping_status":"open","sticky":false,"template":"","format":"standard","meta":{"_acf_changed":false,"footnotes":""},"categories":[494],"tags":[381,212],"class_list":["post-267507","post","type-post","status-publish","format-standard","has-post-thumbnail","hentry","category-attualita","tag-medicina","tag-scuola"],"acf":[],"yoast_head":"<!-- This site is optimized with the Yoast SEO Premium plugin v24.2 (Yoast SEO v25.6) - https:\/\/yoast.com\/wordpress\/plugins\/seo\/ -->\n<title>A Firenze 200 studenti delle superiori a lezione di medicina - intoscana<\/title>\n<meta name=\"description\" content=\"A Firenze duecento studenti delle superiori a lezioni dai medici per un progetto di orientamento rivolto ai ragazzi degli ultimi anni.\" \/>\n<meta name=\"robots\" content=\"index, follow, max-snippet:-1, max-image-preview:large, max-video-preview:-1\" \/>\n<link rel=\"canonical\" href=\"https:\/\/www.intoscana.it\/it\/studenti-lezione-medicina\/\" \/>\n<meta property=\"og:locale\" content=\"it_IT\" \/>\n<meta property=\"og:type\" content=\"article\" \/>\n<meta property=\"og:title\" content=\"A Firenze 200 studenti delle superiori a lezione di medicina\" \/>\n<meta property=\"og:description\" content=\"A Firenze duecento studenti delle superiori a lezioni dai medici per un progetto di orientamento rivolto ai ragazzi degli ultimi anni.\" \/>\n<meta property=\"og:url\" content=\"https:\/\/www.intoscana.it\/it\/studenti-lezione-medicina\/\" \/>\n<meta property=\"og:site_name\" content=\"intoscana\" \/>\n<meta property=\"article:publisher\" content=\"https:\/\/www.facebook.com\/intoscana.it\" \/>\n<meta property=\"article:published_time\" content=\"2023-01-17T13:13:57+00:00\" \/>\n<meta property=\"article:modified_time\" content=\"2023-01-17T14:53:53+00:00\" \/>\n<meta property=\"og:image\" content=\"https:\/\/www.intoscana.it\/wp-content\/uploads\/giovani-21.jpg\" \/>\n\t<meta property=\"og:image:width\" content=\"2000\" \/>\n\t<meta property=\"og:image:height\" content=\"1333\" \/>\n\t<meta property=\"og:image:type\" content=\"image\/jpeg\" \/>\n<meta name=\"author\" content=\"Redazione\" \/>\n<meta name=\"twitter:card\" content=\"summary_large_image\" \/>\n<meta name=\"twitter:creator\" content=\"@intoscana\" \/>\n<meta name=\"twitter:site\" content=\"@intoscana\" \/>\n<meta name=\"twitter:label1\" content=\"Written by\" \/>\n\t<meta name=\"twitter:data1\" content=\"Redazione\" \/>\n\t<meta name=\"twitter:label2\" content=\"Est. reading time\" \/>\n\t<meta name=\"twitter:data2\" content=\"2 minuti\" \/>\n<script type=\"application\/ld+json\" class=\"yoast-schema-graph\">{\"@context\":\"https:\/\/schema.org\",\"@graph\":[{\"@type\":\"WebPage\",\"@id\":\"https:\/\/www.intoscana.it\/it\/studenti-lezione-medicina\/\",\"url\":\"https:\/\/www.intoscana.it\/it\/studenti-lezione-medicina\/\",\"name\":\"A Firenze 200 studenti delle superiori a lezione di medicina - intoscana\",\"isPartOf\":{\"@id\":\"https:\/\/www.intoscana.it\/it\/#website\"},\"primaryImageOfPage\":{\"@id\":\"https:\/\/www.intoscana.it\/it\/studenti-lezione-medicina\/#primaryimage\"},\"image\":{\"@id\":\"https:\/\/www.intoscana.it\/it\/studenti-lezione-medicina\/#primaryimage\"},\"thumbnailUrl\":\"https:\/\/www.intoscana.it\/wp-content\/uploads\/giovani-21.jpg\",\"datePublished\":\"2023-01-17T13:13:57+00:00\",\"dateModified\":\"2023-01-17T14:53:53+00:00\",\"author\":{\"@id\":\"https:\/\/www.intoscana.it\/it\/#\/schema\/person\/9223810753230f20bd670fdd322661f8\"},\"description\":\"A Firenze duecento studenti delle superiori a lezioni dai medici per un progetto di orientamento rivolto ai ragazzi degli ultimi anni.\",\"breadcrumb\":{\"@id\":\"https:\/\/www.intoscana.it\/it\/studenti-lezione-medicina\/#breadcrumb\"},\"inLanguage\":\"it-IT\",\"potentialAction\":[{\"@type\":\"ReadAction\",\"target\":[\"https:\/\/www.intoscana.it\/it\/studenti-lezione-medicina\/\"]}]},{\"@type\":\"ImageObject\",\"inLanguage\":\"it-IT\",\"@id\":\"https:\/\/www.intoscana.it\/it\/studenti-lezione-medicina\/#primaryimage\",\"url\":\"https:\/\/www.intoscana.it\/wp-content\/uploads\/giovani-21.jpg\",\"contentUrl\":\"https:\/\/www.intoscana.it\/wp-content\/uploads\/giovani-21.jpg\",\"width\":2000,\"height\":1333,\"caption\":\"Studenti\"},{\"@type\":\"BreadcrumbList\",\"@id\":\"https:\/\/www.intoscana.it\/it\/studenti-lezione-medicina\/#breadcrumb\",\"itemListElement\":[{\"@type\":\"ListItem\",\"position\":1,\"name\":\"Home\",\"item\":\"https:\/\/www.intoscana.it\/it\/\"},{\"@type\":\"ListItem\",\"position\":2,\"name\":\"A Firenze 200 studenti delle superiori a lezione di medicina\"}]},{\"@type\":\"WebSite\",\"@id\":\"https:\/\/www.intoscana.it\/it\/#website\",\"url\":\"https:\/\/www.intoscana.it\/it\/\",\"name\":\"intoscana\",\"description\":\"\",\"potentialAction\":[{\"@type\":\"SearchAction\",\"target\":{\"@type\":\"EntryPoint\",\"urlTemplate\":\"https:\/\/www.intoscana.it\/it\/?s={search_term_string}\"},\"query-input\":{\"@type\":\"PropertyValueSpecification\",\"valueRequired\":true,\"valueName\":\"search_term_string\"}}],\"inLanguage\":\"it-IT\"},{\"@type\":\"Person\",\"@id\":\"https:\/\/www.intoscana.it\/it\/#\/schema\/person\/9223810753230f20bd670fdd322661f8\",\"name\":\"Redazione\",\"url\":\"https:\/\/www.intoscana.it\/it\/author\/redazione\/\"}]}<\/script>\n<!-- \/ Yoast SEO Premium plugin. -->","yoast_head_json":{"title":"A Firenze 200 studenti delle superiori a lezione di medicina - intoscana","description":"A Firenze duecento studenti delle superiori a lezioni dai medici per un progetto di orientamento rivolto ai ragazzi degli ultimi anni.","robots":{"index":"index","follow":"follow","max-snippet":"max-snippet:-1","max-image-preview":"max-image-preview:large","max-video-preview":"max-video-preview:-1"},"canonical":"https:\/\/www.intoscana.it\/it\/studenti-lezione-medicina\/","og_locale":"it_IT","og_type":"article","og_title":"A Firenze 200 studenti delle superiori a lezione di medicina","og_description":"A Firenze duecento studenti delle superiori a lezioni dai medici per un progetto di orientamento rivolto ai ragazzi degli ultimi anni.","og_url":"https:\/\/www.intoscana.it\/it\/studenti-lezione-medicina\/","og_site_name":"intoscana","article_publisher":"https:\/\/www.facebook.com\/intoscana.it","article_published_time":"2023-01-17T13:13:57+00:00","article_modified_time":"2023-01-17T14:53:53+00:00","og_image":[{"width":2000,"height":1333,"url":"https:\/\/www.intoscana.it\/wp-content\/uploads\/giovani-21.jpg","type":"image\/jpeg"}],"author":"Redazione","twitter_card":"summary_large_image","twitter_creator":"@intoscana","twitter_site":"@intoscana","twitter_misc":{"Written by":"Redazione","Est. reading time":"2 minuti"},"schema":{"@context":"https:\/\/schema.org","@graph":[{"@type":"WebPage","@id":"https:\/\/www.intoscana.it\/it\/studenti-lezione-medicina\/","url":"https:\/\/www.intoscana.it\/it\/studenti-lezione-medicina\/","name":"A Firenze 200 studenti delle superiori a lezione di medicina - intoscana","isPartOf":{"@id":"https:\/\/www.intoscana.it\/it\/#website"},"primaryImageOfPage":{"@id":"https:\/\/www.intoscana.it\/it\/studenti-lezione-medicina\/#primaryimage"},"image":{"@id":"https:\/\/www.intoscana.it\/it\/studenti-lezione-medicina\/#primaryimage"},"thumbnailUrl":"https:\/\/www.intoscana.it\/wp-content\/uploads\/giovani-21.jpg","datePublished":"2023-01-17T13:13:57+00:00","dateModified":"2023-01-17T14:53:53+00:00","author":{"@id":"https:\/\/www.intoscana.it\/it\/#\/schema\/person\/9223810753230f20bd670fdd322661f8"},"description":"A Firenze duecento studenti delle superiori a lezioni dai medici per un progetto di orientamento rivolto ai ragazzi degli ultimi anni.","breadcrumb":{"@id":"https:\/\/www.intoscana.it\/it\/studenti-lezione-medicina\/#breadcrumb"},"inLanguage":"it-IT","potentialAction":[{"@type":"ReadAction","target":["https:\/\/www.intoscana.it\/it\/studenti-lezione-medicina\/"]}]},{"@type":"ImageObject","inLanguage":"it-IT","@id":"https:\/\/www.intoscana.it\/it\/studenti-lezione-medicina\/#primaryimage","url":"https:\/\/www.intoscana.it\/wp-content\/uploads\/giovani-21.jpg","contentUrl":"https:\/\/www.intoscana.it\/wp-content\/uploads\/giovani-21.jpg","width":2000,"height":1333,"caption":"Studenti"},{"@type":"BreadcrumbList","@id":"https:\/\/www.intoscana.it\/it\/studenti-lezione-medicina\/#breadcrumb","itemListElement":[{"@type":"ListItem","position":1,"name":"Home","item":"https:\/\/www.intoscana.it\/it\/"},{"@type":"ListItem","position":2,"name":"A Firenze 200 studenti delle superiori a lezione di medicina"}]},{"@type":"WebSite","@id":"https:\/\/www.intoscana.it\/it\/#website","url":"https:\/\/www.intoscana.it\/it\/","name":"intoscana","description":"","potentialAction":[{"@type":"SearchAction","target":{"@type":"EntryPoint","urlTemplate":"https:\/\/www.intoscana.it\/it\/?s={search_term_string}"},"query-input":{"@type":"PropertyValueSpecification","valueRequired":true,"valueName":"search_term_string"}}],"inLanguage":"it-IT"},{"@type":"Person","@id":"https:\/\/www.intoscana.it\/it\/#\/schema\/person\/9223810753230f20bd670fdd322661f8","name":"Redazione","url":"https:\/\/www.intoscana.it\/it\/author\/redazione\/"}]}},"_links":{"self":[{"href":"https:\/\/www.intoscana.it\/it\/wp-json\/wp\/v2\/posts\/267507","targetHints":{"allow":["GET"]}}],"collection":[{"href":"https:\/\/www.intoscana.it\/it\/wp-json\/wp\/v2\/posts"}],"about":[{"href":"https:\/\/www.intoscana.it\/it\/wp-json\/wp\/v2\/types\/post"}],"author":[{"embeddable":true,"href":"https:\/\/www.intoscana.it\/it\/wp-json\/wp\/v2\/users\/525"}],"replies":[{"embeddable":true,"href":"https:\/\/www.intoscana.it\/it\/wp-json\/wp\/v2\/comments?post=267507"}],"version-history":[{"count":0,"href":"https:\/\/www.intoscana.it\/it\/wp-json\/wp\/v2\/posts\/267507\/revisions"}],"wp:featuredmedia":[{"embeddable":true,"href":"https:\/\/www.intoscana.it\/it\/wp-json\/wp\/v2\/media\/145490"}],"wp:attachment":[{"href":"https:\/\/www.intoscana.it\/it\/wp-json\/wp\/v2\/media?parent=267507"}],"wp:term":[{"taxonomy":"category","embeddable":true,"href":"https:\/\/www.intoscana.it\/it\/wp-json\/wp\/v2\/categories?post=267507"},{"taxonomy":"post_tag","embeddable":true,"href":"https:\/\/www.intoscana.it\/it\/wp-json\/wp\/v2\/tags?post=267507"}],"curies":[{"name":"wp","href":"https:\/\/api.w.org\/{rel}","templated":true}]}}