{"id":267534,"date":"2023-01-17T15:27:42","date_gmt":"2023-01-17T14:27:42","guid":{"rendered":"https:\/\/www.intoscana.it\/it\/?p=267534"},"modified":"2023-01-17T15:31:28","modified_gmt":"2023-01-17T14:31:28","slug":"accademia-disegno-catarsini","status":"publish","type":"post","link":"https:\/\/www.intoscana.it\/it\/accademia-disegno-catarsini\/","title":{"rendered":"All&#8217;Accademia del disegno di Firenze in mostra 25 autoritratti di Catarsini"},"content":{"rendered":"<p>Si inaugura oggi, nel giorno del compleanno di <strong>Alfredo Catarsini<\/strong> (17 gennaio 1899), la mostra che espone a Firenze una selezione di <strong>25 autoritratti<\/strong> dell&#8217;artista, realizzati con varie tecniche e che abbracciano un arco temporale di oltre 50 anni.<br \/>\nLa rassegna, dal titolo &#8220;L&#8217;Artista allo specchio. Alfredo Catarsini: autoritratti dal 1930 al 1985&#8221;, \u00e8 curata da Rodolfo Bona, direttore artistico della Fondazione Alfredo Catarsini ed \u00e8 allestita nella sala della biblioteca dell&#8217;<strong>Accademia delle arti del disegno di Firenze<\/strong> fino al 17 febbraio.<\/p>\n<p>L&#8217;esposizione rientra tra le attivit\u00e0 a cui sta lavorando <a href=\"https:\/\/www.intoscana.it\/it\/articolo\/nasce-la-fondazione-alfredo-catarsini-un-omaggio-allartista-di-viareggio\/\" target=\"_blank\" rel=\"noopener\">la Fondazione Catarsini per valorizzare maggiormente la figura dell&#8217;artista:<\/a> in progetto c&#8217;\u00e8 anche un percorso turistico che toccher\u00e0 i principali luoghi della Toscana a cui Catarsini \u00e8 stato legato.<br \/>\nLa scelta di porre in mostra proprio a <strong>Firenze<\/strong> questa selezione di autoritratti \u00e8 legata anche al fatto che Catarsini ha partecipato a tante esposizioni nel capoluogo, dalla prima collettiva del 1927 nei <strong>Chiostri di Santa Maria Novella<\/strong> fino alla grande personale, antologica del 1981 a Palazzo Strozzi, dove furono in mostra per tre settimane oltre 200 opere.<\/p>\n<p>E tra una mostra e l\u2019altra, Catarsini spesso si divertiva ad autoritrarsi. &#8220;<em>S<\/em><i>i piaceva e si \u00e8 molto ritratto <\/i>&#8211; spiega <b>Elena Martinelli<\/b>, presidente della Fondazione che dall\u2019estate del 2020 promuove l\u2019opera culturale di Catarsini <i>-incuriosito dalle espressioni e dalle tracce che gli stati d\u2019animo di quel momento lasciavano sul suo volto e dalle rughe che man mano modificavano il suo aspetto. Non lo impensierivano, lo incuriosivano.&#8221;<\/i><\/p>\n<figure id=\"post-267540 media-267540\" class=\"align-none\">\n<p><figure style=\"width: 3455px\" class=\"wp-caption alignnone\"><img loading=\"lazy\" decoding=\"async\" src=\"https:\/\/www.intoscana.it\/wp-content\/uploads\/F-23-scaled.jpg\" alt=\"\" width=\"3455\" height=\"4240\" \/><figcaption class=\"wp-caption-text\">&#8220;Autoritratto di pietra&#8221; di Alfredo Catarsini<\/figcaption><\/figure><\/figure>\n<h3>Firenze citt\u00e0 dell&#8217;autoritratto<\/h3>\n<p><strong>Cristina Acidini,<\/strong> presidente dell&#8217;Accademia delle Arti del Disegno spiega che<em> &#8220;nella citt\u00e0 dell&#8217;<strong>autoritratto<\/strong> per <\/em><em>eccellenza, poich\u00e9 Firenze annovera la ben nota collezione <\/em><em>avviata dal Cardinal <strong>Leopoldo de&#8217; Medici<\/strong> con oltre 1750 numeri <\/em><em>e tra questi un Catarsini del 1934, donato nel 2005 alla <\/em><em>Galleria degli Uffizi, la mostra convalida il grande impegno <\/em><em>della Fondazione Alfredo Catarsini 1899 che l&#8217;Accademia delle <\/em><em>Arti del disegno \u00e8 lieta di accogliere e valorizzare&#8221;.<\/em><\/p>\n<p>L&#8217;esposizione \u00e8 un\u2019originale &#8211; e per certi versi difficilmente ripetibile &#8211; esposizione di 25 autoritratti realizzati con <strong>varie tecniche d\u2019espressione<\/strong>, di diversa misura, che testimoniano l\u2019evoluzione artistica di Catarsini la cui arte ha attraversato fasi differenti ed \u00e8 stata apprezzata in Italia e all\u2019estero.<\/p>\n<p><em><mark>&#8220;L&#8217;artista ha indagato il movimento della figura e l&#8217;espressione dell&#8217;uomo<\/em> <\/mark>&#8211; sottolinea il curatore Rodolfo Bona &#8211; <em>temi ricorrenti in tutta la sua produzione, nei ritratti intensi degli anni Trenta e Quaranta, nei nudi e negli autoritratti, nei quali ha eletto il proprio volto a terreno di indagine formale e psicologica, registrandone i mutamenti fisionomici e intellettuali&#8221;.<\/em><\/p>\n","protected":false},"excerpt":{"rendered":"<p>La rassegna &#8220;L&#8217;Artista allo specchio&#8221;, inaugurata oggi in occasione del compleanno di Alfredo Catarsini, rester\u00e0 aperta fino al 17 febbraio<\/p>\n","protected":false},"author":525,"featured_media":267536,"comment_status":"open","ping_status":"open","sticky":false,"template":"","format":"standard","meta":{"_acf_changed":false,"footnotes":""},"categories":[493],"tags":[174,4474,222],"class_list":["post-267534","post","type-post","status-publish","format-standard","has-post-thumbnail","hentry","category-cultura","tag-arte","tag-eventi","tag-mostre"],"acf":[],"yoast_head":"<!-- This site is optimized with the Yoast SEO Premium plugin v24.2 (Yoast SEO v25.6) - https:\/\/yoast.com\/wordpress\/plugins\/seo\/ -->\n<title>All&#039;Accademia del disegno di Firenze in mostra 25 autoritratti di Catarsini - intoscana<\/title>\n<meta name=\"description\" content=\"In mostra fino al 17 febbraio all&#039;Accademia del disegno di Firenze 25 autoritratti dell&#039;artista Alfredo Catarsini.\" \/>\n<meta name=\"robots\" content=\"index, follow, max-snippet:-1, max-image-preview:large, max-video-preview:-1\" \/>\n<link rel=\"canonical\" href=\"https:\/\/www.intoscana.it\/it\/accademia-disegno-catarsini\/\" \/>\n<meta property=\"og:locale\" content=\"it_IT\" \/>\n<meta property=\"og:type\" content=\"article\" \/>\n<meta property=\"og:title\" content=\"All&#039;Accademia del disegno di Firenze in mostra 25 autoritratti di Catarsini\" \/>\n<meta property=\"og:description\" content=\"In mostra fino al 17 febbraio all&#039;Accademia del disegno di Firenze 25 autoritratti dell&#039;artista Alfredo Catarsini.\" \/>\n<meta property=\"og:url\" content=\"https:\/\/www.intoscana.it\/it\/accademia-disegno-catarsini\/\" \/>\n<meta property=\"og:site_name\" content=\"intoscana\" \/>\n<meta property=\"article:publisher\" content=\"https:\/\/www.facebook.com\/intoscana.it\" \/>\n<meta property=\"article:published_time\" content=\"2023-01-17T14:27:42+00:00\" \/>\n<meta property=\"article:modified_time\" content=\"2023-01-17T14:31:28+00:00\" \/>\n<meta property=\"og:image\" content=\"https:\/\/www.intoscana.it\/wp-content\/uploads\/AUTORITRATTO-DOPPIO-olio-su-compensato-59x731934-1-scaled.jpg\" \/>\n\t<meta property=\"og:image:width\" content=\"2048\" \/>\n\t<meta property=\"og:image:height\" content=\"1635\" \/>\n\t<meta property=\"og:image:type\" content=\"image\/jpeg\" \/>\n<meta name=\"author\" content=\"Redazione\" \/>\n<meta name=\"twitter:card\" content=\"summary_large_image\" \/>\n<meta name=\"twitter:creator\" content=\"@intoscana\" \/>\n<meta name=\"twitter:site\" content=\"@intoscana\" \/>\n<meta name=\"twitter:label1\" content=\"Written by\" \/>\n\t<meta name=\"twitter:data1\" content=\"Redazione\" \/>\n\t<meta name=\"twitter:label2\" content=\"Est. reading time\" \/>\n\t<meta name=\"twitter:data2\" content=\"2 minuti\" \/>\n<script type=\"application\/ld+json\" class=\"yoast-schema-graph\">{\"@context\":\"https:\/\/schema.org\",\"@graph\":[{\"@type\":\"WebPage\",\"@id\":\"https:\/\/www.intoscana.it\/it\/accademia-disegno-catarsini\/\",\"url\":\"https:\/\/www.intoscana.it\/it\/accademia-disegno-catarsini\/\",\"name\":\"All'Accademia del disegno di Firenze in mostra 25 autoritratti di Catarsini - intoscana\",\"isPartOf\":{\"@id\":\"https:\/\/www.intoscana.it\/it\/#website\"},\"primaryImageOfPage\":{\"@id\":\"https:\/\/www.intoscana.it\/it\/accademia-disegno-catarsini\/#primaryimage\"},\"image\":{\"@id\":\"https:\/\/www.intoscana.it\/it\/accademia-disegno-catarsini\/#primaryimage\"},\"thumbnailUrl\":\"https:\/\/www.intoscana.it\/wp-content\/uploads\/AUTORITRATTO-DOPPIO-olio-su-compensato-59x731934-1-scaled.jpg\",\"datePublished\":\"2023-01-17T14:27:42+00:00\",\"dateModified\":\"2023-01-17T14:31:28+00:00\",\"author\":{\"@id\":\"https:\/\/www.intoscana.it\/it\/#\/schema\/person\/9223810753230f20bd670fdd322661f8\"},\"description\":\"In mostra fino al 17 febbraio all'Accademia del disegno di Firenze 25 autoritratti dell'artista Alfredo Catarsini.\",\"breadcrumb\":{\"@id\":\"https:\/\/www.intoscana.it\/it\/accademia-disegno-catarsini\/#breadcrumb\"},\"inLanguage\":\"it-IT\",\"potentialAction\":[{\"@type\":\"ReadAction\",\"target\":[\"https:\/\/www.intoscana.it\/it\/accademia-disegno-catarsini\/\"]}]},{\"@type\":\"ImageObject\",\"inLanguage\":\"it-IT\",\"@id\":\"https:\/\/www.intoscana.it\/it\/accademia-disegno-catarsini\/#primaryimage\",\"url\":\"https:\/\/www.intoscana.it\/wp-content\/uploads\/AUTORITRATTO-DOPPIO-olio-su-compensato-59x731934-1-scaled.jpg\",\"contentUrl\":\"https:\/\/www.intoscana.it\/wp-content\/uploads\/AUTORITRATTO-DOPPIO-olio-su-compensato-59x731934-1-scaled.jpg\",\"width\":2048,\"height\":1635,\"caption\":\"\\\"Autoritratto doppio\\\" di Alfredo Catarsini\"},{\"@type\":\"BreadcrumbList\",\"@id\":\"https:\/\/www.intoscana.it\/it\/accademia-disegno-catarsini\/#breadcrumb\",\"itemListElement\":[{\"@type\":\"ListItem\",\"position\":1,\"name\":\"Home\",\"item\":\"https:\/\/www.intoscana.it\/it\/\"},{\"@type\":\"ListItem\",\"position\":2,\"name\":\"All&#8217;Accademia del disegno di Firenze in mostra 25 autoritratti di Catarsini\"}]},{\"@type\":\"WebSite\",\"@id\":\"https:\/\/www.intoscana.it\/it\/#website\",\"url\":\"https:\/\/www.intoscana.it\/it\/\",\"name\":\"intoscana\",\"description\":\"\",\"potentialAction\":[{\"@type\":\"SearchAction\",\"target\":{\"@type\":\"EntryPoint\",\"urlTemplate\":\"https:\/\/www.intoscana.it\/it\/?s={search_term_string}\"},\"query-input\":{\"@type\":\"PropertyValueSpecification\",\"valueRequired\":true,\"valueName\":\"search_term_string\"}}],\"inLanguage\":\"it-IT\"},{\"@type\":\"Person\",\"@id\":\"https:\/\/www.intoscana.it\/it\/#\/schema\/person\/9223810753230f20bd670fdd322661f8\",\"name\":\"Redazione\",\"url\":\"https:\/\/www.intoscana.it\/it\/author\/redazione\/\"}]}<\/script>\n<!-- \/ Yoast SEO Premium plugin. -->","yoast_head_json":{"title":"All'Accademia del disegno di Firenze in mostra 25 autoritratti di Catarsini - intoscana","description":"In mostra fino al 17 febbraio all'Accademia del disegno di Firenze 25 autoritratti dell'artista Alfredo Catarsini.","robots":{"index":"index","follow":"follow","max-snippet":"max-snippet:-1","max-image-preview":"max-image-preview:large","max-video-preview":"max-video-preview:-1"},"canonical":"https:\/\/www.intoscana.it\/it\/accademia-disegno-catarsini\/","og_locale":"it_IT","og_type":"article","og_title":"All'Accademia del disegno di Firenze in mostra 25 autoritratti di Catarsini","og_description":"In mostra fino al 17 febbraio all'Accademia del disegno di Firenze 25 autoritratti dell'artista Alfredo Catarsini.","og_url":"https:\/\/www.intoscana.it\/it\/accademia-disegno-catarsini\/","og_site_name":"intoscana","article_publisher":"https:\/\/www.facebook.com\/intoscana.it","article_published_time":"2023-01-17T14:27:42+00:00","article_modified_time":"2023-01-17T14:31:28+00:00","og_image":[{"width":2048,"height":1635,"url":"https:\/\/www.intoscana.it\/wp-content\/uploads\/AUTORITRATTO-DOPPIO-olio-su-compensato-59x731934-1-scaled.jpg","type":"image\/jpeg"}],"author":"Redazione","twitter_card":"summary_large_image","twitter_creator":"@intoscana","twitter_site":"@intoscana","twitter_misc":{"Written by":"Redazione","Est. reading time":"2 minuti"},"schema":{"@context":"https:\/\/schema.org","@graph":[{"@type":"WebPage","@id":"https:\/\/www.intoscana.it\/it\/accademia-disegno-catarsini\/","url":"https:\/\/www.intoscana.it\/it\/accademia-disegno-catarsini\/","name":"All'Accademia del disegno di Firenze in mostra 25 autoritratti di Catarsini - intoscana","isPartOf":{"@id":"https:\/\/www.intoscana.it\/it\/#website"},"primaryImageOfPage":{"@id":"https:\/\/www.intoscana.it\/it\/accademia-disegno-catarsini\/#primaryimage"},"image":{"@id":"https:\/\/www.intoscana.it\/it\/accademia-disegno-catarsini\/#primaryimage"},"thumbnailUrl":"https:\/\/www.intoscana.it\/wp-content\/uploads\/AUTORITRATTO-DOPPIO-olio-su-compensato-59x731934-1-scaled.jpg","datePublished":"2023-01-17T14:27:42+00:00","dateModified":"2023-01-17T14:31:28+00:00","author":{"@id":"https:\/\/www.intoscana.it\/it\/#\/schema\/person\/9223810753230f20bd670fdd322661f8"},"description":"In mostra fino al 17 febbraio all'Accademia del disegno di Firenze 25 autoritratti dell'artista Alfredo Catarsini.","breadcrumb":{"@id":"https:\/\/www.intoscana.it\/it\/accademia-disegno-catarsini\/#breadcrumb"},"inLanguage":"it-IT","potentialAction":[{"@type":"ReadAction","target":["https:\/\/www.intoscana.it\/it\/accademia-disegno-catarsini\/"]}]},{"@type":"ImageObject","inLanguage":"it-IT","@id":"https:\/\/www.intoscana.it\/it\/accademia-disegno-catarsini\/#primaryimage","url":"https:\/\/www.intoscana.it\/wp-content\/uploads\/AUTORITRATTO-DOPPIO-olio-su-compensato-59x731934-1-scaled.jpg","contentUrl":"https:\/\/www.intoscana.it\/wp-content\/uploads\/AUTORITRATTO-DOPPIO-olio-su-compensato-59x731934-1-scaled.jpg","width":2048,"height":1635,"caption":"\"Autoritratto doppio\" di Alfredo Catarsini"},{"@type":"BreadcrumbList","@id":"https:\/\/www.intoscana.it\/it\/accademia-disegno-catarsini\/#breadcrumb","itemListElement":[{"@type":"ListItem","position":1,"name":"Home","item":"https:\/\/www.intoscana.it\/it\/"},{"@type":"ListItem","position":2,"name":"All&#8217;Accademia del disegno di Firenze in mostra 25 autoritratti di Catarsini"}]},{"@type":"WebSite","@id":"https:\/\/www.intoscana.it\/it\/#website","url":"https:\/\/www.intoscana.it\/it\/","name":"intoscana","description":"","potentialAction":[{"@type":"SearchAction","target":{"@type":"EntryPoint","urlTemplate":"https:\/\/www.intoscana.it\/it\/?s={search_term_string}"},"query-input":{"@type":"PropertyValueSpecification","valueRequired":true,"valueName":"search_term_string"}}],"inLanguage":"it-IT"},{"@type":"Person","@id":"https:\/\/www.intoscana.it\/it\/#\/schema\/person\/9223810753230f20bd670fdd322661f8","name":"Redazione","url":"https:\/\/www.intoscana.it\/it\/author\/redazione\/"}]}},"_links":{"self":[{"href":"https:\/\/www.intoscana.it\/it\/wp-json\/wp\/v2\/posts\/267534","targetHints":{"allow":["GET"]}}],"collection":[{"href":"https:\/\/www.intoscana.it\/it\/wp-json\/wp\/v2\/posts"}],"about":[{"href":"https:\/\/www.intoscana.it\/it\/wp-json\/wp\/v2\/types\/post"}],"author":[{"embeddable":true,"href":"https:\/\/www.intoscana.it\/it\/wp-json\/wp\/v2\/users\/525"}],"replies":[{"embeddable":true,"href":"https:\/\/www.intoscana.it\/it\/wp-json\/wp\/v2\/comments?post=267534"}],"version-history":[{"count":0,"href":"https:\/\/www.intoscana.it\/it\/wp-json\/wp\/v2\/posts\/267534\/revisions"}],"wp:featuredmedia":[{"embeddable":true,"href":"https:\/\/www.intoscana.it\/it\/wp-json\/wp\/v2\/media\/267536"}],"wp:attachment":[{"href":"https:\/\/www.intoscana.it\/it\/wp-json\/wp\/v2\/media?parent=267534"}],"wp:term":[{"taxonomy":"category","embeddable":true,"href":"https:\/\/www.intoscana.it\/it\/wp-json\/wp\/v2\/categories?post=267534"},{"taxonomy":"post_tag","embeddable":true,"href":"https:\/\/www.intoscana.it\/it\/wp-json\/wp\/v2\/tags?post=267534"}],"curies":[{"name":"wp","href":"https:\/\/api.w.org\/{rel}","templated":true}]}}