{"id":267846,"date":"2023-01-19T14:46:40","date_gmt":"2023-01-19T13:46:40","guid":{"rendered":"https:\/\/www.intoscana.it\/it\/?p=267846"},"modified":"2023-01-19T14:48:22","modified_gmt":"2023-01-19T13:48:22","slug":"vicchio-smartworking","status":"publish","type":"post","link":"https:\/\/www.intoscana.it\/it\/vicchio-smartworking\/","title":{"rendered":"Vicchio comune capofila del progetto europeo che promuove lo smart working rurale"},"content":{"rendered":"<p><strong>Vicchio<\/strong>, comune nel Mugello diventer\u00e0 il primo \u201claboratorio\u201d per un progetto europeo dedicato allo <strong>smart working<\/strong>. Grazie a questa iniziativa sar\u00e0 possibile lavorare in una casetta di legno nel bosco, in un b&amp;b o in agriturismo in campagna, in uno studio nel centro storico, direttamente dalla bottega di un artigiano o dalla biblioteca.<\/p>\n<p>L\u2019iniziativa nasce grazie al <strong>progetto europeo BLUE SAMM<\/strong> (Blueprints for Local Green Deal in Small and Medium Municipalities), di cui Vicchio \u00e8 capofila, che promuove un \u201c<strong>coworking rurale diffuso<\/strong>\u201d vede la partecipazione di otto enti internazionali: quattro italiani, due austriaci e due croati. Il progetto BLUE SAMM \u00e8 finanziato dalla Commissione Europea con circa <strong>200 mila euro<\/strong>.<\/p>\n<p>\u201c<em>La pandemia ci ha fatto scoprire stili di vita nuovi<\/em> \u2013 spiega l\u2019assessora regionale all\u2019ambiente <strong>Monia Monni<\/strong> \u2013 <em>la lotta al Covid ci ha costretti a cambiare abitudini o punti di vista consolidati e ha mostrato che in molti casi <strong>le persone possono lavorare da<\/strong> casa, o comunque da luoghi diversi rispetto alla consueta postazione negli uffici aziendali, senza perdere in produttivit\u00e0. Lo smart working oggi \u00e8 <strong>molto diffuso e apprezzato<\/strong>, anche perch\u00e9 permette di <strong>conciliare meglio ritmi di vita e di lavoro<\/strong>, diminuire gli spostamenti, contribuisce ad abbattere le emissioni inquinanti. Questo si apprezza ancora di pi\u00f9 nelle piccole aree urbane di zone rurali e decentrate, spesso ancora prive di servizi tecnologici. Il progetto BLUE SAMM ha l\u2019ambizione di voler fare di queste aree l\u2019anello di congiunzione con le aree metropolitane, mettendo a disposizione spazi pubblici e privati adeguati a realizzare un \u201crural coworking\u201d diffuso sul territorio<\/em>\u201d.<\/p>\n<p>Attraverso una <strong>piattaforma digitale<\/strong> sar\u00e0 possibile individuare gli spazi messi a disposizione da privati e dalla pubblica amministrazione. Qui si potranno svolgere svariate attivit\u00e0 lavorative (dallo smartworking, all\u2019artigianato locale, al giardinaggio, alle attivit\u00e0 culturali), attirando sia <strong>nomadi digitali<\/strong> che altre tipologie di lavoratori da remoto. In questo modo il progetto mira ad attrarre sia turisti e lavoratori digitali che <strong>abbattere l\u2019impatto ecologico<\/strong> degli spostamenti fuori comune per lavoro. In entrambi i casi verr\u00e0 generato indotto sul territorio.<\/p>\n<p>Vicchio, insomma, si muove verso una <strong>societ\u00e0 post-carbonio<\/strong>, green, dando avvio a quella che sar\u00e0 la prima esperienza a livello europeo che prova a adeguare le linee guida sulla sostenibilit\u00e0 ambientale alla portata delle piccole municipalit\u00e0. Dalla Toscana, poi, il testimone passer\u00e0 alla municipalit\u00e0 croata di <strong>Vara\u017edin<\/strong>, partner del progetto che eseguir\u00e0 il beta test del nuovo sistema di local green deal.<\/p>\n<p>\u201c<em>Stiamo facendo passi decisi per una <strong>comunit\u00e0 pi\u00f9 green<\/strong>, dalle energie rinnovabili alla mobilit\u00e0 elettrica ad esempio<\/em> &#8211; sottolineano il sindaco di Vicchio, <strong>Filippo Carl\u00e0 Campa<\/strong> e l\u2019assessore ai gemellaggi Sandra Pieri -, <em>e lo facciamo anche con questo<strong> progetto pilota<\/strong> che ha ottenuto un finanziamento europeo. Le particolarit\u00e0: promuovere il coworking e condividere spazi, coinvolgere cittadini, associazioni e aziende, valorizzare il territorio, ridurre gli spostamenti, essere pi\u00f9 sostenibili, con un format esportabile<\/em>\u201d.<\/p>\n","protected":false},"excerpt":{"rendered":"<p>L&#8217;obiettivo \u00e8 quello di mettere a sistema luoghi pubblici e privati dove lavorare in smart working, attirando cos\u00ec nel Mugello lavoratori e nomadi digitali e abbattere l&#8217;impatto ecologico degli spostamenti<\/p>\n","protected":false},"author":525,"featured_media":267833,"comment_status":"open","ping_status":"open","sticky":false,"template":"","format":"standard","meta":{"_acf_changed":false,"footnotes":""},"categories":[19],"tags":[375,4547],"class_list":["post-267846","post","type-post","status-publish","format-standard","has-post-thumbnail","hentry","category-ambiente","tag-mugello","tag-smart-working"],"acf":[],"yoast_head":"<!-- This site is optimized with the Yoast SEO Premium plugin v24.2 (Yoast SEO v25.6) - https:\/\/yoast.com\/wordpress\/plugins\/seo\/ -->\n<title>Vicchio comune capofila del progetto europeo che promuove lo smart working rurale - intoscana<\/title>\n<meta name=\"robots\" content=\"index, follow, max-snippet:-1, max-image-preview:large, max-video-preview:-1\" \/>\n<link rel=\"canonical\" href=\"https:\/\/www.intoscana.it\/it\/vicchio-smartworking\/\" \/>\n<meta property=\"og:locale\" content=\"it_IT\" \/>\n<meta property=\"og:type\" content=\"article\" \/>\n<meta property=\"og:title\" content=\"Vicchio comune capofila del progetto europeo che promuove lo smart working rurale\" \/>\n<meta property=\"og:description\" content=\"L&#039;obiettivo \u00e8 quello di mettere a sistema luoghi pubblici e privati dove lavorare in smart working, attirando cos\u00ec nel Mugello lavoratori e nomadi digitali e abbattere l&#039;impatto ecologico degli spostamenti\" \/>\n<meta property=\"og:url\" content=\"https:\/\/www.intoscana.it\/it\/vicchio-smartworking\/\" \/>\n<meta property=\"og:site_name\" content=\"intoscana\" \/>\n<meta property=\"article:publisher\" content=\"https:\/\/www.facebook.com\/intoscana.it\" \/>\n<meta property=\"article:published_time\" content=\"2023-01-19T13:46:40+00:00\" \/>\n<meta property=\"article:modified_time\" content=\"2023-01-19T13:48:22+00:00\" \/>\n<meta property=\"og:image\" content=\"https:\/\/www.intoscana.it\/wp-content\/uploads\/DALL\u00b7E-2023-01-19-13.57.06-coworking-woodland.png\" \/>\n\t<meta property=\"og:image:width\" content=\"1018\" \/>\n\t<meta property=\"og:image:height\" content=\"781\" \/>\n\t<meta property=\"og:image:type\" content=\"image\/png\" \/>\n<meta name=\"author\" content=\"Redazione\" \/>\n<meta name=\"twitter:card\" content=\"summary_large_image\" \/>\n<meta name=\"twitter:creator\" content=\"@intoscana\" \/>\n<meta name=\"twitter:site\" content=\"@intoscana\" \/>\n<meta name=\"twitter:label1\" content=\"Written by\" \/>\n\t<meta name=\"twitter:data1\" content=\"Redazione\" \/>\n\t<meta name=\"twitter:label2\" content=\"Est. reading time\" \/>\n\t<meta name=\"twitter:data2\" content=\"2 minuti\" \/>\n<script type=\"application\/ld+json\" class=\"yoast-schema-graph\">{\"@context\":\"https:\/\/schema.org\",\"@graph\":[{\"@type\":\"WebPage\",\"@id\":\"https:\/\/www.intoscana.it\/it\/vicchio-smartworking\/\",\"url\":\"https:\/\/www.intoscana.it\/it\/vicchio-smartworking\/\",\"name\":\"Vicchio comune capofila del progetto europeo che promuove lo smart working rurale - intoscana\",\"isPartOf\":{\"@id\":\"https:\/\/www.intoscana.it\/it\/#website\"},\"primaryImageOfPage\":{\"@id\":\"https:\/\/www.intoscana.it\/it\/vicchio-smartworking\/#primaryimage\"},\"image\":{\"@id\":\"https:\/\/www.intoscana.it\/it\/vicchio-smartworking\/#primaryimage\"},\"thumbnailUrl\":\"https:\/\/www.intoscana.it\/wp-content\/uploads\/DALL\u00b7E-2023-01-19-13.57.06-coworking-woodland.png\",\"datePublished\":\"2023-01-19T13:46:40+00:00\",\"dateModified\":\"2023-01-19T13:48:22+00:00\",\"author\":{\"@id\":\"https:\/\/www.intoscana.it\/it\/#\/schema\/person\/9223810753230f20bd670fdd322661f8\"},\"breadcrumb\":{\"@id\":\"https:\/\/www.intoscana.it\/it\/vicchio-smartworking\/#breadcrumb\"},\"inLanguage\":\"it-IT\",\"potentialAction\":[{\"@type\":\"ReadAction\",\"target\":[\"https:\/\/www.intoscana.it\/it\/vicchio-smartworking\/\"]}]},{\"@type\":\"ImageObject\",\"inLanguage\":\"it-IT\",\"@id\":\"https:\/\/www.intoscana.it\/it\/vicchio-smartworking\/#primaryimage\",\"url\":\"https:\/\/www.intoscana.it\/wp-content\/uploads\/DALL\u00b7E-2023-01-19-13.57.06-coworking-woodland.png\",\"contentUrl\":\"https:\/\/www.intoscana.it\/wp-content\/uploads\/DALL\u00b7E-2023-01-19-13.57.06-coworking-woodland.png\",\"width\":1018,\"height\":781,\"caption\":\"Coworking anche nel bosco, Vicchio capofila di un progetto europeo\"},{\"@type\":\"BreadcrumbList\",\"@id\":\"https:\/\/www.intoscana.it\/it\/vicchio-smartworking\/#breadcrumb\",\"itemListElement\":[{\"@type\":\"ListItem\",\"position\":1,\"name\":\"Home\",\"item\":\"https:\/\/www.intoscana.it\/it\/\"},{\"@type\":\"ListItem\",\"position\":2,\"name\":\"Vicchio comune capofila del progetto europeo che promuove lo smart working rurale\"}]},{\"@type\":\"WebSite\",\"@id\":\"https:\/\/www.intoscana.it\/it\/#website\",\"url\":\"https:\/\/www.intoscana.it\/it\/\",\"name\":\"intoscana\",\"description\":\"\",\"potentialAction\":[{\"@type\":\"SearchAction\",\"target\":{\"@type\":\"EntryPoint\",\"urlTemplate\":\"https:\/\/www.intoscana.it\/it\/?s={search_term_string}\"},\"query-input\":{\"@type\":\"PropertyValueSpecification\",\"valueRequired\":true,\"valueName\":\"search_term_string\"}}],\"inLanguage\":\"it-IT\"},{\"@type\":\"Person\",\"@id\":\"https:\/\/www.intoscana.it\/it\/#\/schema\/person\/9223810753230f20bd670fdd322661f8\",\"name\":\"Redazione\",\"url\":\"https:\/\/www.intoscana.it\/it\/author\/redazione\/\"}]}<\/script>\n<!-- \/ Yoast SEO Premium plugin. -->","yoast_head_json":{"title":"Vicchio comune capofila del progetto europeo che promuove lo smart working rurale - intoscana","robots":{"index":"index","follow":"follow","max-snippet":"max-snippet:-1","max-image-preview":"max-image-preview:large","max-video-preview":"max-video-preview:-1"},"canonical":"https:\/\/www.intoscana.it\/it\/vicchio-smartworking\/","og_locale":"it_IT","og_type":"article","og_title":"Vicchio comune capofila del progetto europeo che promuove lo smart working rurale","og_description":"L'obiettivo \u00e8 quello di mettere a sistema luoghi pubblici e privati dove lavorare in smart working, attirando cos\u00ec nel Mugello lavoratori e nomadi digitali e abbattere l'impatto ecologico degli spostamenti","og_url":"https:\/\/www.intoscana.it\/it\/vicchio-smartworking\/","og_site_name":"intoscana","article_publisher":"https:\/\/www.facebook.com\/intoscana.it","article_published_time":"2023-01-19T13:46:40+00:00","article_modified_time":"2023-01-19T13:48:22+00:00","og_image":[{"width":1018,"height":781,"url":"https:\/\/www.intoscana.it\/wp-content\/uploads\/DALL\u00b7E-2023-01-19-13.57.06-coworking-woodland.png","type":"image\/png"}],"author":"Redazione","twitter_card":"summary_large_image","twitter_creator":"@intoscana","twitter_site":"@intoscana","twitter_misc":{"Written by":"Redazione","Est. reading time":"2 minuti"},"schema":{"@context":"https:\/\/schema.org","@graph":[{"@type":"WebPage","@id":"https:\/\/www.intoscana.it\/it\/vicchio-smartworking\/","url":"https:\/\/www.intoscana.it\/it\/vicchio-smartworking\/","name":"Vicchio comune capofila del progetto europeo che promuove lo smart working rurale - intoscana","isPartOf":{"@id":"https:\/\/www.intoscana.it\/it\/#website"},"primaryImageOfPage":{"@id":"https:\/\/www.intoscana.it\/it\/vicchio-smartworking\/#primaryimage"},"image":{"@id":"https:\/\/www.intoscana.it\/it\/vicchio-smartworking\/#primaryimage"},"thumbnailUrl":"https:\/\/www.intoscana.it\/wp-content\/uploads\/DALL\u00b7E-2023-01-19-13.57.06-coworking-woodland.png","datePublished":"2023-01-19T13:46:40+00:00","dateModified":"2023-01-19T13:48:22+00:00","author":{"@id":"https:\/\/www.intoscana.it\/it\/#\/schema\/person\/9223810753230f20bd670fdd322661f8"},"breadcrumb":{"@id":"https:\/\/www.intoscana.it\/it\/vicchio-smartworking\/#breadcrumb"},"inLanguage":"it-IT","potentialAction":[{"@type":"ReadAction","target":["https:\/\/www.intoscana.it\/it\/vicchio-smartworking\/"]}]},{"@type":"ImageObject","inLanguage":"it-IT","@id":"https:\/\/www.intoscana.it\/it\/vicchio-smartworking\/#primaryimage","url":"https:\/\/www.intoscana.it\/wp-content\/uploads\/DALL\u00b7E-2023-01-19-13.57.06-coworking-woodland.png","contentUrl":"https:\/\/www.intoscana.it\/wp-content\/uploads\/DALL\u00b7E-2023-01-19-13.57.06-coworking-woodland.png","width":1018,"height":781,"caption":"Coworking anche nel bosco, Vicchio capofila di un progetto europeo"},{"@type":"BreadcrumbList","@id":"https:\/\/www.intoscana.it\/it\/vicchio-smartworking\/#breadcrumb","itemListElement":[{"@type":"ListItem","position":1,"name":"Home","item":"https:\/\/www.intoscana.it\/it\/"},{"@type":"ListItem","position":2,"name":"Vicchio comune capofila del progetto europeo che promuove lo smart working rurale"}]},{"@type":"WebSite","@id":"https:\/\/www.intoscana.it\/it\/#website","url":"https:\/\/www.intoscana.it\/it\/","name":"intoscana","description":"","potentialAction":[{"@type":"SearchAction","target":{"@type":"EntryPoint","urlTemplate":"https:\/\/www.intoscana.it\/it\/?s={search_term_string}"},"query-input":{"@type":"PropertyValueSpecification","valueRequired":true,"valueName":"search_term_string"}}],"inLanguage":"it-IT"},{"@type":"Person","@id":"https:\/\/www.intoscana.it\/it\/#\/schema\/person\/9223810753230f20bd670fdd322661f8","name":"Redazione","url":"https:\/\/www.intoscana.it\/it\/author\/redazione\/"}]}},"_links":{"self":[{"href":"https:\/\/www.intoscana.it\/it\/wp-json\/wp\/v2\/posts\/267846","targetHints":{"allow":["GET"]}}],"collection":[{"href":"https:\/\/www.intoscana.it\/it\/wp-json\/wp\/v2\/posts"}],"about":[{"href":"https:\/\/www.intoscana.it\/it\/wp-json\/wp\/v2\/types\/post"}],"author":[{"embeddable":true,"href":"https:\/\/www.intoscana.it\/it\/wp-json\/wp\/v2\/users\/525"}],"replies":[{"embeddable":true,"href":"https:\/\/www.intoscana.it\/it\/wp-json\/wp\/v2\/comments?post=267846"}],"version-history":[{"count":0,"href":"https:\/\/www.intoscana.it\/it\/wp-json\/wp\/v2\/posts\/267846\/revisions"}],"wp:featuredmedia":[{"embeddable":true,"href":"https:\/\/www.intoscana.it\/it\/wp-json\/wp\/v2\/media\/267833"}],"wp:attachment":[{"href":"https:\/\/www.intoscana.it\/it\/wp-json\/wp\/v2\/media?parent=267846"}],"wp:term":[{"taxonomy":"category","embeddable":true,"href":"https:\/\/www.intoscana.it\/it\/wp-json\/wp\/v2\/categories?post=267846"},{"taxonomy":"post_tag","embeddable":true,"href":"https:\/\/www.intoscana.it\/it\/wp-json\/wp\/v2\/tags?post=267846"}],"curies":[{"name":"wp","href":"https:\/\/api.w.org\/{rel}","templated":true}]}}