{"id":268077,"date":"2023-01-21T12:23:13","date_gmt":"2023-01-21T11:23:13","guid":{"rendered":"https:\/\/www.intoscana.it\/it\/?p=268077"},"modified":"2023-01-21T12:24:11","modified_gmt":"2023-01-21T11:24:11","slug":"volontariato-bando-da-17-milioni-per-il-welfare-di-comunita","status":"publish","type":"post","link":"https:\/\/www.intoscana.it\/it\/volontariato-bando-da-17-milioni-per-il-welfare-di-comunita\/","title":{"rendered":"Volontariato, bando da 1,7 milioni per il welfare di comunit\u00e0"},"content":{"rendered":"<p>Un sostegno concreto alle attivit\u00e0 e ai progetti del <strong>volontariato toscano<\/strong> che siano espressione di <strong>un gioco di squadra<\/strong> fra pi\u00f9 realt\u00e0. E&#8217; quanto prevede un avviso pubblico per la concessione dei <strong>contributi al terzo settore<\/strong>. Si mette a disposizione uno stanziamento iniziale di <strong>1,7 milioni di euro<\/strong>, che arriver\u00e0 fino a 3,2 milioni, per <strong>progetti, azioni, iniziative<\/strong> in ambito sociale che vengano presentate da pi\u00f9 soggetti.<\/p>\n<p>Il bando \u00e8 stato pubblicato in questi giorni sul <strong>Bollettino ufficiale della Regione Toscana<\/strong> e c&#8217;\u00e8 tempo <strong>fino al 17 febbraio<\/strong> per presentare domanda.<\/p>\n<h3>Il volontariato e il lavoro di squadra<\/h3>\n<p>&#8220;<em>Questa azione vuole innanzitutto riconoscere e sostenere il ruolo centrale degli enti del terzo settore nelle politiche sociali e sociosanitarie toscane<\/em> &#8211; sottolinea l&#8217;assessore regionale al welfare <strong>Serena Spinelli<\/strong> -. <em>Ruolo che \u00e8 stato ancor pi\u00f9 decisivo in questi ultimi anni per fronteggiare le ondate pandemiche e per supportare le nostre comunit\u00e0 e chi ha pi\u00f9 bisogno&#8221;.<\/em><\/p>\n<p><strong>L&#8217;assessora Spinelli<\/strong> ha ricordato prima le iniziative solidali e per la coesione sociale, ora le azioni per fronteggiare l&#8217;attuale situazione di grave crisi socioeconomica. Per Spinelli, &#8220;<em>proprio queste recenti, difficili esperienze ci hanno mostrato ancora di pi\u00f9 l&#8217;importanza del lavoro di squadra, del fare le cose insieme, in maniera integrata&#8221;.<\/em><\/p>\n<h3>Il ruolo del terzo settore<\/h3>\n<p>Da qui la decisione, per la prima volta, di <em>&#8220;incentivare e favorire la prospettiva legata al concetto di welfare di comunit\u00e0. Il bando infatti valorizza la costruzione di reti territoriali tra gli enti del terzo settore, in grado di aumentare la capacit\u00e0 di offrire risposte integrate per la presa in carico delle fragilit\u00e0: dalla povert\u00e0 alle persone con disabilit\u00e0, dalla lotta alle diseguaglianze di genere alla costruzione di percorsi di giustizia di comunit\u00e0&#8221;. <\/em><\/p>\n<p>Per l&#8217;assessore vengono valorizzate<em> &#8220;le sinergie con la parte pubblica, penso alle amministrazioni locali, alle Societ\u00e0 della Salute o le Zone distretto, ai servizi sociosanitari sul territorio e ad altri soggetti pubblici e privati<\/em>&#8220;.<\/p>\n","protected":false},"excerpt":{"rendered":"<p>Per l&#8217;assessora regionale Spinelli si sostiene cos\u00ec il ruolo centrale degli enti del terzo settore nelle politiche sociali e sociosanitarie<\/p>\n","protected":false},"author":525,"featured_media":145418,"comment_status":"open","ping_status":"open","sticky":false,"template":"","format":"standard","meta":{"_acf_changed":false,"footnotes":""},"categories":[494],"tags":[4822,5298,4400],"class_list":["post-268077","post","type-post","status-publish","format-standard","has-post-thumbnail","hentry","category-attualita","tag-serena-spinelli","tag-sociale","tag-terzo-settore"],"acf":[],"yoast_head":"<!-- This site is optimized with the Yoast SEO Premium plugin v24.2 (Yoast SEO v25.6) - https:\/\/yoast.com\/wordpress\/plugins\/seo\/ -->\n<title>Volontariato, bando da 1,7 milioni per il welfare di comunit\u00e0 - intoscana<\/title>\n<meta name=\"description\" content=\"Per l&#039;assessora regionale Spinelli si sostiene cos\u00ec il ruolo centrale degli enti del terzo settore nelle politiche sociali e sociosanitarie\" \/>\n<meta name=\"robots\" content=\"index, follow, max-snippet:-1, max-image-preview:large, max-video-preview:-1\" \/>\n<link rel=\"canonical\" href=\"https:\/\/www.intoscana.it\/it\/volontariato-bando-da-17-milioni-per-il-welfare-di-comunita\/\" \/>\n<meta property=\"og:locale\" content=\"it_IT\" \/>\n<meta property=\"og:type\" content=\"article\" \/>\n<meta property=\"og:title\" content=\"Volontariato, bando da 1,7 milioni per il welfare di comunit\u00e0\" \/>\n<meta property=\"og:description\" content=\"Per l&#039;assessora regionale Spinelli si sostiene cos\u00ec il ruolo centrale degli enti del terzo settore nelle politiche sociali e sociosanitarie\" \/>\n<meta property=\"og:url\" content=\"https:\/\/www.intoscana.it\/it\/volontariato-bando-da-17-milioni-per-il-welfare-di-comunita\/\" \/>\n<meta property=\"og:site_name\" content=\"intoscana\" \/>\n<meta property=\"article:publisher\" content=\"https:\/\/www.facebook.com\/intoscana.it\" \/>\n<meta property=\"article:published_time\" content=\"2023-01-21T11:23:13+00:00\" \/>\n<meta property=\"article:modified_time\" content=\"2023-01-21T11:24:11+00:00\" \/>\n<meta property=\"og:image\" content=\"https:\/\/www.intoscana.it\/wp-content\/uploads\/anziano-6.jpg\" \/>\n\t<meta property=\"og:image:width\" content=\"2000\" \/>\n\t<meta property=\"og:image:height\" content=\"1333\" \/>\n\t<meta property=\"og:image:type\" content=\"image\/jpeg\" \/>\n<meta name=\"author\" content=\"Redazione\" \/>\n<meta name=\"twitter:card\" content=\"summary_large_image\" \/>\n<meta name=\"twitter:creator\" content=\"@intoscana\" \/>\n<meta name=\"twitter:site\" content=\"@intoscana\" \/>\n<meta name=\"twitter:label1\" content=\"Written by\" \/>\n\t<meta name=\"twitter:data1\" content=\"Redazione\" \/>\n\t<meta name=\"twitter:label2\" content=\"Est. reading time\" \/>\n\t<meta name=\"twitter:data2\" content=\"2 minuti\" \/>\n<script type=\"application\/ld+json\" class=\"yoast-schema-graph\">{\"@context\":\"https:\/\/schema.org\",\"@graph\":[{\"@type\":\"WebPage\",\"@id\":\"https:\/\/www.intoscana.it\/it\/volontariato-bando-da-17-milioni-per-il-welfare-di-comunita\/\",\"url\":\"https:\/\/www.intoscana.it\/it\/volontariato-bando-da-17-milioni-per-il-welfare-di-comunita\/\",\"name\":\"Volontariato, bando da 1,7 milioni per il welfare di comunit\u00e0 - intoscana\",\"isPartOf\":{\"@id\":\"https:\/\/www.intoscana.it\/it\/#website\"},\"primaryImageOfPage\":{\"@id\":\"https:\/\/www.intoscana.it\/it\/volontariato-bando-da-17-milioni-per-il-welfare-di-comunita\/#primaryimage\"},\"image\":{\"@id\":\"https:\/\/www.intoscana.it\/it\/volontariato-bando-da-17-milioni-per-il-welfare-di-comunita\/#primaryimage\"},\"thumbnailUrl\":\"https:\/\/www.intoscana.it\/wp-content\/uploads\/anziano-6.jpg\",\"datePublished\":\"2023-01-21T11:23:13+00:00\",\"dateModified\":\"2023-01-21T11:24:11+00:00\",\"author\":{\"@id\":\"https:\/\/www.intoscana.it\/it\/#\/schema\/person\/9223810753230f20bd670fdd322661f8\"},\"description\":\"Per l'assessora regionale Spinelli si sostiene cos\u00ec il ruolo centrale degli enti del terzo settore nelle politiche sociali e sociosanitarie\",\"breadcrumb\":{\"@id\":\"https:\/\/www.intoscana.it\/it\/volontariato-bando-da-17-milioni-per-il-welfare-di-comunita\/#breadcrumb\"},\"inLanguage\":\"it-IT\",\"potentialAction\":[{\"@type\":\"ReadAction\",\"target\":[\"https:\/\/www.intoscana.it\/it\/volontariato-bando-da-17-milioni-per-il-welfare-di-comunita\/\"]}]},{\"@type\":\"ImageObject\",\"inLanguage\":\"it-IT\",\"@id\":\"https:\/\/www.intoscana.it\/it\/volontariato-bando-da-17-milioni-per-il-welfare-di-comunita\/#primaryimage\",\"url\":\"https:\/\/www.intoscana.it\/wp-content\/uploads\/anziano-6.jpg\",\"contentUrl\":\"https:\/\/www.intoscana.it\/wp-content\/uploads\/anziano-6.jpg\",\"width\":2000,\"height\":1333,\"caption\":\"Anziani\"},{\"@type\":\"BreadcrumbList\",\"@id\":\"https:\/\/www.intoscana.it\/it\/volontariato-bando-da-17-milioni-per-il-welfare-di-comunita\/#breadcrumb\",\"itemListElement\":[{\"@type\":\"ListItem\",\"position\":1,\"name\":\"Home\",\"item\":\"https:\/\/www.intoscana.it\/it\/\"},{\"@type\":\"ListItem\",\"position\":2,\"name\":\"Volontariato, bando da 1,7 milioni per il welfare di comunit\u00e0\"}]},{\"@type\":\"WebSite\",\"@id\":\"https:\/\/www.intoscana.it\/it\/#website\",\"url\":\"https:\/\/www.intoscana.it\/it\/\",\"name\":\"intoscana\",\"description\":\"\",\"potentialAction\":[{\"@type\":\"SearchAction\",\"target\":{\"@type\":\"EntryPoint\",\"urlTemplate\":\"https:\/\/www.intoscana.it\/it\/?s={search_term_string}\"},\"query-input\":{\"@type\":\"PropertyValueSpecification\",\"valueRequired\":true,\"valueName\":\"search_term_string\"}}],\"inLanguage\":\"it-IT\"},{\"@type\":\"Person\",\"@id\":\"https:\/\/www.intoscana.it\/it\/#\/schema\/person\/9223810753230f20bd670fdd322661f8\",\"name\":\"Redazione\",\"url\":\"https:\/\/www.intoscana.it\/it\/author\/redazione\/\"}]}<\/script>\n<!-- \/ Yoast SEO Premium plugin. -->","yoast_head_json":{"title":"Volontariato, bando da 1,7 milioni per il welfare di comunit\u00e0 - intoscana","description":"Per l'assessora regionale Spinelli si sostiene cos\u00ec il ruolo centrale degli enti del terzo settore nelle politiche sociali e sociosanitarie","robots":{"index":"index","follow":"follow","max-snippet":"max-snippet:-1","max-image-preview":"max-image-preview:large","max-video-preview":"max-video-preview:-1"},"canonical":"https:\/\/www.intoscana.it\/it\/volontariato-bando-da-17-milioni-per-il-welfare-di-comunita\/","og_locale":"it_IT","og_type":"article","og_title":"Volontariato, bando da 1,7 milioni per il welfare di comunit\u00e0","og_description":"Per l'assessora regionale Spinelli si sostiene cos\u00ec il ruolo centrale degli enti del terzo settore nelle politiche sociali e sociosanitarie","og_url":"https:\/\/www.intoscana.it\/it\/volontariato-bando-da-17-milioni-per-il-welfare-di-comunita\/","og_site_name":"intoscana","article_publisher":"https:\/\/www.facebook.com\/intoscana.it","article_published_time":"2023-01-21T11:23:13+00:00","article_modified_time":"2023-01-21T11:24:11+00:00","og_image":[{"width":2000,"height":1333,"url":"https:\/\/www.intoscana.it\/wp-content\/uploads\/anziano-6.jpg","type":"image\/jpeg"}],"author":"Redazione","twitter_card":"summary_large_image","twitter_creator":"@intoscana","twitter_site":"@intoscana","twitter_misc":{"Written by":"Redazione","Est. reading time":"2 minuti"},"schema":{"@context":"https:\/\/schema.org","@graph":[{"@type":"WebPage","@id":"https:\/\/www.intoscana.it\/it\/volontariato-bando-da-17-milioni-per-il-welfare-di-comunita\/","url":"https:\/\/www.intoscana.it\/it\/volontariato-bando-da-17-milioni-per-il-welfare-di-comunita\/","name":"Volontariato, bando da 1,7 milioni per il welfare di comunit\u00e0 - intoscana","isPartOf":{"@id":"https:\/\/www.intoscana.it\/it\/#website"},"primaryImageOfPage":{"@id":"https:\/\/www.intoscana.it\/it\/volontariato-bando-da-17-milioni-per-il-welfare-di-comunita\/#primaryimage"},"image":{"@id":"https:\/\/www.intoscana.it\/it\/volontariato-bando-da-17-milioni-per-il-welfare-di-comunita\/#primaryimage"},"thumbnailUrl":"https:\/\/www.intoscana.it\/wp-content\/uploads\/anziano-6.jpg","datePublished":"2023-01-21T11:23:13+00:00","dateModified":"2023-01-21T11:24:11+00:00","author":{"@id":"https:\/\/www.intoscana.it\/it\/#\/schema\/person\/9223810753230f20bd670fdd322661f8"},"description":"Per l'assessora regionale Spinelli si sostiene cos\u00ec il ruolo centrale degli enti del terzo settore nelle politiche sociali e sociosanitarie","breadcrumb":{"@id":"https:\/\/www.intoscana.it\/it\/volontariato-bando-da-17-milioni-per-il-welfare-di-comunita\/#breadcrumb"},"inLanguage":"it-IT","potentialAction":[{"@type":"ReadAction","target":["https:\/\/www.intoscana.it\/it\/volontariato-bando-da-17-milioni-per-il-welfare-di-comunita\/"]}]},{"@type":"ImageObject","inLanguage":"it-IT","@id":"https:\/\/www.intoscana.it\/it\/volontariato-bando-da-17-milioni-per-il-welfare-di-comunita\/#primaryimage","url":"https:\/\/www.intoscana.it\/wp-content\/uploads\/anziano-6.jpg","contentUrl":"https:\/\/www.intoscana.it\/wp-content\/uploads\/anziano-6.jpg","width":2000,"height":1333,"caption":"Anziani"},{"@type":"BreadcrumbList","@id":"https:\/\/www.intoscana.it\/it\/volontariato-bando-da-17-milioni-per-il-welfare-di-comunita\/#breadcrumb","itemListElement":[{"@type":"ListItem","position":1,"name":"Home","item":"https:\/\/www.intoscana.it\/it\/"},{"@type":"ListItem","position":2,"name":"Volontariato, bando da 1,7 milioni per il welfare di comunit\u00e0"}]},{"@type":"WebSite","@id":"https:\/\/www.intoscana.it\/it\/#website","url":"https:\/\/www.intoscana.it\/it\/","name":"intoscana","description":"","potentialAction":[{"@type":"SearchAction","target":{"@type":"EntryPoint","urlTemplate":"https:\/\/www.intoscana.it\/it\/?s={search_term_string}"},"query-input":{"@type":"PropertyValueSpecification","valueRequired":true,"valueName":"search_term_string"}}],"inLanguage":"it-IT"},{"@type":"Person","@id":"https:\/\/www.intoscana.it\/it\/#\/schema\/person\/9223810753230f20bd670fdd322661f8","name":"Redazione","url":"https:\/\/www.intoscana.it\/it\/author\/redazione\/"}]}},"_links":{"self":[{"href":"https:\/\/www.intoscana.it\/it\/wp-json\/wp\/v2\/posts\/268077","targetHints":{"allow":["GET"]}}],"collection":[{"href":"https:\/\/www.intoscana.it\/it\/wp-json\/wp\/v2\/posts"}],"about":[{"href":"https:\/\/www.intoscana.it\/it\/wp-json\/wp\/v2\/types\/post"}],"author":[{"embeddable":true,"href":"https:\/\/www.intoscana.it\/it\/wp-json\/wp\/v2\/users\/525"}],"replies":[{"embeddable":true,"href":"https:\/\/www.intoscana.it\/it\/wp-json\/wp\/v2\/comments?post=268077"}],"version-history":[{"count":0,"href":"https:\/\/www.intoscana.it\/it\/wp-json\/wp\/v2\/posts\/268077\/revisions"}],"wp:featuredmedia":[{"embeddable":true,"href":"https:\/\/www.intoscana.it\/it\/wp-json\/wp\/v2\/media\/145418"}],"wp:attachment":[{"href":"https:\/\/www.intoscana.it\/it\/wp-json\/wp\/v2\/media?parent=268077"}],"wp:term":[{"taxonomy":"category","embeddable":true,"href":"https:\/\/www.intoscana.it\/it\/wp-json\/wp\/v2\/categories?post=268077"},{"taxonomy":"post_tag","embeddable":true,"href":"https:\/\/www.intoscana.it\/it\/wp-json\/wp\/v2\/tags?post=268077"}],"curies":[{"name":"wp","href":"https:\/\/api.w.org\/{rel}","templated":true}]}}