{"id":268210,"date":"2023-01-23T09:46:44","date_gmt":"2023-01-23T08:46:44","guid":{"rendered":"https:\/\/www.intoscana.it\/it\/?p=268210"},"modified":"2023-01-23T09:47:24","modified_gmt":"2023-01-23T08:47:24","slug":"cinema-astra-firenze-riapertura","status":"publish","type":"post","link":"https:\/\/www.intoscana.it\/it\/cinema-astra-firenze-riapertura\/","title":{"rendered":"Quattro giorni di eventi e tanti ospiti per la riapertura del cinema Astra a Firenze"},"content":{"rendered":"<p>Dopo nove anni di chiusura<strong> gioved\u00ec 26 gennaio<\/strong> in piazza Beccaria a Firenze<strong> riapre il nuovo cinema Astra<\/strong> di propriet\u00e0 di Banca Cambiano e gestito da Fondazione Stensen e Prg.<\/p>\n<p>La riapertura \u00e8 stata resa possibile grazie all&#8217;<strong>acquisto di Banca Cambiano<\/strong> e in virt\u00f9 del regolamento urbanistico del Comune che prevede un <strong>riutilizzo a fini culturali delle sale cittadine dismesse. <\/strong><\/p>\n<p>La sala cinematografica totalmente rinnovata ospiter\u00e0 circa <strong>cento posti<\/strong> e avr\u00e0 uno schermo di sette metri. Il cinema sar\u00e0 uno spazio polifunzionale, funzionante sette giorni su sette, anche di mattina.\u00a0<strong>Un modello eclettico<\/strong> sempre pi\u00f9 necessario alla sopravvivenza delle sale cinematografiche, che si adattano a pubblici con esigenze e gusti diversi.<\/p>\n<p><em>\u201cSiamo convinti che questo cinema diventer\u00e0 un nuovo spazio vivace e polifunzionale per la citt\u00e0 e sar\u00e0 apprezzato dai fiorentini &#8211;<\/em> ha detto <strong>Michele Crocchiola, direttore della Fondazione Stensen<\/strong>, che gestir\u00e0 la sala insieme a Prg<em> &#8211; L\u2019esperienza cinematografica ha bisogno di spazi nuovi, flessibili, aperti e accoglienti, per venire incontro alle nuove abitudini del pubblico e offrire una multiprogrammazione variegata. Sar\u00e0 una grande opportunit\u00e0 di ampliamento delle proprie attivit\u00e0 anche per il cinema Stensen, per tutti i suoi dipendenti, collaboratori e operatori, dopo esserci messi alla prova con le nostre esperienze estive nelle arene cittadine. Ringraziamo Banca Cambiano per la fiducia nell\u2019affidarci la gestione e la collaborazione dimostrata nei nostri confronti, che siamo certi ripagheremo al meglio\u201d.<\/em><\/p>\n<figure id=\"post-268212 media-268212\" class=\"align-none\"><img decoding=\"async\" src=\"https:\/\/www.intoscana.it\/wp-content\/uploads\/\u00a9MarcoBorrelli_191222_06037-1-scaled.jpg\" alt=\"\" \/><\/figure>\n<div class=\"titleimg\">\u00a9MarcoBorrelli<\/div>\n<h3>Quattro giorni di eventi per l&#8217;inaugurazione del Cinema Astra<\/h3>\n<p>L\u2019inaugurazione del cinema Astra si svilupper\u00e0 per tutto il fine settimana <strong>dal 26 al 29 gennaio<\/strong> con quattro giorni di<strong>\u00a0eventi, film, incontri, mostre<\/strong>.<\/p>\n<p><strong>Gioved\u00ec 26 gennaio<\/strong> alle 18.30 sar\u00e0 ospite speciale\u00a0<strong>il critico Paolo Mereghetti<\/strong> racconter\u00e0 i trent\u2019anni del suo celebre dizionario del cinema, dialogando col direttore del festival dei popoli Alessandro Stellino (ingresso gratuito, prenotazioni qui bit.ly\/Mereghetti23). La pubblicazione con<strong> 35mila schede<\/strong> redatte da Mereghetti \u00e8 dedicata ai critici cinematografici toscani Claudio Carabba e Vieri Razzini, entrambi scomparsi in anni recenti e a cui Firenze \u00e8 molto legata. \u00a0Al posto del consueto nastro rosso sar\u00e0 tagliata una pellicola cinematografica i cui fotogrammi saranno poi regalati ai presenti per tutto il giorno. La cerimonia sar\u00e0 accompagnata da tre giovani musicisti che suoneranno dal vivo le grandi <strong>colonne sonore del maestro Ennio Morricone.<\/strong><\/p>\n<p>In serata alle ore 21 il film <em><strong>La signora di Shanghai\u00a0<\/strong><\/em>sar\u00e0 proiettato in una versione restaurata e in lingua originale con sottotitoli in italiano.<strong> Il capolavoro di Orson Welles<\/strong>, cineasta a cui Mereghetti ha dedicato una monografia edita dai Cahiers du Cin\u00e9ma, \u00e8 un noir capace di fondere un\u2019eccezionale forza visiva con un simbolismo amaro e una disincantata lezione di morale.<\/p>\n<p><strong>Venerd\u00ec 27 gennaio<\/strong> sar\u00e0 aperta la mostra\u00a0<em><strong>\u201cRiverboom &#8211; Greatest Hits: photography vs cinema\u201d<\/strong><\/em> (alle 18, ingresso gratuito) del collettivo di fotografi fiorentini Riverboom,<strong> un viaggio visivo su grande schermo<\/strong> delle fotografie pi\u00f9 suggestive degli ultimi vent\u2019anni scattate in tutto il mondo dai fotografi <strong>Edoardo Delille<\/strong> (presente in sala), <strong>Gabriele Galimberti, Paolo Woods, Claude Baechtold, Serge Michel, Alexandre Tzonis<\/strong>. Riverboom \u00e8 un collettivo italo-svizzero fondato nel 2002 sulle rive del fiume Boom, in Afghanistan. Negli ultimi vent&#8217;anni, Riverboom ha realizzato mostre, prodotto film, organizzato feste e pubblicato libri tra cui le guide illustrate Baechtold\u2019s Best, dedicate interamente a destinazioni inconsuete come il Polo Nord o l\u2019Afghanistan.<\/p>\n<p><strong>Sabato 28 gennaio il regista Andrea Segre<\/strong> alle 18.30 incontrer\u00e0 il pubblico dopo entrambe le proiezioni per il suo ultimo film<em><strong> Trieste \u00e8 bella di notte<\/strong><\/em>, che svela ci\u00f2 che accade al confine tra Italia e Slovenia, sulle colline sopra Trieste, in tema respingimenti dei migranti.<\/p>\n<p>Sempre <strong>sabato 28 gennaio,<\/strong> alle 21, il film italiano pi\u00f9 visto di sempre su <strong>Netflix<\/strong>, per la prima e unica volta al cinema, <em><strong>Il mio nome \u00e8 vendetta<\/strong> <\/em>del regista fiorentino <strong>Cosimo Gomez<\/strong> (presente in sala insieme al co-sceneggiatore Sandrone Dazieri), con <strong>Alessandro Gassman e Remo Girone<\/strong> \u00e8 la storia di un ex sicario della mafia che quando i nemici dal passato gli uccidono la moglie e il cognato, si rifugia a Milano con la figlia e pianifica la sua vendetta.<\/p>\n<p>La\u00a0settimana di eventi si chiude<strong> domenica 29 gennaio<\/strong>, in sala arriver\u00e0 anche il collettivo di videomaker<strong> Il Terzo Segreto di Satira<\/strong> col film, in prima assoluta, <em><strong>Domino 23 &#8211; Gli ultimi non saranno i primi<\/strong><\/em>. Il collettivo milanese non ha paura di affrontare con ironia temi come la sostenibilit\u00e0 ambientale, le nuove sensibilit\u00e0 sul politicamente corretto, il mondo del lavoro e la novit\u00e0 del nuovo governo di destra.<\/p>\n<figure id=\"post-268214 media-268214\" class=\"align-none\"><img decoding=\"async\" src=\"https:\/\/www.intoscana.it\/wp-content\/uploads\/ASTRA.png\" alt=\"\" \/><\/figure>\n<div class=\"titleimg\"><\/div>\n","protected":false},"excerpt":{"rendered":"<p>Dopo 9 anni di chiusura, al via la programmazione nella sala di Banca Cambiano gestita da Stensen e Prg, ospiti Paolo Mereghetti, Andrea Segre, Il Terzo Segreto di Satira, Riverboom, Cosimo Gomez, Sandrone Dazieri<\/p>\n","protected":false},"author":525,"featured_media":268213,"comment_status":"open","ping_status":"open","sticky":false,"template":"","format":"standard","meta":{"_acf_changed":false,"footnotes":""},"categories":[493],"tags":[188,4474,202],"class_list":["post-268210","post","type-post","status-publish","format-standard","has-post-thumbnail","hentry","category-cultura","tag-cinema","tag-eventi","tag-firenze"],"acf":[],"yoast_head":"<!-- This site is optimized with the Yoast SEO Premium plugin v24.2 (Yoast SEO v25.6) - https:\/\/yoast.com\/wordpress\/plugins\/seo\/ -->\n<title>Quattro giorni di eventi e tanti ospiti per la riapertura del cinema Astra a Firenze - intoscana<\/title>\n<meta name=\"description\" content=\"Dopo 9 anni di chiusura, al via la programmazione del cinema Astra a Firenze con quattro giorni di eventi a ingresso gratuito\" \/>\n<meta name=\"robots\" content=\"index, follow, max-snippet:-1, max-image-preview:large, max-video-preview:-1\" \/>\n<link rel=\"canonical\" href=\"https:\/\/www.intoscana.it\/it\/cinema-astra-firenze-riapertura\/\" \/>\n<meta property=\"og:locale\" content=\"it_IT\" \/>\n<meta property=\"og:type\" content=\"article\" \/>\n<meta property=\"og:title\" content=\"Quattro giorni di eventi e tanti ospiti per la riapertura del cinema Astra a Firenze\" \/>\n<meta property=\"og:description\" content=\"Dopo 9 anni di chiusura, al via la programmazione del cinema Astra a Firenze con quattro giorni di eventi a ingresso gratuito\" \/>\n<meta property=\"og:url\" content=\"https:\/\/www.intoscana.it\/it\/cinema-astra-firenze-riapertura\/\" \/>\n<meta property=\"og:site_name\" content=\"intoscana\" \/>\n<meta property=\"article:publisher\" content=\"https:\/\/www.facebook.com\/intoscana.it\" \/>\n<meta property=\"article:published_time\" content=\"2023-01-23T08:46:44+00:00\" \/>\n<meta property=\"article:modified_time\" content=\"2023-01-23T08:47:24+00:00\" \/>\n<meta property=\"og:image\" content=\"https:\/\/www.intoscana.it\/wp-content\/uploads\/Astra-insegna.jpg\" \/>\n\t<meta property=\"og:image:width\" content=\"2000\" \/>\n\t<meta property=\"og:image:height\" content=\"1333\" \/>\n\t<meta property=\"og:image:type\" content=\"image\/jpeg\" \/>\n<meta name=\"author\" content=\"Redazione\" \/>\n<meta name=\"twitter:card\" content=\"summary_large_image\" \/>\n<meta name=\"twitter:creator\" content=\"@intoscana\" \/>\n<meta name=\"twitter:site\" content=\"@intoscana\" \/>\n<meta name=\"twitter:label1\" content=\"Written by\" \/>\n\t<meta name=\"twitter:data1\" content=\"Redazione\" \/>\n\t<meta name=\"twitter:label2\" content=\"Est. reading time\" \/>\n\t<meta name=\"twitter:data2\" content=\"4 minuti\" \/>\n<script type=\"application\/ld+json\" class=\"yoast-schema-graph\">{\"@context\":\"https:\/\/schema.org\",\"@graph\":[{\"@type\":\"WebPage\",\"@id\":\"https:\/\/www.intoscana.it\/it\/cinema-astra-firenze-riapertura\/\",\"url\":\"https:\/\/www.intoscana.it\/it\/cinema-astra-firenze-riapertura\/\",\"name\":\"Quattro giorni di eventi e tanti ospiti per la riapertura del cinema Astra a Firenze - intoscana\",\"isPartOf\":{\"@id\":\"https:\/\/www.intoscana.it\/it\/#website\"},\"primaryImageOfPage\":{\"@id\":\"https:\/\/www.intoscana.it\/it\/cinema-astra-firenze-riapertura\/#primaryimage\"},\"image\":{\"@id\":\"https:\/\/www.intoscana.it\/it\/cinema-astra-firenze-riapertura\/#primaryimage\"},\"thumbnailUrl\":\"https:\/\/www.intoscana.it\/wp-content\/uploads\/Astra-insegna.jpg\",\"datePublished\":\"2023-01-23T08:46:44+00:00\",\"dateModified\":\"2023-01-23T08:47:24+00:00\",\"author\":{\"@id\":\"https:\/\/www.intoscana.it\/it\/#\/schema\/person\/9223810753230f20bd670fdd322661f8\"},\"description\":\"Dopo 9 anni di chiusura, al via la programmazione del cinema Astra a Firenze con quattro giorni di eventi a ingresso gratuito\",\"breadcrumb\":{\"@id\":\"https:\/\/www.intoscana.it\/it\/cinema-astra-firenze-riapertura\/#breadcrumb\"},\"inLanguage\":\"it-IT\",\"potentialAction\":[{\"@type\":\"ReadAction\",\"target\":[\"https:\/\/www.intoscana.it\/it\/cinema-astra-firenze-riapertura\/\"]}]},{\"@type\":\"ImageObject\",\"inLanguage\":\"it-IT\",\"@id\":\"https:\/\/www.intoscana.it\/it\/cinema-astra-firenze-riapertura\/#primaryimage\",\"url\":\"https:\/\/www.intoscana.it\/wp-content\/uploads\/Astra-insegna.jpg\",\"contentUrl\":\"https:\/\/www.intoscana.it\/wp-content\/uploads\/Astra-insegna.jpg\",\"width\":2000,\"height\":1333},{\"@type\":\"BreadcrumbList\",\"@id\":\"https:\/\/www.intoscana.it\/it\/cinema-astra-firenze-riapertura\/#breadcrumb\",\"itemListElement\":[{\"@type\":\"ListItem\",\"position\":1,\"name\":\"Home\",\"item\":\"https:\/\/www.intoscana.it\/it\/\"},{\"@type\":\"ListItem\",\"position\":2,\"name\":\"Quattro giorni di eventi e tanti ospiti per la riapertura del cinema Astra a Firenze\"}]},{\"@type\":\"WebSite\",\"@id\":\"https:\/\/www.intoscana.it\/it\/#website\",\"url\":\"https:\/\/www.intoscana.it\/it\/\",\"name\":\"intoscana\",\"description\":\"\",\"potentialAction\":[{\"@type\":\"SearchAction\",\"target\":{\"@type\":\"EntryPoint\",\"urlTemplate\":\"https:\/\/www.intoscana.it\/it\/?s={search_term_string}\"},\"query-input\":{\"@type\":\"PropertyValueSpecification\",\"valueRequired\":true,\"valueName\":\"search_term_string\"}}],\"inLanguage\":\"it-IT\"},{\"@type\":\"Person\",\"@id\":\"https:\/\/www.intoscana.it\/it\/#\/schema\/person\/9223810753230f20bd670fdd322661f8\",\"name\":\"Redazione\",\"url\":\"https:\/\/www.intoscana.it\/it\/author\/redazione\/\"}]}<\/script>\n<!-- \/ Yoast SEO Premium plugin. -->","yoast_head_json":{"title":"Quattro giorni di eventi e tanti ospiti per la riapertura del cinema Astra a Firenze - intoscana","description":"Dopo 9 anni di chiusura, al via la programmazione del cinema Astra a Firenze con quattro giorni di eventi a ingresso gratuito","robots":{"index":"index","follow":"follow","max-snippet":"max-snippet:-1","max-image-preview":"max-image-preview:large","max-video-preview":"max-video-preview:-1"},"canonical":"https:\/\/www.intoscana.it\/it\/cinema-astra-firenze-riapertura\/","og_locale":"it_IT","og_type":"article","og_title":"Quattro giorni di eventi e tanti ospiti per la riapertura del cinema Astra a Firenze","og_description":"Dopo 9 anni di chiusura, al via la programmazione del cinema Astra a Firenze con quattro giorni di eventi a ingresso gratuito","og_url":"https:\/\/www.intoscana.it\/it\/cinema-astra-firenze-riapertura\/","og_site_name":"intoscana","article_publisher":"https:\/\/www.facebook.com\/intoscana.it","article_published_time":"2023-01-23T08:46:44+00:00","article_modified_time":"2023-01-23T08:47:24+00:00","og_image":[{"width":2000,"height":1333,"url":"https:\/\/www.intoscana.it\/wp-content\/uploads\/Astra-insegna.jpg","type":"image\/jpeg"}],"author":"Redazione","twitter_card":"summary_large_image","twitter_creator":"@intoscana","twitter_site":"@intoscana","twitter_misc":{"Written by":"Redazione","Est. reading time":"4 minuti"},"schema":{"@context":"https:\/\/schema.org","@graph":[{"@type":"WebPage","@id":"https:\/\/www.intoscana.it\/it\/cinema-astra-firenze-riapertura\/","url":"https:\/\/www.intoscana.it\/it\/cinema-astra-firenze-riapertura\/","name":"Quattro giorni di eventi e tanti ospiti per la riapertura del cinema Astra a Firenze - intoscana","isPartOf":{"@id":"https:\/\/www.intoscana.it\/it\/#website"},"primaryImageOfPage":{"@id":"https:\/\/www.intoscana.it\/it\/cinema-astra-firenze-riapertura\/#primaryimage"},"image":{"@id":"https:\/\/www.intoscana.it\/it\/cinema-astra-firenze-riapertura\/#primaryimage"},"thumbnailUrl":"https:\/\/www.intoscana.it\/wp-content\/uploads\/Astra-insegna.jpg","datePublished":"2023-01-23T08:46:44+00:00","dateModified":"2023-01-23T08:47:24+00:00","author":{"@id":"https:\/\/www.intoscana.it\/it\/#\/schema\/person\/9223810753230f20bd670fdd322661f8"},"description":"Dopo 9 anni di chiusura, al via la programmazione del cinema Astra a Firenze con quattro giorni di eventi a ingresso gratuito","breadcrumb":{"@id":"https:\/\/www.intoscana.it\/it\/cinema-astra-firenze-riapertura\/#breadcrumb"},"inLanguage":"it-IT","potentialAction":[{"@type":"ReadAction","target":["https:\/\/www.intoscana.it\/it\/cinema-astra-firenze-riapertura\/"]}]},{"@type":"ImageObject","inLanguage":"it-IT","@id":"https:\/\/www.intoscana.it\/it\/cinema-astra-firenze-riapertura\/#primaryimage","url":"https:\/\/www.intoscana.it\/wp-content\/uploads\/Astra-insegna.jpg","contentUrl":"https:\/\/www.intoscana.it\/wp-content\/uploads\/Astra-insegna.jpg","width":2000,"height":1333},{"@type":"BreadcrumbList","@id":"https:\/\/www.intoscana.it\/it\/cinema-astra-firenze-riapertura\/#breadcrumb","itemListElement":[{"@type":"ListItem","position":1,"name":"Home","item":"https:\/\/www.intoscana.it\/it\/"},{"@type":"ListItem","position":2,"name":"Quattro giorni di eventi e tanti ospiti per la riapertura del cinema Astra a Firenze"}]},{"@type":"WebSite","@id":"https:\/\/www.intoscana.it\/it\/#website","url":"https:\/\/www.intoscana.it\/it\/","name":"intoscana","description":"","potentialAction":[{"@type":"SearchAction","target":{"@type":"EntryPoint","urlTemplate":"https:\/\/www.intoscana.it\/it\/?s={search_term_string}"},"query-input":{"@type":"PropertyValueSpecification","valueRequired":true,"valueName":"search_term_string"}}],"inLanguage":"it-IT"},{"@type":"Person","@id":"https:\/\/www.intoscana.it\/it\/#\/schema\/person\/9223810753230f20bd670fdd322661f8","name":"Redazione","url":"https:\/\/www.intoscana.it\/it\/author\/redazione\/"}]}},"_links":{"self":[{"href":"https:\/\/www.intoscana.it\/it\/wp-json\/wp\/v2\/posts\/268210","targetHints":{"allow":["GET"]}}],"collection":[{"href":"https:\/\/www.intoscana.it\/it\/wp-json\/wp\/v2\/posts"}],"about":[{"href":"https:\/\/www.intoscana.it\/it\/wp-json\/wp\/v2\/types\/post"}],"author":[{"embeddable":true,"href":"https:\/\/www.intoscana.it\/it\/wp-json\/wp\/v2\/users\/525"}],"replies":[{"embeddable":true,"href":"https:\/\/www.intoscana.it\/it\/wp-json\/wp\/v2\/comments?post=268210"}],"version-history":[{"count":0,"href":"https:\/\/www.intoscana.it\/it\/wp-json\/wp\/v2\/posts\/268210\/revisions"}],"wp:featuredmedia":[{"embeddable":true,"href":"https:\/\/www.intoscana.it\/it\/wp-json\/wp\/v2\/media\/268213"}],"wp:attachment":[{"href":"https:\/\/www.intoscana.it\/it\/wp-json\/wp\/v2\/media?parent=268210"}],"wp:term":[{"taxonomy":"category","embeddable":true,"href":"https:\/\/www.intoscana.it\/it\/wp-json\/wp\/v2\/categories?post=268210"},{"taxonomy":"post_tag","embeddable":true,"href":"https:\/\/www.intoscana.it\/it\/wp-json\/wp\/v2\/tags?post=268210"}],"curies":[{"name":"wp","href":"https:\/\/api.w.org\/{rel}","templated":true}]}}