{"id":268688,"date":"2023-01-24T15:52:00","date_gmt":"2023-01-24T14:52:00","guid":{"rendered":"https:\/\/www.intoscana.it\/it\/?p=268688"},"modified":"2023-01-24T15:52:00","modified_gmt":"2023-01-24T14:52:00","slug":"bronzi-etruschi-di-san-casciano-dei-bagni-convegno-a-siena-con-sangiuliano","status":"publish","type":"post","link":"https:\/\/www.intoscana.it\/it\/bronzi-etruschi-di-san-casciano-dei-bagni-convegno-a-siena-con-sangiuliano\/","title":{"rendered":"Bronzi etruschi di San Casciano dei Bagni, convegno a Siena con Sangiuliano"},"content":{"rendered":"<p>&#8216;<em>Dentro il Sacro. Multiculturalismo e plurilinguismo nello scavo del Bagno Grande a San Casciano dei Bagni<\/em>&#8216;: questo il titolo del convegno dedicato ai ritrovamenti avvenuti negli scavi condotti negli ultimi anni presso il Bagno Grande a <strong>San Casciano dei Bagni<\/strong>.<\/p>\n<p>L&#8217;evento \u00e8 in programma <strong>mercoled\u00ec 25 e gioved\u00ec 26 gennaio<\/strong> nell&#8217;Aula magna Virginia Woolf dell&#8217;Universit\u00e0 per Stranieri di Siena che lo ha promosso.<\/p>\n<figure id=\"post-266272 media-266272\" class=\"align-none\"><img decoding=\"async\" src=\"https:\/\/www.intoscana.it\/wp-content\/uploads\/FhCOAl8WYAEkafb.jpeg\" alt=\"\" \/><\/figure>\n<div class=\"titleimg\">Il ministro della cultura Gennaro Sangiuliano con i bronzi etruschi di San Casciano dei Bagni \u2013 \u00a9 Twitter Gennaro Sangiuliano<\/div>\n<h3>L&#8217;intervento del ministro Sangiuliano<\/h3>\n<p>Tra i presenti, si spiega dall&#8217;Ateneo, anche il ministro della Cultura <strong>Gennaro Sangiuliano<\/strong>: porter\u00e0 il suo saluto in apertura dei lavori, alle 10. Il ministro conferma cos\u00ec l&#8217;attenzione a Firenze e alla Toscana come aveva sottolineato <a href=\"https:\/\/www.intoscana.it\/it\/articolo\/sangiuliano-a-firenze-uffizi-diffusi-nel-futuro-delle-ville-di-careggi-e-dellambrogiana\/\">in occasione della visita, sabato scorso, agli Uffizi e alle ville medicee di Careggi e dell&#8217;Ambrogiana<\/a>.<\/p>\n<p>Il convegno di Siena inoltre potrebbe essere l&#8217;0ccasione per annunciare l&#8217;esposizione dei bronzi etruschi ritrovati la scorsa estate a San Casciano dei Bagni nello scavo del Bagno Grande. <a href=\"https:\/\/www.intoscana.it\/it\/articolo\/etruschi-grande-mostra-al-quirinale-per-i-bronzi-di-san-casciano\/\">Sangiuliano aveva manifestato l&#8217;intenzione di organizzare quanto prima una mostra al Quirinale<\/a>.<\/p>\n<h3>Un convegno dall&#8217;approccio multidisciplinare<\/h3>\n<p>L&#8217;incontro, si spiega ancora, &#8220;<em>avr\u00e0 un approccio fortemente multidisciplinare<\/em>&#8220;. Vedr\u00e0 la partecipazione in qualit\u00e0 di relatori dei componenti della <strong>numerosa \u00e9quipe di studiose e studiosi<\/strong>, oltre cinquanta, che stanno indagando sul ritrovamento. Molteplici gli aspetti che riguardano il <strong>complesso contesto multiculturale<\/strong> e plurilinguistico emerso dalle indagini di scavo.<\/p>\n<p>Le diverse sessioni affronteranno la <strong>complessit\u00e0 del deposito archeologico<\/strong>, gli studi preliminari sulla bronzistica, sulle altre offerte (dalle monete alle centinaia di doni botanici), le analisi spaziali sul santuario e sulle sue strutture monumentali, gli studi sulla ritualit\u00e0 e sul paesaggio di <strong>transizione tra Etruschi e Romani<\/strong> e si concluder\u00e0 con i primi studi archeometrici dedicati ai capolavori scultorei in bronzo.<\/p>\n<figure id=\"post-256794 media-256794\" class=\"align-none\"><img decoding=\"async\" src=\"https:\/\/www.intoscana.it\/wp-content\/uploads\/101352663-c90487cd-daa0-4ca3-9b1b-4d00cb442b50.jpg\" alt=\"\" \/><\/figure>\n<div class=\"titleimg\">Il ritrovamento dei bronzi etruschi a San Casciano dei Bagni<\/div>\n<h3>Il punto sulla campagna di scavi in corso<\/h3>\n<p>Il convegno inoltre &#8220;<em>sar\u00e0 una preziosa opportunit\u00e0 per una prima restituzione di parte del lavoro di studio in corso di svolgimento anche alla cittadinanza&#8221;<\/em>. Il convegno sar\u00e0 introdotto dal rettore dell&#8217;Universit\u00e0 per stranieri di Siena <strong>Tomaso Montanari<\/strong>, la sindaca di San Casciano dei Bagni <strong>Agnese Carletti<\/strong>, il soprintendente Abap per le province di Siena, Grosseto e Arezzo <strong>Gabriele Nannetti<\/strong> e il presidente Istituto nazionale studi etruschi e italici <strong>Giuseppe Sassatelli<\/strong>.<\/p>\n","protected":false},"excerpt":{"rendered":"<p>Il ministro aveva ipotizzato una mostra al Quirinale, l&#8217;iniziativa per fare il punto sulle scoperte archeologiche e sulla campagna di scavi in corso<\/p>\n","protected":false},"author":525,"featured_media":256870,"comment_status":"open","ping_status":"open","sticky":false,"template":"","format":"standard","meta":{"_acf_changed":false,"footnotes":""},"categories":[493],"tags":[261,5846],"class_list":["post-268688","post","type-post","status-publish","format-standard","has-post-thumbnail","hentry","category-cultura","tag-etruschi","tag-san-casciano-dei-bagni"],"acf":[],"yoast_head":"<!-- This site is optimized with the Yoast SEO Premium plugin v24.2 (Yoast SEO v25.6) - https:\/\/yoast.com\/wordpress\/plugins\/seo\/ -->\n<title>Bronzi di San Casciano, convegno a Siena con Sangiuliano - intoscana<\/title>\n<meta name=\"description\" content=\"Il ministro aveva ipotizzato una mostra al Quirinale, l&#039;iniziativa per fare il punto sulle scoperte archeologiche e sulla campagna di scavi\" \/>\n<meta name=\"robots\" content=\"index, follow, max-snippet:-1, max-image-preview:large, max-video-preview:-1\" \/>\n<link rel=\"canonical\" href=\"https:\/\/www.intoscana.it\/it\/bronzi-etruschi-di-san-casciano-dei-bagni-convegno-a-siena-con-sangiuliano\/\" \/>\n<meta property=\"og:locale\" content=\"it_IT\" \/>\n<meta property=\"og:type\" content=\"article\" \/>\n<meta property=\"og:title\" content=\"Bronzi etruschi di San Casciano dei Bagni, convegno a Siena con Sangiuliano\" \/>\n<meta property=\"og:description\" content=\"Il ministro aveva ipotizzato una mostra al Quirinale, l&#039;iniziativa per fare il punto sulle scoperte archeologiche e sulla campagna di scavi\" \/>\n<meta property=\"og:url\" content=\"https:\/\/www.intoscana.it\/it\/bronzi-etruschi-di-san-casciano-dei-bagni-convegno-a-siena-con-sangiuliano\/\" \/>\n<meta property=\"og:site_name\" content=\"intoscana\" \/>\n<meta property=\"article:publisher\" content=\"https:\/\/www.facebook.com\/intoscana.it\" \/>\n<meta property=\"article:published_time\" content=\"2023-01-24T14:52:00+00:00\" \/>\n<meta property=\"og:image\" content=\"https:\/\/www.intoscana.it\/wp-content\/uploads\/Sangiuliano_Tabolli.jpg\" \/>\n\t<meta property=\"og:image:width\" content=\"973\" \/>\n\t<meta property=\"og:image:height\" content=\"642\" \/>\n\t<meta property=\"og:image:type\" content=\"image\/jpeg\" \/>\n<meta name=\"author\" content=\"Redazione\" \/>\n<meta name=\"twitter:card\" content=\"summary_large_image\" \/>\n<meta name=\"twitter:creator\" content=\"@intoscana\" \/>\n<meta name=\"twitter:site\" content=\"@intoscana\" \/>\n<meta name=\"twitter:label1\" content=\"Written by\" \/>\n\t<meta name=\"twitter:data1\" content=\"Redazione\" \/>\n\t<meta name=\"twitter:label2\" content=\"Est. reading time\" \/>\n\t<meta name=\"twitter:data2\" content=\"2 minuti\" \/>\n<script type=\"application\/ld+json\" class=\"yoast-schema-graph\">{\"@context\":\"https:\/\/schema.org\",\"@graph\":[{\"@type\":\"WebPage\",\"@id\":\"https:\/\/www.intoscana.it\/it\/bronzi-etruschi-di-san-casciano-dei-bagni-convegno-a-siena-con-sangiuliano\/\",\"url\":\"https:\/\/www.intoscana.it\/it\/bronzi-etruschi-di-san-casciano-dei-bagni-convegno-a-siena-con-sangiuliano\/\",\"name\":\"Bronzi di San Casciano, convegno a Siena con Sangiuliano - intoscana\",\"isPartOf\":{\"@id\":\"https:\/\/www.intoscana.it\/it\/#website\"},\"primaryImageOfPage\":{\"@id\":\"https:\/\/www.intoscana.it\/it\/bronzi-etruschi-di-san-casciano-dei-bagni-convegno-a-siena-con-sangiuliano\/#primaryimage\"},\"image\":{\"@id\":\"https:\/\/www.intoscana.it\/it\/bronzi-etruschi-di-san-casciano-dei-bagni-convegno-a-siena-con-sangiuliano\/#primaryimage\"},\"thumbnailUrl\":\"https:\/\/www.intoscana.it\/wp-content\/uploads\/Sangiuliano_Tabolli.jpg\",\"datePublished\":\"2023-01-24T14:52:00+00:00\",\"author\":{\"@id\":\"https:\/\/www.intoscana.it\/it\/#\/schema\/person\/9223810753230f20bd670fdd322661f8\"},\"description\":\"Il ministro aveva ipotizzato una mostra al Quirinale, l'iniziativa per fare il punto sulle scoperte archeologiche e sulla campagna di scavi\",\"breadcrumb\":{\"@id\":\"https:\/\/www.intoscana.it\/it\/bronzi-etruschi-di-san-casciano-dei-bagni-convegno-a-siena-con-sangiuliano\/#breadcrumb\"},\"inLanguage\":\"it-IT\",\"potentialAction\":[{\"@type\":\"ReadAction\",\"target\":[\"https:\/\/www.intoscana.it\/it\/bronzi-etruschi-di-san-casciano-dei-bagni-convegno-a-siena-con-sangiuliano\/\"]}]},{\"@type\":\"ImageObject\",\"inLanguage\":\"it-IT\",\"@id\":\"https:\/\/www.intoscana.it\/it\/bronzi-etruschi-di-san-casciano-dei-bagni-convegno-a-siena-con-sangiuliano\/#primaryimage\",\"url\":\"https:\/\/www.intoscana.it\/wp-content\/uploads\/Sangiuliano_Tabolli.jpg\",\"contentUrl\":\"https:\/\/www.intoscana.it\/wp-content\/uploads\/Sangiuliano_Tabolli.jpg\",\"width\":973,\"height\":642,\"caption\":\"Sangiuliano e Tabolli davanti ai bronzi etruschi di San Casciano dei Bagni\"},{\"@type\":\"BreadcrumbList\",\"@id\":\"https:\/\/www.intoscana.it\/it\/bronzi-etruschi-di-san-casciano-dei-bagni-convegno-a-siena-con-sangiuliano\/#breadcrumb\",\"itemListElement\":[{\"@type\":\"ListItem\",\"position\":1,\"name\":\"Home\",\"item\":\"https:\/\/www.intoscana.it\/it\/\"},{\"@type\":\"ListItem\",\"position\":2,\"name\":\"Bronzi etruschi di San Casciano dei Bagni, convegno a Siena con Sangiuliano\"}]},{\"@type\":\"WebSite\",\"@id\":\"https:\/\/www.intoscana.it\/it\/#website\",\"url\":\"https:\/\/www.intoscana.it\/it\/\",\"name\":\"intoscana\",\"description\":\"\",\"potentialAction\":[{\"@type\":\"SearchAction\",\"target\":{\"@type\":\"EntryPoint\",\"urlTemplate\":\"https:\/\/www.intoscana.it\/it\/?s={search_term_string}\"},\"query-input\":{\"@type\":\"PropertyValueSpecification\",\"valueRequired\":true,\"valueName\":\"search_term_string\"}}],\"inLanguage\":\"it-IT\"},{\"@type\":\"Person\",\"@id\":\"https:\/\/www.intoscana.it\/it\/#\/schema\/person\/9223810753230f20bd670fdd322661f8\",\"name\":\"Redazione\",\"url\":\"https:\/\/www.intoscana.it\/it\/author\/redazione\/\"}]}<\/script>\n<!-- \/ Yoast SEO Premium plugin. -->","yoast_head_json":{"title":"Bronzi di San Casciano, convegno a Siena con Sangiuliano - intoscana","description":"Il ministro aveva ipotizzato una mostra al Quirinale, l'iniziativa per fare il punto sulle scoperte archeologiche e sulla campagna di scavi","robots":{"index":"index","follow":"follow","max-snippet":"max-snippet:-1","max-image-preview":"max-image-preview:large","max-video-preview":"max-video-preview:-1"},"canonical":"https:\/\/www.intoscana.it\/it\/bronzi-etruschi-di-san-casciano-dei-bagni-convegno-a-siena-con-sangiuliano\/","og_locale":"it_IT","og_type":"article","og_title":"Bronzi etruschi di San Casciano dei Bagni, convegno a Siena con Sangiuliano","og_description":"Il ministro aveva ipotizzato una mostra al Quirinale, l'iniziativa per fare il punto sulle scoperte archeologiche e sulla campagna di scavi","og_url":"https:\/\/www.intoscana.it\/it\/bronzi-etruschi-di-san-casciano-dei-bagni-convegno-a-siena-con-sangiuliano\/","og_site_name":"intoscana","article_publisher":"https:\/\/www.facebook.com\/intoscana.it","article_published_time":"2023-01-24T14:52:00+00:00","og_image":[{"width":973,"height":642,"url":"https:\/\/www.intoscana.it\/wp-content\/uploads\/Sangiuliano_Tabolli.jpg","type":"image\/jpeg"}],"author":"Redazione","twitter_card":"summary_large_image","twitter_creator":"@intoscana","twitter_site":"@intoscana","twitter_misc":{"Written by":"Redazione","Est. reading time":"2 minuti"},"schema":{"@context":"https:\/\/schema.org","@graph":[{"@type":"WebPage","@id":"https:\/\/www.intoscana.it\/it\/bronzi-etruschi-di-san-casciano-dei-bagni-convegno-a-siena-con-sangiuliano\/","url":"https:\/\/www.intoscana.it\/it\/bronzi-etruschi-di-san-casciano-dei-bagni-convegno-a-siena-con-sangiuliano\/","name":"Bronzi di San Casciano, convegno a Siena con Sangiuliano - intoscana","isPartOf":{"@id":"https:\/\/www.intoscana.it\/it\/#website"},"primaryImageOfPage":{"@id":"https:\/\/www.intoscana.it\/it\/bronzi-etruschi-di-san-casciano-dei-bagni-convegno-a-siena-con-sangiuliano\/#primaryimage"},"image":{"@id":"https:\/\/www.intoscana.it\/it\/bronzi-etruschi-di-san-casciano-dei-bagni-convegno-a-siena-con-sangiuliano\/#primaryimage"},"thumbnailUrl":"https:\/\/www.intoscana.it\/wp-content\/uploads\/Sangiuliano_Tabolli.jpg","datePublished":"2023-01-24T14:52:00+00:00","author":{"@id":"https:\/\/www.intoscana.it\/it\/#\/schema\/person\/9223810753230f20bd670fdd322661f8"},"description":"Il ministro aveva ipotizzato una mostra al Quirinale, l'iniziativa per fare il punto sulle scoperte archeologiche e sulla campagna di scavi","breadcrumb":{"@id":"https:\/\/www.intoscana.it\/it\/bronzi-etruschi-di-san-casciano-dei-bagni-convegno-a-siena-con-sangiuliano\/#breadcrumb"},"inLanguage":"it-IT","potentialAction":[{"@type":"ReadAction","target":["https:\/\/www.intoscana.it\/it\/bronzi-etruschi-di-san-casciano-dei-bagni-convegno-a-siena-con-sangiuliano\/"]}]},{"@type":"ImageObject","inLanguage":"it-IT","@id":"https:\/\/www.intoscana.it\/it\/bronzi-etruschi-di-san-casciano-dei-bagni-convegno-a-siena-con-sangiuliano\/#primaryimage","url":"https:\/\/www.intoscana.it\/wp-content\/uploads\/Sangiuliano_Tabolli.jpg","contentUrl":"https:\/\/www.intoscana.it\/wp-content\/uploads\/Sangiuliano_Tabolli.jpg","width":973,"height":642,"caption":"Sangiuliano e Tabolli davanti ai bronzi etruschi di San Casciano dei Bagni"},{"@type":"BreadcrumbList","@id":"https:\/\/www.intoscana.it\/it\/bronzi-etruschi-di-san-casciano-dei-bagni-convegno-a-siena-con-sangiuliano\/#breadcrumb","itemListElement":[{"@type":"ListItem","position":1,"name":"Home","item":"https:\/\/www.intoscana.it\/it\/"},{"@type":"ListItem","position":2,"name":"Bronzi etruschi di San Casciano dei Bagni, convegno a Siena con Sangiuliano"}]},{"@type":"WebSite","@id":"https:\/\/www.intoscana.it\/it\/#website","url":"https:\/\/www.intoscana.it\/it\/","name":"intoscana","description":"","potentialAction":[{"@type":"SearchAction","target":{"@type":"EntryPoint","urlTemplate":"https:\/\/www.intoscana.it\/it\/?s={search_term_string}"},"query-input":{"@type":"PropertyValueSpecification","valueRequired":true,"valueName":"search_term_string"}}],"inLanguage":"it-IT"},{"@type":"Person","@id":"https:\/\/www.intoscana.it\/it\/#\/schema\/person\/9223810753230f20bd670fdd322661f8","name":"Redazione","url":"https:\/\/www.intoscana.it\/it\/author\/redazione\/"}]}},"_links":{"self":[{"href":"https:\/\/www.intoscana.it\/it\/wp-json\/wp\/v2\/posts\/268688","targetHints":{"allow":["GET"]}}],"collection":[{"href":"https:\/\/www.intoscana.it\/it\/wp-json\/wp\/v2\/posts"}],"about":[{"href":"https:\/\/www.intoscana.it\/it\/wp-json\/wp\/v2\/types\/post"}],"author":[{"embeddable":true,"href":"https:\/\/www.intoscana.it\/it\/wp-json\/wp\/v2\/users\/525"}],"replies":[{"embeddable":true,"href":"https:\/\/www.intoscana.it\/it\/wp-json\/wp\/v2\/comments?post=268688"}],"version-history":[{"count":0,"href":"https:\/\/www.intoscana.it\/it\/wp-json\/wp\/v2\/posts\/268688\/revisions"}],"wp:featuredmedia":[{"embeddable":true,"href":"https:\/\/www.intoscana.it\/it\/wp-json\/wp\/v2\/media\/256870"}],"wp:attachment":[{"href":"https:\/\/www.intoscana.it\/it\/wp-json\/wp\/v2\/media?parent=268688"}],"wp:term":[{"taxonomy":"category","embeddable":true,"href":"https:\/\/www.intoscana.it\/it\/wp-json\/wp\/v2\/categories?post=268688"},{"taxonomy":"post_tag","embeddable":true,"href":"https:\/\/www.intoscana.it\/it\/wp-json\/wp\/v2\/tags?post=268688"}],"curies":[{"name":"wp","href":"https:\/\/api.w.org\/{rel}","templated":true}]}}