{"id":268987,"date":"2023-01-26T09:53:38","date_gmt":"2023-01-26T08:53:38","guid":{"rendered":"https:\/\/www.intoscana.it\/it\/?p=268987"},"modified":"2023-01-26T10:25:40","modified_gmt":"2023-01-26T09:25:40","slug":"tornano-le-visite-guidate-gratuite-per-le-famiglie-al-bargello-cappelle-medicee-e-palazzo-davanzati","status":"publish","type":"post","link":"https:\/\/www.intoscana.it\/it\/tornano-le-visite-guidate-gratuite-per-le-famiglie-al-bargello-cappelle-medicee-e-palazzo-davanzati\/","title":{"rendered":"Undici visite guidate gratuite per le famiglie al Bargello, alle Cappelle Medicee e a Palazzo Davanzati"},"content":{"rendered":"<p>Dopo il successo dell&#8217;anno scorso che ha visto undici appuntamenti andati tutti sold out <strong>tornano le visite guidate gratuite per le famiglie<\/strong> organizzate dai <strong>Musei del Bargello<\/strong> con il supporto di <strong>Unicoop Firenze e Firenze Musei.<\/strong><\/p>\n<p>Sono in programma altri<strong> 12 appuntamenti, ogni sabato a partire dal 4 febbraio fino al 29 aprile<\/strong>, al <strong>Bargello<\/strong>, alle <strong>Cappelle Medicee<\/strong> e al <strong>Museo di Palazzo Davanzati.<\/strong> Non saranno effettuabili visite a <a href=\"https:\/\/www.intoscana.it\/it\/articolo\/san-marco-donatello-restauro\/\" target=\"_blank\" rel=\"noopener\"><strong>Orsanmichele<\/strong> <\/a>perch\u00e9 \u00e8 chiuso per lavori.<\/p>\n<p><strong>Il servizio di assistenza didattica \u00e8 gratuito per tutti i partecipanti;<\/strong> per bambini e ragazzi dai cinque anni di et\u00e0 \u00e8 gratuito anche l&#8217;ingresso al museo, mentre <strong>agli adulti \u00e8 richiesto il pagamento del biglietto del museo.<\/strong><\/p>\n<p>Il<strong>\u00a0<a href=\"https:\/\/www.intoscana.it\/it\/articolo\/sedici-rare-cere-barocche-del-marchese-ginori-donate-al-museo-del-bargello-di-firenze\/\" target=\"_blank\" rel=\"noopener\">Bargello <\/a><\/strong>propone\u00a0una visita guidata dal titolo <em><strong>&#8216;La grande scultura rinascimentale da Donatello a Michelangelo&#8217;<\/strong> <\/em>e <em>&#8216;<strong>Favole di pietra.\u00a0Le sculture raccontano i grandi temi della mitologia antica&#8217;.<\/strong><\/em><\/p>\n<p><iframe loading=\"lazy\" title=\"YouTube video player\" src=\"https:\/\/www.youtube.com\/embed\/h1PycGNvAAA\" width=\"800\" height=\"500\" frameborder=\"0\" allowfullscreen=\"allowfullscreen\"><span data-mce-type=\"bookmark\" style=\"display: inline-block; width: 0px; overflow: hidden; line-height: 0;\" class=\"mce_SELRES_start\">\ufeff<\/span><\/iframe><\/p>\n<p>A <a href=\"https:\/\/www.intoscana.it\/it\/articolo\/palazzo-davanzati-riapre-al-pubblico\/\" target=\"_blank\" rel=\"noopener\"><strong>Palazzo Davanzati,<\/strong> <\/a>invece, le famiglie saranno accompagnate in <em><strong>&#8216;Un viaggio nel tempo alla scoperta della casa di un mercante fiorentino del Trecento&#8217;.<\/strong><\/em><\/p>\n<p>Mentre per le<a href=\"https:\/\/www.intoscana.it\/it\/articolo\/cosi-michelangelo-avrebbe-illuminato-le-cappelle-medicee\/\" target=\"_blank\" rel=\"noopener\"><strong> Cappelle Medicee<\/strong> <\/a>si propone la visita &#8216;<em><strong>Dalla terra al cielo. Un percorso alla scoperta dell&#8217;architettura della Cappella dei Principi&#8217;.<\/strong><\/em><\/p>\n<p>Per la <strong>direttrice dei Musei del Bargello, Paola D&#8217;Agostino<\/strong> &#8220;<em>soltanto attraverso la fidelizzazione dei visitatori si pu\u00f2 raggiungere un&#8217;effettiva esperienza di conoscenza dei nostri musei.\u00a0Per tutti noi \u00e8 stata una gioia nei mesi scorsi accogliere le famiglie e seguire l&#8217;entusiasmo di bambini e ragazzi, ma anche degli adulti nello scoprire o riscoprire i tesori del Bargello&#8221;.<\/em><\/p>\n<h3>Per prenotare le visite: <a href=\"https:\/\/www.bargellomusei.beniculturali.it\" target=\"_blank\" rel=\"noopener\"><strong>https:\/\/www.bargellomusei.beniculturali.it<\/strong><\/a><\/h3>\n<figure id=\"post-93850 media-93850\" class=\"align-none\"><img decoding=\"async\" src=\"https:\/\/www.intoscana.it\/wp-content\/uploads\/060909-101346-michelangelos-tomb-of-giuliano-di-lorenzo-de-medici-with-night-and-day-at-sagrestia-nuova-in-cappelle-medicee1-10.jpg\" alt=\"\" \/><\/figure>\n<div class=\"titleimg\"><em>Le Cappelle Medicee<\/em><\/div>\n","protected":false},"excerpt":{"rendered":"<p>Sono in programma altri 12 appuntamenti, ogni sabato a partire dal 4 febbraio fino al 29 aprile, al Bargello, alle Cappelle Medicee e al Museo di Palazzo Davanzati. Non saranno effettuabili visite a Orsanmichele perch\u00e9 \u00e8 chiuso per lavori<\/p>\n","protected":false},"author":525,"featured_media":242054,"comment_status":"open","ping_status":"open","sticky":false,"template":"","format":"standard","meta":{"_acf_changed":false,"footnotes":""},"categories":[493],"tags":[2139,202,226],"class_list":["post-268987","post","type-post","status-publish","format-standard","has-post-thumbnail","hentry","category-cultura","tag-bargello","tag-firenze","tag-musei"],"acf":[],"yoast_head":"<!-- This site is optimized with the Yoast SEO Premium plugin v24.2 (Yoast SEO v25.6) - https:\/\/yoast.com\/wordpress\/plugins\/seo\/ -->\n<title>Undici visite guidate gratuite per le famiglie al Bargello, alle Cappelle Medicee e a Palazzo Davanzati - intoscana<\/title>\n<meta name=\"description\" content=\"Sono in programma altri 12 appuntamenti, ogni sabato dal 4 febbraio fino al 29 aprile, al Bargello, alle Cappelle Medicee e Palazzo Davanzati\" \/>\n<meta name=\"robots\" content=\"index, follow, max-snippet:-1, max-image-preview:large, max-video-preview:-1\" \/>\n<link rel=\"canonical\" href=\"https:\/\/www.intoscana.it\/it\/tornano-le-visite-guidate-gratuite-per-le-famiglie-al-bargello-cappelle-medicee-e-palazzo-davanzati\/\" \/>\n<meta property=\"og:locale\" content=\"it_IT\" \/>\n<meta property=\"og:type\" content=\"article\" \/>\n<meta property=\"og:title\" content=\"Undici visite guidate gratuite per le famiglie al Bargello, alle Cappelle Medicee e a Palazzo Davanzati\" \/>\n<meta property=\"og:description\" content=\"Sono in programma altri 12 appuntamenti, ogni sabato dal 4 febbraio fino al 29 aprile, al Bargello, alle Cappelle Medicee e Palazzo Davanzati\" \/>\n<meta property=\"og:url\" content=\"https:\/\/www.intoscana.it\/it\/tornano-le-visite-guidate-gratuite-per-le-famiglie-al-bargello-cappelle-medicee-e-palazzo-davanzati\/\" \/>\n<meta property=\"og:site_name\" content=\"intoscana\" \/>\n<meta property=\"article:publisher\" content=\"https:\/\/www.facebook.com\/intoscana.it\" \/>\n<meta property=\"article:published_time\" content=\"2023-01-26T08:53:38+00:00\" \/>\n<meta property=\"article:modified_time\" content=\"2023-01-26T09:25:40+00:00\" \/>\n<meta property=\"og:image\" content=\"https:\/\/www.intoscana.it\/wp-content\/uploads\/Museo-Nazionale-del-Bargello_Cortile_ridotta.jpg\" \/>\n\t<meta property=\"og:image:width\" content=\"1500\" \/>\n\t<meta property=\"og:image:height\" content=\"1000\" \/>\n\t<meta property=\"og:image:type\" content=\"image\/jpeg\" \/>\n<meta name=\"author\" content=\"Redazione\" \/>\n<meta name=\"twitter:card\" content=\"summary_large_image\" \/>\n<meta name=\"twitter:creator\" content=\"@intoscana\" \/>\n<meta name=\"twitter:site\" content=\"@intoscana\" \/>\n<meta name=\"twitter:label1\" content=\"Written by\" \/>\n\t<meta name=\"twitter:data1\" content=\"Redazione\" \/>\n\t<meta name=\"twitter:label2\" content=\"Est. reading time\" \/>\n\t<meta name=\"twitter:data2\" content=\"1 minuto\" \/>\n<script type=\"application\/ld+json\" class=\"yoast-schema-graph\">{\"@context\":\"https:\/\/schema.org\",\"@graph\":[{\"@type\":\"WebPage\",\"@id\":\"https:\/\/www.intoscana.it\/it\/tornano-le-visite-guidate-gratuite-per-le-famiglie-al-bargello-cappelle-medicee-e-palazzo-davanzati\/\",\"url\":\"https:\/\/www.intoscana.it\/it\/tornano-le-visite-guidate-gratuite-per-le-famiglie-al-bargello-cappelle-medicee-e-palazzo-davanzati\/\",\"name\":\"Undici visite guidate gratuite per le famiglie al Bargello, alle Cappelle Medicee e a Palazzo Davanzati - intoscana\",\"isPartOf\":{\"@id\":\"https:\/\/www.intoscana.it\/it\/#website\"},\"primaryImageOfPage\":{\"@id\":\"https:\/\/www.intoscana.it\/it\/tornano-le-visite-guidate-gratuite-per-le-famiglie-al-bargello-cappelle-medicee-e-palazzo-davanzati\/#primaryimage\"},\"image\":{\"@id\":\"https:\/\/www.intoscana.it\/it\/tornano-le-visite-guidate-gratuite-per-le-famiglie-al-bargello-cappelle-medicee-e-palazzo-davanzati\/#primaryimage\"},\"thumbnailUrl\":\"https:\/\/www.intoscana.it\/wp-content\/uploads\/Museo-Nazionale-del-Bargello_Cortile_ridotta.jpg\",\"datePublished\":\"2023-01-26T08:53:38+00:00\",\"dateModified\":\"2023-01-26T09:25:40+00:00\",\"author\":{\"@id\":\"https:\/\/www.intoscana.it\/it\/#\/schema\/person\/9223810753230f20bd670fdd322661f8\"},\"description\":\"Sono in programma altri 12 appuntamenti, ogni sabato dal 4 febbraio fino al 29 aprile, al Bargello, alle Cappelle Medicee e Palazzo Davanzati\",\"breadcrumb\":{\"@id\":\"https:\/\/www.intoscana.it\/it\/tornano-le-visite-guidate-gratuite-per-le-famiglie-al-bargello-cappelle-medicee-e-palazzo-davanzati\/#breadcrumb\"},\"inLanguage\":\"it-IT\",\"potentialAction\":[{\"@type\":\"ReadAction\",\"target\":[\"https:\/\/www.intoscana.it\/it\/tornano-le-visite-guidate-gratuite-per-le-famiglie-al-bargello-cappelle-medicee-e-palazzo-davanzati\/\"]}]},{\"@type\":\"ImageObject\",\"inLanguage\":\"it-IT\",\"@id\":\"https:\/\/www.intoscana.it\/it\/tornano-le-visite-guidate-gratuite-per-le-famiglie-al-bargello-cappelle-medicee-e-palazzo-davanzati\/#primaryimage\",\"url\":\"https:\/\/www.intoscana.it\/wp-content\/uploads\/Museo-Nazionale-del-Bargello_Cortile_ridotta.jpg\",\"contentUrl\":\"https:\/\/www.intoscana.it\/wp-content\/uploads\/Museo-Nazionale-del-Bargello_Cortile_ridotta.jpg\",\"width\":1500,\"height\":1000,\"caption\":\"Il cortile del Museo Nazionale del Bargello\"},{\"@type\":\"BreadcrumbList\",\"@id\":\"https:\/\/www.intoscana.it\/it\/tornano-le-visite-guidate-gratuite-per-le-famiglie-al-bargello-cappelle-medicee-e-palazzo-davanzati\/#breadcrumb\",\"itemListElement\":[{\"@type\":\"ListItem\",\"position\":1,\"name\":\"Home\",\"item\":\"https:\/\/www.intoscana.it\/it\/\"},{\"@type\":\"ListItem\",\"position\":2,\"name\":\"Undici visite guidate gratuite per le famiglie al Bargello, alle Cappelle Medicee e a Palazzo Davanzati\"}]},{\"@type\":\"WebSite\",\"@id\":\"https:\/\/www.intoscana.it\/it\/#website\",\"url\":\"https:\/\/www.intoscana.it\/it\/\",\"name\":\"intoscana\",\"description\":\"\",\"potentialAction\":[{\"@type\":\"SearchAction\",\"target\":{\"@type\":\"EntryPoint\",\"urlTemplate\":\"https:\/\/www.intoscana.it\/it\/?s={search_term_string}\"},\"query-input\":{\"@type\":\"PropertyValueSpecification\",\"valueRequired\":true,\"valueName\":\"search_term_string\"}}],\"inLanguage\":\"it-IT\"},{\"@type\":\"Person\",\"@id\":\"https:\/\/www.intoscana.it\/it\/#\/schema\/person\/9223810753230f20bd670fdd322661f8\",\"name\":\"Redazione\",\"url\":\"https:\/\/www.intoscana.it\/it\/author\/redazione\/\"}]}<\/script>\n<!-- \/ Yoast SEO Premium plugin. -->","yoast_head_json":{"title":"Undici visite guidate gratuite per le famiglie al Bargello, alle Cappelle Medicee e a Palazzo Davanzati - intoscana","description":"Sono in programma altri 12 appuntamenti, ogni sabato dal 4 febbraio fino al 29 aprile, al Bargello, alle Cappelle Medicee e Palazzo Davanzati","robots":{"index":"index","follow":"follow","max-snippet":"max-snippet:-1","max-image-preview":"max-image-preview:large","max-video-preview":"max-video-preview:-1"},"canonical":"https:\/\/www.intoscana.it\/it\/tornano-le-visite-guidate-gratuite-per-le-famiglie-al-bargello-cappelle-medicee-e-palazzo-davanzati\/","og_locale":"it_IT","og_type":"article","og_title":"Undici visite guidate gratuite per le famiglie al Bargello, alle Cappelle Medicee e a Palazzo Davanzati","og_description":"Sono in programma altri 12 appuntamenti, ogni sabato dal 4 febbraio fino al 29 aprile, al Bargello, alle Cappelle Medicee e Palazzo Davanzati","og_url":"https:\/\/www.intoscana.it\/it\/tornano-le-visite-guidate-gratuite-per-le-famiglie-al-bargello-cappelle-medicee-e-palazzo-davanzati\/","og_site_name":"intoscana","article_publisher":"https:\/\/www.facebook.com\/intoscana.it","article_published_time":"2023-01-26T08:53:38+00:00","article_modified_time":"2023-01-26T09:25:40+00:00","og_image":[{"width":1500,"height":1000,"url":"https:\/\/www.intoscana.it\/wp-content\/uploads\/Museo-Nazionale-del-Bargello_Cortile_ridotta.jpg","type":"image\/jpeg"}],"author":"Redazione","twitter_card":"summary_large_image","twitter_creator":"@intoscana","twitter_site":"@intoscana","twitter_misc":{"Written by":"Redazione","Est. reading time":"1 minuto"},"schema":{"@context":"https:\/\/schema.org","@graph":[{"@type":"WebPage","@id":"https:\/\/www.intoscana.it\/it\/tornano-le-visite-guidate-gratuite-per-le-famiglie-al-bargello-cappelle-medicee-e-palazzo-davanzati\/","url":"https:\/\/www.intoscana.it\/it\/tornano-le-visite-guidate-gratuite-per-le-famiglie-al-bargello-cappelle-medicee-e-palazzo-davanzati\/","name":"Undici visite guidate gratuite per le famiglie al Bargello, alle Cappelle Medicee e a Palazzo Davanzati - intoscana","isPartOf":{"@id":"https:\/\/www.intoscana.it\/it\/#website"},"primaryImageOfPage":{"@id":"https:\/\/www.intoscana.it\/it\/tornano-le-visite-guidate-gratuite-per-le-famiglie-al-bargello-cappelle-medicee-e-palazzo-davanzati\/#primaryimage"},"image":{"@id":"https:\/\/www.intoscana.it\/it\/tornano-le-visite-guidate-gratuite-per-le-famiglie-al-bargello-cappelle-medicee-e-palazzo-davanzati\/#primaryimage"},"thumbnailUrl":"https:\/\/www.intoscana.it\/wp-content\/uploads\/Museo-Nazionale-del-Bargello_Cortile_ridotta.jpg","datePublished":"2023-01-26T08:53:38+00:00","dateModified":"2023-01-26T09:25:40+00:00","author":{"@id":"https:\/\/www.intoscana.it\/it\/#\/schema\/person\/9223810753230f20bd670fdd322661f8"},"description":"Sono in programma altri 12 appuntamenti, ogni sabato dal 4 febbraio fino al 29 aprile, al Bargello, alle Cappelle Medicee e Palazzo Davanzati","breadcrumb":{"@id":"https:\/\/www.intoscana.it\/it\/tornano-le-visite-guidate-gratuite-per-le-famiglie-al-bargello-cappelle-medicee-e-palazzo-davanzati\/#breadcrumb"},"inLanguage":"it-IT","potentialAction":[{"@type":"ReadAction","target":["https:\/\/www.intoscana.it\/it\/tornano-le-visite-guidate-gratuite-per-le-famiglie-al-bargello-cappelle-medicee-e-palazzo-davanzati\/"]}]},{"@type":"ImageObject","inLanguage":"it-IT","@id":"https:\/\/www.intoscana.it\/it\/tornano-le-visite-guidate-gratuite-per-le-famiglie-al-bargello-cappelle-medicee-e-palazzo-davanzati\/#primaryimage","url":"https:\/\/www.intoscana.it\/wp-content\/uploads\/Museo-Nazionale-del-Bargello_Cortile_ridotta.jpg","contentUrl":"https:\/\/www.intoscana.it\/wp-content\/uploads\/Museo-Nazionale-del-Bargello_Cortile_ridotta.jpg","width":1500,"height":1000,"caption":"Il cortile del Museo Nazionale del Bargello"},{"@type":"BreadcrumbList","@id":"https:\/\/www.intoscana.it\/it\/tornano-le-visite-guidate-gratuite-per-le-famiglie-al-bargello-cappelle-medicee-e-palazzo-davanzati\/#breadcrumb","itemListElement":[{"@type":"ListItem","position":1,"name":"Home","item":"https:\/\/www.intoscana.it\/it\/"},{"@type":"ListItem","position":2,"name":"Undici visite guidate gratuite per le famiglie al Bargello, alle Cappelle Medicee e a Palazzo Davanzati"}]},{"@type":"WebSite","@id":"https:\/\/www.intoscana.it\/it\/#website","url":"https:\/\/www.intoscana.it\/it\/","name":"intoscana","description":"","potentialAction":[{"@type":"SearchAction","target":{"@type":"EntryPoint","urlTemplate":"https:\/\/www.intoscana.it\/it\/?s={search_term_string}"},"query-input":{"@type":"PropertyValueSpecification","valueRequired":true,"valueName":"search_term_string"}}],"inLanguage":"it-IT"},{"@type":"Person","@id":"https:\/\/www.intoscana.it\/it\/#\/schema\/person\/9223810753230f20bd670fdd322661f8","name":"Redazione","url":"https:\/\/www.intoscana.it\/it\/author\/redazione\/"}]}},"_links":{"self":[{"href":"https:\/\/www.intoscana.it\/it\/wp-json\/wp\/v2\/posts\/268987","targetHints":{"allow":["GET"]}}],"collection":[{"href":"https:\/\/www.intoscana.it\/it\/wp-json\/wp\/v2\/posts"}],"about":[{"href":"https:\/\/www.intoscana.it\/it\/wp-json\/wp\/v2\/types\/post"}],"author":[{"embeddable":true,"href":"https:\/\/www.intoscana.it\/it\/wp-json\/wp\/v2\/users\/525"}],"replies":[{"embeddable":true,"href":"https:\/\/www.intoscana.it\/it\/wp-json\/wp\/v2\/comments?post=268987"}],"version-history":[{"count":0,"href":"https:\/\/www.intoscana.it\/it\/wp-json\/wp\/v2\/posts\/268987\/revisions"}],"wp:featuredmedia":[{"embeddable":true,"href":"https:\/\/www.intoscana.it\/it\/wp-json\/wp\/v2\/media\/242054"}],"wp:attachment":[{"href":"https:\/\/www.intoscana.it\/it\/wp-json\/wp\/v2\/media?parent=268987"}],"wp:term":[{"taxonomy":"category","embeddable":true,"href":"https:\/\/www.intoscana.it\/it\/wp-json\/wp\/v2\/categories?post=268987"},{"taxonomy":"post_tag","embeddable":true,"href":"https:\/\/www.intoscana.it\/it\/wp-json\/wp\/v2\/tags?post=268987"}],"curies":[{"name":"wp","href":"https:\/\/api.w.org\/{rel}","templated":true}]}}