{"id":269039,"date":"2023-01-26T15:09:19","date_gmt":"2023-01-26T14:09:19","guid":{"rendered":"https:\/\/www.intoscana.it\/it\/?p=269039"},"modified":"2023-01-26T15:09:19","modified_gmt":"2023-01-26T14:09:19","slug":"paolo-mereghetti-al-taglio-del-nastro-del-cinema-astra","status":"publish","type":"post","link":"https:\/\/www.intoscana.it\/it\/paolo-mereghetti-al-taglio-del-nastro-del-cinema-astra\/","title":{"rendered":"Firenze, Paolo Mereghetti al taglio del nastro del cinema &#8220;Astra&#8221;"},"content":{"rendered":"<p>E&#8217; <strong>Paolo Mereghett<\/strong>i, critico cinematografico, scrittore, storica firma del Corriere della Sera, l&#8217;ospite d&#8217;onore a Firenze, invitato per inaugurare, insieme al sindaco Dario Nardella, il nuovo <strong>cinema Astra<\/strong>. Dopo la lunga chiusura, durata ben nove anni, la sala \u00e8 stata acquistata dalla Banca di Cambiano, mentre la gestione e la programmazione \u00e8 affidata a <strong>Prg e a Fondazione Stensen. <\/strong>Il progetto, diretto da Michele Crocchiola, \u00e8 molto ambizioso: proporre cinema sette giorni su sette, con cinema d&#8217;autore, anteprime, incontri di cinema, insieme ad altri eventi culturali, resi possibile dalla versatilit\u00e0 della sala, dotata di circa cento sedie &#8220;a scomparsa&#8221;.<\/p>\n<p>La cerimonia con il taglio del nastro, <strong>gioved\u00ec 26 gennaio, ore 16.00<\/strong>; a seguire, alle 18.30, il noto giornalista dialoga con <strong>Alessandro Stellino<\/strong> (direttore del <a href=\"http:\/\/www.festivaldeipopoli.org\"><strong>Festival dei Popoli<\/strong><\/a>), per presentare al pubblico la nuova edizione del trentennale del suo celebre <em><strong>Dizionario dei film<\/strong><\/em>.<\/p>\n<p>La pubblicazione \u00e8 dedicata ai critici cinematografici toscani <strong>Claudio Carabba<\/strong> e <strong>Vieri Razzini,<\/strong> entrambi scomparsi in anni recenti, molto legati a Firenze e grandi divulgatori della cultura cinematografica. Alle 21.00, sar\u00e0 sempre Paolo Mereghetti ad introdurre in sala il film <em><strong>La signora di Shanghai<\/strong><\/em>, capolavoro di Orson Welles, che sar\u00e0 proiettato in una versione restaurata e in lingua originale con sottotitoli in italiano.<\/p>\n<p>Ad essere proposta al pubblico, in onore all&#8217;apertura dell&#8217;Astra, sar\u00e0 anche una mostra fotografica: il collettivo Riverboom, composto tra gli altri dai tre fotografi fiorentini <strong>Edoardo Delille, Gabriele Galimberti<\/strong> e <strong>Paolo Woods,<\/strong> ha realizzato una selezione di scatti d&#8217;archivio, montandoli in un video reel che immerge il visitatore in uno spazio inedito, suggestivo e onirico, per l&#8217;occasione privo di poltrone. La mostra si intitola <strong>Riverboom-Greatest Hits: Photography vs Cinema<\/strong> inaugura venerd\u00ec 27 gennaio alle ore 18.00, alla presenza di Edoardo Delille, e sar\u00e0 visitabile all\u2019Astra fino al 5 marzo.<\/p>\n<p>Il programma del 28 gennaio vede sul grande schermo il nuovo film del regista e documentarista Andrea Segre, <em><strong>Trieste \u00e8 bella di notte<\/strong><\/em>, racconto toccante del respingimenti dei migranti al confine tra Italia e Slovenia, che segue le vicende di alcuni profughi asiatici che hanno percorso la cosiddetta rotta balcanica e che, proprio alle porte del nostro paese, rischiano di essere fermati e rispediti indietro fino in Bosnia.<\/p>\n<p>Per chi ama il film mainstream, potr\u00e0 vedere per la prima volta al cinema il film pi\u00f9 visto di sempre su Netflix: <em><strong>Il mio nome \u00e8 Vendetta<\/strong><\/em>, diretto dal regista fiorentino <strong>Cosimo Gomez<\/strong>, con protagonisti <strong>Alessandro Gassman<\/strong> e <strong>Remo Girone. <\/strong>Al centro del film, la storia di un ex sicario della mafia che in seguito all&#8217;uccisione di sua moglie e del cognato, si rifugia a Milano con la figlia per pianificare la vendetta, un piatto che va servito freddo. Sabato 28 gennaio, alle 21.00, Il mio nome \u00e8 vendetta verr\u00e0 presentato alla presenza del regista Cosimo Gomez e del co-sceneggiatore e scrittore Sandrone Dazieri.<\/p>\n<p>E poi, dal thriller crime alla commedia: il <em><strong>Terzo segreto di Satira<\/strong><\/em> presenta il nuovo progetto <em><strong>Domino 23 &#8211; Gli ultimi non saranno i primi<\/strong><\/em>, un racconto in chiave sarcastica dei temi di attualit\u00e0, con una immancabile strampalata previsione su quello che sar\u00e0 il 2023.\u00a0 Il collettivo milanese mette sul piatto temi forti, come la sostenibilit\u00e0 ambientale, il politicamente corretto, il mondo del lavoro e la novit\u00e0 del nuovo governo orientato a destra, facendo della satira la sua carta vincente. Due le proiezioni all&#8217;<strong>Astra<\/strong>: domenica 29 gennaio, in prima assoluta, dopo la presentazione a Milano del giorno prima, in prima battuta alle 16.00 e in replica alle 18.30, entrambe seguite da un talk con il collettivo di autori.<\/p>\n<p>Tra i primi film annunciati in programmazione all&#8217;Astra ci sono, <em><strong>Triangle of Sadness<\/strong> <\/em>di Ruben \u00d6stlund, film vincitore della Palma d&#8217;oro a Cannes 2022; <em><strong>La Ligne,<\/strong><\/em> di Ursula Meier, insignita del Premio FICE del Cinema Europeo 2022, con protagonista Valeria Bruni Tedeschi; <em>Godland<\/em> di Hlynur Palmason, presentato al 75\u00b0 Festival di Cannes e designato Film della Critica dal SNCCI.<\/p>\n<p><iframe loading=\"lazy\" title=\"YouTube video player\" src=\"https:\/\/www.youtube.com\/embed\/YTxRQziNuAg\" width=\"860\" height=\"615\" frameborder=\"0\" allowfullscreen=\"allowfullscreen\"><span style=\"display: inline-block; width: 0px; overflow: hidden; line-height: 0;\" data-mce-type=\"bookmark\" class=\"mce_SELRES_start\">\ufeff<\/span><\/iframe><\/p>\n","protected":false},"excerpt":{"rendered":"<p>Il noto critico cinematografico del Corriere della Sera, ospite il 26 gennaio a Firenze, in occasione della giornata d&#8217;apertura del nuovo cinema, insieme al Sindaco Dario Nardella. I festeggiamenti per il nuovo &#8220;Astra&#8221; andranno avanti fino al 29 gennaio: una vera festa cittadina all&#8217;insegna del cinema.<\/p>\n","protected":false},"author":492,"featured_media":269041,"comment_status":"open","ping_status":"open","sticky":false,"template":"","format":"standard","meta":{"_acf_changed":false,"footnotes":""},"categories":[493],"tags":[188,157],"class_list":["post-269039","post","type-post","status-publish","format-standard","has-post-thumbnail","hentry","category-cultura","tag-cinema","tag-dario-nardella"],"acf":[],"yoast_head":"<!-- This site is optimized with the Yoast SEO Premium plugin v24.2 (Yoast SEO v25.6) - https:\/\/yoast.com\/wordpress\/plugins\/seo\/ -->\n<title>Paolo Mereghetti al taglio del nastro del cinema Astra - Intoscana.it<\/title>\n<meta name=\"description\" content=\"Il 26 gennaio, il critico Paolo Mereghetti, ospite a Firenze al taglio del nastro cinema Astra, insieme al sindaco Dario Nardella\" \/>\n<meta name=\"robots\" content=\"index, follow, max-snippet:-1, max-image-preview:large, max-video-preview:-1\" \/>\n<link rel=\"canonical\" href=\"https:\/\/www.intoscana.it\/it\/paolo-mereghetti-al-taglio-del-nastro-del-cinema-astra\/\" \/>\n<meta property=\"og:locale\" content=\"it_IT\" \/>\n<meta property=\"og:type\" content=\"article\" \/>\n<meta property=\"og:title\" content=\"Firenze, Paolo Mereghetti al taglio del nastro del cinema &quot;Astra&quot;\" \/>\n<meta property=\"og:description\" content=\"Il 26 gennaio, il critico Paolo Mereghetti, ospite a Firenze al taglio del nastro cinema Astra, insieme al sindaco Dario Nardella\" \/>\n<meta property=\"og:url\" content=\"https:\/\/www.intoscana.it\/it\/paolo-mereghetti-al-taglio-del-nastro-del-cinema-astra\/\" \/>\n<meta property=\"og:site_name\" content=\"intoscana\" \/>\n<meta property=\"article:publisher\" content=\"https:\/\/www.facebook.com\/intoscana.it\" \/>\n<meta property=\"article:published_time\" content=\"2023-01-26T14:09:19+00:00\" \/>\n<meta property=\"og:image\" content=\"https:\/\/www.intoscana.it\/wp-content\/uploads\/CinemaAstra@AndreaStorni-e1674246358474-1024x604-1.jpg\" \/>\n\t<meta property=\"og:image:width\" content=\"1024\" \/>\n\t<meta property=\"og:image:height\" content=\"604\" \/>\n\t<meta property=\"og:image:type\" content=\"image\/jpeg\" \/>\n<meta name=\"author\" content=\"Elisabetta Vagaggini\" \/>\n<meta name=\"twitter:card\" content=\"summary_large_image\" \/>\n<meta name=\"twitter:creator\" content=\"@intoscana\" \/>\n<meta name=\"twitter:site\" content=\"@intoscana\" \/>\n<meta name=\"twitter:label1\" content=\"Written by\" \/>\n\t<meta name=\"twitter:data1\" content=\"Elisabetta Vagaggini\" \/>\n\t<meta name=\"twitter:label2\" content=\"Est. reading time\" \/>\n\t<meta name=\"twitter:data2\" content=\"3 minuti\" \/>\n<script type=\"application\/ld+json\" class=\"yoast-schema-graph\">{\"@context\":\"https:\/\/schema.org\",\"@graph\":[{\"@type\":\"WebPage\",\"@id\":\"https:\/\/www.intoscana.it\/it\/paolo-mereghetti-al-taglio-del-nastro-del-cinema-astra\/\",\"url\":\"https:\/\/www.intoscana.it\/it\/paolo-mereghetti-al-taglio-del-nastro-del-cinema-astra\/\",\"name\":\"Paolo Mereghetti al taglio del nastro del cinema Astra - Intoscana.it\",\"isPartOf\":{\"@id\":\"https:\/\/www.intoscana.it\/it\/#website\"},\"primaryImageOfPage\":{\"@id\":\"https:\/\/www.intoscana.it\/it\/paolo-mereghetti-al-taglio-del-nastro-del-cinema-astra\/#primaryimage\"},\"image\":{\"@id\":\"https:\/\/www.intoscana.it\/it\/paolo-mereghetti-al-taglio-del-nastro-del-cinema-astra\/#primaryimage\"},\"thumbnailUrl\":\"https:\/\/www.intoscana.it\/wp-content\/uploads\/CinemaAstra@AndreaStorni-e1674246358474-1024x604-1.jpg\",\"datePublished\":\"2023-01-26T14:09:19+00:00\",\"author\":{\"@id\":\"https:\/\/www.intoscana.it\/it\/#\/schema\/person\/20956e1a83baf96027b69e776f754e43\"},\"description\":\"Il 26 gennaio, il critico Paolo Mereghetti, ospite a Firenze al taglio del nastro cinema Astra, insieme al sindaco Dario Nardella\",\"breadcrumb\":{\"@id\":\"https:\/\/www.intoscana.it\/it\/paolo-mereghetti-al-taglio-del-nastro-del-cinema-astra\/#breadcrumb\"},\"inLanguage\":\"it-IT\",\"potentialAction\":[{\"@type\":\"ReadAction\",\"target\":[\"https:\/\/www.intoscana.it\/it\/paolo-mereghetti-al-taglio-del-nastro-del-cinema-astra\/\"]}]},{\"@type\":\"ImageObject\",\"inLanguage\":\"it-IT\",\"@id\":\"https:\/\/www.intoscana.it\/it\/paolo-mereghetti-al-taglio-del-nastro-del-cinema-astra\/#primaryimage\",\"url\":\"https:\/\/www.intoscana.it\/wp-content\/uploads\/CinemaAstra@AndreaStorni-e1674246358474-1024x604-1.jpg\",\"contentUrl\":\"https:\/\/www.intoscana.it\/wp-content\/uploads\/CinemaAstra@AndreaStorni-e1674246358474-1024x604-1.jpg\",\"width\":1024,\"height\":604,\"caption\":\"Cinema \\\"Astra\\\" Firenze\"},{\"@type\":\"BreadcrumbList\",\"@id\":\"https:\/\/www.intoscana.it\/it\/paolo-mereghetti-al-taglio-del-nastro-del-cinema-astra\/#breadcrumb\",\"itemListElement\":[{\"@type\":\"ListItem\",\"position\":1,\"name\":\"Home\",\"item\":\"https:\/\/www.intoscana.it\/it\/\"},{\"@type\":\"ListItem\",\"position\":2,\"name\":\"Firenze, Paolo Mereghetti al taglio del nastro del cinema &#8220;Astra&#8221;\"}]},{\"@type\":\"WebSite\",\"@id\":\"https:\/\/www.intoscana.it\/it\/#website\",\"url\":\"https:\/\/www.intoscana.it\/it\/\",\"name\":\"intoscana\",\"description\":\"\",\"potentialAction\":[{\"@type\":\"SearchAction\",\"target\":{\"@type\":\"EntryPoint\",\"urlTemplate\":\"https:\/\/www.intoscana.it\/it\/?s={search_term_string}\"},\"query-input\":{\"@type\":\"PropertyValueSpecification\",\"valueRequired\":true,\"valueName\":\"search_term_string\"}}],\"inLanguage\":\"it-IT\"},{\"@type\":\"Person\",\"@id\":\"https:\/\/www.intoscana.it\/it\/#\/schema\/person\/20956e1a83baf96027b69e776f754e43\",\"name\":\"Elisabetta Vagaggini\",\"url\":\"https:\/\/www.intoscana.it\/it\/author\/elisabetta-vagaggini\/\"}]}<\/script>\n<!-- \/ Yoast SEO Premium plugin. -->","yoast_head_json":{"title":"Paolo Mereghetti al taglio del nastro del cinema Astra - Intoscana.it","description":"Il 26 gennaio, il critico Paolo Mereghetti, ospite a Firenze al taglio del nastro cinema Astra, insieme al sindaco Dario Nardella","robots":{"index":"index","follow":"follow","max-snippet":"max-snippet:-1","max-image-preview":"max-image-preview:large","max-video-preview":"max-video-preview:-1"},"canonical":"https:\/\/www.intoscana.it\/it\/paolo-mereghetti-al-taglio-del-nastro-del-cinema-astra\/","og_locale":"it_IT","og_type":"article","og_title":"Firenze, Paolo Mereghetti al taglio del nastro del cinema \"Astra\"","og_description":"Il 26 gennaio, il critico Paolo Mereghetti, ospite a Firenze al taglio del nastro cinema Astra, insieme al sindaco Dario Nardella","og_url":"https:\/\/www.intoscana.it\/it\/paolo-mereghetti-al-taglio-del-nastro-del-cinema-astra\/","og_site_name":"intoscana","article_publisher":"https:\/\/www.facebook.com\/intoscana.it","article_published_time":"2023-01-26T14:09:19+00:00","og_image":[{"width":1024,"height":604,"url":"https:\/\/www.intoscana.it\/wp-content\/uploads\/CinemaAstra@AndreaStorni-e1674246358474-1024x604-1.jpg","type":"image\/jpeg"}],"author":"Elisabetta Vagaggini","twitter_card":"summary_large_image","twitter_creator":"@intoscana","twitter_site":"@intoscana","twitter_misc":{"Written by":"Elisabetta Vagaggini","Est. reading time":"3 minuti"},"schema":{"@context":"https:\/\/schema.org","@graph":[{"@type":"WebPage","@id":"https:\/\/www.intoscana.it\/it\/paolo-mereghetti-al-taglio-del-nastro-del-cinema-astra\/","url":"https:\/\/www.intoscana.it\/it\/paolo-mereghetti-al-taglio-del-nastro-del-cinema-astra\/","name":"Paolo Mereghetti al taglio del nastro del cinema Astra - Intoscana.it","isPartOf":{"@id":"https:\/\/www.intoscana.it\/it\/#website"},"primaryImageOfPage":{"@id":"https:\/\/www.intoscana.it\/it\/paolo-mereghetti-al-taglio-del-nastro-del-cinema-astra\/#primaryimage"},"image":{"@id":"https:\/\/www.intoscana.it\/it\/paolo-mereghetti-al-taglio-del-nastro-del-cinema-astra\/#primaryimage"},"thumbnailUrl":"https:\/\/www.intoscana.it\/wp-content\/uploads\/CinemaAstra@AndreaStorni-e1674246358474-1024x604-1.jpg","datePublished":"2023-01-26T14:09:19+00:00","author":{"@id":"https:\/\/www.intoscana.it\/it\/#\/schema\/person\/20956e1a83baf96027b69e776f754e43"},"description":"Il 26 gennaio, il critico Paolo Mereghetti, ospite a Firenze al taglio del nastro cinema Astra, insieme al sindaco Dario Nardella","breadcrumb":{"@id":"https:\/\/www.intoscana.it\/it\/paolo-mereghetti-al-taglio-del-nastro-del-cinema-astra\/#breadcrumb"},"inLanguage":"it-IT","potentialAction":[{"@type":"ReadAction","target":["https:\/\/www.intoscana.it\/it\/paolo-mereghetti-al-taglio-del-nastro-del-cinema-astra\/"]}]},{"@type":"ImageObject","inLanguage":"it-IT","@id":"https:\/\/www.intoscana.it\/it\/paolo-mereghetti-al-taglio-del-nastro-del-cinema-astra\/#primaryimage","url":"https:\/\/www.intoscana.it\/wp-content\/uploads\/CinemaAstra@AndreaStorni-e1674246358474-1024x604-1.jpg","contentUrl":"https:\/\/www.intoscana.it\/wp-content\/uploads\/CinemaAstra@AndreaStorni-e1674246358474-1024x604-1.jpg","width":1024,"height":604,"caption":"Cinema \"Astra\" Firenze"},{"@type":"BreadcrumbList","@id":"https:\/\/www.intoscana.it\/it\/paolo-mereghetti-al-taglio-del-nastro-del-cinema-astra\/#breadcrumb","itemListElement":[{"@type":"ListItem","position":1,"name":"Home","item":"https:\/\/www.intoscana.it\/it\/"},{"@type":"ListItem","position":2,"name":"Firenze, Paolo Mereghetti al taglio del nastro del cinema &#8220;Astra&#8221;"}]},{"@type":"WebSite","@id":"https:\/\/www.intoscana.it\/it\/#website","url":"https:\/\/www.intoscana.it\/it\/","name":"intoscana","description":"","potentialAction":[{"@type":"SearchAction","target":{"@type":"EntryPoint","urlTemplate":"https:\/\/www.intoscana.it\/it\/?s={search_term_string}"},"query-input":{"@type":"PropertyValueSpecification","valueRequired":true,"valueName":"search_term_string"}}],"inLanguage":"it-IT"},{"@type":"Person","@id":"https:\/\/www.intoscana.it\/it\/#\/schema\/person\/20956e1a83baf96027b69e776f754e43","name":"Elisabetta Vagaggini","url":"https:\/\/www.intoscana.it\/it\/author\/elisabetta-vagaggini\/"}]}},"_links":{"self":[{"href":"https:\/\/www.intoscana.it\/it\/wp-json\/wp\/v2\/posts\/269039","targetHints":{"allow":["GET"]}}],"collection":[{"href":"https:\/\/www.intoscana.it\/it\/wp-json\/wp\/v2\/posts"}],"about":[{"href":"https:\/\/www.intoscana.it\/it\/wp-json\/wp\/v2\/types\/post"}],"author":[{"embeddable":true,"href":"https:\/\/www.intoscana.it\/it\/wp-json\/wp\/v2\/users\/492"}],"replies":[{"embeddable":true,"href":"https:\/\/www.intoscana.it\/it\/wp-json\/wp\/v2\/comments?post=269039"}],"version-history":[{"count":0,"href":"https:\/\/www.intoscana.it\/it\/wp-json\/wp\/v2\/posts\/269039\/revisions"}],"wp:featuredmedia":[{"embeddable":true,"href":"https:\/\/www.intoscana.it\/it\/wp-json\/wp\/v2\/media\/269041"}],"wp:attachment":[{"href":"https:\/\/www.intoscana.it\/it\/wp-json\/wp\/v2\/media?parent=269039"}],"wp:term":[{"taxonomy":"category","embeddable":true,"href":"https:\/\/www.intoscana.it\/it\/wp-json\/wp\/v2\/categories?post=269039"},{"taxonomy":"post_tag","embeddable":true,"href":"https:\/\/www.intoscana.it\/it\/wp-json\/wp\/v2\/tags?post=269039"}],"curies":[{"name":"wp","href":"https:\/\/api.w.org\/{rel}","templated":true}]}}