{"id":269056,"date":"2023-01-26T16:47:05","date_gmt":"2023-01-26T15:47:05","guid":{"rendered":"https:\/\/www.intoscana.it\/it\/?p=269056"},"modified":"2023-01-26T17:52:53","modified_gmt":"2023-01-26T16:52:53","slug":"lavori-spediti-a-piombino-rigassificatore-in-funzione-entro-maggio","status":"publish","type":"post","link":"https:\/\/www.intoscana.it\/it\/lavori-spediti-a-piombino-rigassificatore-in-funzione-entro-maggio\/","title":{"rendered":"Lavori spediti a Piombino, rigassificatore in funzione entro maggio"},"content":{"rendered":"<div class=\"rt-page__content rt-page-content--left\">\n<div class=\"rt-page__content-text\">\n<p>Procedono i lavori al <strong>cantiere Snam<\/strong> di Piombino, dove si lavora per l\u2019arrivo della <strong>nave rigassificatrice<\/strong> Golar Tundra. Obiettivo <mark>l&#8217;entrata in funzione dell&#8217;impianto per maggio<\/mark>. Il 40% degli interventi \u00e8 gi\u00e0 concluso.<\/p>\n<p>La <strong>nave rigassificatrice<\/strong> rimarr\u00e0 nel porto della citt\u00e0 <strong>per tre anni<\/strong>. Sar\u00e0 collegata, con una tubatura di 8,800 km, alla dorsale tirrenica del gasdotto che attraversa la penisola.<\/p>\n<h3>Il sopralluogo del presidente Giani<\/h3>\n<p>\u201c<em>Tutto sta procedendo al meglio&#8221;<\/em> ha commentato il presidente della Regione <strong>Eugenio Giani<\/strong>, che prima ha <strong>visitato il cantiere<\/strong> nella palude attorno al parco eolico. Qui la condotta arriver\u00e0 dal porto, passando sotto ad un braccio di mare di un 1,200 km, si allungher\u00e0 lungo il litorale per poi deviare ad angolo retto verso l\u2019interno.<\/p>\n<figure id=\"post-269059 media-269059\" class=\"align-none\"><img decoding=\"async\" src=\"https:\/\/www.intoscana.it\/wp-content\/uploads\/Il-presidente-Giani-durante-la-visita-al-cantiere-del-rigassificatore.jpeg\" alt=\"\" \/><\/figure>\n<div class=\"titleimg\">Il presidente Giani durante la visita al cantiere del rigassificatore<\/div>\n<p>Il presidente ha poi compiuto <mark>un sopralluogo al cantiere sulla banchina est della darsena nord al porto<\/mark>, dove la nave, lungo poco pi\u00f9 di 300 metri, ormegger\u00e0 e dove<strong> il gas liquido<\/strong> a 172 gradi sotto zero <strong>torner\u00e0 gassoso<\/strong> e a temperatura ambiente.<\/p>\n<h3>I dati tecnici del cantiere<\/h3>\n<p>I lavori al porto procedono spediti. Si allestiscono <strong>le fondazioni della torre<\/strong> alta 25 metri, circa la met\u00e0 dell\u2019altezza della nave: dovr\u00e0 sorreggere le manichette. Si prepara <mark>la strada per il passaggio della tubatura e le opere necessarie al sistema antincendio e di gestione dell\u2019impianto<\/mark>.<\/p>\n<figure id=\"post-269090 media-269090\" class=\"align-none\"><img decoding=\"async\" src=\"https:\/\/www.intoscana.it\/wp-content\/uploads\/PLR_0965-scaled.jpg\" alt=\"\" \/><\/figure>\n<div class=\"titleimg\">Il presidente Giani durante la visita al cantiere del rigassificatore \u2013 \u00a9 Paolo Lo Debole<\/div>\n<p>Cinquecento <strong>segnali e parametri<\/strong> saranno scambiati, una volta operativa, <strong>tra nave e sala di controllo<\/strong>. \u00a0In corso tutte le operazioni per organizzare al meglio <strong>entrata e uscita delle navi gassiere<\/strong> del porto. Si ipotizza che <strong>il passaggio<\/strong> potrebbe avvenire <strong>di notte<\/strong> per evitare di creare intralcio alle altre attivit\u00e0.<\/p>\n<h3>Un&#8217;opera di alta ingegneria<\/h3>\n<p>\u201c<em>I lavori e il posizionamento delle tubature sta avvenendo in assoluta sicurezza, con opere di alta ingegneria<\/em>\u201d ha commentato <strong>Giani<\/strong>: come lo scavo, ad esempio, sotto il braccio di mare, effettuato con una fresa che toglie la terra, 40 metri al di sotto del fondale, e contemporaneamente spinge all\u2019interno la tubatura del diametro di circa 1,20 metri dove passer\u00e0 il gas.<\/p>\n<figure id=\"post-269057 media-269057\" class=\"align-none\"><img decoding=\"async\" src=\"https:\/\/www.intoscana.it\/wp-content\/uploads\/La-visita-del-presidente-Giani-ai-lavori-del-rigassificatore.jpeg\" alt=\"\" \/><\/figure>\n<div class=\"titleimg\">La visita del presidente Giani ai lavori del rigassificatore<\/div>\n<h3>Le ricadute economiche<\/h3>\n<p>Oggi nel cantiere operano <strong>pi\u00f9 di 450 persone<\/strong>, tra appalto e subappalti, con 40 addetti dedicati alla direzione dei lavori. \u00a0Ventuno sono <strong>le ditte subappaltatrici<\/strong> \u2013 tre della provincia di Livorno e sette della Toscana \u2013 e <strong>147 i fornitori<\/strong>, di cui ancora 27 del livornese e 35 toscani. \u00a0Attualmente risiedono sul posto pi\u00f9 di trecento lavoratori in trasferta.<\/p>\n<p>\u201c<em>Quando a maggio la nave rigassificatrice potr\u00e0 entrare in funzione permetter\u00e0 di immettere nella rete nazionale fino a cinque miliardi di metri cubi di gas l\u2019anno<\/em> &#8211; \u00a0ricorda ancora il presidente \u2013 <em>Una boccata di ossigeno per il fabbisogno energetico dell\u2019Italia che ridurr\u00e0 cos\u00ec drasticamente \u00a0la propria dipendenza dalle forniture russe. Dopo un anno arriver\u00e0 anche il rigassificatore di Ravenna. Ma possiamo dire che Piombino e la Toscana in questo momento stanno dando molto all\u2019Italia<\/em>\u201d.<\/p>\n<h3>L&#8217;attenzione alla sicurezza<\/h3>\n<p>\u201c<em>E\u2019 evidente che tutto questo ha un impatto positivo sul sistema economico, l\u2019indotto e l\u2019occupazione: tutta forza lavoro che si riversa su Piombino e la Toscana<\/em>\u201d si sofferma <strong>Giani<\/strong>.\u00a0 II presidente ha chiesto informazioni anche sui numeri e <mark>le azioni messe in campo per la sicurezza: 96 mila ore lavorate, fino ad oggi, senza incidenti e monitoraggi periodici<\/mark> sulla qualit\u00e0 dell\u2019aria, il rumore e le vibrazioni, sulla fauna, la flora e il paesaggio, sull\u2019ambiente marino, le acque e i suoli, in attuazione delle prescrizioni che hanno accompagnato l\u2019autorizzazione all\u2019opera.<\/p>\n<h3>Le compensazioni per il territorio<\/h3>\n<p>Il presidente si \u00e8 soffermato anche sul <strong>capitolo delle compensazioni<\/strong>. \u201c<em>La strada che dovr\u00e0 arrivare al porto<\/em> \u2013 dice &#8211; , <em>la possibilit\u00e0 di operare sulla bonifiche con la strada di cantiere provvisoria, in terra battuta, che \u00e8 stata costruita per il tubo del gas e che potr\u00e0 aiutare ad entrare in zone altrimenti paludose, e poi gli sconti in bolletta e le energie rinnovabili costituiscono un volano di sviluppo che questa attivit\u00e0 porta in termini di lavoro, innovazione e prospettive in una citt\u00e0 che vuole presto veder rilanciato anche il polo siderurgico<\/em>\u201d.<\/p>\n<h3>La banchina riciclata dalla Concordia<\/h3>\n<p>Non manca un particolare curioso: l&#8217;esempio di un riciclo importante. \u201c<em>La banchina dove ormegger\u00e0 \u00a0la nave<\/em> \u2013 conclude Giani &#8211; <em>fu realizzata per smontare la Costa Concordia naufragata all\u2019isola del Giglio (poi smantellata invece a Genova ndr) e per la prima volta dopo sette anni trova finalmente una sua vocazione, che che rende peraltro un servizio fondamentale a tutti gli italiani<\/em>\u201d.<\/p>\n<p>&nbsp;<\/p>\n<\/div>\n<\/div>\n<div class=\"rt-btn-wrapper rt-btn-wrapper--right-align\"><\/div>\n","protected":false},"excerpt":{"rendered":"<p>Il presidente della Regione Giani in visita al cantiere: interventi in sicurezza e opere di compensazione per tutto il territorio<\/p>\n","protected":false},"author":525,"featured_media":269058,"comment_status":"open","ping_status":"open","sticky":false,"template":"","format":"standard","meta":{"_acf_changed":false,"footnotes":""},"categories":[494],"tags":[158,5057,308],"class_list":["post-269056","post","type-post","status-publish","format-standard","has-post-thumbnail","hentry","category-attualita","tag-eugenio-giani","tag-lavori","tag-piombino"],"acf":[],"yoast_head":"<!-- This site is optimized with the Yoast SEO Premium plugin v24.2 (Yoast SEO v25.6) - https:\/\/yoast.com\/wordpress\/plugins\/seo\/ -->\n<title>Lavori spediti a Piombino, rigassificatore in funzione a maggio - intoscana<\/title>\n<meta name=\"description\" content=\"Il presidente della Regione Giani in visita al cantiere: interventi in sicurezza e opere di compensazione per tutto il territorio\" \/>\n<meta name=\"robots\" content=\"index, follow, max-snippet:-1, max-image-preview:large, max-video-preview:-1\" \/>\n<link rel=\"canonical\" href=\"https:\/\/www.intoscana.it\/it\/lavori-spediti-a-piombino-rigassificatore-in-funzione-entro-maggio\/\" \/>\n<meta property=\"og:locale\" content=\"it_IT\" \/>\n<meta property=\"og:type\" content=\"article\" \/>\n<meta property=\"og:title\" content=\"Lavori spediti a Piombino, rigassificatore in funzione entro maggio\" \/>\n<meta property=\"og:description\" content=\"Il presidente della Regione Giani in visita al cantiere: interventi in sicurezza e opere di compensazione per tutto il territorio\" \/>\n<meta property=\"og:url\" content=\"https:\/\/www.intoscana.it\/it\/lavori-spediti-a-piombino-rigassificatore-in-funzione-entro-maggio\/\" \/>\n<meta property=\"og:site_name\" content=\"intoscana\" \/>\n<meta property=\"article:publisher\" content=\"https:\/\/www.facebook.com\/intoscana.it\" \/>\n<meta property=\"article:published_time\" content=\"2023-01-26T15:47:05+00:00\" \/>\n<meta property=\"article:modified_time\" content=\"2023-01-26T16:52:53+00:00\" \/>\n<meta property=\"og:image\" content=\"https:\/\/www.intoscana.it\/wp-content\/uploads\/I-lavori-per-il-rigassificatore.jpeg\" \/>\n\t<meta property=\"og:image:width\" content=\"1000\" \/>\n\t<meta property=\"og:image:height\" content=\"666\" \/>\n\t<meta property=\"og:image:type\" content=\"image\/jpeg\" \/>\n<meta name=\"author\" content=\"Redazione\" \/>\n<meta name=\"twitter:card\" content=\"summary_large_image\" \/>\n<meta name=\"twitter:creator\" content=\"@intoscana\" \/>\n<meta name=\"twitter:site\" content=\"@intoscana\" \/>\n<meta name=\"twitter:label1\" content=\"Written by\" \/>\n\t<meta name=\"twitter:data1\" content=\"Redazione\" \/>\n\t<meta name=\"twitter:label2\" content=\"Est. reading time\" \/>\n\t<meta name=\"twitter:data2\" content=\"4 minuti\" \/>\n<script type=\"application\/ld+json\" class=\"yoast-schema-graph\">{\"@context\":\"https:\/\/schema.org\",\"@graph\":[{\"@type\":\"WebPage\",\"@id\":\"https:\/\/www.intoscana.it\/it\/lavori-spediti-a-piombino-rigassificatore-in-funzione-entro-maggio\/\",\"url\":\"https:\/\/www.intoscana.it\/it\/lavori-spediti-a-piombino-rigassificatore-in-funzione-entro-maggio\/\",\"name\":\"Lavori spediti a Piombino, rigassificatore in funzione a maggio - intoscana\",\"isPartOf\":{\"@id\":\"https:\/\/www.intoscana.it\/it\/#website\"},\"primaryImageOfPage\":{\"@id\":\"https:\/\/www.intoscana.it\/it\/lavori-spediti-a-piombino-rigassificatore-in-funzione-entro-maggio\/#primaryimage\"},\"image\":{\"@id\":\"https:\/\/www.intoscana.it\/it\/lavori-spediti-a-piombino-rigassificatore-in-funzione-entro-maggio\/#primaryimage\"},\"thumbnailUrl\":\"https:\/\/www.intoscana.it\/wp-content\/uploads\/I-lavori-per-il-rigassificatore.jpeg\",\"datePublished\":\"2023-01-26T15:47:05+00:00\",\"dateModified\":\"2023-01-26T16:52:53+00:00\",\"author\":{\"@id\":\"https:\/\/www.intoscana.it\/it\/#\/schema\/person\/9223810753230f20bd670fdd322661f8\"},\"description\":\"Il presidente della Regione Giani in visita al cantiere: interventi in sicurezza e opere di compensazione per tutto il territorio\",\"breadcrumb\":{\"@id\":\"https:\/\/www.intoscana.it\/it\/lavori-spediti-a-piombino-rigassificatore-in-funzione-entro-maggio\/#breadcrumb\"},\"inLanguage\":\"it-IT\",\"potentialAction\":[{\"@type\":\"ReadAction\",\"target\":[\"https:\/\/www.intoscana.it\/it\/lavori-spediti-a-piombino-rigassificatore-in-funzione-entro-maggio\/\"]}]},{\"@type\":\"ImageObject\",\"inLanguage\":\"it-IT\",\"@id\":\"https:\/\/www.intoscana.it\/it\/lavori-spediti-a-piombino-rigassificatore-in-funzione-entro-maggio\/#primaryimage\",\"url\":\"https:\/\/www.intoscana.it\/wp-content\/uploads\/I-lavori-per-il-rigassificatore.jpeg\",\"contentUrl\":\"https:\/\/www.intoscana.it\/wp-content\/uploads\/I-lavori-per-il-rigassificatore.jpeg\",\"width\":1000,\"height\":666,\"caption\":\"I lavori per il rigassificatore a Piombino - \u00a9 Paolo Lo Debole\"},{\"@type\":\"BreadcrumbList\",\"@id\":\"https:\/\/www.intoscana.it\/it\/lavori-spediti-a-piombino-rigassificatore-in-funzione-entro-maggio\/#breadcrumb\",\"itemListElement\":[{\"@type\":\"ListItem\",\"position\":1,\"name\":\"Home\",\"item\":\"https:\/\/www.intoscana.it\/it\/\"},{\"@type\":\"ListItem\",\"position\":2,\"name\":\"Lavori spediti a Piombino, rigassificatore in funzione entro maggio\"}]},{\"@type\":\"WebSite\",\"@id\":\"https:\/\/www.intoscana.it\/it\/#website\",\"url\":\"https:\/\/www.intoscana.it\/it\/\",\"name\":\"intoscana\",\"description\":\"\",\"potentialAction\":[{\"@type\":\"SearchAction\",\"target\":{\"@type\":\"EntryPoint\",\"urlTemplate\":\"https:\/\/www.intoscana.it\/it\/?s={search_term_string}\"},\"query-input\":{\"@type\":\"PropertyValueSpecification\",\"valueRequired\":true,\"valueName\":\"search_term_string\"}}],\"inLanguage\":\"it-IT\"},{\"@type\":\"Person\",\"@id\":\"https:\/\/www.intoscana.it\/it\/#\/schema\/person\/9223810753230f20bd670fdd322661f8\",\"name\":\"Redazione\",\"url\":\"https:\/\/www.intoscana.it\/it\/author\/redazione\/\"}]}<\/script>\n<!-- \/ Yoast SEO Premium plugin. -->","yoast_head_json":{"title":"Lavori spediti a Piombino, rigassificatore in funzione a maggio - intoscana","description":"Il presidente della Regione Giani in visita al cantiere: interventi in sicurezza e opere di compensazione per tutto il territorio","robots":{"index":"index","follow":"follow","max-snippet":"max-snippet:-1","max-image-preview":"max-image-preview:large","max-video-preview":"max-video-preview:-1"},"canonical":"https:\/\/www.intoscana.it\/it\/lavori-spediti-a-piombino-rigassificatore-in-funzione-entro-maggio\/","og_locale":"it_IT","og_type":"article","og_title":"Lavori spediti a Piombino, rigassificatore in funzione entro maggio","og_description":"Il presidente della Regione Giani in visita al cantiere: interventi in sicurezza e opere di compensazione per tutto il territorio","og_url":"https:\/\/www.intoscana.it\/it\/lavori-spediti-a-piombino-rigassificatore-in-funzione-entro-maggio\/","og_site_name":"intoscana","article_publisher":"https:\/\/www.facebook.com\/intoscana.it","article_published_time":"2023-01-26T15:47:05+00:00","article_modified_time":"2023-01-26T16:52:53+00:00","og_image":[{"width":1000,"height":666,"url":"https:\/\/www.intoscana.it\/wp-content\/uploads\/I-lavori-per-il-rigassificatore.jpeg","type":"image\/jpeg"}],"author":"Redazione","twitter_card":"summary_large_image","twitter_creator":"@intoscana","twitter_site":"@intoscana","twitter_misc":{"Written by":"Redazione","Est. reading time":"4 minuti"},"schema":{"@context":"https:\/\/schema.org","@graph":[{"@type":"WebPage","@id":"https:\/\/www.intoscana.it\/it\/lavori-spediti-a-piombino-rigassificatore-in-funzione-entro-maggio\/","url":"https:\/\/www.intoscana.it\/it\/lavori-spediti-a-piombino-rigassificatore-in-funzione-entro-maggio\/","name":"Lavori spediti a Piombino, rigassificatore in funzione a maggio - intoscana","isPartOf":{"@id":"https:\/\/www.intoscana.it\/it\/#website"},"primaryImageOfPage":{"@id":"https:\/\/www.intoscana.it\/it\/lavori-spediti-a-piombino-rigassificatore-in-funzione-entro-maggio\/#primaryimage"},"image":{"@id":"https:\/\/www.intoscana.it\/it\/lavori-spediti-a-piombino-rigassificatore-in-funzione-entro-maggio\/#primaryimage"},"thumbnailUrl":"https:\/\/www.intoscana.it\/wp-content\/uploads\/I-lavori-per-il-rigassificatore.jpeg","datePublished":"2023-01-26T15:47:05+00:00","dateModified":"2023-01-26T16:52:53+00:00","author":{"@id":"https:\/\/www.intoscana.it\/it\/#\/schema\/person\/9223810753230f20bd670fdd322661f8"},"description":"Il presidente della Regione Giani in visita al cantiere: interventi in sicurezza e opere di compensazione per tutto il territorio","breadcrumb":{"@id":"https:\/\/www.intoscana.it\/it\/lavori-spediti-a-piombino-rigassificatore-in-funzione-entro-maggio\/#breadcrumb"},"inLanguage":"it-IT","potentialAction":[{"@type":"ReadAction","target":["https:\/\/www.intoscana.it\/it\/lavori-spediti-a-piombino-rigassificatore-in-funzione-entro-maggio\/"]}]},{"@type":"ImageObject","inLanguage":"it-IT","@id":"https:\/\/www.intoscana.it\/it\/lavori-spediti-a-piombino-rigassificatore-in-funzione-entro-maggio\/#primaryimage","url":"https:\/\/www.intoscana.it\/wp-content\/uploads\/I-lavori-per-il-rigassificatore.jpeg","contentUrl":"https:\/\/www.intoscana.it\/wp-content\/uploads\/I-lavori-per-il-rigassificatore.jpeg","width":1000,"height":666,"caption":"I lavori per il rigassificatore a Piombino - \u00a9 Paolo Lo Debole"},{"@type":"BreadcrumbList","@id":"https:\/\/www.intoscana.it\/it\/lavori-spediti-a-piombino-rigassificatore-in-funzione-entro-maggio\/#breadcrumb","itemListElement":[{"@type":"ListItem","position":1,"name":"Home","item":"https:\/\/www.intoscana.it\/it\/"},{"@type":"ListItem","position":2,"name":"Lavori spediti a Piombino, rigassificatore in funzione entro maggio"}]},{"@type":"WebSite","@id":"https:\/\/www.intoscana.it\/it\/#website","url":"https:\/\/www.intoscana.it\/it\/","name":"intoscana","description":"","potentialAction":[{"@type":"SearchAction","target":{"@type":"EntryPoint","urlTemplate":"https:\/\/www.intoscana.it\/it\/?s={search_term_string}"},"query-input":{"@type":"PropertyValueSpecification","valueRequired":true,"valueName":"search_term_string"}}],"inLanguage":"it-IT"},{"@type":"Person","@id":"https:\/\/www.intoscana.it\/it\/#\/schema\/person\/9223810753230f20bd670fdd322661f8","name":"Redazione","url":"https:\/\/www.intoscana.it\/it\/author\/redazione\/"}]}},"_links":{"self":[{"href":"https:\/\/www.intoscana.it\/it\/wp-json\/wp\/v2\/posts\/269056","targetHints":{"allow":["GET"]}}],"collection":[{"href":"https:\/\/www.intoscana.it\/it\/wp-json\/wp\/v2\/posts"}],"about":[{"href":"https:\/\/www.intoscana.it\/it\/wp-json\/wp\/v2\/types\/post"}],"author":[{"embeddable":true,"href":"https:\/\/www.intoscana.it\/it\/wp-json\/wp\/v2\/users\/525"}],"replies":[{"embeddable":true,"href":"https:\/\/www.intoscana.it\/it\/wp-json\/wp\/v2\/comments?post=269056"}],"version-history":[{"count":0,"href":"https:\/\/www.intoscana.it\/it\/wp-json\/wp\/v2\/posts\/269056\/revisions"}],"wp:featuredmedia":[{"embeddable":true,"href":"https:\/\/www.intoscana.it\/it\/wp-json\/wp\/v2\/media\/269058"}],"wp:attachment":[{"href":"https:\/\/www.intoscana.it\/it\/wp-json\/wp\/v2\/media?parent=269056"}],"wp:term":[{"taxonomy":"category","embeddable":true,"href":"https:\/\/www.intoscana.it\/it\/wp-json\/wp\/v2\/categories?post=269056"},{"taxonomy":"post_tag","embeddable":true,"href":"https:\/\/www.intoscana.it\/it\/wp-json\/wp\/v2\/tags?post=269056"}],"curies":[{"name":"wp","href":"https:\/\/api.w.org\/{rel}","templated":true}]}}