{"id":269080,"date":"2023-01-26T17:50:41","date_gmt":"2023-01-26T16:50:41","guid":{"rendered":"https:\/\/www.intoscana.it\/it\/?p=269080"},"modified":"2023-01-26T17:50:41","modified_gmt":"2023-01-26T16:50:41","slug":"teatro-in-carcere-alla-compagnia-della-fortezza-il-gonfalone-dargento","status":"publish","type":"post","link":"https:\/\/www.intoscana.it\/it\/teatro-in-carcere-alla-compagnia-della-fortezza-il-gonfalone-dargento\/","title":{"rendered":"Teatro in carcere, alla Compagnia della Fortezza il Gonfalone d&#8217;argento"},"content":{"rendered":"<p>La <strong>Compagnia teatrale della Fortezza<\/strong>, attiva dal 1988 dentro il carcere di <strong>Volterra<\/strong>,\u00a0 <mark>sar\u00e0 insignita del Gonfalone d\u2019argento, massima onorificenza del Consiglio regionale.<\/mark> La decisione \u00e8 stata presa sulla scia della presentazione del progetto per il nuovo teatro stabile all\u2019interno del carcere in un padiglione di 450 metri quadrati e con 250 posti.<\/p>\n<p>Il progetto \u00e8 affidato all&#8217;architetto <strong>Mario Cucinella<\/strong>. La struttura sar\u00e0 completamente rimovibile per garantire ai cittadini di avvicinarsi all\u2019esperienza del teatro carcerario anche rimanendo all\u2019esterno della Fortezza.<\/p>\n<p>\u201cOggi siamo qui per il sogno di <strong>Armando Punzo<\/strong> \u2013 ha detto il presidente del Consiglio regionale, <strong>Antonio Mazzeo<\/strong> intervenendo alla presentazione \u2013 che dal 1988 accompagna i detenuti in un percorso che aveva l\u2019obiettivo di far nascere e affermare il teatro in un carcere per ridare senso al teatro e dignit\u00e0 ai detenuti&#8221;.<\/p>\n<p>Il presidente del Consiglio regionale ha ricordato che <mark>\u201cil sogno di Punzo \u00e8 diventato una realt\u00e0 e in 35 anni ha prodotto spettacoli premiati pi\u00f9 volte ed eventi culturali di livello internazionale. In questi giorni a questi riconoscimenti si \u00e8 appena aggiunto il <strong>Leone d\u2019oro alla carriera<\/strong> della Biennale Teatro 2023\u201d.<\/mark> Non solo, in questi 35 anni, \u201c\u00e8 cresciuto nel tempo il rapporto con il territorio e molti detenuti hanno potuto fare formazione professionale ai diversi mestieri del teatro\u201d.<\/p>\n<p>I lavori del nuovo teatro si concluderanno nel 2024. &#8220;Il <strong>carcere<\/strong> &#8211; prosegue Mazzeo &#8211; nell\u2019idea architettonica di Cucinella e teatrale di Punzo prova cos\u00ec ad andare oltre, a diventare allo stesso tempo istituto di cultura, luogo di produzione e laboratorio per la formazione. Questa \u00e8 la dimostrazione che anche un\u2019istituzione come il carcere pu\u00f2 non essere sempre uguale a s\u00e9 stessa, pu\u00f2 non ripetersi all\u2019infinito, pu\u00f2 felicemente tradire la concezione comune e migliorarsi\u201d.<\/p>\n","protected":false},"excerpt":{"rendered":"<p>Massima onorificenza del Consiglio regionale della Toscana alla compagnia di Armando Punzo. Il progetto nella Fortezza \u00e8 affidato all&#8217;architetto Mario Cucinella<\/p>\n","protected":false},"author":525,"featured_media":221945,"comment_status":"open","ping_status":"open","sticky":false,"template":"","format":"standard","meta":{"_acf_changed":false,"footnotes":""},"categories":[493],"tags":[4760,2403,4753,2404],"class_list":["post-269080","post","type-post","status-publish","format-standard","has-post-thumbnail","hentry","category-cultura","tag-antonio-mazzeo","tag-compagnia-della-fortezza","tag-consiglio-regionale-della-toscana","tag-volterra"],"acf":[],"yoast_head":"<!-- This site is optimized with the Yoast SEO Premium plugin v24.2 (Yoast SEO v25.6) - https:\/\/yoast.com\/wordpress\/plugins\/seo\/ -->\n<title>Teatro in carcere, alla Compagnia della Fortezza il Gonfalone d&#039;argento - intoscana<\/title>\n<meta name=\"description\" content=\"Massima onorificenza del Consiglio regionale della Toscana alla compagnia di Armando Punzo. Il progetto nella Fortezza \u00e8 affidato all&#039;architetto Mario Cucinella\" \/>\n<meta name=\"robots\" content=\"index, follow, max-snippet:-1, max-image-preview:large, max-video-preview:-1\" \/>\n<link rel=\"canonical\" href=\"https:\/\/www.intoscana.it\/it\/teatro-in-carcere-alla-compagnia-della-fortezza-il-gonfalone-dargento\/\" \/>\n<meta property=\"og:locale\" content=\"it_IT\" \/>\n<meta property=\"og:type\" content=\"article\" \/>\n<meta property=\"og:title\" content=\"Teatro in carcere, alla Compagnia della Fortezza il Gonfalone d&#039;argento\" \/>\n<meta property=\"og:description\" content=\"Massima onorificenza del Consiglio regionale della Toscana alla compagnia di Armando Punzo. Il progetto nella Fortezza \u00e8 affidato all&#039;architetto Mario Cucinella\" \/>\n<meta property=\"og:url\" content=\"https:\/\/www.intoscana.it\/it\/teatro-in-carcere-alla-compagnia-della-fortezza-il-gonfalone-dargento\/\" \/>\n<meta property=\"og:site_name\" content=\"intoscana\" \/>\n<meta property=\"article:publisher\" content=\"https:\/\/www.facebook.com\/intoscana.it\" \/>\n<meta property=\"article:published_time\" content=\"2023-01-26T16:50:41+00:00\" \/>\n<meta property=\"og:image\" content=\"https:\/\/www.intoscana.it\/wp-content\/uploads\/carcere-volterra-13-scaled.jpg\" \/>\n\t<meta property=\"og:image:width\" content=\"2048\" \/>\n\t<meta property=\"og:image:height\" content=\"1365\" \/>\n\t<meta property=\"og:image:type\" content=\"image\/jpeg\" \/>\n<meta name=\"author\" content=\"Redazione\" \/>\n<meta name=\"twitter:card\" content=\"summary_large_image\" \/>\n<meta name=\"twitter:creator\" content=\"@intoscana\" \/>\n<meta name=\"twitter:site\" content=\"@intoscana\" \/>\n<meta name=\"twitter:label1\" content=\"Written by\" \/>\n\t<meta name=\"twitter:data1\" content=\"Redazione\" \/>\n\t<meta name=\"twitter:label2\" content=\"Est. reading time\" \/>\n\t<meta name=\"twitter:data2\" content=\"1 minuto\" \/>\n<script type=\"application\/ld+json\" class=\"yoast-schema-graph\">{\"@context\":\"https:\/\/schema.org\",\"@graph\":[{\"@type\":\"WebPage\",\"@id\":\"https:\/\/www.intoscana.it\/it\/teatro-in-carcere-alla-compagnia-della-fortezza-il-gonfalone-dargento\/\",\"url\":\"https:\/\/www.intoscana.it\/it\/teatro-in-carcere-alla-compagnia-della-fortezza-il-gonfalone-dargento\/\",\"name\":\"Teatro in carcere, alla Compagnia della Fortezza il Gonfalone d'argento - intoscana\",\"isPartOf\":{\"@id\":\"https:\/\/www.intoscana.it\/it\/#website\"},\"primaryImageOfPage\":{\"@id\":\"https:\/\/www.intoscana.it\/it\/teatro-in-carcere-alla-compagnia-della-fortezza-il-gonfalone-dargento\/#primaryimage\"},\"image\":{\"@id\":\"https:\/\/www.intoscana.it\/it\/teatro-in-carcere-alla-compagnia-della-fortezza-il-gonfalone-dargento\/#primaryimage\"},\"thumbnailUrl\":\"https:\/\/www.intoscana.it\/wp-content\/uploads\/carcere-volterra-13-scaled.jpg\",\"datePublished\":\"2023-01-26T16:50:41+00:00\",\"author\":{\"@id\":\"https:\/\/www.intoscana.it\/it\/#\/schema\/person\/9223810753230f20bd670fdd322661f8\"},\"description\":\"Massima onorificenza del Consiglio regionale della Toscana alla compagnia di Armando Punzo. Il progetto nella Fortezza \u00e8 affidato all'architetto Mario Cucinella\",\"breadcrumb\":{\"@id\":\"https:\/\/www.intoscana.it\/it\/teatro-in-carcere-alla-compagnia-della-fortezza-il-gonfalone-dargento\/#breadcrumb\"},\"inLanguage\":\"it-IT\",\"potentialAction\":[{\"@type\":\"ReadAction\",\"target\":[\"https:\/\/www.intoscana.it\/it\/teatro-in-carcere-alla-compagnia-della-fortezza-il-gonfalone-dargento\/\"]}]},{\"@type\":\"ImageObject\",\"inLanguage\":\"it-IT\",\"@id\":\"https:\/\/www.intoscana.it\/it\/teatro-in-carcere-alla-compagnia-della-fortezza-il-gonfalone-dargento\/#primaryimage\",\"url\":\"https:\/\/www.intoscana.it\/wp-content\/uploads\/carcere-volterra-13-scaled.jpg\",\"contentUrl\":\"https:\/\/www.intoscana.it\/wp-content\/uploads\/carcere-volterra-13-scaled.jpg\",\"width\":2048,\"height\":1365,\"caption\":\"Le foto dello spettacolo event specific di Vinicio Capossela con Armando Punzo e la Compagnia della Fortezza nel Carcere di Volterra\"},{\"@type\":\"BreadcrumbList\",\"@id\":\"https:\/\/www.intoscana.it\/it\/teatro-in-carcere-alla-compagnia-della-fortezza-il-gonfalone-dargento\/#breadcrumb\",\"itemListElement\":[{\"@type\":\"ListItem\",\"position\":1,\"name\":\"Home\",\"item\":\"https:\/\/www.intoscana.it\/it\/\"},{\"@type\":\"ListItem\",\"position\":2,\"name\":\"Teatro in carcere, alla Compagnia della Fortezza il Gonfalone d&#8217;argento\"}]},{\"@type\":\"WebSite\",\"@id\":\"https:\/\/www.intoscana.it\/it\/#website\",\"url\":\"https:\/\/www.intoscana.it\/it\/\",\"name\":\"intoscana\",\"description\":\"\",\"potentialAction\":[{\"@type\":\"SearchAction\",\"target\":{\"@type\":\"EntryPoint\",\"urlTemplate\":\"https:\/\/www.intoscana.it\/it\/?s={search_term_string}\"},\"query-input\":{\"@type\":\"PropertyValueSpecification\",\"valueRequired\":true,\"valueName\":\"search_term_string\"}}],\"inLanguage\":\"it-IT\"},{\"@type\":\"Person\",\"@id\":\"https:\/\/www.intoscana.it\/it\/#\/schema\/person\/9223810753230f20bd670fdd322661f8\",\"name\":\"Redazione\",\"url\":\"https:\/\/www.intoscana.it\/it\/author\/redazione\/\"}]}<\/script>\n<!-- \/ Yoast SEO Premium plugin. -->","yoast_head_json":{"title":"Teatro in carcere, alla Compagnia della Fortezza il Gonfalone d'argento - intoscana","description":"Massima onorificenza del Consiglio regionale della Toscana alla compagnia di Armando Punzo. Il progetto nella Fortezza \u00e8 affidato all'architetto Mario Cucinella","robots":{"index":"index","follow":"follow","max-snippet":"max-snippet:-1","max-image-preview":"max-image-preview:large","max-video-preview":"max-video-preview:-1"},"canonical":"https:\/\/www.intoscana.it\/it\/teatro-in-carcere-alla-compagnia-della-fortezza-il-gonfalone-dargento\/","og_locale":"it_IT","og_type":"article","og_title":"Teatro in carcere, alla Compagnia della Fortezza il Gonfalone d'argento","og_description":"Massima onorificenza del Consiglio regionale della Toscana alla compagnia di Armando Punzo. Il progetto nella Fortezza \u00e8 affidato all'architetto Mario Cucinella","og_url":"https:\/\/www.intoscana.it\/it\/teatro-in-carcere-alla-compagnia-della-fortezza-il-gonfalone-dargento\/","og_site_name":"intoscana","article_publisher":"https:\/\/www.facebook.com\/intoscana.it","article_published_time":"2023-01-26T16:50:41+00:00","og_image":[{"width":2048,"height":1365,"url":"https:\/\/www.intoscana.it\/wp-content\/uploads\/carcere-volterra-13-scaled.jpg","type":"image\/jpeg"}],"author":"Redazione","twitter_card":"summary_large_image","twitter_creator":"@intoscana","twitter_site":"@intoscana","twitter_misc":{"Written by":"Redazione","Est. reading time":"1 minuto"},"schema":{"@context":"https:\/\/schema.org","@graph":[{"@type":"WebPage","@id":"https:\/\/www.intoscana.it\/it\/teatro-in-carcere-alla-compagnia-della-fortezza-il-gonfalone-dargento\/","url":"https:\/\/www.intoscana.it\/it\/teatro-in-carcere-alla-compagnia-della-fortezza-il-gonfalone-dargento\/","name":"Teatro in carcere, alla Compagnia della Fortezza il Gonfalone d'argento - intoscana","isPartOf":{"@id":"https:\/\/www.intoscana.it\/it\/#website"},"primaryImageOfPage":{"@id":"https:\/\/www.intoscana.it\/it\/teatro-in-carcere-alla-compagnia-della-fortezza-il-gonfalone-dargento\/#primaryimage"},"image":{"@id":"https:\/\/www.intoscana.it\/it\/teatro-in-carcere-alla-compagnia-della-fortezza-il-gonfalone-dargento\/#primaryimage"},"thumbnailUrl":"https:\/\/www.intoscana.it\/wp-content\/uploads\/carcere-volterra-13-scaled.jpg","datePublished":"2023-01-26T16:50:41+00:00","author":{"@id":"https:\/\/www.intoscana.it\/it\/#\/schema\/person\/9223810753230f20bd670fdd322661f8"},"description":"Massima onorificenza del Consiglio regionale della Toscana alla compagnia di Armando Punzo. Il progetto nella Fortezza \u00e8 affidato all'architetto Mario Cucinella","breadcrumb":{"@id":"https:\/\/www.intoscana.it\/it\/teatro-in-carcere-alla-compagnia-della-fortezza-il-gonfalone-dargento\/#breadcrumb"},"inLanguage":"it-IT","potentialAction":[{"@type":"ReadAction","target":["https:\/\/www.intoscana.it\/it\/teatro-in-carcere-alla-compagnia-della-fortezza-il-gonfalone-dargento\/"]}]},{"@type":"ImageObject","inLanguage":"it-IT","@id":"https:\/\/www.intoscana.it\/it\/teatro-in-carcere-alla-compagnia-della-fortezza-il-gonfalone-dargento\/#primaryimage","url":"https:\/\/www.intoscana.it\/wp-content\/uploads\/carcere-volterra-13-scaled.jpg","contentUrl":"https:\/\/www.intoscana.it\/wp-content\/uploads\/carcere-volterra-13-scaled.jpg","width":2048,"height":1365,"caption":"Le foto dello spettacolo event specific di Vinicio Capossela con Armando Punzo e la Compagnia della Fortezza nel Carcere di Volterra"},{"@type":"BreadcrumbList","@id":"https:\/\/www.intoscana.it\/it\/teatro-in-carcere-alla-compagnia-della-fortezza-il-gonfalone-dargento\/#breadcrumb","itemListElement":[{"@type":"ListItem","position":1,"name":"Home","item":"https:\/\/www.intoscana.it\/it\/"},{"@type":"ListItem","position":2,"name":"Teatro in carcere, alla Compagnia della Fortezza il Gonfalone d&#8217;argento"}]},{"@type":"WebSite","@id":"https:\/\/www.intoscana.it\/it\/#website","url":"https:\/\/www.intoscana.it\/it\/","name":"intoscana","description":"","potentialAction":[{"@type":"SearchAction","target":{"@type":"EntryPoint","urlTemplate":"https:\/\/www.intoscana.it\/it\/?s={search_term_string}"},"query-input":{"@type":"PropertyValueSpecification","valueRequired":true,"valueName":"search_term_string"}}],"inLanguage":"it-IT"},{"@type":"Person","@id":"https:\/\/www.intoscana.it\/it\/#\/schema\/person\/9223810753230f20bd670fdd322661f8","name":"Redazione","url":"https:\/\/www.intoscana.it\/it\/author\/redazione\/"}]}},"_links":{"self":[{"href":"https:\/\/www.intoscana.it\/it\/wp-json\/wp\/v2\/posts\/269080","targetHints":{"allow":["GET"]}}],"collection":[{"href":"https:\/\/www.intoscana.it\/it\/wp-json\/wp\/v2\/posts"}],"about":[{"href":"https:\/\/www.intoscana.it\/it\/wp-json\/wp\/v2\/types\/post"}],"author":[{"embeddable":true,"href":"https:\/\/www.intoscana.it\/it\/wp-json\/wp\/v2\/users\/525"}],"replies":[{"embeddable":true,"href":"https:\/\/www.intoscana.it\/it\/wp-json\/wp\/v2\/comments?post=269080"}],"version-history":[{"count":0,"href":"https:\/\/www.intoscana.it\/it\/wp-json\/wp\/v2\/posts\/269080\/revisions"}],"wp:featuredmedia":[{"embeddable":true,"href":"https:\/\/www.intoscana.it\/it\/wp-json\/wp\/v2\/media\/221945"}],"wp:attachment":[{"href":"https:\/\/www.intoscana.it\/it\/wp-json\/wp\/v2\/media?parent=269080"}],"wp:term":[{"taxonomy":"category","embeddable":true,"href":"https:\/\/www.intoscana.it\/it\/wp-json\/wp\/v2\/categories?post=269080"},{"taxonomy":"post_tag","embeddable":true,"href":"https:\/\/www.intoscana.it\/it\/wp-json\/wp\/v2\/tags?post=269080"}],"curies":[{"name":"wp","href":"https:\/\/api.w.org\/{rel}","templated":true}]}}