{"id":269120,"date":"2023-01-27T21:01:02","date_gmt":"2023-01-27T20:01:02","guid":{"rendered":"https:\/\/www.intoscana.it\/it\/?p=269120"},"modified":"2023-01-30T13:00:29","modified_gmt":"2023-01-30T12:00:29","slug":"maturita-2023-le-materie-per-la-seconda-prova-scritta-come-sara-lesame","status":"publish","type":"post","link":"https:\/\/www.intoscana.it\/it\/maturita-2023-le-materie-per-la-seconda-prova-scritta-come-sara-lesame\/","title":{"rendered":"Maturit\u00e0 2023, le materie per la seconda prova scritta: come sar\u00e0 l&#8217;esame"},"content":{"rendered":"<p>Svelate le discipline scelte per la seconda prova scritta della maturit\u00e0 2023. Il ministero dell&#8217;Istruzione <strong>Giuseppe Valditara<\/strong> ha infatti firmato il <a href=\"https:\/\/www.miur.gov.it\/web\/guest\/-\/decreto-ministeriale-n-11-del-25-gennaio-2023\" target=\"_blank\" rel=\"noopener\">decreto<\/a>\u00a0che le definisce in ogni istituto e indirizzo.<\/p>\n<p>Latino al liceo classico, matematica al liceo scientifico, economia aziendale per gli istituti tecnici del settore economico indirizzo \u201cAmministrazione, Finanza e Marketing\u201d, progettazione, costruzioni e impianti per l\u2019indirizzo \u201cCostruzioni, Ambiente e Territorio\u201d, sono queste alcune delle discipline scelte.<\/p>\n<h3><em>Come sar\u00e0 l&#8217;esame di stato: il via il 21 giugno<\/em><\/h3>\n<p>Dopo tre anni segnati dalla pandemia e dalle restrizione, <mark>l&#8217;esame di stato 2023 torna alle vecchie modalit\u00e0:<\/mark><\/p>\n<ul>\n<li>una <strong>prima prova scritta<\/strong> di italiano, comune a tutti gli indirizzi di studio, che si svolger\u00e0 dalle ore 8.30 di mercoled\u00ec 21 giugno 2023;<\/li>\n<li>una <strong>seconda prova scritta<\/strong>, riguardante le discipline caratterizzanti i singoli percorsi di studio;<\/li>\n<li>il <strong>colloquio<\/strong>, dove il candidato espone anche le esperienze svolte nell\u2019ambito dei percorsi per le competenze trasversali e per l\u2019orientamento e le competenze acquisite nell\u2019ambito dell\u2019Educazione civica.<\/li>\n<\/ul>\n<p>Le Commissioni d\u2019esame sono composte da un presidente esterno, da tre membri esterni e tre interni all\u2019istituzione scolastica. \u00c8 prevista una terza prova scritta in alcuni indirizzi di studio.<\/p>\n<p>Per conoscere le discipline oggetto della seconda prova e quelle affidate ai commissari esterni \u00e8 disponibile <a href=\"https:\/\/visualizzamaterieesame.static.istruzione.it\/\" target=\"_blank\" rel=\"noopener\">un apposito motore di ricerca<\/a>.<\/p>\n<p>&nbsp;<\/p>\n","protected":false},"excerpt":{"rendered":"<p>L&#8217;esame di stato torna alle vecchie modalit\u00e0, con due prove scritte e un colloquio. Si parte il 21 giugno con lo scritto di italiano<\/p>\n","protected":false},"author":545,"featured_media":145414,"comment_status":"open","ping_status":"open","sticky":false,"template":"","format":"standard","meta":{"_acf_changed":false,"footnotes":""},"categories":[494],"tags":[361,6060,212],"class_list":["post-269120","post","type-post","status-publish","format-standard","has-post-thumbnail","hentry","category-attualita","tag-formazione","tag-maturita","tag-scuola"],"acf":[],"yoast_head":"<!-- This site is optimized with the Yoast SEO Premium plugin v24.2 (Yoast SEO v25.6) - https:\/\/yoast.com\/wordpress\/plugins\/seo\/ -->\n<title>Maturit\u00e0 2023, le materie per la seconda prova scritta: come sar\u00e0 l&#039;esame - intoscana<\/title>\n<meta name=\"description\" content=\"L&#039;esame di stato torna alle vecchie modalit\u00e0, con due prove scritte e un colloquio. Si parte il 21 giugno con lo scritto di italiano\" \/>\n<meta name=\"robots\" content=\"index, follow, max-snippet:-1, max-image-preview:large, max-video-preview:-1\" \/>\n<link rel=\"canonical\" href=\"https:\/\/www.intoscana.it\/it\/maturita-2023-le-materie-per-la-seconda-prova-scritta-come-sara-lesame\/\" \/>\n<meta property=\"og:locale\" content=\"it_IT\" \/>\n<meta property=\"og:type\" content=\"article\" \/>\n<meta property=\"og:title\" content=\"Maturit\u00e0 2023, le materie per la seconda prova scritta: come sar\u00e0 l&#039;esame\" \/>\n<meta property=\"og:description\" content=\"L&#039;esame di stato torna alle vecchie modalit\u00e0, con due prove scritte e un colloquio. Si parte il 21 giugno con lo scritto di italiano\" \/>\n<meta property=\"og:url\" content=\"https:\/\/www.intoscana.it\/it\/maturita-2023-le-materie-per-la-seconda-prova-scritta-come-sara-lesame\/\" \/>\n<meta property=\"og:site_name\" content=\"intoscana\" \/>\n<meta property=\"article:publisher\" content=\"https:\/\/www.facebook.com\/intoscana.it\" \/>\n<meta property=\"article:published_time\" content=\"2023-01-27T20:01:02+00:00\" \/>\n<meta property=\"article:modified_time\" content=\"2023-01-30T12:00:29+00:00\" \/>\n<meta property=\"og:image\" content=\"https:\/\/www.intoscana.it\/wp-content\/uploads\/c8802c252e81642618e17ccc42b12bc0.jpg\" \/>\n\t<meta property=\"og:image:width\" content=\"500\" \/>\n\t<meta property=\"og:image:height\" content=\"332\" \/>\n\t<meta property=\"og:image:type\" content=\"image\/jpeg\" \/>\n<meta name=\"author\" content=\"Clara D&#039;Acunto\" \/>\n<meta name=\"twitter:card\" content=\"summary_large_image\" \/>\n<meta name=\"twitter:creator\" content=\"@intoscana\" \/>\n<meta name=\"twitter:site\" content=\"@intoscana\" \/>\n<meta name=\"twitter:label1\" content=\"Written by\" \/>\n\t<meta name=\"twitter:data1\" content=\"Clara D&#039;Acunto\" \/>\n\t<meta name=\"twitter:label2\" content=\"Est. reading time\" \/>\n\t<meta name=\"twitter:data2\" content=\"1 minuto\" \/>\n<script type=\"application\/ld+json\" class=\"yoast-schema-graph\">{\"@context\":\"https:\/\/schema.org\",\"@graph\":[{\"@type\":\"WebPage\",\"@id\":\"https:\/\/www.intoscana.it\/it\/maturita-2023-le-materie-per-la-seconda-prova-scritta-come-sara-lesame\/\",\"url\":\"https:\/\/www.intoscana.it\/it\/maturita-2023-le-materie-per-la-seconda-prova-scritta-come-sara-lesame\/\",\"name\":\"Maturit\u00e0 2023, le materie per la seconda prova scritta: come sar\u00e0 l'esame - intoscana\",\"isPartOf\":{\"@id\":\"https:\/\/www.intoscana.it\/it\/#website\"},\"primaryImageOfPage\":{\"@id\":\"https:\/\/www.intoscana.it\/it\/maturita-2023-le-materie-per-la-seconda-prova-scritta-come-sara-lesame\/#primaryimage\"},\"image\":{\"@id\":\"https:\/\/www.intoscana.it\/it\/maturita-2023-le-materie-per-la-seconda-prova-scritta-come-sara-lesame\/#primaryimage\"},\"thumbnailUrl\":\"https:\/\/www.intoscana.it\/wp-content\/uploads\/c8802c252e81642618e17ccc42b12bc0.jpg\",\"datePublished\":\"2023-01-27T20:01:02+00:00\",\"dateModified\":\"2023-01-30T12:00:29+00:00\",\"author\":{\"@id\":\"https:\/\/www.intoscana.it\/it\/#\/schema\/person\/137419af9ef5d385bde52864a841e6ce\"},\"description\":\"L'esame di stato torna alle vecchie modalit\u00e0, con due prove scritte e un colloquio. Si parte il 21 giugno con lo scritto di italiano\",\"breadcrumb\":{\"@id\":\"https:\/\/www.intoscana.it\/it\/maturita-2023-le-materie-per-la-seconda-prova-scritta-come-sara-lesame\/#breadcrumb\"},\"inLanguage\":\"it-IT\",\"potentialAction\":[{\"@type\":\"ReadAction\",\"target\":[\"https:\/\/www.intoscana.it\/it\/maturita-2023-le-materie-per-la-seconda-prova-scritta-come-sara-lesame\/\"]}]},{\"@type\":\"ImageObject\",\"inLanguage\":\"it-IT\",\"@id\":\"https:\/\/www.intoscana.it\/it\/maturita-2023-le-materie-per-la-seconda-prova-scritta-come-sara-lesame\/#primaryimage\",\"url\":\"https:\/\/www.intoscana.it\/wp-content\/uploads\/c8802c252e81642618e17ccc42b12bc0.jpg\",\"contentUrl\":\"https:\/\/www.intoscana.it\/wp-content\/uploads\/c8802c252e81642618e17ccc42b12bc0.jpg\",\"width\":500,\"height\":332,\"caption\":\"Esami di maturit\u00e0\"},{\"@type\":\"BreadcrumbList\",\"@id\":\"https:\/\/www.intoscana.it\/it\/maturita-2023-le-materie-per-la-seconda-prova-scritta-come-sara-lesame\/#breadcrumb\",\"itemListElement\":[{\"@type\":\"ListItem\",\"position\":1,\"name\":\"Home\",\"item\":\"https:\/\/www.intoscana.it\/it\/\"},{\"@type\":\"ListItem\",\"position\":2,\"name\":\"Maturit\u00e0 2023, le materie per la seconda prova scritta: come sar\u00e0 l&#8217;esame\"}]},{\"@type\":\"WebSite\",\"@id\":\"https:\/\/www.intoscana.it\/it\/#website\",\"url\":\"https:\/\/www.intoscana.it\/it\/\",\"name\":\"intoscana\",\"description\":\"\",\"potentialAction\":[{\"@type\":\"SearchAction\",\"target\":{\"@type\":\"EntryPoint\",\"urlTemplate\":\"https:\/\/www.intoscana.it\/it\/?s={search_term_string}\"},\"query-input\":{\"@type\":\"PropertyValueSpecification\",\"valueRequired\":true,\"valueName\":\"search_term_string\"}}],\"inLanguage\":\"it-IT\"},{\"@type\":\"Person\",\"@id\":\"https:\/\/www.intoscana.it\/it\/#\/schema\/person\/137419af9ef5d385bde52864a841e6ce\",\"name\":\"Clara D'Acunto\",\"url\":\"https:\/\/www.intoscana.it\/it\/author\/clara-d_acunto\/\"}]}<\/script>\n<!-- \/ Yoast SEO Premium plugin. -->","yoast_head_json":{"title":"Maturit\u00e0 2023, le materie per la seconda prova scritta: come sar\u00e0 l'esame - intoscana","description":"L'esame di stato torna alle vecchie modalit\u00e0, con due prove scritte e un colloquio. Si parte il 21 giugno con lo scritto di italiano","robots":{"index":"index","follow":"follow","max-snippet":"max-snippet:-1","max-image-preview":"max-image-preview:large","max-video-preview":"max-video-preview:-1"},"canonical":"https:\/\/www.intoscana.it\/it\/maturita-2023-le-materie-per-la-seconda-prova-scritta-come-sara-lesame\/","og_locale":"it_IT","og_type":"article","og_title":"Maturit\u00e0 2023, le materie per la seconda prova scritta: come sar\u00e0 l'esame","og_description":"L'esame di stato torna alle vecchie modalit\u00e0, con due prove scritte e un colloquio. Si parte il 21 giugno con lo scritto di italiano","og_url":"https:\/\/www.intoscana.it\/it\/maturita-2023-le-materie-per-la-seconda-prova-scritta-come-sara-lesame\/","og_site_name":"intoscana","article_publisher":"https:\/\/www.facebook.com\/intoscana.it","article_published_time":"2023-01-27T20:01:02+00:00","article_modified_time":"2023-01-30T12:00:29+00:00","og_image":[{"width":500,"height":332,"url":"https:\/\/www.intoscana.it\/wp-content\/uploads\/c8802c252e81642618e17ccc42b12bc0.jpg","type":"image\/jpeg"}],"author":"Clara D'Acunto","twitter_card":"summary_large_image","twitter_creator":"@intoscana","twitter_site":"@intoscana","twitter_misc":{"Written by":"Clara D'Acunto","Est. reading time":"1 minuto"},"schema":{"@context":"https:\/\/schema.org","@graph":[{"@type":"WebPage","@id":"https:\/\/www.intoscana.it\/it\/maturita-2023-le-materie-per-la-seconda-prova-scritta-come-sara-lesame\/","url":"https:\/\/www.intoscana.it\/it\/maturita-2023-le-materie-per-la-seconda-prova-scritta-come-sara-lesame\/","name":"Maturit\u00e0 2023, le materie per la seconda prova scritta: come sar\u00e0 l'esame - intoscana","isPartOf":{"@id":"https:\/\/www.intoscana.it\/it\/#website"},"primaryImageOfPage":{"@id":"https:\/\/www.intoscana.it\/it\/maturita-2023-le-materie-per-la-seconda-prova-scritta-come-sara-lesame\/#primaryimage"},"image":{"@id":"https:\/\/www.intoscana.it\/it\/maturita-2023-le-materie-per-la-seconda-prova-scritta-come-sara-lesame\/#primaryimage"},"thumbnailUrl":"https:\/\/www.intoscana.it\/wp-content\/uploads\/c8802c252e81642618e17ccc42b12bc0.jpg","datePublished":"2023-01-27T20:01:02+00:00","dateModified":"2023-01-30T12:00:29+00:00","author":{"@id":"https:\/\/www.intoscana.it\/it\/#\/schema\/person\/137419af9ef5d385bde52864a841e6ce"},"description":"L'esame di stato torna alle vecchie modalit\u00e0, con due prove scritte e un colloquio. Si parte il 21 giugno con lo scritto di italiano","breadcrumb":{"@id":"https:\/\/www.intoscana.it\/it\/maturita-2023-le-materie-per-la-seconda-prova-scritta-come-sara-lesame\/#breadcrumb"},"inLanguage":"it-IT","potentialAction":[{"@type":"ReadAction","target":["https:\/\/www.intoscana.it\/it\/maturita-2023-le-materie-per-la-seconda-prova-scritta-come-sara-lesame\/"]}]},{"@type":"ImageObject","inLanguage":"it-IT","@id":"https:\/\/www.intoscana.it\/it\/maturita-2023-le-materie-per-la-seconda-prova-scritta-come-sara-lesame\/#primaryimage","url":"https:\/\/www.intoscana.it\/wp-content\/uploads\/c8802c252e81642618e17ccc42b12bc0.jpg","contentUrl":"https:\/\/www.intoscana.it\/wp-content\/uploads\/c8802c252e81642618e17ccc42b12bc0.jpg","width":500,"height":332,"caption":"Esami di maturit\u00e0"},{"@type":"BreadcrumbList","@id":"https:\/\/www.intoscana.it\/it\/maturita-2023-le-materie-per-la-seconda-prova-scritta-come-sara-lesame\/#breadcrumb","itemListElement":[{"@type":"ListItem","position":1,"name":"Home","item":"https:\/\/www.intoscana.it\/it\/"},{"@type":"ListItem","position":2,"name":"Maturit\u00e0 2023, le materie per la seconda prova scritta: come sar\u00e0 l&#8217;esame"}]},{"@type":"WebSite","@id":"https:\/\/www.intoscana.it\/it\/#website","url":"https:\/\/www.intoscana.it\/it\/","name":"intoscana","description":"","potentialAction":[{"@type":"SearchAction","target":{"@type":"EntryPoint","urlTemplate":"https:\/\/www.intoscana.it\/it\/?s={search_term_string}"},"query-input":{"@type":"PropertyValueSpecification","valueRequired":true,"valueName":"search_term_string"}}],"inLanguage":"it-IT"},{"@type":"Person","@id":"https:\/\/www.intoscana.it\/it\/#\/schema\/person\/137419af9ef5d385bde52864a841e6ce","name":"Clara D'Acunto","url":"https:\/\/www.intoscana.it\/it\/author\/clara-d_acunto\/"}]}},"_links":{"self":[{"href":"https:\/\/www.intoscana.it\/it\/wp-json\/wp\/v2\/posts\/269120","targetHints":{"allow":["GET"]}}],"collection":[{"href":"https:\/\/www.intoscana.it\/it\/wp-json\/wp\/v2\/posts"}],"about":[{"href":"https:\/\/www.intoscana.it\/it\/wp-json\/wp\/v2\/types\/post"}],"author":[{"embeddable":true,"href":"https:\/\/www.intoscana.it\/it\/wp-json\/wp\/v2\/users\/545"}],"replies":[{"embeddable":true,"href":"https:\/\/www.intoscana.it\/it\/wp-json\/wp\/v2\/comments?post=269120"}],"version-history":[{"count":0,"href":"https:\/\/www.intoscana.it\/it\/wp-json\/wp\/v2\/posts\/269120\/revisions"}],"wp:featuredmedia":[{"embeddable":true,"href":"https:\/\/www.intoscana.it\/it\/wp-json\/wp\/v2\/media\/145414"}],"wp:attachment":[{"href":"https:\/\/www.intoscana.it\/it\/wp-json\/wp\/v2\/media?parent=269120"}],"wp:term":[{"taxonomy":"category","embeddable":true,"href":"https:\/\/www.intoscana.it\/it\/wp-json\/wp\/v2\/categories?post=269120"},{"taxonomy":"post_tag","embeddable":true,"href":"https:\/\/www.intoscana.it\/it\/wp-json\/wp\/v2\/tags?post=269120"}],"curies":[{"name":"wp","href":"https:\/\/api.w.org\/{rel}","templated":true}]}}