{"id":269183,"date":"2023-01-27T16:27:18","date_gmt":"2023-01-27T15:27:18","guid":{"rendered":"https:\/\/www.intoscana.it\/it\/?p=269183"},"modified":"2023-01-27T16:27:18","modified_gmt":"2023-01-27T15:27:18","slug":"ricordando-la-shoah-giani-lanno-prossimo-ripartira-il-treno-della-memoria","status":"publish","type":"post","link":"https:\/\/www.intoscana.it\/it\/ricordando-la-shoah-giani-lanno-prossimo-ripartira-il-treno-della-memoria\/","title":{"rendered":"Ricordando la Shoah, Giani: &#8220;L&#8217;anno prossimo ripartir\u00e0 il Treno della Memoria&#8221;"},"content":{"rendered":"<p>Centinaia di studenti al <strong>Cinema la Compagnia di Firenze<\/strong>, moltissimi collegati, per ascoltare e capire dai testimoni cosa sono stati i campi di concentramento, le deportazioni e le persecuzioni nazi-fasciste. Il <strong>Giorno della Memoria<\/strong> \u00e8 molto pi\u00f9 di una celebrazione, diventa formazione e impegno civile che coinvolge soprattutto i giovani. Sul palco del meeting si sono alternati esperienze e racconti e il titolo dell&#8217;evento racconta gi\u00e0 il programma: <mark>\u201cLa Memoria contro l\u2019indifferenza\u201d, come a rinnovare un impegno istituzionale lungo ormai venti anni che raccoglie i timori di Liliana Segre sul rischio di oblio della Shoah.<\/mark><\/p>\n<p>Proprio per questo, il presidente della Regione <strong>Eugenio Giani<\/strong> ha voluto rinnovare un impegno: &#8220;L&#8217;esperienza del <strong>Treno della Memoria<\/strong> ripartir\u00e0 il prossimo anno e lo far\u00e0 con una <mark>Toscana che \u00e8 stata la prima come Regione italiana ad averli organizzati. Sono stati finora 12, l&#8217;anno prossimo sar\u00e0 il 13esimo&#8221;.<\/mark> \u00c8 importante, ha poi aggiunto il presidente, &#8221; trasmettere alle nuove generazioni il senso della memoria, del momento pi\u00f9 drammatico che l&#8217;umanit\u00e0 ha vissuto, quando si sterminavano per motivi etnici, religiosi, razziali, persone innocenti e prive di qualsiasi responsabilit\u00e0. <mark>Dal nazismo e dal fascismo dobbiamo stare lontani. Non solo dai valori e dalle idee, ma anche da quei meccanismi che possono portare ad assecondare valori che ci fanno scendere in quella china che drammaticamente port\u00f2 a quegli episodi che cerchiamo di tenere vivi con la memoria affinch\u00e9 non accadano mai pi\u00f9&#8221;.<\/mark><\/p>\n<p>Centinaia gli studenti coinvolti. Circa <strong>450 i ragazzi<\/strong> in presenza, dall\u2019Ipsseoa \u201cSaffi\u201d, dall\u2019Istituto Tecnico Agrario, dai licei \u201cMichelangiolo\u201d e \u201cMachiavelli\u201d di Firenze; dal Ferraris di Empoli e dall\u2019Iis Chini di Borgo San Lorenzo; dal Cicognini e dall\u2019Iisp Dagomari di Prato; dal \u201cDuca di Aosta\u201d di Pistoia; dal liceo Montale e dall\u2019Iti Marconi di Pontedera; dalla sede di Montepulciano dell\u2019Iis Valdichiana e dall\u2019Iss Roncalli di Poggibonsi. Collegate in streaming circa 400 classi delle scuole superiori di secondo grado di tutta la Toscana.<\/p>\n<p>Tutti attenti ad ascoltare le testimonianze che si sono alternate sul palco, come quelle di <strong>Tatiana Bucci<\/strong>, deportata ad Auschwitz a sei anni assieme alla sorella Andra, al cuginetto e alle proprie mamme, e Lidia Maksymowicz, la \u201cbambina che non sapeva odiare\u201d, sfuggita agli esperimenti di Mengele dopo aver fatto ingresso nella \u201cbaracca dei bambini\u201d a nemmeno tre anni di et\u00e0.<\/p>\n<p><iframe loading=\"lazy\" title=\"Tatiana Bucci al Giorno della Memoria: le parole dei sopravvissuti per non dimenticare l'Olocausto\" src=\"https:\/\/www.youtube.com\/embed\/L9aCmLS0RPs\" width=\"800\" height=\"400\" frameborder=\"0\" allowfullscreen=\"allowfullscreen\"><span data-mce-type=\"bookmark\" style=\"display: inline-block; width: 0px; overflow: hidden; line-height: 0;\" class=\"mce_SELRES_start\">\ufeff<\/span><\/iframe><\/p>\n<p>\u201cMai voltarsi indietro, mai dimenticare, mai restare indifferenti. Coltivare la memoria per sfuggire all\u2019oblio e restare sempre dalla parte giusta della storia\u201d. Sono state invece le parole del presidente del Consiglio regionale, <strong>Antonio Mazzeo<\/strong>. <mark>&#8220;Ognuno di noi pu\u00f2 fare la propria parte partendo dal contrastare l\u2019indifferenza. In questa Giornata in cui le iniziative saranno tante e le voci da ascoltare importanti, la Toscana conferma i grandi valori identitari che da sempre la contraddistinguono: noi non abbiamo dimenticato, non dimentichiamo e non dimenticheremo mai\u201d.<\/mark><\/p>\n<figure id=\"post-269263 media-269263\" class=\"align-none\"><img decoding=\"async\" src=\"https:\/\/www.intoscana.it\/wp-content\/uploads\/PLR_1517.jpg\" alt=\"\" \/><\/figure>\n<h3><em>Il cinema per la memoria<\/em><\/h3>\n<div class=\"rt-page__content rt-page-content--left\">\n<div class=\"rt-page__content-text\">\n<p>Dal pomeriggio del 27 gennaio fino a domenica 29, al via la <strong>maratona<\/strong> speciale di film a La Compagnia allestita dalla <strong>Fondazione Sistema Toscana<\/strong><br \/>\n<a href=\"https:\/\/www.cinemalacompagnia.it\/evento\/giorno-della-memoria-2023\" target=\"_blank\" rel=\"noopener\">Una rassegna di sette pellicole<\/a> con proiezioni dal pomeriggio alla prima serata, ad ingresso gratuito, fino ad esaurimento posti.<\/p>\n<p>Alle 16.30 del 27 gennaio \u201cLa stella di Andra e Tati\u201d, il film d\u2018animazione italiano ispirato alla storia delle sorelle Bucci per raccontare il dramma della Shoah ai pi\u00f9 piccoli, \u00a0proiettato alla presenza di Tatiana Bucci e di Camilla Brunelli, direttrice della Fondazione Museo della Deportazione e Resistenza &#8211; Luoghi della Memoria Toscana. Alle 20.30, in programma \u201cBaci rubati \u2013 Amori omosessuali nell\u2019Italia fascista\u201d di Fabrizio Laurenti e Gabriella Romano, documentario sulla condizione della comunit\u00e0 lgbtqia+ durante il fascismo, al termine del quale seguir\u00e0 un dibattito promosso dal Tavolo regionale permanente di confronto con le associazioni impegnate nel contrasto alle discriminazioni per orientamento sessuale e identit\u00e0 di genere, a cui interverr\u00e0 anche l&#8217;assessora alla cultura della Memoria e alle pari opportunit\u00e0 Alessandra Nardini.<\/p>\n<\/div>\n<\/div>\n<div class=\"rt-btn-wrapper rt-btn-wrapper--right-align\"><\/div>\n","protected":false},"excerpt":{"rendered":"<p>Centinaia di ragazzi al meeting organizzato dalla Regione a La Compagnia di Firenze: sul palco le testimonianze dei sopravvissuti e gli interventi istituzionali<\/p>\n","protected":false},"author":525,"featured_media":269259,"comment_status":"open","ping_status":"open","sticky":false,"template":"","format":"standard","meta":{"_acf_changed":false,"footnotes":""},"categories":[494],"tags":[4760,158,1650],"class_list":["post-269183","post","type-post","status-publish","format-standard","has-post-thumbnail","hentry","category-attualita","tag-antonio-mazzeo","tag-eugenio-giani","tag-giorno-della-memoria"],"acf":[],"yoast_head":"<!-- This site is optimized with the Yoast SEO Premium plugin v24.2 (Yoast SEO v25.6) - https:\/\/yoast.com\/wordpress\/plugins\/seo\/ -->\n<title>Ricordando la Shoah, Giani: &quot;L&#039;anno prossimo ripartir\u00e0 il Treno della Memoria&quot; - intoscana<\/title>\n<meta name=\"description\" content=\"Centinaia di ragazzi al meeting organizzato dalla Regione a La Compagnia di Firenze: sul palco le testimonianze dei sopravvissuti e gli interventi istituzionali\" \/>\n<meta name=\"robots\" content=\"index, follow, max-snippet:-1, max-image-preview:large, max-video-preview:-1\" \/>\n<link rel=\"canonical\" href=\"https:\/\/www.intoscana.it\/it\/ricordando-la-shoah-giani-lanno-prossimo-ripartira-il-treno-della-memoria\/\" \/>\n<meta property=\"og:locale\" content=\"it_IT\" \/>\n<meta property=\"og:type\" content=\"article\" \/>\n<meta property=\"og:title\" content=\"Ricordando la Shoah, Giani: &quot;L&#039;anno prossimo ripartir\u00e0 il Treno della Memoria&quot;\" \/>\n<meta property=\"og:description\" content=\"Centinaia di ragazzi al meeting organizzato dalla Regione a La Compagnia di Firenze: sul palco le testimonianze dei sopravvissuti e gli interventi istituzionali\" \/>\n<meta property=\"og:url\" content=\"https:\/\/www.intoscana.it\/it\/ricordando-la-shoah-giani-lanno-prossimo-ripartira-il-treno-della-memoria\/\" \/>\n<meta property=\"og:site_name\" content=\"intoscana\" \/>\n<meta property=\"article:publisher\" content=\"https:\/\/www.facebook.com\/intoscana.it\" \/>\n<meta property=\"article:published_time\" content=\"2023-01-27T15:27:18+00:00\" \/>\n<meta property=\"og:image\" content=\"https:\/\/www.intoscana.it\/wp-content\/uploads\/PLR_1709.jpg\" \/>\n\t<meta property=\"og:image:width\" content=\"1200\" \/>\n\t<meta property=\"og:image:height\" content=\"800\" \/>\n\t<meta property=\"og:image:type\" content=\"image\/jpeg\" \/>\n<meta name=\"author\" content=\"Redazione\" \/>\n<meta name=\"twitter:card\" content=\"summary_large_image\" \/>\n<meta name=\"twitter:creator\" content=\"@intoscana\" \/>\n<meta name=\"twitter:site\" content=\"@intoscana\" \/>\n<meta name=\"twitter:label1\" content=\"Written by\" \/>\n\t<meta name=\"twitter:data1\" content=\"Redazione\" \/>\n\t<meta name=\"twitter:label2\" content=\"Est. reading time\" \/>\n\t<meta name=\"twitter:data2\" content=\"3 minuti\" \/>\n<script type=\"application\/ld+json\" class=\"yoast-schema-graph\">{\"@context\":\"https:\/\/schema.org\",\"@graph\":[{\"@type\":\"WebPage\",\"@id\":\"https:\/\/www.intoscana.it\/it\/ricordando-la-shoah-giani-lanno-prossimo-ripartira-il-treno-della-memoria\/\",\"url\":\"https:\/\/www.intoscana.it\/it\/ricordando-la-shoah-giani-lanno-prossimo-ripartira-il-treno-della-memoria\/\",\"name\":\"Ricordando la Shoah, Giani: \\\"L'anno prossimo ripartir\u00e0 il Treno della Memoria\\\" - intoscana\",\"isPartOf\":{\"@id\":\"https:\/\/www.intoscana.it\/it\/#website\"},\"primaryImageOfPage\":{\"@id\":\"https:\/\/www.intoscana.it\/it\/ricordando-la-shoah-giani-lanno-prossimo-ripartira-il-treno-della-memoria\/#primaryimage\"},\"image\":{\"@id\":\"https:\/\/www.intoscana.it\/it\/ricordando-la-shoah-giani-lanno-prossimo-ripartira-il-treno-della-memoria\/#primaryimage\"},\"thumbnailUrl\":\"https:\/\/www.intoscana.it\/wp-content\/uploads\/PLR_1709.jpg\",\"datePublished\":\"2023-01-27T15:27:18+00:00\",\"author\":{\"@id\":\"https:\/\/www.intoscana.it\/it\/#\/schema\/person\/9223810753230f20bd670fdd322661f8\"},\"description\":\"Centinaia di ragazzi al meeting organizzato dalla Regione a La Compagnia di Firenze: sul palco le testimonianze dei sopravvissuti e gli interventi istituzionali\",\"breadcrumb\":{\"@id\":\"https:\/\/www.intoscana.it\/it\/ricordando-la-shoah-giani-lanno-prossimo-ripartira-il-treno-della-memoria\/#breadcrumb\"},\"inLanguage\":\"it-IT\",\"potentialAction\":[{\"@type\":\"ReadAction\",\"target\":[\"https:\/\/www.intoscana.it\/it\/ricordando-la-shoah-giani-lanno-prossimo-ripartira-il-treno-della-memoria\/\"]}]},{\"@type\":\"ImageObject\",\"inLanguage\":\"it-IT\",\"@id\":\"https:\/\/www.intoscana.it\/it\/ricordando-la-shoah-giani-lanno-prossimo-ripartira-il-treno-della-memoria\/#primaryimage\",\"url\":\"https:\/\/www.intoscana.it\/wp-content\/uploads\/PLR_1709.jpg\",\"contentUrl\":\"https:\/\/www.intoscana.it\/wp-content\/uploads\/PLR_1709.jpg\",\"width\":1200,\"height\":800},{\"@type\":\"BreadcrumbList\",\"@id\":\"https:\/\/www.intoscana.it\/it\/ricordando-la-shoah-giani-lanno-prossimo-ripartira-il-treno-della-memoria\/#breadcrumb\",\"itemListElement\":[{\"@type\":\"ListItem\",\"position\":1,\"name\":\"Home\",\"item\":\"https:\/\/www.intoscana.it\/it\/\"},{\"@type\":\"ListItem\",\"position\":2,\"name\":\"Ricordando la Shoah, Giani: &#8220;L&#8217;anno prossimo ripartir\u00e0 il Treno della Memoria&#8221;\"}]},{\"@type\":\"WebSite\",\"@id\":\"https:\/\/www.intoscana.it\/it\/#website\",\"url\":\"https:\/\/www.intoscana.it\/it\/\",\"name\":\"intoscana\",\"description\":\"\",\"potentialAction\":[{\"@type\":\"SearchAction\",\"target\":{\"@type\":\"EntryPoint\",\"urlTemplate\":\"https:\/\/www.intoscana.it\/it\/?s={search_term_string}\"},\"query-input\":{\"@type\":\"PropertyValueSpecification\",\"valueRequired\":true,\"valueName\":\"search_term_string\"}}],\"inLanguage\":\"it-IT\"},{\"@type\":\"Person\",\"@id\":\"https:\/\/www.intoscana.it\/it\/#\/schema\/person\/9223810753230f20bd670fdd322661f8\",\"name\":\"Redazione\",\"url\":\"https:\/\/www.intoscana.it\/it\/author\/redazione\/\"}]}<\/script>\n<!-- \/ Yoast SEO Premium plugin. -->","yoast_head_json":{"title":"Ricordando la Shoah, Giani: \"L'anno prossimo ripartir\u00e0 il Treno della Memoria\" - intoscana","description":"Centinaia di ragazzi al meeting organizzato dalla Regione a La Compagnia di Firenze: sul palco le testimonianze dei sopravvissuti e gli interventi istituzionali","robots":{"index":"index","follow":"follow","max-snippet":"max-snippet:-1","max-image-preview":"max-image-preview:large","max-video-preview":"max-video-preview:-1"},"canonical":"https:\/\/www.intoscana.it\/it\/ricordando-la-shoah-giani-lanno-prossimo-ripartira-il-treno-della-memoria\/","og_locale":"it_IT","og_type":"article","og_title":"Ricordando la Shoah, Giani: \"L'anno prossimo ripartir\u00e0 il Treno della Memoria\"","og_description":"Centinaia di ragazzi al meeting organizzato dalla Regione a La Compagnia di Firenze: sul palco le testimonianze dei sopravvissuti e gli interventi istituzionali","og_url":"https:\/\/www.intoscana.it\/it\/ricordando-la-shoah-giani-lanno-prossimo-ripartira-il-treno-della-memoria\/","og_site_name":"intoscana","article_publisher":"https:\/\/www.facebook.com\/intoscana.it","article_published_time":"2023-01-27T15:27:18+00:00","og_image":[{"width":1200,"height":800,"url":"https:\/\/www.intoscana.it\/wp-content\/uploads\/PLR_1709.jpg","type":"image\/jpeg"}],"author":"Redazione","twitter_card":"summary_large_image","twitter_creator":"@intoscana","twitter_site":"@intoscana","twitter_misc":{"Written by":"Redazione","Est. reading time":"3 minuti"},"schema":{"@context":"https:\/\/schema.org","@graph":[{"@type":"WebPage","@id":"https:\/\/www.intoscana.it\/it\/ricordando-la-shoah-giani-lanno-prossimo-ripartira-il-treno-della-memoria\/","url":"https:\/\/www.intoscana.it\/it\/ricordando-la-shoah-giani-lanno-prossimo-ripartira-il-treno-della-memoria\/","name":"Ricordando la Shoah, Giani: \"L'anno prossimo ripartir\u00e0 il Treno della Memoria\" - intoscana","isPartOf":{"@id":"https:\/\/www.intoscana.it\/it\/#website"},"primaryImageOfPage":{"@id":"https:\/\/www.intoscana.it\/it\/ricordando-la-shoah-giani-lanno-prossimo-ripartira-il-treno-della-memoria\/#primaryimage"},"image":{"@id":"https:\/\/www.intoscana.it\/it\/ricordando-la-shoah-giani-lanno-prossimo-ripartira-il-treno-della-memoria\/#primaryimage"},"thumbnailUrl":"https:\/\/www.intoscana.it\/wp-content\/uploads\/PLR_1709.jpg","datePublished":"2023-01-27T15:27:18+00:00","author":{"@id":"https:\/\/www.intoscana.it\/it\/#\/schema\/person\/9223810753230f20bd670fdd322661f8"},"description":"Centinaia di ragazzi al meeting organizzato dalla Regione a La Compagnia di Firenze: sul palco le testimonianze dei sopravvissuti e gli interventi istituzionali","breadcrumb":{"@id":"https:\/\/www.intoscana.it\/it\/ricordando-la-shoah-giani-lanno-prossimo-ripartira-il-treno-della-memoria\/#breadcrumb"},"inLanguage":"it-IT","potentialAction":[{"@type":"ReadAction","target":["https:\/\/www.intoscana.it\/it\/ricordando-la-shoah-giani-lanno-prossimo-ripartira-il-treno-della-memoria\/"]}]},{"@type":"ImageObject","inLanguage":"it-IT","@id":"https:\/\/www.intoscana.it\/it\/ricordando-la-shoah-giani-lanno-prossimo-ripartira-il-treno-della-memoria\/#primaryimage","url":"https:\/\/www.intoscana.it\/wp-content\/uploads\/PLR_1709.jpg","contentUrl":"https:\/\/www.intoscana.it\/wp-content\/uploads\/PLR_1709.jpg","width":1200,"height":800},{"@type":"BreadcrumbList","@id":"https:\/\/www.intoscana.it\/it\/ricordando-la-shoah-giani-lanno-prossimo-ripartira-il-treno-della-memoria\/#breadcrumb","itemListElement":[{"@type":"ListItem","position":1,"name":"Home","item":"https:\/\/www.intoscana.it\/it\/"},{"@type":"ListItem","position":2,"name":"Ricordando la Shoah, Giani: &#8220;L&#8217;anno prossimo ripartir\u00e0 il Treno della Memoria&#8221;"}]},{"@type":"WebSite","@id":"https:\/\/www.intoscana.it\/it\/#website","url":"https:\/\/www.intoscana.it\/it\/","name":"intoscana","description":"","potentialAction":[{"@type":"SearchAction","target":{"@type":"EntryPoint","urlTemplate":"https:\/\/www.intoscana.it\/it\/?s={search_term_string}"},"query-input":{"@type":"PropertyValueSpecification","valueRequired":true,"valueName":"search_term_string"}}],"inLanguage":"it-IT"},{"@type":"Person","@id":"https:\/\/www.intoscana.it\/it\/#\/schema\/person\/9223810753230f20bd670fdd322661f8","name":"Redazione","url":"https:\/\/www.intoscana.it\/it\/author\/redazione\/"}]}},"_links":{"self":[{"href":"https:\/\/www.intoscana.it\/it\/wp-json\/wp\/v2\/posts\/269183","targetHints":{"allow":["GET"]}}],"collection":[{"href":"https:\/\/www.intoscana.it\/it\/wp-json\/wp\/v2\/posts"}],"about":[{"href":"https:\/\/www.intoscana.it\/it\/wp-json\/wp\/v2\/types\/post"}],"author":[{"embeddable":true,"href":"https:\/\/www.intoscana.it\/it\/wp-json\/wp\/v2\/users\/525"}],"replies":[{"embeddable":true,"href":"https:\/\/www.intoscana.it\/it\/wp-json\/wp\/v2\/comments?post=269183"}],"version-history":[{"count":0,"href":"https:\/\/www.intoscana.it\/it\/wp-json\/wp\/v2\/posts\/269183\/revisions"}],"wp:featuredmedia":[{"embeddable":true,"href":"https:\/\/www.intoscana.it\/it\/wp-json\/wp\/v2\/media\/269259"}],"wp:attachment":[{"href":"https:\/\/www.intoscana.it\/it\/wp-json\/wp\/v2\/media?parent=269183"}],"wp:term":[{"taxonomy":"category","embeddable":true,"href":"https:\/\/www.intoscana.it\/it\/wp-json\/wp\/v2\/categories?post=269183"},{"taxonomy":"post_tag","embeddable":true,"href":"https:\/\/www.intoscana.it\/it\/wp-json\/wp\/v2\/tags?post=269183"}],"curies":[{"name":"wp","href":"https:\/\/api.w.org\/{rel}","templated":true}]}}