{"id":269212,"date":"2023-01-27T14:44:27","date_gmt":"2023-01-27T13:44:27","guid":{"rendered":"https:\/\/www.intoscana.it\/it\/?p=269212"},"modified":"2023-01-27T15:11:43","modified_gmt":"2023-01-27T14:11:43","slug":"la-toscana-ricorda-la-tragedia-della-shoah-le-celebrazioni-in-tutta-la-regione","status":"publish","type":"post","link":"https:\/\/www.intoscana.it\/it\/la-toscana-ricorda-la-tragedia-della-shoah-le-celebrazioni-in-tutta-la-regione\/","title":{"rendered":"La Toscana ricorda la tragedia della Shoah: le celebrazioni in tutta la regione"},"content":{"rendered":"<p>I primi convogli per i campi di concentramento partirono da <strong>Firenze<\/strong>, dalla stazione Santa Maria Novella, il 9 novembre 1943. E proprio da qui prendono il via le celebrazioni per il <strong>Giorno della Memoria<\/strong>, che uniscono tutta la regione. <mark>&#8220;La memoria \u00e8 lo strumento per non far accadere pi\u00f9 certe atrocit\u00e0, il dramma&#8221; dello sterminio nazista,<\/mark> cos\u00ec il presidente della Regione Toscana <strong>Eugenio Giani<\/strong> ricorda quel tragico periodo dal binario 16.<\/p>\n<figure id=\"post-269221 media-269221\" class=\"align-none\"><img decoding=\"async\" src=\"https:\/\/www.intoscana.it\/wp-content\/uploads\/La-commemorazione-al-binario-16-\u00a9-FB-Dario-Nardella.jpeg\" alt=\"\" \/><\/figure>\n<div class=\"titleimg\">La commemorazione al binario 16 \u2013 \u00a9 FB Dario Nardella<\/div>\n<p>Insieme al presidente, tutto il Comune di Firenze, rappresentato dal sindaco <strong>Dario Nardella<\/strong>, l&#8217;assessora <strong>Sara Funaro<\/strong> e il presidente del Consiglio comunale <strong>Luca Milani<\/strong>. &#8220;Firenze ricorda con grande partecipazione quel terribile anno, il 1943 &#8211; ha affermato Nardella &#8211; Oggi i fenomeni di antisemitismo si vedono e sono in aumento: tre giorni fa abbiamo avuto l&#8217;ennesima segnalazione di alcune pietre d&#8217;inciampo imbrattate da alcuni vandali. <mark>Ma qui non c&#8217;\u00e8 solo vandalismo, ma un sentimento di antisemitismo che va incessantemente combattuto. Non possiamo abbassare la guardia&#8221;.<\/mark><\/p>\n<figure id=\"post-269227 media-269227\" class=\"align-none\"><img decoding=\"async\" src=\"https:\/\/www.intoscana.it\/wp-content\/uploads\/Le-commemorazioni-del-giorno-della-memoria-al-binario-16-a-Firenze-\u00a9-FB-Dario-Nardella.jpeg\" alt=\"\" \/><\/figure>\n<div class=\"titleimg\">Le commemorazioni del giorno della memoria al binario 16 a Firenze \u2013 \u00a9 FB Dario Nardella<\/div>\n<h3><em>Da Firenze a Pisa, per non dimenticare<\/em><\/h3>\n<p>Per commemorare le vittime dell&#8217;Olocausto, a Pisa, il Comune e la Comunit\u00e0 Ebraica hanno celebrato la drammatica ricorrenza con <mark>l\u2019intitolazione dello spazio verde tra via Canavari e via delle Trincere a <strong>Raffaello Menasci<\/strong>, medico pediatra e libero docente dell\u2019Universit\u00e0 di Pisa nato a Livorno nel 1896, che fu arrestato a Roma nel 1943 nella retata del ghetto e deportato,<\/mark> insieme a tutta la sua famiglia, nel campo di sterminio di Auschwitz, poi morto a Varsavia il 29 febbraio 1944.<\/p>\n<p>A fianco del cartello, l\u2019Amministrazione Comunale ha messo a dimora un albero di melograno che, nella cultura ebraica, rappresenta un simbolo di onest\u00e0, correttezza e giustizia dato che conterrebbe 613 semi che corrispondono ai 613 comandamenti della Torah.<\/p>\n<figure id=\"post-269222 media-269222\" class=\"align-none\"><img decoding=\"async\" src=\"https:\/\/www.intoscana.it\/wp-content\/uploads\/2023-01-27-Intitolazione-Raffaello-Menasci-1.jpeg\" alt=\"\" \/><\/figure>\n<div class=\"titleimg\">Intitolazione Raffaello Menasci<\/div>\n<p>Il programma della giornata ha previsto, prima della cerimonia di intitolazione area a verde in ricordo di Raffaele Menasci, la deposizione della corona di alloro al monumento &#8220;Mai pi\u00f9 reticolati&#8221; in Piazza Vittorio Emanuele II. Successivamente, dalle ore 13.30 fino alle ore 16, la seduta del Consiglio Comunale dedicato alla celebrazione del &#8220;Giorno della Memoria 2023&#8221;. In contemporanea alle ore 9 alle ore 16, presso le Logge di Banchi, \u00e8 stato allestito uno schermo che ha riproposto in ciclo continuo il video &#8220;Di razza&#8221; del regista Teo Paoli, realizzato dal Comune di Pisa e dalla Comunit\u00e0 ebraica di Pisa in occasione del Giorno della Memoria 2022.<\/p>\n<h3><em>A Figline gli studenti custodi delle pietre d&#8217;inciampo<\/em><\/h3>\n<p style=\"font-weight: 400;\">Tre piccoli blocchi di pietra incastonati nel marciapiede, ciascuno con una targa che porta inciso un nome: <strong>Margherita Prister, Paolo Melauri, Lea Melauri.<\/strong> Sono le <strong>Pietre d\u2019inciampo<\/strong> in memoria della famiglia Melauri, posate davanti a quella che fu la loro ultima casa da persone libere, dalla quale vennero deportati nel dicembre 1943 per poi essere assassinati ad nel campo di concentramento di Auschwitz. L\u00ec, nella frazione di Brollo, si \u00e8 celebrato stamani il Giorno della Memoria, la ricorrenza internazionale che commemora le vittime dell&#8217;Olocausto. <mark>Una cerimonia pubblica di cura e manutenzione delle Pietre che ha visto la partecipazione di tre classi delle scuole medie del territorio con gli studenti che, al termine degli interventi, hanno simbolicamente pulito e lucidato le Pietre, riportandole alla loro lucentezza originaria.<\/mark><\/p>\n<figure id=\"post-269223 media-269223\" class=\"align-none\"><img decoding=\"async\" src=\"https:\/\/www.intoscana.it\/wp-content\/uploads\/Giorno-della-Memoria-2023-10.jpg\" alt=\"\" \/><\/figure>\n<p style=\"font-weight: 400;\">I <strong>Melauri<\/strong> erano una famiglia ebraica originaria di Leopoli, nell\u2019odierna Ucraina. Vivevano a Trieste, dove all\u2019inizio degli anni Venti acquisirono la cittadinanza italiana rinunciando al cognome originario, Goldfrucht, per italianizzarlo, appunto, in Melauri. Le leggi razziali introdotte dal regime fascista nel 1938 sconvolgono per\u00f2 le loro vite. Paolo perde la cittadinanza, i figli Tullio e Aldo vengono allontanati dalla scuola pubblica. <mark>Nell\u2019estate 1943 sono costretti ad allontanarsi da Trieste per trovare riparo nella campagna figlinese, dove possedevano un appezzamento di terreno. Scopriranno presto che neanche l\u00ec sono al sicuro.<\/mark> L\u2019antivigilia di Natale, il 23 dicembre 1943, vengono prelevati dalla casa nella quale non faranno pi\u00f9 ritorno. I figli Tullio e Aldo riescono per\u00f2 a salvarsi fuggendo pochi attimi prima dell\u2019arresto. Tullio rimarr\u00e0 in Italia, mentre Aldo si trasfer\u00ec in Israele dove prese il nome ebraico di Eldad Hadar. I discendenti della famiglia Hadar sono stati coinvolti dal Comune fin dal principio nell\u2019iniziativa di posa delle Pietre d\u2019inciampo, alla quale hanno assicurato il loro pieno appoggio.<\/p>\n<h3><em>L&#8217;Ateneo di Firenze ricorda gli universitari deportati<\/em><\/h3>\n<p>In occasione del Giorno della Memoria 2023, la rettrice dell\u2019Universit\u00e0 di Firenze <strong>Alessandra Petrucci<\/strong>, insieme alla comunit\u00e0 accademica, ha ricordato <mark>gli universitari fiorentini allontanati da aule e cattedre, a seguito delle leggi razziali, davanti alla lapide che si trova nell\u2019atrio del Rettorato con la deposizione di una corona di alloro.<\/mark><\/p>\n<figure id=\"post-269226 media-269226\" class=\"align-none\"><img decoding=\"async\" src=\"https:\/\/www.intoscana.it\/wp-content\/uploads\/foto_deposizione_corona_alloro-1-scaled.jpg\" alt=\"\" \/><\/figure>\n<p>\u201cCommemorare significa cercare di custodire insieme un ricordo condiviso, che, come singoli e come gruppi, ci consenta di mantenere la rotta, di tenere saldo il timone, di non sbagliare la via, di non sbagliare di nuovo \u2013 ha affermato la rettrice nel suo saluto prima del minuto di silenzio osservato dai partecipanti &#8211; <mark>La storia \u00e8 uno strumento indispensabile per capire, ma, da sola non basta: la storia \u00e8 una scienza. La storia deve farsi memoria, per uscire dai libri e risuonare, forte, nelle menti e nei cuori. Solo in questo modo ci\u00f2 che \u00e8 avvenuto potr\u00e0 non ripetersi mai pi\u00f9\u201d.<\/mark><\/p>\n<p>&nbsp;<\/p>\n","protected":false},"excerpt":{"rendered":"<p>La commemorazione al binario 16 di Santa Maria Novella a Firenze, le celebrazioni a Pisa e le pietre d&#8217;inciampo posate dagli studenti di Figline: sono solo alcuni degli eventi per il Giorno della Memoria, in ricordo delle vittime dell&#8217;Olocausto<\/p>\n","protected":false},"author":525,"featured_media":269224,"comment_status":"open","ping_status":"open","sticky":false,"template":"","format":"standard","meta":{"_acf_changed":false,"footnotes":""},"categories":[494],"tags":[1650],"class_list":["post-269212","post","type-post","status-publish","format-standard","has-post-thumbnail","hentry","category-attualita","tag-giorno-della-memoria"],"acf":[],"yoast_head":"<!-- This site is optimized with the Yoast SEO Premium plugin v24.2 (Yoast SEO v25.6) - https:\/\/yoast.com\/wordpress\/plugins\/seo\/ -->\n<title>La Toscana ricorda la tragedia della Shoah: le celebrazioni in tutta la regione - intoscana<\/title>\n<meta name=\"description\" content=\"La commemorazione al binario 16 di Santa Maria Novella a Firenze, le celebrazioni a Pisa e le pietre d&#039;inciampo posate dagli studenti di Figline: sono solo alcuni degli eventi per il Giorno della Memoria, in ricordo delle vittime dell&#039;Olocausto\" \/>\n<meta name=\"robots\" content=\"index, follow, max-snippet:-1, max-image-preview:large, max-video-preview:-1\" \/>\n<link rel=\"canonical\" href=\"https:\/\/www.intoscana.it\/it\/la-toscana-ricorda-la-tragedia-della-shoah-le-celebrazioni-in-tutta-la-regione\/\" \/>\n<meta property=\"og:locale\" content=\"it_IT\" \/>\n<meta property=\"og:type\" content=\"article\" \/>\n<meta property=\"og:title\" content=\"La Toscana ricorda la tragedia della Shoah: le celebrazioni in tutta la regione\" \/>\n<meta property=\"og:description\" content=\"La commemorazione al binario 16 di Santa Maria Novella a Firenze, le celebrazioni a Pisa e le pietre d&#039;inciampo posate dagli studenti di Figline: sono solo alcuni degli eventi per il Giorno della Memoria, in ricordo delle vittime dell&#039;Olocausto\" \/>\n<meta property=\"og:url\" content=\"https:\/\/www.intoscana.it\/it\/la-toscana-ricorda-la-tragedia-della-shoah-le-celebrazioni-in-tutta-la-regione\/\" \/>\n<meta property=\"og:site_name\" content=\"intoscana\" \/>\n<meta property=\"article:publisher\" content=\"https:\/\/www.facebook.com\/intoscana.it\" \/>\n<meta property=\"article:published_time\" content=\"2023-01-27T13:44:27+00:00\" \/>\n<meta property=\"article:modified_time\" content=\"2023-01-27T14:11:43+00:00\" \/>\n<meta property=\"og:image\" content=\"https:\/\/www.intoscana.it\/wp-content\/uploads\/Giorno-della-Memoria-2023-11-e1674825995561.jpg\" \/>\n\t<meta property=\"og:image:width\" content=\"2048\" \/>\n\t<meta property=\"og:image:height\" content=\"1365\" \/>\n\t<meta property=\"og:image:type\" content=\"image\/jpeg\" \/>\n<meta name=\"author\" content=\"Redazione\" \/>\n<meta name=\"twitter:card\" content=\"summary_large_image\" \/>\n<meta name=\"twitter:creator\" content=\"@intoscana\" \/>\n<meta name=\"twitter:site\" content=\"@intoscana\" \/>\n<meta name=\"twitter:label1\" content=\"Written by\" \/>\n\t<meta name=\"twitter:data1\" content=\"Redazione\" \/>\n\t<meta name=\"twitter:label2\" content=\"Est. reading time\" \/>\n\t<meta name=\"twitter:data2\" content=\"4 minuti\" \/>\n<script type=\"application\/ld+json\" class=\"yoast-schema-graph\">{\"@context\":\"https:\/\/schema.org\",\"@graph\":[{\"@type\":\"WebPage\",\"@id\":\"https:\/\/www.intoscana.it\/it\/la-toscana-ricorda-la-tragedia-della-shoah-le-celebrazioni-in-tutta-la-regione\/\",\"url\":\"https:\/\/www.intoscana.it\/it\/la-toscana-ricorda-la-tragedia-della-shoah-le-celebrazioni-in-tutta-la-regione\/\",\"name\":\"La Toscana ricorda la tragedia della Shoah: le celebrazioni in tutta la regione - intoscana\",\"isPartOf\":{\"@id\":\"https:\/\/www.intoscana.it\/it\/#website\"},\"primaryImageOfPage\":{\"@id\":\"https:\/\/www.intoscana.it\/it\/la-toscana-ricorda-la-tragedia-della-shoah-le-celebrazioni-in-tutta-la-regione\/#primaryimage\"},\"image\":{\"@id\":\"https:\/\/www.intoscana.it\/it\/la-toscana-ricorda-la-tragedia-della-shoah-le-celebrazioni-in-tutta-la-regione\/#primaryimage\"},\"thumbnailUrl\":\"https:\/\/www.intoscana.it\/wp-content\/uploads\/Giorno-della-Memoria-2023-11-e1674825995561.jpg\",\"datePublished\":\"2023-01-27T13:44:27+00:00\",\"dateModified\":\"2023-01-27T14:11:43+00:00\",\"author\":{\"@id\":\"https:\/\/www.intoscana.it\/it\/#\/schema\/person\/9223810753230f20bd670fdd322661f8\"},\"description\":\"La commemorazione al binario 16 di Santa Maria Novella a Firenze, le celebrazioni a Pisa e le pietre d'inciampo posate dagli studenti di Figline: sono solo alcuni degli eventi per il Giorno della Memoria, in ricordo delle vittime dell'Olocausto\",\"breadcrumb\":{\"@id\":\"https:\/\/www.intoscana.it\/it\/la-toscana-ricorda-la-tragedia-della-shoah-le-celebrazioni-in-tutta-la-regione\/#breadcrumb\"},\"inLanguage\":\"it-IT\",\"potentialAction\":[{\"@type\":\"ReadAction\",\"target\":[\"https:\/\/www.intoscana.it\/it\/la-toscana-ricorda-la-tragedia-della-shoah-le-celebrazioni-in-tutta-la-regione\/\"]}]},{\"@type\":\"ImageObject\",\"inLanguage\":\"it-IT\",\"@id\":\"https:\/\/www.intoscana.it\/it\/la-toscana-ricorda-la-tragedia-della-shoah-le-celebrazioni-in-tutta-la-regione\/#primaryimage\",\"url\":\"https:\/\/www.intoscana.it\/wp-content\/uploads\/Giorno-della-Memoria-2023-11-e1674825995561.jpg\",\"contentUrl\":\"https:\/\/www.intoscana.it\/wp-content\/uploads\/Giorno-della-Memoria-2023-11-e1674825995561.jpg\",\"width\":2048,\"height\":1365},{\"@type\":\"BreadcrumbList\",\"@id\":\"https:\/\/www.intoscana.it\/it\/la-toscana-ricorda-la-tragedia-della-shoah-le-celebrazioni-in-tutta-la-regione\/#breadcrumb\",\"itemListElement\":[{\"@type\":\"ListItem\",\"position\":1,\"name\":\"Home\",\"item\":\"https:\/\/www.intoscana.it\/it\/\"},{\"@type\":\"ListItem\",\"position\":2,\"name\":\"La Toscana ricorda la tragedia della Shoah: le celebrazioni in tutta la regione\"}]},{\"@type\":\"WebSite\",\"@id\":\"https:\/\/www.intoscana.it\/it\/#website\",\"url\":\"https:\/\/www.intoscana.it\/it\/\",\"name\":\"intoscana\",\"description\":\"\",\"potentialAction\":[{\"@type\":\"SearchAction\",\"target\":{\"@type\":\"EntryPoint\",\"urlTemplate\":\"https:\/\/www.intoscana.it\/it\/?s={search_term_string}\"},\"query-input\":{\"@type\":\"PropertyValueSpecification\",\"valueRequired\":true,\"valueName\":\"search_term_string\"}}],\"inLanguage\":\"it-IT\"},{\"@type\":\"Person\",\"@id\":\"https:\/\/www.intoscana.it\/it\/#\/schema\/person\/9223810753230f20bd670fdd322661f8\",\"name\":\"Redazione\",\"url\":\"https:\/\/www.intoscana.it\/it\/author\/redazione\/\"}]}<\/script>\n<!-- \/ Yoast SEO Premium plugin. -->","yoast_head_json":{"title":"La Toscana ricorda la tragedia della Shoah: le celebrazioni in tutta la regione - intoscana","description":"La commemorazione al binario 16 di Santa Maria Novella a Firenze, le celebrazioni a Pisa e le pietre d'inciampo posate dagli studenti di Figline: sono solo alcuni degli eventi per il Giorno della Memoria, in ricordo delle vittime dell'Olocausto","robots":{"index":"index","follow":"follow","max-snippet":"max-snippet:-1","max-image-preview":"max-image-preview:large","max-video-preview":"max-video-preview:-1"},"canonical":"https:\/\/www.intoscana.it\/it\/la-toscana-ricorda-la-tragedia-della-shoah-le-celebrazioni-in-tutta-la-regione\/","og_locale":"it_IT","og_type":"article","og_title":"La Toscana ricorda la tragedia della Shoah: le celebrazioni in tutta la regione","og_description":"La commemorazione al binario 16 di Santa Maria Novella a Firenze, le celebrazioni a Pisa e le pietre d'inciampo posate dagli studenti di Figline: sono solo alcuni degli eventi per il Giorno della Memoria, in ricordo delle vittime dell'Olocausto","og_url":"https:\/\/www.intoscana.it\/it\/la-toscana-ricorda-la-tragedia-della-shoah-le-celebrazioni-in-tutta-la-regione\/","og_site_name":"intoscana","article_publisher":"https:\/\/www.facebook.com\/intoscana.it","article_published_time":"2023-01-27T13:44:27+00:00","article_modified_time":"2023-01-27T14:11:43+00:00","og_image":[{"width":2048,"height":1365,"url":"https:\/\/www.intoscana.it\/wp-content\/uploads\/Giorno-della-Memoria-2023-11-e1674825995561.jpg","type":"image\/jpeg"}],"author":"Redazione","twitter_card":"summary_large_image","twitter_creator":"@intoscana","twitter_site":"@intoscana","twitter_misc":{"Written by":"Redazione","Est. reading time":"4 minuti"},"schema":{"@context":"https:\/\/schema.org","@graph":[{"@type":"WebPage","@id":"https:\/\/www.intoscana.it\/it\/la-toscana-ricorda-la-tragedia-della-shoah-le-celebrazioni-in-tutta-la-regione\/","url":"https:\/\/www.intoscana.it\/it\/la-toscana-ricorda-la-tragedia-della-shoah-le-celebrazioni-in-tutta-la-regione\/","name":"La Toscana ricorda la tragedia della Shoah: le celebrazioni in tutta la regione - intoscana","isPartOf":{"@id":"https:\/\/www.intoscana.it\/it\/#website"},"primaryImageOfPage":{"@id":"https:\/\/www.intoscana.it\/it\/la-toscana-ricorda-la-tragedia-della-shoah-le-celebrazioni-in-tutta-la-regione\/#primaryimage"},"image":{"@id":"https:\/\/www.intoscana.it\/it\/la-toscana-ricorda-la-tragedia-della-shoah-le-celebrazioni-in-tutta-la-regione\/#primaryimage"},"thumbnailUrl":"https:\/\/www.intoscana.it\/wp-content\/uploads\/Giorno-della-Memoria-2023-11-e1674825995561.jpg","datePublished":"2023-01-27T13:44:27+00:00","dateModified":"2023-01-27T14:11:43+00:00","author":{"@id":"https:\/\/www.intoscana.it\/it\/#\/schema\/person\/9223810753230f20bd670fdd322661f8"},"description":"La commemorazione al binario 16 di Santa Maria Novella a Firenze, le celebrazioni a Pisa e le pietre d'inciampo posate dagli studenti di Figline: sono solo alcuni degli eventi per il Giorno della Memoria, in ricordo delle vittime dell'Olocausto","breadcrumb":{"@id":"https:\/\/www.intoscana.it\/it\/la-toscana-ricorda-la-tragedia-della-shoah-le-celebrazioni-in-tutta-la-regione\/#breadcrumb"},"inLanguage":"it-IT","potentialAction":[{"@type":"ReadAction","target":["https:\/\/www.intoscana.it\/it\/la-toscana-ricorda-la-tragedia-della-shoah-le-celebrazioni-in-tutta-la-regione\/"]}]},{"@type":"ImageObject","inLanguage":"it-IT","@id":"https:\/\/www.intoscana.it\/it\/la-toscana-ricorda-la-tragedia-della-shoah-le-celebrazioni-in-tutta-la-regione\/#primaryimage","url":"https:\/\/www.intoscana.it\/wp-content\/uploads\/Giorno-della-Memoria-2023-11-e1674825995561.jpg","contentUrl":"https:\/\/www.intoscana.it\/wp-content\/uploads\/Giorno-della-Memoria-2023-11-e1674825995561.jpg","width":2048,"height":1365},{"@type":"BreadcrumbList","@id":"https:\/\/www.intoscana.it\/it\/la-toscana-ricorda-la-tragedia-della-shoah-le-celebrazioni-in-tutta-la-regione\/#breadcrumb","itemListElement":[{"@type":"ListItem","position":1,"name":"Home","item":"https:\/\/www.intoscana.it\/it\/"},{"@type":"ListItem","position":2,"name":"La Toscana ricorda la tragedia della Shoah: le celebrazioni in tutta la regione"}]},{"@type":"WebSite","@id":"https:\/\/www.intoscana.it\/it\/#website","url":"https:\/\/www.intoscana.it\/it\/","name":"intoscana","description":"","potentialAction":[{"@type":"SearchAction","target":{"@type":"EntryPoint","urlTemplate":"https:\/\/www.intoscana.it\/it\/?s={search_term_string}"},"query-input":{"@type":"PropertyValueSpecification","valueRequired":true,"valueName":"search_term_string"}}],"inLanguage":"it-IT"},{"@type":"Person","@id":"https:\/\/www.intoscana.it\/it\/#\/schema\/person\/9223810753230f20bd670fdd322661f8","name":"Redazione","url":"https:\/\/www.intoscana.it\/it\/author\/redazione\/"}]}},"_links":{"self":[{"href":"https:\/\/www.intoscana.it\/it\/wp-json\/wp\/v2\/posts\/269212","targetHints":{"allow":["GET"]}}],"collection":[{"href":"https:\/\/www.intoscana.it\/it\/wp-json\/wp\/v2\/posts"}],"about":[{"href":"https:\/\/www.intoscana.it\/it\/wp-json\/wp\/v2\/types\/post"}],"author":[{"embeddable":true,"href":"https:\/\/www.intoscana.it\/it\/wp-json\/wp\/v2\/users\/525"}],"replies":[{"embeddable":true,"href":"https:\/\/www.intoscana.it\/it\/wp-json\/wp\/v2\/comments?post=269212"}],"version-history":[{"count":0,"href":"https:\/\/www.intoscana.it\/it\/wp-json\/wp\/v2\/posts\/269212\/revisions"}],"wp:featuredmedia":[{"embeddable":true,"href":"https:\/\/www.intoscana.it\/it\/wp-json\/wp\/v2\/media\/269224"}],"wp:attachment":[{"href":"https:\/\/www.intoscana.it\/it\/wp-json\/wp\/v2\/media?parent=269212"}],"wp:term":[{"taxonomy":"category","embeddable":true,"href":"https:\/\/www.intoscana.it\/it\/wp-json\/wp\/v2\/categories?post=269212"},{"taxonomy":"post_tag","embeddable":true,"href":"https:\/\/www.intoscana.it\/it\/wp-json\/wp\/v2\/tags?post=269212"}],"curies":[{"name":"wp","href":"https:\/\/api.w.org\/{rel}","templated":true}]}}