{"id":269302,"date":"2023-01-28T08:32:17","date_gmt":"2023-01-28T07:32:17","guid":{"rendered":"https:\/\/www.intoscana.it\/it\/?p=269302"},"modified":"2023-01-28T12:43:11","modified_gmt":"2023-01-28T11:43:11","slug":"a-febbraio-prato-e-femminista-con-un-mese-di-eventi-e-incontri","status":"publish","type":"post","link":"https:\/\/www.intoscana.it\/it\/a-febbraio-prato-e-femminista-con-un-mese-di-eventi-e-incontri\/","title":{"rendered":"A febbraio Prato \u00e8 femminista con un mese di eventi e incontri"},"content":{"rendered":"<p>Arriva a Prato la prima edizione del <strong>Festival Femminista<\/strong>\u00a0organizzato dall\u2019<strong>associazione Ipazia<\/strong> con il contributo di Cesvot e la collaborazione di Arci Prato, Cooperativa Alice, <a href=\"https:\/\/www.intoscana.it\/it\/articolo\/la-violenza-si-sconfigge-facendo-rete-intervista-a-francesca-ranaldi-del-centro-la-nara\/\" target=\"_blank\" rel=\"noopener\"><strong>Centro Antiviolenza La Nara<\/strong> <\/a>e con il patrocinio del Comune di Prato.<\/p>\n<p>Il festival si svolger\u00e0 durante tutto il mese di febbraio e porter\u00e0 in citt\u00e0 <strong>esperte, esperti e attiviste e attivisti di caratura nazionale.<br \/>\n<\/strong><br \/>\nSi parler\u00e0 di <strong>Serie Tv, di citt\u00e0 pi\u00f9 a misura di donna, di corpo<\/strong> e non mancheranno anche i momenti di condivisione e di divertimento.<\/p>\n<p><strong>Tutti gli eventi sono completamente gratuiti.<\/strong><\/p>\n<figure id=\"post-227960 media-227960\" class=\"align-none\"><img decoding=\"async\" src=\"https:\/\/www.intoscana.it\/wp-content\/uploads\/gancitano-maura-milanoDGT226327-alta-1024x683-1.jpg\" alt=\"\" \/><\/figure>\n<div class=\"titleimg\"><em>Maura Gancitano<\/em><\/div>\n<h3>Il programma<\/h3>\n<p><strong>1 febbraio \u2013<\/strong> ore 21,30 \u2013 Circolo Quinto Martini (via Montalese 338) a cura di Arci Prato<br \/>\nKaraoke \u2013 Le canzoni che ci hanno rovinato la vita<\/p>\n<p><strong>10 febbraio<\/strong> \u2013 ore 21 \u2013 Circolo Arci Cherubini (via Bambini 16)<br \/>\nTalk: \u201cSerie Tv, personaggi e rappresentazioni\u201d con <strong>Marina Cuollo<\/strong> (scrittrice, attivista e content creator) e<strong> Marina Pierri<\/strong> (Fondatrice di Fest e critica tv). Dalle 19 aperitivo su prenotazione ipazia.prato@gmail.com<\/p>\n<p><strong>17 febbraio<\/strong> \u2013 ore 14,30 \u2013 Pin Prato<br \/>\nSeminario: \u201cProspettiva di genere nell\u2019urbanistica di Barcellona\u201d con <strong>Zaida Muxi Martinez,<\/strong> realizzato in apertura del master \u201cCitt\u00e0 di genere\u201d.<\/p>\n<p><strong>18 febbraio<\/strong> \u2013 ore 21 \u2013 Teatro Fabbretti (via delle Gardenie 3)<br \/>\nTalk: \u201cVerso una citt\u00e0 del consenso e una citt\u00e0 femminista\u201d con Lorenzo Gasparrini (filosofo e attivista femminista) e<strong> Irene Facheris<\/strong> (scrittrice, podcaster e attivista)<\/p>\n<p><strong>23 febbraio<\/strong> \u2013 ore 21 -piazza delle Carceri<br \/>\n<strong>Women Walkabout \u2013 passeggiata per i punti pi\u00f9 critici del centro storico.<\/strong><\/p>\n<p><strong>25 febbraio<\/strong> \u2013 17,30 \u2013 Teatro Fabbretti (via delle Gardenie 3)<br \/>\nTalk \u201cCorpi e la libert\u00e0 di abitarli\u201d con <strong>Maura Gancitano, Carolina Capria e <a href=\"https:\/\/www.intoscana.it\/it\/articolo\/arriva-lestate-e-la-prova-costume-no-grazie-intervista-allattivista-dalila-bagnuli\/\" target=\"_blank\" rel=\"noopener\">Dalila Bagnuli<\/a><\/strong><\/p>\n<p>Per informazioni: <a href=\"https:\/\/www.facebook.com\/associazioneipaziaprato\" target=\"_blank\" rel=\"noopener\"><strong>https:\/\/www.facebook.com\/associazioneipaziaprato<\/strong><\/a><\/p>\n<figure id=\"post-183995 media-183995\" class=\"align-none\"><img decoding=\"async\" src=\"https:\/\/www.intoscana.it\/wp-content\/uploads\/Dalila_Bagnuli_2.jpg\" alt=\"\" \/><\/figure>\n<div class=\"titleimg\">Dalila Bagnuli<\/div>\n<p>&nbsp;<\/p>\n","protected":false},"excerpt":{"rendered":"<p>Dal 1\u00b0 al 28 febbraio l&#8217;associazione Ipazia di Prato ospiter\u00e0: Marina Cuollo, Marina Pierri, Irene Facheris, Maura Gancitano, Dalila Bagnuli e molte altre attiviste<\/p>\n","protected":false},"author":525,"featured_media":269303,"comment_status":"open","ping_status":"open","sticky":false,"template":"","format":"standard","meta":{"_acf_changed":false,"footnotes":""},"categories":[493],"tags":[4474,259],"class_list":["post-269302","post","type-post","status-publish","format-standard","has-post-thumbnail","hentry","category-cultura","tag-eventi","tag-prato"],"acf":[],"yoast_head":"<!-- This site is optimized with the Yoast SEO Premium plugin v24.2 (Yoast SEO v25.6) - https:\/\/yoast.com\/wordpress\/plugins\/seo\/ -->\n<title>A febbraio Prato \u00e8 femminista con un mese di eventi e incontri - intoscana<\/title>\n<meta name=\"description\" content=\"Dal 1\u00b0 al 28 febbraio l&#039;associazione Ipazia di Prato ospiter\u00e0: Marina Cuollo, Marina Pierri, Irene Facheris, Maura Gancitano\" \/>\n<meta name=\"robots\" content=\"index, follow, max-snippet:-1, max-image-preview:large, max-video-preview:-1\" \/>\n<link rel=\"canonical\" href=\"https:\/\/www.intoscana.it\/it\/a-febbraio-prato-e-femminista-con-un-mese-di-eventi-e-incontri\/\" \/>\n<meta property=\"og:locale\" content=\"it_IT\" \/>\n<meta property=\"og:type\" content=\"article\" \/>\n<meta property=\"og:title\" content=\"A febbraio Prato \u00e8 femminista con un mese di eventi e incontri\" \/>\n<meta property=\"og:description\" content=\"Dal 1\u00b0 al 28 febbraio l&#039;associazione Ipazia di Prato ospiter\u00e0: Marina Cuollo, Marina Pierri, Irene Facheris, Maura Gancitano\" \/>\n<meta property=\"og:url\" content=\"https:\/\/www.intoscana.it\/it\/a-febbraio-prato-e-femminista-con-un-mese-di-eventi-e-incontri\/\" \/>\n<meta property=\"og:site_name\" content=\"intoscana\" \/>\n<meta property=\"article:publisher\" content=\"https:\/\/www.facebook.com\/intoscana.it\" \/>\n<meta property=\"article:published_time\" content=\"2023-01-28T07:32:17+00:00\" \/>\n<meta property=\"article:modified_time\" content=\"2023-01-28T11:43:11+00:00\" \/>\n<meta property=\"og:image\" content=\"https:\/\/www.intoscana.it\/wp-content\/uploads\/2623894608665418834.jpg\" \/>\n\t<meta property=\"og:image:width\" content=\"500\" \/>\n\t<meta property=\"og:image:height\" content=\"261\" \/>\n\t<meta property=\"og:image:type\" content=\"image\/jpeg\" \/>\n<meta name=\"author\" content=\"Redazione\" \/>\n<meta name=\"twitter:card\" content=\"summary_large_image\" \/>\n<meta name=\"twitter:creator\" content=\"@intoscana\" \/>\n<meta name=\"twitter:site\" content=\"@intoscana\" \/>\n<meta name=\"twitter:label1\" content=\"Written by\" \/>\n\t<meta name=\"twitter:data1\" content=\"Redazione\" \/>\n\t<meta name=\"twitter:label2\" content=\"Est. reading time\" \/>\n\t<meta name=\"twitter:data2\" content=\"1 minuto\" \/>\n<script type=\"application\/ld+json\" class=\"yoast-schema-graph\">{\"@context\":\"https:\/\/schema.org\",\"@graph\":[{\"@type\":\"WebPage\",\"@id\":\"https:\/\/www.intoscana.it\/it\/a-febbraio-prato-e-femminista-con-un-mese-di-eventi-e-incontri\/\",\"url\":\"https:\/\/www.intoscana.it\/it\/a-febbraio-prato-e-femminista-con-un-mese-di-eventi-e-incontri\/\",\"name\":\"A febbraio Prato \u00e8 femminista con un mese di eventi e incontri - intoscana\",\"isPartOf\":{\"@id\":\"https:\/\/www.intoscana.it\/it\/#website\"},\"primaryImageOfPage\":{\"@id\":\"https:\/\/www.intoscana.it\/it\/a-febbraio-prato-e-femminista-con-un-mese-di-eventi-e-incontri\/#primaryimage\"},\"image\":{\"@id\":\"https:\/\/www.intoscana.it\/it\/a-febbraio-prato-e-femminista-con-un-mese-di-eventi-e-incontri\/#primaryimage\"},\"thumbnailUrl\":\"https:\/\/www.intoscana.it\/wp-content\/uploads\/2623894608665418834.jpg\",\"datePublished\":\"2023-01-28T07:32:17+00:00\",\"dateModified\":\"2023-01-28T11:43:11+00:00\",\"author\":{\"@id\":\"https:\/\/www.intoscana.it\/it\/#\/schema\/person\/9223810753230f20bd670fdd322661f8\"},\"description\":\"Dal 1\u00b0 al 28 febbraio l'associazione Ipazia di Prato ospiter\u00e0: Marina Cuollo, Marina Pierri, Irene Facheris, Maura Gancitano\",\"breadcrumb\":{\"@id\":\"https:\/\/www.intoscana.it\/it\/a-febbraio-prato-e-femminista-con-un-mese-di-eventi-e-incontri\/#breadcrumb\"},\"inLanguage\":\"it-IT\",\"potentialAction\":[{\"@type\":\"ReadAction\",\"target\":[\"https:\/\/www.intoscana.it\/it\/a-febbraio-prato-e-femminista-con-un-mese-di-eventi-e-incontri\/\"]}]},{\"@type\":\"ImageObject\",\"inLanguage\":\"it-IT\",\"@id\":\"https:\/\/www.intoscana.it\/it\/a-febbraio-prato-e-femminista-con-un-mese-di-eventi-e-incontri\/#primaryimage\",\"url\":\"https:\/\/www.intoscana.it\/wp-content\/uploads\/2623894608665418834.jpg\",\"contentUrl\":\"https:\/\/www.intoscana.it\/wp-content\/uploads\/2623894608665418834.jpg\",\"width\":500,\"height\":261},{\"@type\":\"BreadcrumbList\",\"@id\":\"https:\/\/www.intoscana.it\/it\/a-febbraio-prato-e-femminista-con-un-mese-di-eventi-e-incontri\/#breadcrumb\",\"itemListElement\":[{\"@type\":\"ListItem\",\"position\":1,\"name\":\"Home\",\"item\":\"https:\/\/www.intoscana.it\/it\/\"},{\"@type\":\"ListItem\",\"position\":2,\"name\":\"A febbraio Prato \u00e8 femminista con un mese di eventi e incontri\"}]},{\"@type\":\"WebSite\",\"@id\":\"https:\/\/www.intoscana.it\/it\/#website\",\"url\":\"https:\/\/www.intoscana.it\/it\/\",\"name\":\"intoscana\",\"description\":\"\",\"potentialAction\":[{\"@type\":\"SearchAction\",\"target\":{\"@type\":\"EntryPoint\",\"urlTemplate\":\"https:\/\/www.intoscana.it\/it\/?s={search_term_string}\"},\"query-input\":{\"@type\":\"PropertyValueSpecification\",\"valueRequired\":true,\"valueName\":\"search_term_string\"}}],\"inLanguage\":\"it-IT\"},{\"@type\":\"Person\",\"@id\":\"https:\/\/www.intoscana.it\/it\/#\/schema\/person\/9223810753230f20bd670fdd322661f8\",\"name\":\"Redazione\",\"url\":\"https:\/\/www.intoscana.it\/it\/author\/redazione\/\"}]}<\/script>\n<!-- \/ Yoast SEO Premium plugin. -->","yoast_head_json":{"title":"A febbraio Prato \u00e8 femminista con un mese di eventi e incontri - intoscana","description":"Dal 1\u00b0 al 28 febbraio l'associazione Ipazia di Prato ospiter\u00e0: Marina Cuollo, Marina Pierri, Irene Facheris, Maura Gancitano","robots":{"index":"index","follow":"follow","max-snippet":"max-snippet:-1","max-image-preview":"max-image-preview:large","max-video-preview":"max-video-preview:-1"},"canonical":"https:\/\/www.intoscana.it\/it\/a-febbraio-prato-e-femminista-con-un-mese-di-eventi-e-incontri\/","og_locale":"it_IT","og_type":"article","og_title":"A febbraio Prato \u00e8 femminista con un mese di eventi e incontri","og_description":"Dal 1\u00b0 al 28 febbraio l'associazione Ipazia di Prato ospiter\u00e0: Marina Cuollo, Marina Pierri, Irene Facheris, Maura Gancitano","og_url":"https:\/\/www.intoscana.it\/it\/a-febbraio-prato-e-femminista-con-un-mese-di-eventi-e-incontri\/","og_site_name":"intoscana","article_publisher":"https:\/\/www.facebook.com\/intoscana.it","article_published_time":"2023-01-28T07:32:17+00:00","article_modified_time":"2023-01-28T11:43:11+00:00","og_image":[{"width":500,"height":261,"url":"https:\/\/www.intoscana.it\/wp-content\/uploads\/2623894608665418834.jpg","type":"image\/jpeg"}],"author":"Redazione","twitter_card":"summary_large_image","twitter_creator":"@intoscana","twitter_site":"@intoscana","twitter_misc":{"Written by":"Redazione","Est. reading time":"1 minuto"},"schema":{"@context":"https:\/\/schema.org","@graph":[{"@type":"WebPage","@id":"https:\/\/www.intoscana.it\/it\/a-febbraio-prato-e-femminista-con-un-mese-di-eventi-e-incontri\/","url":"https:\/\/www.intoscana.it\/it\/a-febbraio-prato-e-femminista-con-un-mese-di-eventi-e-incontri\/","name":"A febbraio Prato \u00e8 femminista con un mese di eventi e incontri - intoscana","isPartOf":{"@id":"https:\/\/www.intoscana.it\/it\/#website"},"primaryImageOfPage":{"@id":"https:\/\/www.intoscana.it\/it\/a-febbraio-prato-e-femminista-con-un-mese-di-eventi-e-incontri\/#primaryimage"},"image":{"@id":"https:\/\/www.intoscana.it\/it\/a-febbraio-prato-e-femminista-con-un-mese-di-eventi-e-incontri\/#primaryimage"},"thumbnailUrl":"https:\/\/www.intoscana.it\/wp-content\/uploads\/2623894608665418834.jpg","datePublished":"2023-01-28T07:32:17+00:00","dateModified":"2023-01-28T11:43:11+00:00","author":{"@id":"https:\/\/www.intoscana.it\/it\/#\/schema\/person\/9223810753230f20bd670fdd322661f8"},"description":"Dal 1\u00b0 al 28 febbraio l'associazione Ipazia di Prato ospiter\u00e0: Marina Cuollo, Marina Pierri, Irene Facheris, Maura Gancitano","breadcrumb":{"@id":"https:\/\/www.intoscana.it\/it\/a-febbraio-prato-e-femminista-con-un-mese-di-eventi-e-incontri\/#breadcrumb"},"inLanguage":"it-IT","potentialAction":[{"@type":"ReadAction","target":["https:\/\/www.intoscana.it\/it\/a-febbraio-prato-e-femminista-con-un-mese-di-eventi-e-incontri\/"]}]},{"@type":"ImageObject","inLanguage":"it-IT","@id":"https:\/\/www.intoscana.it\/it\/a-febbraio-prato-e-femminista-con-un-mese-di-eventi-e-incontri\/#primaryimage","url":"https:\/\/www.intoscana.it\/wp-content\/uploads\/2623894608665418834.jpg","contentUrl":"https:\/\/www.intoscana.it\/wp-content\/uploads\/2623894608665418834.jpg","width":500,"height":261},{"@type":"BreadcrumbList","@id":"https:\/\/www.intoscana.it\/it\/a-febbraio-prato-e-femminista-con-un-mese-di-eventi-e-incontri\/#breadcrumb","itemListElement":[{"@type":"ListItem","position":1,"name":"Home","item":"https:\/\/www.intoscana.it\/it\/"},{"@type":"ListItem","position":2,"name":"A febbraio Prato \u00e8 femminista con un mese di eventi e incontri"}]},{"@type":"WebSite","@id":"https:\/\/www.intoscana.it\/it\/#website","url":"https:\/\/www.intoscana.it\/it\/","name":"intoscana","description":"","potentialAction":[{"@type":"SearchAction","target":{"@type":"EntryPoint","urlTemplate":"https:\/\/www.intoscana.it\/it\/?s={search_term_string}"},"query-input":{"@type":"PropertyValueSpecification","valueRequired":true,"valueName":"search_term_string"}}],"inLanguage":"it-IT"},{"@type":"Person","@id":"https:\/\/www.intoscana.it\/it\/#\/schema\/person\/9223810753230f20bd670fdd322661f8","name":"Redazione","url":"https:\/\/www.intoscana.it\/it\/author\/redazione\/"}]}},"_links":{"self":[{"href":"https:\/\/www.intoscana.it\/it\/wp-json\/wp\/v2\/posts\/269302","targetHints":{"allow":["GET"]}}],"collection":[{"href":"https:\/\/www.intoscana.it\/it\/wp-json\/wp\/v2\/posts"}],"about":[{"href":"https:\/\/www.intoscana.it\/it\/wp-json\/wp\/v2\/types\/post"}],"author":[{"embeddable":true,"href":"https:\/\/www.intoscana.it\/it\/wp-json\/wp\/v2\/users\/525"}],"replies":[{"embeddable":true,"href":"https:\/\/www.intoscana.it\/it\/wp-json\/wp\/v2\/comments?post=269302"}],"version-history":[{"count":0,"href":"https:\/\/www.intoscana.it\/it\/wp-json\/wp\/v2\/posts\/269302\/revisions"}],"wp:featuredmedia":[{"embeddable":true,"href":"https:\/\/www.intoscana.it\/it\/wp-json\/wp\/v2\/media\/269303"}],"wp:attachment":[{"href":"https:\/\/www.intoscana.it\/it\/wp-json\/wp\/v2\/media?parent=269302"}],"wp:term":[{"taxonomy":"category","embeddable":true,"href":"https:\/\/www.intoscana.it\/it\/wp-json\/wp\/v2\/categories?post=269302"},{"taxonomy":"post_tag","embeddable":true,"href":"https:\/\/www.intoscana.it\/it\/wp-json\/wp\/v2\/tags?post=269302"}],"curies":[{"name":"wp","href":"https:\/\/api.w.org\/{rel}","templated":true}]}}