{"id":269466,"date":"2023-01-30T17:34:29","date_gmt":"2023-01-30T16:34:29","guid":{"rendered":"https:\/\/www.intoscana.it\/it\/?p=269466"},"modified":"2023-02-03T15:04:28","modified_gmt":"2023-02-03T14:04:28","slug":"dentro-e-fuori-di-taste-le-nuove-eccellenze-dellenogastronomia-toscana","status":"publish","type":"post","link":"https:\/\/www.intoscana.it\/it\/dentro-e-fuori-di-taste-le-nuove-eccellenze-dellenogastronomia-toscana\/","title":{"rendered":"Dentro e Fuori di Taste: le nuove eccellenze dell&#8217;enogastronomia toscana"},"content":{"rendered":"<p style=\"padding-left: 40px;\">La Toscana si presenta a <strong>Taste<\/strong>, dentro e fuori la Fortezza da Basso <a href=\"https:\/\/www.intoscana.it\/it\/articolo\/il-ritorno-di-taste-in-fortezza-tra-musica-pasta-e-amari\/\">dal 4 al 6 febbraio<\/a>. Un lungo elenco di produttori e di <strong>novit\u00e0 Made in Tuscany<\/strong>, cene eventi e degustazioni in giro per caff\u00e8, locali e ristoranti di Firenze. L&#8217;occasione per conoscere e apprezzare sapori nuovi e ricette antiche, tradizionali.<\/p>\n<p>Un focus, quest&#8217;anno, \u00e8 dedicato agli amari e alla pasta <strong>all&#8217;interno della Fortezza da Basso<\/strong>. Un fil rouge che si ritrova in molte delle degustazioni e che coinvolge <strong>il mondo della mixology<\/strong>, la ristorazione fiorentina e perfino le pizzerie toscane. Uno spaccato di una realt\u00e0 toscana che non finisce mai di stupire.<\/p>\n<h3>Sughi, marmellate e conserve<\/h3>\n<p>Uno storico marchio toscano, che ha recente cambiato propriet\u00e0 ma non residenza, ben salda a Firenze. L&#8217;iconico mastello delle <strong>marmellate Chiaverini<\/strong> \u00e8 rimasto lo stesso dal 1928. Immutata la ricetta per <strong>la marmellata dei fiorentini<\/strong>. Frutta, zucchero e passione sono gli ingredienti unici, da apprezzare con more di rovo, arance con scorze e fichi e mandorle.\u00a0 Domenica 5 febbraio Fratelli Chiaverini presenta &#8220;<em>Il Brunch Fiorentino<\/em>&#8221; da <strong>Ditta Artigianale<\/strong> con proposte in versione dolce e salata.<\/p>\n<p><strong>Pozzi Beccafumo<\/strong> bio-farm vanta il primato di essere la prima e unica azienda a conservare in olio biologico <strong>l&#8217;Aglione Gigante della Val d&#8217;Orcia<\/strong>. Un prodotto tipico dalle caratteristiche inconfondibili: chi lo ha provato poitr\u00e0 giurare che ha un sapore speciale. Al resto contribuisce il fatto di essere <strong>coltivato senza concimi<\/strong> in un terroire semi-vulcanico.<\/p>\n<figure id=\"post-269625 media-269625\" class=\"align-none\"><img decoding=\"async\" src=\"https:\/\/www.intoscana.it\/wp-content\/uploads\/Candy-Geisha2-scaled-e1675094939275.jpg\" alt=\"\" \/><\/figure>\n<div class=\"titleimg\">Candy Geisha, il caff\u00e8 pi\u00f9 caro del mondo di Ditta Artigianale<\/div>\n<h3>Il caff\u00e8 pi\u00f9 caro del mondo<\/h3>\n<p><strong>Ditta Artigianale<\/strong> debutta a Taste e lo fa con <strong>il caff\u00e8 pi\u00f9 caro del mondo<\/strong>. La prima linea di caffetterie dedicate al coffee specialty e microroastery fondata da Francesco Sanapo porta in Fortezza <strong>Candy Geisha<\/strong>, variet\u00e0 colombiana da<strong> 100 euro al kg<\/strong> e un complesso processo di lavorazione. Da provare anche i <strong>learning box<\/strong> per imparare a conoscere i segreti del caff\u00e8 a casa.<\/p>\n<p><strong>Caff\u00e8 Corsini<\/strong> con la <strong>riserva Silvano Corsini<\/strong> protagonista della colazione siciliana rivisitata da Ar\u00e0 (via Carducci 55r) ogni mattina dalle ore 9 alle ore 11.30 dal 4 al 6 febbraio: granita in versione invernale e brioche col tuppo ripiena di crema al caff\u00e8.<\/p>\n<p>In Oriente profumi di caff\u00e8, vini rockeggianti e liquori di anima antica domenica 5 per l&#8217;aperitivo da <strong>Il Gusto di Xinge<\/strong>. Il <strong>caff\u00e8 Corsini<\/strong> \u00e8 l&#8217;ingrediente insolito e inaspettato nelle specialit\u00e0 dim sum del locale. Al bancone vengono serviti i cocktail di Davide Pellegrini e Daniel Boccia dell&#8217;<strong>Opificio Nunquam<\/strong>, mentre i vini sono della<strong> Tenuta Il Palagio<\/strong> di Sting.<\/p>\n<figure id=\"post-269626 media-269626\" class=\"align-none\"><img decoding=\"async\" src=\"https:\/\/www.intoscana.it\/wp-content\/uploads\/Il-riso-con-foglia-doro-di-Gold-Chef-Manetti.jpeg\" alt=\"\" \/><\/figure>\n<div class=\"titleimg\">Il riso con foglia d\u2019oro di Gold Chef Manetti<\/div>\n<h3>Lo storico artigiano dell&#8217;oro da mangiare<\/h3>\n<p>La famiglia Manetti produce <strong>foglia d&#8217;oro da 15 generazioni<\/strong>. Giusto Manetti una volta svolgeva il mestiere del battiloro ma da tempo utilizza la sua versatile artigianalit\u00e0 per il mondo del food: la foglia d&#8217;oro \u00e8 perfetta dal risotto al dolce e al cocktail.<\/p>\n<p>Sabato 4 febbraio riso e oro saranno protagonisti da Officine Gullo House.<strong> Gold Chef by Giusto Manetti<\/strong> Battiloro presenta un&#8217;iniziativa per <strong>Fondazione Gualtiero Marchesi<\/strong>. Media partner Firenze made in Tuscany Magazine.<\/p>\n<h3>Frescobaldi e la pasta Made in Tuscany: Tirrena<\/h3>\n<p>Dopo <strong>il vino e l&#8217;olio<\/strong> \u00e8 la volta della pasta per la <strong>famiglia Frescobaldi<\/strong>. La storica casata fiorentina dal 1300 produttrice di etichette eccellenti, ora si dedica a maccheroni e spaghetti. <strong>La pasta \u00e8 100% toscana<\/strong> di grani antichi: Cappelli, Khorasan, Evoldur coltivati nei terreni degli stessi Frescobaldi a sud-ovest di Firenze. L&#8217;essiccazione \u00e8 naturale: dai 3 ai 6 giorni in celle statiche a temperature inferiori ai 38\u00b0C. Una new entry destinata a far rumore.<\/p>\n<p>Sabato 4 febbraio il <strong>Laudemio Frescobaldi<\/strong> e la <strong>pasta Tirrena<\/strong> sono ospiti di <strong>Salotto Portinari<\/strong> dove lo chef Vito Mollica dedica un menu all&#8217;olio evo ed alla pasta. Ad accompagnare il menu i vini della prestigiosa maison del vino toscano.<\/p>\n<h3>Salumi toscani d&#8217;autore<\/h3>\n<p>L&#8217;Antica Macelleria Falorni di Greve in Chianti presenta tante novit\u00e0 al salone del gusto: <strong>il salame con chianina <\/strong>e\u00a0il <strong>salame con chianina e tartufo <\/strong>nella nuova confezione con prodotti mini da 180 grammi, la <strong>Finocchiona IGP<\/strong>, premiata con Cinque spilli dalla Guida Salumi d\u2019Italia 2023. Non mancher\u00e0 per la storica attivit\u00e0 dal 1806 <strong>il prosciutto affinato sotto la cenere<\/strong>.<\/p>\n<h3>La mixology toscana avanza<\/h3>\n<p>Nella sezione dedicata da Taste agli Amari e alla mixology la presenza toscana \u00e8 nutrita. <strong>Amaro 21<\/strong>, infuso alcolico servito in osterie e locande toscane d&#8217;antan come digestivo grazie alle note amare di genziane, rabarbaro e angeliche compensate da agrumi e bacche di ginepro.<\/p>\n<p><strong>Deta<\/strong> \u00e8 una distilleria che produce spirits dal 1926. Nella terra del <strong>Chianti Classico<\/strong> non deve sorprendere che le grappe sianno ottenute dalle vinacce dei vitigni <strong>Sangiovese, Canaiolo, Colorino, Malvasia nera<\/strong> ed altri vitigni a bacca rossa. Se l&#8217;\u2019Antico Amaro delle Terme viene affinato in botte come il vino, il Gin Giusto \u00e8 ottenuto da bacche di ginepro del Chianti.<\/p>\n<p><strong>Fattoria Barbarossa<\/strong> \u00e8 il felice incontro tra melograni biologici e piante aromatiche: arancia amara, tarassaco, genziana, finocchietto selvatico e ginepro. Il risultato \u00e8 <strong>l&#8217;Elixir Barbarossa<\/strong> con propriet\u00e0 toniche e digestive. <strong>Canapone<\/strong>, alias Leopoldo II \u00e8 ricordato in Toscana per le tante iniziative meritorie. Pochi ricordano invece la distilleria, perduta, aperta dal Granduca nel 1851. <strong>Il Gin Toscano dell&#8217;Alta Val di Cecina<\/strong> &#8220;arricchito&#8221; con frutti di mirto e sale di Volterra diventa quindi un omaggio a Canapone.<\/p>\n<figure id=\"post-269629 media-269629\" class=\"align-none\"><img decoding=\"async\" src=\"https:\/\/www.intoscana.it\/wp-content\/uploads\/Peter-in-Florence-e1675096096383.jpeg\" alt=\"\" \/><\/figure>\n<div class=\"titleimg\">Peter in Florence<\/div>\n<h3>Sapore di primavera per Peter in Florence<\/h3>\n<p>Peter in Florence \u00e8 un <strong>London Dry Gin Made in Tuscany<\/strong>. Se tra le 14 botaniche spicca l&#8217;Iris, simbolo stesso di Firenze, a fare la differenza \u00e8 anche <strong>l&#8217;alambicco carterhead<\/strong>: il primo presente in Italia, riprodotto fedelmente secondo il progetto originale del del 1831. A Taste presenta in anteprima la<b> Spring Limited Edition <\/b>con zafferano e camomilla.<\/p>\n<p>I primi campioni della Limited Edition dedicata alla primavera si potranno assaggiare in Fortezza e anche nei Fuori di Taste. <strong>Peter in Florence<\/strong> sar\u00e0 protagonista venerd\u00ec 3 alle ore 19.30 <b>al Caff\u00e8 dell&#8217;Oro<\/b> in degustazione con i formaggi De&#8217; Magi,sabato 4 febbraio alle ore 20 presso il<b> Bistro 84 Rosso in Borgo Ognissanti\u00a0<\/b>durante una cena in varie tappe gourmet, introdotta dal giornalista e critico enogastronomico <strong>Leonardo Romanelli<\/strong>.<\/p>\n<h3>Dal gin in marmo bianco al Re dei Re<\/h3>\n<p>Si presenta venerd\u00ec 3 da Harry&#8217;s Bar Firenze <strong>Maite, distilleria libera<\/strong> di Marina di Carrara: il segreto dei suoi prodotti \u00e8 il marmo bianco usato per distillare. Nascono cos\u00ec il gin \u201c<em>Spiaggia Lunga<\/em>\u201d, la vodka \u201c<em>Statuaria<\/em>\u201d e la novit\u00e0: il gin \u201c<em>Fiamma<\/em>\u201d.<\/p>\n<p>Domenica 5 febbraio all&#8217;Harry&#8217;s Bar Firenze <strong>il liquorificio livornese<\/strong> <strong>Re dei Re<\/strong> di Fabio e Piercristian Elettrico presenta la sua gamma di distillati pluripremiati: Bitter Amaranto, Elektro Gin, Amarangela, Peach Brandy e Amarea. Festeggia cos\u00ec il rebranding che conclude l&#8217;anno del decennale.<\/p>\n<h3>Gli aperitivi insoliti e agricoli<\/h3>\n<p>Aperitivo Insolito o meglio agrisound da <strong>Toscanino in Rinascente<\/strong> per l&#8217;anteprima nazionale del <strong>Vermouth Agricolo<\/strong> delle Colline di Firenze della <strong>Fattoria Lavacchio Bio-Winery<\/strong>, fatto con uve biologiche di Chardonnay, Viognier e Sauvignon Blanc. Un prodotto artigianale che ben si presta alla miscelazione e si sposa alla grande con i Pecorini Toscani DOP della <strong>Busti Formaggi<\/strong> premiati al World Cheese Award 2022\/2023.<\/p>\n<h3>La rivoluzione della pizza<\/h3>\n<p>Il mondo della pizza \u00e8 in fermento e gioved\u00ec 2 febbraio viene presentato presso la trattoria Da Burde il libro &#8220;<em>Pizza Revolution<\/em>&#8221; del pizzaiolo <strong>Stefano Canosci<\/strong> edito da Trenta Editore. Venerd\u00ec 3 ancora pizza nel segno della novit\u00e0: <strong>Toscanino in Rinascente<\/strong> ospita &#8220;<em>Caterina va in Giappone&#8230;ma con le mani in pasta<\/em>&#8220;. Un aperitivo insolito dove la Barlady <strong>Francesca Gentile<\/strong> creer\u00e0 un pairing a base di <strong>Floressence Tuscan Dry Gin<\/strong> da abbinare alla pizza in versione Uramaki, creazione originale del pizzaiolo <strong>Manuel Maiorano<\/strong>, e al Crunchy Shokupan, il lievitato ispirato al pane giapponese, del maestro lievitista <strong>Gabriele Dani<\/strong>.<\/p>\n<figure id=\"post-266930 media-266930\" class=\"align-none\"><img decoding=\"async\" src=\"https:\/\/www.intoscana.it\/wp-content\/uploads\/324352860_729307741741660_7097923723439406765_n.jpg\" alt=\"\" \/><\/figure>\n<div class=\"titleimg\">La bottega la Schiacciata di Luisanna Messeri e Massimiliano Parri (al centro) new entry al Mercato Centrale Firenze<\/div>\n<h3>La Toscana e la Puglia nella schiacciata<\/h3>\n<p>Scontro tra titani: le tradizioni gastronomiche di Toscana e Puglia si incontrano in campo neutro, pardon dentro una Schiacciata. E&#8217; quella che ha debuttato da poche settimane al <strong>Mercato Centrale<\/strong> nella bottega di <strong>Massimiliano Parri e Luisanna Messeri<\/strong>. Ora protagonista venerd\u00ec 3 di un cooking show.<\/p>\n<p>Tutta un&#8217;altra storia tra profumi e prodotti del Sud con i prodotti di <strong>Frantoio Muraglia, Salumificio Santoro<\/strong> e la burrata di Andria. A conferire uno stile inconfondibile alla schiacciata ci pensano poi i tessuti made in <strong>Tablecloths.it<\/strong> e i piatti firmati Bitossi Home.<\/p>\n","protected":false},"excerpt":{"rendered":"<p>Le novit\u00e0 nel mondo del caff\u00e8, delle conserve e delle marmellate, della pasta ma soprattutto dei distillati e in particolare degli amari<\/p>\n","protected":false},"author":554,"featured_media":170871,"comment_status":"open","ping_status":"open","sticky":false,"template":"","format":"standard","meta":{"_acf_changed":false,"footnotes":""},"categories":[8],"tags":[5844,436,1622],"class_list":["post-269466","post","type-post","status-publish","format-standard","has-post-thumbnail","hentry","category-enogastronomia","tag-made-in-tuscany","tag-prodotti-tipici","tag-taste"],"acf":[],"yoast_head":"<!-- This site is optimized with the Yoast SEO Premium plugin v24.2 (Yoast SEO v25.6) - https:\/\/yoast.com\/wordpress\/plugins\/seo\/ -->\n<title>Dentro e Fuori di Taste: le nuove eccellenze dell&#039;enogastronomia toscana - intoscana<\/title>\n<meta name=\"description\" content=\"Le novit\u00e0 nel mondo del caff\u00e8, delle conserve e delle marmellate, della pasta ma soprattutto dei distillati e in particolare degli amari\" \/>\n<meta name=\"robots\" content=\"index, follow, max-snippet:-1, max-image-preview:large, max-video-preview:-1\" \/>\n<link rel=\"canonical\" href=\"https:\/\/www.intoscana.it\/it\/dentro-e-fuori-di-taste-le-nuove-eccellenze-dellenogastronomia-toscana\/\" \/>\n<meta property=\"og:locale\" content=\"it_IT\" \/>\n<meta property=\"og:type\" content=\"article\" \/>\n<meta property=\"og:title\" content=\"Dentro e Fuori di Taste: le nuove eccellenze dell&#039;enogastronomia toscana\" \/>\n<meta property=\"og:description\" content=\"Le novit\u00e0 nel mondo del caff\u00e8, delle conserve e delle marmellate, della pasta ma soprattutto dei distillati e in particolare degli amari\" \/>\n<meta property=\"og:url\" content=\"https:\/\/www.intoscana.it\/it\/dentro-e-fuori-di-taste-le-nuove-eccellenze-dellenogastronomia-toscana\/\" \/>\n<meta property=\"og:site_name\" content=\"intoscana\" \/>\n<meta property=\"article:publisher\" content=\"https:\/\/www.facebook.com\/intoscana.it\" \/>\n<meta property=\"article:published_time\" content=\"2023-01-30T16:34:29+00:00\" \/>\n<meta property=\"article:modified_time\" content=\"2023-02-03T14:04:28+00:00\" \/>\n<meta property=\"og:image\" content=\"https:\/\/www.intoscana.it\/wp-content\/uploads\/Pitti-Taste-2021.jpg\" \/>\n\t<meta property=\"og:image:width\" content=\"1280\" \/>\n\t<meta property=\"og:image:height\" content=\"720\" \/>\n\t<meta property=\"og:image:type\" content=\"image\/jpeg\" \/>\n<meta name=\"author\" content=\"Raffaella Galamini\" \/>\n<meta name=\"twitter:card\" content=\"summary_large_image\" \/>\n<meta name=\"twitter:creator\" content=\"@orio\" \/>\n<meta name=\"twitter:site\" content=\"@intoscana\" \/>\n<meta name=\"twitter:label1\" content=\"Written by\" \/>\n\t<meta name=\"twitter:data1\" content=\"Raffaella Galamini\" \/>\n\t<meta name=\"twitter:label2\" content=\"Est. reading time\" \/>\n\t<meta name=\"twitter:data2\" content=\"7 minuti\" \/>\n<script type=\"application\/ld+json\" class=\"yoast-schema-graph\">{\"@context\":\"https:\/\/schema.org\",\"@graph\":[{\"@type\":\"WebPage\",\"@id\":\"https:\/\/www.intoscana.it\/it\/dentro-e-fuori-di-taste-le-nuove-eccellenze-dellenogastronomia-toscana\/\",\"url\":\"https:\/\/www.intoscana.it\/it\/dentro-e-fuori-di-taste-le-nuove-eccellenze-dellenogastronomia-toscana\/\",\"name\":\"Dentro e Fuori di Taste: le nuove eccellenze dell'enogastronomia toscana - intoscana\",\"isPartOf\":{\"@id\":\"https:\/\/www.intoscana.it\/it\/#website\"},\"primaryImageOfPage\":{\"@id\":\"https:\/\/www.intoscana.it\/it\/dentro-e-fuori-di-taste-le-nuove-eccellenze-dellenogastronomia-toscana\/#primaryimage\"},\"image\":{\"@id\":\"https:\/\/www.intoscana.it\/it\/dentro-e-fuori-di-taste-le-nuove-eccellenze-dellenogastronomia-toscana\/#primaryimage\"},\"thumbnailUrl\":\"https:\/\/www.intoscana.it\/wp-content\/uploads\/Pitti-Taste-2021.jpg\",\"datePublished\":\"2023-01-30T16:34:29+00:00\",\"dateModified\":\"2023-02-03T14:04:28+00:00\",\"author\":{\"@id\":\"https:\/\/www.intoscana.it\/it\/#\/schema\/person\/9eb9daa846a49fe51af39a73d9d1986b\"},\"description\":\"Le novit\u00e0 nel mondo del caff\u00e8, delle conserve e delle marmellate, della pasta ma soprattutto dei distillati e in particolare degli amari\",\"breadcrumb\":{\"@id\":\"https:\/\/www.intoscana.it\/it\/dentro-e-fuori-di-taste-le-nuove-eccellenze-dellenogastronomia-toscana\/#breadcrumb\"},\"inLanguage\":\"it-IT\",\"potentialAction\":[{\"@type\":\"ReadAction\",\"target\":[\"https:\/\/www.intoscana.it\/it\/dentro-e-fuori-di-taste-le-nuove-eccellenze-dellenogastronomia-toscana\/\"]}]},{\"@type\":\"ImageObject\",\"inLanguage\":\"it-IT\",\"@id\":\"https:\/\/www.intoscana.it\/it\/dentro-e-fuori-di-taste-le-nuove-eccellenze-dellenogastronomia-toscana\/#primaryimage\",\"url\":\"https:\/\/www.intoscana.it\/wp-content\/uploads\/Pitti-Taste-2021.jpg\",\"contentUrl\":\"https:\/\/www.intoscana.it\/wp-content\/uploads\/Pitti-Taste-2021.jpg\",\"width\":1280,\"height\":720,\"caption\":\"Food culture, trend e kitchen lifestyle: \u00e8 Taste alla Fortezza da Basso\"},{\"@type\":\"BreadcrumbList\",\"@id\":\"https:\/\/www.intoscana.it\/it\/dentro-e-fuori-di-taste-le-nuove-eccellenze-dellenogastronomia-toscana\/#breadcrumb\",\"itemListElement\":[{\"@type\":\"ListItem\",\"position\":1,\"name\":\"Home\",\"item\":\"https:\/\/www.intoscana.it\/it\/\"},{\"@type\":\"ListItem\",\"position\":2,\"name\":\"Dentro e Fuori di Taste: le nuove eccellenze dell&#8217;enogastronomia toscana\"}]},{\"@type\":\"WebSite\",\"@id\":\"https:\/\/www.intoscana.it\/it\/#website\",\"url\":\"https:\/\/www.intoscana.it\/it\/\",\"name\":\"intoscana\",\"description\":\"\",\"potentialAction\":[{\"@type\":\"SearchAction\",\"target\":{\"@type\":\"EntryPoint\",\"urlTemplate\":\"https:\/\/www.intoscana.it\/it\/?s={search_term_string}\"},\"query-input\":{\"@type\":\"PropertyValueSpecification\",\"valueRequired\":true,\"valueName\":\"search_term_string\"}}],\"inLanguage\":\"it-IT\"},{\"@type\":\"Person\",\"@id\":\"https:\/\/www.intoscana.it\/it\/#\/schema\/person\/9eb9daa846a49fe51af39a73d9d1986b\",\"name\":\"Raffaella Galamini\",\"sameAs\":[\"https:\/\/x.com\/orio\"],\"url\":\"https:\/\/www.intoscana.it\/it\/author\/r-galamini\/\"}]}<\/script>\n<!-- \/ Yoast SEO Premium plugin. -->","yoast_head_json":{"title":"Dentro e Fuori di Taste: le nuove eccellenze dell'enogastronomia toscana - intoscana","description":"Le novit\u00e0 nel mondo del caff\u00e8, delle conserve e delle marmellate, della pasta ma soprattutto dei distillati e in particolare degli amari","robots":{"index":"index","follow":"follow","max-snippet":"max-snippet:-1","max-image-preview":"max-image-preview:large","max-video-preview":"max-video-preview:-1"},"canonical":"https:\/\/www.intoscana.it\/it\/dentro-e-fuori-di-taste-le-nuove-eccellenze-dellenogastronomia-toscana\/","og_locale":"it_IT","og_type":"article","og_title":"Dentro e Fuori di Taste: le nuove eccellenze dell'enogastronomia toscana","og_description":"Le novit\u00e0 nel mondo del caff\u00e8, delle conserve e delle marmellate, della pasta ma soprattutto dei distillati e in particolare degli amari","og_url":"https:\/\/www.intoscana.it\/it\/dentro-e-fuori-di-taste-le-nuove-eccellenze-dellenogastronomia-toscana\/","og_site_name":"intoscana","article_publisher":"https:\/\/www.facebook.com\/intoscana.it","article_published_time":"2023-01-30T16:34:29+00:00","article_modified_time":"2023-02-03T14:04:28+00:00","og_image":[{"width":1280,"height":720,"url":"https:\/\/www.intoscana.it\/wp-content\/uploads\/Pitti-Taste-2021.jpg","type":"image\/jpeg"}],"author":"Raffaella Galamini","twitter_card":"summary_large_image","twitter_creator":"@orio","twitter_site":"@intoscana","twitter_misc":{"Written by":"Raffaella Galamini","Est. reading time":"7 minuti"},"schema":{"@context":"https:\/\/schema.org","@graph":[{"@type":"WebPage","@id":"https:\/\/www.intoscana.it\/it\/dentro-e-fuori-di-taste-le-nuove-eccellenze-dellenogastronomia-toscana\/","url":"https:\/\/www.intoscana.it\/it\/dentro-e-fuori-di-taste-le-nuove-eccellenze-dellenogastronomia-toscana\/","name":"Dentro e Fuori di Taste: le nuove eccellenze dell'enogastronomia toscana - intoscana","isPartOf":{"@id":"https:\/\/www.intoscana.it\/it\/#website"},"primaryImageOfPage":{"@id":"https:\/\/www.intoscana.it\/it\/dentro-e-fuori-di-taste-le-nuove-eccellenze-dellenogastronomia-toscana\/#primaryimage"},"image":{"@id":"https:\/\/www.intoscana.it\/it\/dentro-e-fuori-di-taste-le-nuove-eccellenze-dellenogastronomia-toscana\/#primaryimage"},"thumbnailUrl":"https:\/\/www.intoscana.it\/wp-content\/uploads\/Pitti-Taste-2021.jpg","datePublished":"2023-01-30T16:34:29+00:00","dateModified":"2023-02-03T14:04:28+00:00","author":{"@id":"https:\/\/www.intoscana.it\/it\/#\/schema\/person\/9eb9daa846a49fe51af39a73d9d1986b"},"description":"Le novit\u00e0 nel mondo del caff\u00e8, delle conserve e delle marmellate, della pasta ma soprattutto dei distillati e in particolare degli amari","breadcrumb":{"@id":"https:\/\/www.intoscana.it\/it\/dentro-e-fuori-di-taste-le-nuove-eccellenze-dellenogastronomia-toscana\/#breadcrumb"},"inLanguage":"it-IT","potentialAction":[{"@type":"ReadAction","target":["https:\/\/www.intoscana.it\/it\/dentro-e-fuori-di-taste-le-nuove-eccellenze-dellenogastronomia-toscana\/"]}]},{"@type":"ImageObject","inLanguage":"it-IT","@id":"https:\/\/www.intoscana.it\/it\/dentro-e-fuori-di-taste-le-nuove-eccellenze-dellenogastronomia-toscana\/#primaryimage","url":"https:\/\/www.intoscana.it\/wp-content\/uploads\/Pitti-Taste-2021.jpg","contentUrl":"https:\/\/www.intoscana.it\/wp-content\/uploads\/Pitti-Taste-2021.jpg","width":1280,"height":720,"caption":"Food culture, trend e kitchen lifestyle: \u00e8 Taste alla Fortezza da Basso"},{"@type":"BreadcrumbList","@id":"https:\/\/www.intoscana.it\/it\/dentro-e-fuori-di-taste-le-nuove-eccellenze-dellenogastronomia-toscana\/#breadcrumb","itemListElement":[{"@type":"ListItem","position":1,"name":"Home","item":"https:\/\/www.intoscana.it\/it\/"},{"@type":"ListItem","position":2,"name":"Dentro e Fuori di Taste: le nuove eccellenze dell&#8217;enogastronomia toscana"}]},{"@type":"WebSite","@id":"https:\/\/www.intoscana.it\/it\/#website","url":"https:\/\/www.intoscana.it\/it\/","name":"intoscana","description":"","potentialAction":[{"@type":"SearchAction","target":{"@type":"EntryPoint","urlTemplate":"https:\/\/www.intoscana.it\/it\/?s={search_term_string}"},"query-input":{"@type":"PropertyValueSpecification","valueRequired":true,"valueName":"search_term_string"}}],"inLanguage":"it-IT"},{"@type":"Person","@id":"https:\/\/www.intoscana.it\/it\/#\/schema\/person\/9eb9daa846a49fe51af39a73d9d1986b","name":"Raffaella Galamini","sameAs":["https:\/\/x.com\/orio"],"url":"https:\/\/www.intoscana.it\/it\/author\/r-galamini\/"}]}},"_links":{"self":[{"href":"https:\/\/www.intoscana.it\/it\/wp-json\/wp\/v2\/posts\/269466","targetHints":{"allow":["GET"]}}],"collection":[{"href":"https:\/\/www.intoscana.it\/it\/wp-json\/wp\/v2\/posts"}],"about":[{"href":"https:\/\/www.intoscana.it\/it\/wp-json\/wp\/v2\/types\/post"}],"author":[{"embeddable":true,"href":"https:\/\/www.intoscana.it\/it\/wp-json\/wp\/v2\/users\/554"}],"replies":[{"embeddable":true,"href":"https:\/\/www.intoscana.it\/it\/wp-json\/wp\/v2\/comments?post=269466"}],"version-history":[{"count":0,"href":"https:\/\/www.intoscana.it\/it\/wp-json\/wp\/v2\/posts\/269466\/revisions"}],"wp:featuredmedia":[{"embeddable":true,"href":"https:\/\/www.intoscana.it\/it\/wp-json\/wp\/v2\/media\/170871"}],"wp:attachment":[{"href":"https:\/\/www.intoscana.it\/it\/wp-json\/wp\/v2\/media?parent=269466"}],"wp:term":[{"taxonomy":"category","embeddable":true,"href":"https:\/\/www.intoscana.it\/it\/wp-json\/wp\/v2\/categories?post=269466"},{"taxonomy":"post_tag","embeddable":true,"href":"https:\/\/www.intoscana.it\/it\/wp-json\/wp\/v2\/tags?post=269466"}],"curies":[{"name":"wp","href":"https:\/\/api.w.org\/{rel}","templated":true}]}}