{"id":269653,"date":"2023-01-31T09:14:14","date_gmt":"2023-01-31T08:14:14","guid":{"rendered":"https:\/\/www.intoscana.it\/it\/?p=269653"},"modified":"2023-01-31T17:53:13","modified_gmt":"2023-01-31T16:53:13","slug":"l-appello-di-legacoop-appalti-adeguati-allinflazione","status":"publish","type":"post","link":"https:\/\/www.intoscana.it\/it\/l-appello-di-legacoop-appalti-adeguati-allinflazione\/","title":{"rendered":"L&#8217;appello di Legacoop Toscana: &#8220;Appalti adeguati all&#8217;inflazione&#8221;"},"content":{"rendered":"<p>Un cambiamento negli appalti, contrasto alle false cooperative, una riforma fiscale e previdenziale per le fasce di reddito pi\u00f9 deboli, la modifica della legge regionale sulla cooperazione. Sono alcune delle richieste<b>\u00a0<\/b>che arrivano\u00a0dal\u00a0<b>14\u00b0 Congresso di Legacoop\u00a0Toscana<\/b>, che si \u00e8 aperto concluso<b>\u00a0a Firenze\u00a0<\/b>(Palazzo degli Affari, Piazza Adua 1).<\/p>\n<p><strong>Roberto Negrini<\/strong> \u00e8 stato rieletto per la terza volta presidente di <strong>Legacoop Toscana<\/strong> insieme ai <strong>delegati al congresso<\/strong> nazionale Legacoop (2-4 marzo), e alla<strong> nuova direzione<\/strong> di Legacoop Toscana.<\/p>\n<p>Circa<b>\u00a0300\u00a0i\u00a0delegati\u00a0presenti<\/b>\u00a0al Congresso,\u00a0tappa toscana\u00a0in direzione\u00a0del\u00a041\u00b0 Congresso nazionale Legacoop (Roma, 2-4 marzo). Presente a Firenze anche il\u00a0candidato alla Presidenza nazionale Legacoop<b>\u00a0Simone Gamberini.<\/b><\/p>\n<figure id=\"post-269859 media-269859\" class=\"align-none\"><img decoding=\"async\" src=\"https:\/\/www.intoscana.it\/wp-content\/uploads\/Roberto-Negrini-e1675183917893.jpeg\" alt=\"\" \/><\/figure>\n<div class=\"titleimg\">Roberto Negrini, presidente di Legacoop Toscana<\/div>\n<p>Nel corso della seconda giornata del congresso \u00e8 intervenuto il presidente della Regione Toscana <strong>Eugenio Giani<\/strong>. Alla fine della mattinata ha preso la parola anche il presidente di Legacoop nazionale, <strong>Mauro Lusetti<\/strong>.<\/p>\n<p>&#8220;<em>Congratulazioni per una rielezione che \u00e8 la conferma del buon lavoro svolto<\/em>\u201d gli auguri rivolti dal presidente del Consiglio regionale <strong>Antonio Mazzeo<\/strong>.<\/p>\n<p style=\"font-weight: 400;\">Il presidente dell\u2019Assemblea legislativa a margine del congresso ha ribadito \u201c<em>l&#8217;impegno comune e il sostegno del Consiglio regionale verso un mondo che rappresenta un settore chiave dell&#8217;intero comparto produttivo italiano: da sempre anima e traino dell\u2019economia Toscana anche da un punto di vista sociale<\/em>. <em>L\u2019impegno sul territorio delle cooperative \u00e8 stato fondamentale per traghettare molte realt\u00e0 fuori dalla crisi<\/em>\u201d.<\/p>\n<h3>Tutti i numeri di Legacoop Toscana<\/h3>\n<p>Legacoop Toscana\u00a0\u00e8\u00a0la\u00a0realt\u00e0 che oggi rappresenta\u00a0<b>oltre 2 milioni di soci<\/b>, lavoratori, consumatori e produttori in <b>755 cooperative<\/b>: distribuite nei settori Consumo, Produzione e Servizi, Welfare, Agroalimentare e Pesca, Culturmedia, Dettaglianti e altro. Si tratta di realt\u00e0 che producono <b>oltre 8 miliardi di fatturato<\/b>\u00a0e occupano\u00a0<b>pi\u00f9 di 38mila lavoratori<\/b>. OItre 4.200 gli amministratori, il 27% donne, il 12% under 40.<\/p>\n<figure id=\"post-269858 media-269858\" class=\"align-none\"><img decoding=\"async\" src=\"https:\/\/www.intoscana.it\/wp-content\/uploads\/Roberto-Negrini-2.jpeg\" alt=\"\" \/><\/figure>\n<div class=\"titleimg\">La relazione del presidente di Legacoop Roberto Negrini<\/div>\n<h3>Le due anime delle cooperative<\/h3>\n<p><i>\u201cNelle cooperative convivono diverse anime, quella imprenditoriale e quella sociale<\/i>\u00a0\u2013 ha detto nella sua relazione il presidente di Legacoop Toscana\u00a0<b>Roberto Negrini<\/b>\u00a0-.\u00a0<i>Siamo fatti di numeri e parole. Le parole sono il rapporto con i soci e con il territorio, i numeri sono la solidit\u00e0 dell\u2019impresa. Negli ultimi 15 anni le cooperative si sono spesso concentrate su come far tornare i conti e ripristinare questi tre fondamentali. Ma i numeri, da soli, non generano lo sviluppo e la solidit\u00e0 della cooperativa\u201d ha sottolineato auspicando un cambio di rotta.\u00a0<\/i><\/p>\n<h3>La battaglia per gli appalti giusti per tutti<\/h3>\n<p>Legacoop auspica appalti pi\u00f9 giusti per tutti, senza una battaglia tra sindacato e cooperative. <i>\u201c<\/i><i>Se gli appalti in molti settori sono costituiti per il 90% dal costo del lavoro, quando le amministrazioni \u2018risparmiano\u2019, \u00e8 bene sapere che lo fanno sulla pelle dei lavoratori \u2013 <\/i>ha detto Negrini <i>-.\u00a0 L\u2019inflazione si stabilizzer\u00e0 su tassi ben superiori ai precedenti, \u00e8 necessario mettere un limite invalicabile: nel corso del tempo un servizio, qualsiasi modalit\u00e0 si scelga per la sua assegnazione, non pu\u00f2 diminuire il proprio valore reale, che dovr\u00e0 essere adeguato secondo l\u2019inflazione e aumenti contrattuali, rispetto all\u2019assegnazione precedente. Solo cos\u00ec si potr\u00e0 competere veramente sulla qualit\u00e0 del servizio e non pi\u00f9 sul ribasso dei costi\u201d.\u00a0<\/i><\/p>\n<h3>L&#8217;attenzione ai lavoratori e al ceto medio<\/h3>\n<p>Secondo Negrini a causa della <strong>riduzione dei salari<\/strong> si sta verificando<i>\u00a0<\/i>un<i>\u00a0\u201cimpoverimento dei lavoratori continuo e graduale<\/i>\u201d e la conseguenza \u00e8 la <strong>scomparsa del ceto medio<\/strong>: \u201c<i>Come possiamo pretendere che chi va a fare la spesa tenga a cuore le produzioni e l\u2019economia del territorio se non pu\u00f2 permetterselo? Abbiamo costruito negli anni un sistema basato sul ceto medio: se questo viene meno, viene meno il sistema intero\u201d.\u00a0<\/i><\/p>\n<h3>La lotta alle false cooperative<\/h3>\n<p>Nel corso del suo intervento Negrini si \u00e8 soffermato sul tema delle<b>\u00a0false cooperative<\/b>.\u00a0<i>\u201cOccorre una seria politica di contrasto alle imprese irregolari, che inquinano i mercati di riferimento delle nostre associate<\/i>\u00a0\u2013 ha aggiunto Negrini &#8211;\u00a0<i>Il nostro movimento \u00e8 composto da vere cooperative che rispettano le regole e rispondono ai loro scopi statutari, e che si trovano a combattere ad armi impari contro attori spregiudicati. Chiediamo di\u00a0aumentare i controlli da parte delle autorit\u00e0 competenti per smascherare la cooperazione spuria e le societ\u00e0 di comodo\u201d.\u00a0<\/i><\/p>\n<h3>L&#8217;appello al Parlamento e alla Regione<\/h3>\n<p>Il presidente di <strong>Legacoop Toscana<\/strong> chiede anche che sia varata da parte del Parlamento <mark>una riforma fiscale e previdenziale per le fasce di reddito pi\u00f9 deboli<\/mark>. E poi una precisa\u00a0<b>richiesta alla Regione Toscana<\/b>:\u00a0<i>\u201cModificare la legge regionale sulla cooperazione per un riconoscimento effettivo, dotandola di risorse proprie<\/i>\u00a0\u2013 afferma Negrini &#8211;\u00a0<i>Abbiamo avviato con la Giunta regionale un buon percorso che prevede la costituzione di un fondo dedicato per la patrimonializzazione delle imprese cooperative, che va in questa direzione, ma non si pu\u00f2 considerare sufficiente\u201d.\u00a0<\/i><\/p>\n<h3>L&#8217;intervento dell&#8217;attrice Gaia Nanni<\/h3>\n<p>Nella prima giornata\u00a0di Congresso,\u00a0spazio a\u00a0due momenti con l\u2019attrice fiorentina\u00a0<b>Gaia Nanni <\/b>che ha proposto le\u00a0<b>Letture cooperative<\/b> e\u00a0lo spettacolo\u00a0<b><i>Gli ultimi saranno ultimi<\/i><\/b> di <strong>Massimiliano Bruno<\/strong>, regia di <strong>Gianfranco Pedull\u00e0<\/strong>, accompagnamento alla chitarra <strong>Gabriele Doria<\/strong>.<\/p>\n","protected":false},"excerpt":{"rendered":"<p>Dal congresso le richieste per il contrasto alle false cooperative, la riforma fiscale e previdenziale e la modifica della legge regionale sulla cooperazione. Riconfermato Negrini<\/p>\n","protected":false},"author":525,"featured_media":269654,"comment_status":"open","ping_status":"open","sticky":false,"template":"","format":"standard","meta":{"_acf_changed":false,"footnotes":""},"categories":[494],"tags":[4397],"class_list":["post-269653","post","type-post","status-publish","format-standard","has-post-thumbnail","hentry","category-attualita","tag-cooperative"],"acf":[],"yoast_head":"<!-- This site is optimized with the Yoast SEO Premium plugin v24.2 (Yoast SEO v25.6) - https:\/\/yoast.com\/wordpress\/plugins\/seo\/ -->\n<title>L&#039;appello di Legacoop Toscana: &quot;Appalti adeguati all&#039;inflazione&quot; - intoscana<\/title>\n<meta name=\"description\" content=\"Dal congresso le richieste di contrasto alle false cooperative, riforma fiscale e previdenziale e modifica della legge regionale sulle coop\" \/>\n<meta name=\"robots\" content=\"index, follow, max-snippet:-1, max-image-preview:large, max-video-preview:-1\" \/>\n<link rel=\"canonical\" href=\"https:\/\/www.intoscana.it\/it\/l-appello-di-legacoop-appalti-adeguati-allinflazione\/\" \/>\n<meta property=\"og:locale\" content=\"it_IT\" \/>\n<meta property=\"og:type\" content=\"article\" \/>\n<meta property=\"og:title\" content=\"L&#039;appello di Legacoop Toscana: &quot;Appalti adeguati all&#039;inflazione&quot;\" \/>\n<meta property=\"og:description\" content=\"Dal congresso le richieste di contrasto alle false cooperative, riforma fiscale e previdenziale e modifica della legge regionale sulle coop\" \/>\n<meta property=\"og:url\" content=\"https:\/\/www.intoscana.it\/it\/l-appello-di-legacoop-appalti-adeguati-allinflazione\/\" \/>\n<meta property=\"og:site_name\" content=\"intoscana\" \/>\n<meta property=\"article:publisher\" content=\"https:\/\/www.facebook.com\/intoscana.it\" \/>\n<meta property=\"article:published_time\" content=\"2023-01-31T08:14:14+00:00\" \/>\n<meta property=\"article:modified_time\" content=\"2023-01-31T16:53:13+00:00\" \/>\n<meta property=\"og:image\" content=\"https:\/\/www.intoscana.it\/wp-content\/uploads\/Relazione-Roberto-Negrini.jpeg\" \/>\n\t<meta property=\"og:image:width\" content=\"1620\" \/>\n\t<meta property=\"og:image:height\" content=\"1080\" \/>\n\t<meta property=\"og:image:type\" content=\"image\/jpeg\" \/>\n<meta name=\"author\" content=\"Redazione\" \/>\n<meta name=\"twitter:card\" content=\"summary_large_image\" \/>\n<meta name=\"twitter:creator\" content=\"@intoscana\" \/>\n<meta name=\"twitter:site\" content=\"@intoscana\" \/>\n<meta name=\"twitter:label1\" content=\"Written by\" \/>\n\t<meta name=\"twitter:data1\" content=\"Redazione\" \/>\n\t<meta name=\"twitter:label2\" content=\"Est. reading time\" \/>\n\t<meta name=\"twitter:data2\" content=\"4 minuti\" \/>\n<script type=\"application\/ld+json\" class=\"yoast-schema-graph\">{\"@context\":\"https:\/\/schema.org\",\"@graph\":[{\"@type\":\"WebPage\",\"@id\":\"https:\/\/www.intoscana.it\/it\/l-appello-di-legacoop-appalti-adeguati-allinflazione\/\",\"url\":\"https:\/\/www.intoscana.it\/it\/l-appello-di-legacoop-appalti-adeguati-allinflazione\/\",\"name\":\"L'appello di Legacoop Toscana: \\\"Appalti adeguati all'inflazione\\\" - intoscana\",\"isPartOf\":{\"@id\":\"https:\/\/www.intoscana.it\/it\/#website\"},\"primaryImageOfPage\":{\"@id\":\"https:\/\/www.intoscana.it\/it\/l-appello-di-legacoop-appalti-adeguati-allinflazione\/#primaryimage\"},\"image\":{\"@id\":\"https:\/\/www.intoscana.it\/it\/l-appello-di-legacoop-appalti-adeguati-allinflazione\/#primaryimage\"},\"thumbnailUrl\":\"https:\/\/www.intoscana.it\/wp-content\/uploads\/Relazione-Roberto-Negrini.jpeg\",\"datePublished\":\"2023-01-31T08:14:14+00:00\",\"dateModified\":\"2023-01-31T16:53:13+00:00\",\"author\":{\"@id\":\"https:\/\/www.intoscana.it\/it\/#\/schema\/person\/9223810753230f20bd670fdd322661f8\"},\"description\":\"Dal congresso le richieste di contrasto alle false cooperative, riforma fiscale e previdenziale e modifica della legge regionale sulle coop\",\"breadcrumb\":{\"@id\":\"https:\/\/www.intoscana.it\/it\/l-appello-di-legacoop-appalti-adeguati-allinflazione\/#breadcrumb\"},\"inLanguage\":\"it-IT\",\"potentialAction\":[{\"@type\":\"ReadAction\",\"target\":[\"https:\/\/www.intoscana.it\/it\/l-appello-di-legacoop-appalti-adeguati-allinflazione\/\"]}]},{\"@type\":\"ImageObject\",\"inLanguage\":\"it-IT\",\"@id\":\"https:\/\/www.intoscana.it\/it\/l-appello-di-legacoop-appalti-adeguati-allinflazione\/#primaryimage\",\"url\":\"https:\/\/www.intoscana.it\/wp-content\/uploads\/Relazione-Roberto-Negrini.jpeg\",\"contentUrl\":\"https:\/\/www.intoscana.it\/wp-content\/uploads\/Relazione-Roberto-Negrini.jpeg\",\"width\":1620,\"height\":1080,\"caption\":\"La relazione di Roberto Negrini al congresso di Legacoop\"},{\"@type\":\"BreadcrumbList\",\"@id\":\"https:\/\/www.intoscana.it\/it\/l-appello-di-legacoop-appalti-adeguati-allinflazione\/#breadcrumb\",\"itemListElement\":[{\"@type\":\"ListItem\",\"position\":1,\"name\":\"Home\",\"item\":\"https:\/\/www.intoscana.it\/it\/\"},{\"@type\":\"ListItem\",\"position\":2,\"name\":\"L&#8217;appello di Legacoop Toscana: &#8220;Appalti adeguati all&#8217;inflazione&#8221;\"}]},{\"@type\":\"WebSite\",\"@id\":\"https:\/\/www.intoscana.it\/it\/#website\",\"url\":\"https:\/\/www.intoscana.it\/it\/\",\"name\":\"intoscana\",\"description\":\"\",\"potentialAction\":[{\"@type\":\"SearchAction\",\"target\":{\"@type\":\"EntryPoint\",\"urlTemplate\":\"https:\/\/www.intoscana.it\/it\/?s={search_term_string}\"},\"query-input\":{\"@type\":\"PropertyValueSpecification\",\"valueRequired\":true,\"valueName\":\"search_term_string\"}}],\"inLanguage\":\"it-IT\"},{\"@type\":\"Person\",\"@id\":\"https:\/\/www.intoscana.it\/it\/#\/schema\/person\/9223810753230f20bd670fdd322661f8\",\"name\":\"Redazione\",\"url\":\"https:\/\/www.intoscana.it\/it\/author\/redazione\/\"}]}<\/script>\n<!-- \/ Yoast SEO Premium plugin. -->","yoast_head_json":{"title":"L'appello di Legacoop Toscana: \"Appalti adeguati all'inflazione\" - intoscana","description":"Dal congresso le richieste di contrasto alle false cooperative, riforma fiscale e previdenziale e modifica della legge regionale sulle coop","robots":{"index":"index","follow":"follow","max-snippet":"max-snippet:-1","max-image-preview":"max-image-preview:large","max-video-preview":"max-video-preview:-1"},"canonical":"https:\/\/www.intoscana.it\/it\/l-appello-di-legacoop-appalti-adeguati-allinflazione\/","og_locale":"it_IT","og_type":"article","og_title":"L'appello di Legacoop Toscana: \"Appalti adeguati all'inflazione\"","og_description":"Dal congresso le richieste di contrasto alle false cooperative, riforma fiscale e previdenziale e modifica della legge regionale sulle coop","og_url":"https:\/\/www.intoscana.it\/it\/l-appello-di-legacoop-appalti-adeguati-allinflazione\/","og_site_name":"intoscana","article_publisher":"https:\/\/www.facebook.com\/intoscana.it","article_published_time":"2023-01-31T08:14:14+00:00","article_modified_time":"2023-01-31T16:53:13+00:00","og_image":[{"width":1620,"height":1080,"url":"https:\/\/www.intoscana.it\/wp-content\/uploads\/Relazione-Roberto-Negrini.jpeg","type":"image\/jpeg"}],"author":"Redazione","twitter_card":"summary_large_image","twitter_creator":"@intoscana","twitter_site":"@intoscana","twitter_misc":{"Written by":"Redazione","Est. reading time":"4 minuti"},"schema":{"@context":"https:\/\/schema.org","@graph":[{"@type":"WebPage","@id":"https:\/\/www.intoscana.it\/it\/l-appello-di-legacoop-appalti-adeguati-allinflazione\/","url":"https:\/\/www.intoscana.it\/it\/l-appello-di-legacoop-appalti-adeguati-allinflazione\/","name":"L'appello di Legacoop Toscana: \"Appalti adeguati all'inflazione\" - intoscana","isPartOf":{"@id":"https:\/\/www.intoscana.it\/it\/#website"},"primaryImageOfPage":{"@id":"https:\/\/www.intoscana.it\/it\/l-appello-di-legacoop-appalti-adeguati-allinflazione\/#primaryimage"},"image":{"@id":"https:\/\/www.intoscana.it\/it\/l-appello-di-legacoop-appalti-adeguati-allinflazione\/#primaryimage"},"thumbnailUrl":"https:\/\/www.intoscana.it\/wp-content\/uploads\/Relazione-Roberto-Negrini.jpeg","datePublished":"2023-01-31T08:14:14+00:00","dateModified":"2023-01-31T16:53:13+00:00","author":{"@id":"https:\/\/www.intoscana.it\/it\/#\/schema\/person\/9223810753230f20bd670fdd322661f8"},"description":"Dal congresso le richieste di contrasto alle false cooperative, riforma fiscale e previdenziale e modifica della legge regionale sulle coop","breadcrumb":{"@id":"https:\/\/www.intoscana.it\/it\/l-appello-di-legacoop-appalti-adeguati-allinflazione\/#breadcrumb"},"inLanguage":"it-IT","potentialAction":[{"@type":"ReadAction","target":["https:\/\/www.intoscana.it\/it\/l-appello-di-legacoop-appalti-adeguati-allinflazione\/"]}]},{"@type":"ImageObject","inLanguage":"it-IT","@id":"https:\/\/www.intoscana.it\/it\/l-appello-di-legacoop-appalti-adeguati-allinflazione\/#primaryimage","url":"https:\/\/www.intoscana.it\/wp-content\/uploads\/Relazione-Roberto-Negrini.jpeg","contentUrl":"https:\/\/www.intoscana.it\/wp-content\/uploads\/Relazione-Roberto-Negrini.jpeg","width":1620,"height":1080,"caption":"La relazione di Roberto Negrini al congresso di Legacoop"},{"@type":"BreadcrumbList","@id":"https:\/\/www.intoscana.it\/it\/l-appello-di-legacoop-appalti-adeguati-allinflazione\/#breadcrumb","itemListElement":[{"@type":"ListItem","position":1,"name":"Home","item":"https:\/\/www.intoscana.it\/it\/"},{"@type":"ListItem","position":2,"name":"L&#8217;appello di Legacoop Toscana: &#8220;Appalti adeguati all&#8217;inflazione&#8221;"}]},{"@type":"WebSite","@id":"https:\/\/www.intoscana.it\/it\/#website","url":"https:\/\/www.intoscana.it\/it\/","name":"intoscana","description":"","potentialAction":[{"@type":"SearchAction","target":{"@type":"EntryPoint","urlTemplate":"https:\/\/www.intoscana.it\/it\/?s={search_term_string}"},"query-input":{"@type":"PropertyValueSpecification","valueRequired":true,"valueName":"search_term_string"}}],"inLanguage":"it-IT"},{"@type":"Person","@id":"https:\/\/www.intoscana.it\/it\/#\/schema\/person\/9223810753230f20bd670fdd322661f8","name":"Redazione","url":"https:\/\/www.intoscana.it\/it\/author\/redazione\/"}]}},"_links":{"self":[{"href":"https:\/\/www.intoscana.it\/it\/wp-json\/wp\/v2\/posts\/269653","targetHints":{"allow":["GET"]}}],"collection":[{"href":"https:\/\/www.intoscana.it\/it\/wp-json\/wp\/v2\/posts"}],"about":[{"href":"https:\/\/www.intoscana.it\/it\/wp-json\/wp\/v2\/types\/post"}],"author":[{"embeddable":true,"href":"https:\/\/www.intoscana.it\/it\/wp-json\/wp\/v2\/users\/525"}],"replies":[{"embeddable":true,"href":"https:\/\/www.intoscana.it\/it\/wp-json\/wp\/v2\/comments?post=269653"}],"version-history":[{"count":0,"href":"https:\/\/www.intoscana.it\/it\/wp-json\/wp\/v2\/posts\/269653\/revisions"}],"wp:featuredmedia":[{"embeddable":true,"href":"https:\/\/www.intoscana.it\/it\/wp-json\/wp\/v2\/media\/269654"}],"wp:attachment":[{"href":"https:\/\/www.intoscana.it\/it\/wp-json\/wp\/v2\/media?parent=269653"}],"wp:term":[{"taxonomy":"category","embeddable":true,"href":"https:\/\/www.intoscana.it\/it\/wp-json\/wp\/v2\/categories?post=269653"},{"taxonomy":"post_tag","embeddable":true,"href":"https:\/\/www.intoscana.it\/it\/wp-json\/wp\/v2\/tags?post=269653"}],"curies":[{"name":"wp","href":"https:\/\/api.w.org\/{rel}","templated":true}]}}