{"id":269674,"date":"2023-01-31T10:32:12","date_gmt":"2023-01-31T09:32:12","guid":{"rendered":"https:\/\/www.intoscana.it\/it\/?p=269674"},"modified":"2023-01-31T10:32:12","modified_gmt":"2023-01-31T09:32:12","slug":"roberto-cecchetti-violino-morto-pontedera","status":"publish","type":"post","link":"https:\/\/www.intoscana.it\/it\/roberto-cecchetti-violino-morto-pontedera\/","title":{"rendered":"Il mondo della musica piange il violinista Roberto Cecchetti: talento puro scomparso prematuramente"},"content":{"rendered":"<p><em><strong>&#8220;La musica non \u00e8 una cosa seria, ma va fatta seriamente!&#8221;<\/strong> <\/em>era questo il motto del <strong>violinista Roberto Cecchetti,<\/strong> prematuramente scomparso.<\/p>\n<p><strong>Roberto Cecchetti<\/strong> era molto conosciuto nella zona della<strong> Valdera,<\/strong> da molti anni insegnava all&#8217;<strong>Accademia della chitarra di Pontedera<\/strong>, la sua musica ha impreziosito<strong> numerosi spettacoli nei teatri e sui palchi di tutta la Toscana.<\/strong><\/p>\n<p>Era <strong>un artista puro con un grande talento,<\/strong> ma allo stesso tempo<strong> una persona riservata, umile e gentile<\/strong> che con il violino in mano ha sempre saputo incantare il pubblico,\u00a0una persona molto amata e <strong>la cui morte ha shoccato la comunit\u00e0 di Pontedera.<\/strong><\/p>\n<p><strong> Moltissimi i messaggi di condoglianze<\/strong> sulla sua bacheca Facebook da parte di amici, colleghi, allievi:\u00a0<em>&#8220;<strong>Nato con il violino in mano, ogni concerto aveva pi\u00f9 valore se c&#8217;eri tu&#8221;<\/strong><\/em>, o\u00a0<em><strong>&#8220;Vederti e sentirti suonare era meravigliosamente magico&#8230;.da oggi saremo pi\u00f9 soli&#8221;.\u00a0<\/strong><\/em><\/p>\n<p>L<a href=\"https:\/\/www.facebook.com\/ampontedera\" target=\"_blank\" rel=\"noopener\"><strong>&#8216;Accademia Musicale di Pontedera<\/strong><\/a> dove <strong>Roberto Cecchetti<\/strong> insegnava \u00a0lo ha ricordato cos\u00ec con un lungo messaggio sui social:<\/p>\n<p><em>&#8220;Ieri sera ci ha lasciato una persona, un artista, un collega, un amico senza il quale l&#8217;Accademia, semplicemente, non sarebbe ci\u00f2 che \u00e8.<\/em><br \/>\n<em>Mille sensibilit\u00e0, mille sfaccettature, mille qualit\u00e0 di un Musicista immenso, che sapeva incantare semplicemente perch\u00e9 ERA La Musica.<\/em><br \/>\n<em>Mille sensibilit\u00e0, mille sfaccettature, mille qualit\u00e0 che hai donato alle centinaia di tuoi allievi, a chi ha avuto il privilegio di poterti ascoltare suonare, a tutti coloro che hanno avuto l&#8217;onore di averti come collega, a quei da te selezionatissimi eletti che sono stati, sono e rimarranno per sempre i tuoi Amici.<\/em><br \/>\n<em>A tutti i nostri allievi, i genitori, i colleghi e amici musicisti che l&#8217;hanno conosciuto chiediamo di stringerci insieme, di sentirci vicino, ora e domani: avremo bisogno tutti del sostegno di tutti per affrontare questo momento, e per fare in modo che tutto ci\u00f2 che Roberto ha seminato in ognuno di noi possa continuare a crescere; per tutta la Musica, la Bellezza e l&#8217;Umanit\u00e0 che ci ha saputo regalare: grazie.<\/em>\u00a0<em>Ciao Roberto.&#8221;<\/em><\/p>\n<p>Per tutta la giornata del <strong>31 gennaio 2023<\/strong> chiunque volesse salutare <strong>Roberto Cecchetti<\/strong> potr\u00e0 farlo presso la <strong>Cappella dei Caduti di Calcinaia<\/strong>.<\/p>\n<p>I funerali si terranno <strong>mercoled\u00ec 1 febbraio alle 15, presso il Duomo di Pontedera.<\/strong><\/p>\n<p><iframe loading=\"lazy\" title=\"YouTube video player\" src=\"https:\/\/www.youtube.com\/embed\/rRkl9RhuxUQ\" width=\"800\" height=\"500\" frameborder=\"0\" allowfullscreen=\"allowfullscreen\"><span data-mce-type=\"bookmark\" style=\"display: inline-block; width: 0px; overflow: hidden; line-height: 0;\" class=\"mce_SELRES_start\">\ufeff<\/span><\/iframe><\/p>\n<h3>Roberto Cecchetti: una vita in musica<\/h3>\n<p><strong>Roberto Cecchetti \u00e8 nato nel 1966<\/strong>. Il suo approccio con musica avviene <strong>all\u2019et\u00e0 di otto anni quando inizia a suonare il mandolino nell\u2019orchestra di bambini<\/strong> del suo paese diretta dal <strong>Maestro Varo Consani. <\/strong><\/p>\n<p>A dodici anni inizia lo studio del violino col <strong>Maestro Luciano Parenti<\/strong> e dal 1982 lo prosegue al<strong> Conservatorio \u201cLuigi Cherubini\u201d di Firenze<\/strong> dove si diploma nel 1989 studiando coi maestri <strong>Roberto e Stefano Michelucci.<\/strong> In seguito si perfeziona con <strong>Tiberiu Horvath e Domenico Pierini.<\/strong><\/p>\n<p>Nel 1982 \u00e8 vincitore del<strong> premio FIDAPA citt\u00e0 di Pisa per giovani violinisti;<\/strong> nel 1990 \u00e8 finalista al<strong> premio \u201cSchubert\u201d nel Monferrato;<\/strong> nel 1998 \u00e8 terzo classificato, in duo col chitarrista Fabio De Ranieri, al concorso internazionale Simone Salmaso di Viareggio; nel 1994 \u00e8 <strong>terzo al concorso internaziona\u00f2e indetto dall\u2019ORT di Firenze.<\/strong><\/p>\n<p>Collabora con l\u2019<strong>Orchestra della Toscana, la Citt\u00e0Lirica, l&#8217;Orchestra da camera Boccherini.<\/strong><\/p>\n<p>Violinista eclettico il suo repertorio spaziava <strong>dai classici del violino al jazz, dal tango alla musica dell\u2019est europeo<\/strong> partecipando a varie formazioni insieme al fisarmonicista Massimo Signorini, il pianista Massimo Barsotti, il chitarrista Fabio De Ranieri, i jazzman Alessandro Fabbri e Filippo Pedol.<\/p>\n<p>Ha collaborato con l\u2019<strong>AIT Guascone Teatro<\/strong> con la quale ha realizzato numerosi spettacoli in qualit\u00e0 di musicista e attore.<\/p>\n<p>Per molti anni ha insegnato violino presso <strong>l\u2019Istituto Comprensivo A. Pesenti di Cascina<\/strong> e all\u2019<strong>Accademia della chitarra \u2013 Musica &amp; C di Pontedera.<\/strong><\/p>\n<figure id=\"post-269678 media-269678\" class=\"align-none\"><img decoding=\"async\" src=\"https:\/\/www.intoscana.it\/wp-content\/uploads\/10514727_10202553269016129_105201520076551886_n.jpg\" alt=\"\" \/><\/figure>\n<div class=\"titleimg\"><em>Roberto Cecchetti &#8211; \u00a9 https:\/\/www.facebook.com\/roberto.cecchetti.737<\/em><\/div>\n<p>&nbsp;<\/p>\n","protected":false},"excerpt":{"rendered":"<p>Pontedera piange la prematura scomparsa di Roberto Cecchetti talento del violino e persona umanamente speciale che lascia un vuoto incolmabile nella comunit\u00e0<\/p>\n","protected":false},"author":518,"featured_media":269676,"comment_status":"open","ping_status":"open","sticky":false,"template":"","format":"standard","meta":{"_acf_changed":false,"footnotes":""},"categories":[14],"tags":[167,233],"class_list":["post-269674","post","type-post","status-publish","format-standard","has-post-thumbnail","hentry","category-musica","tag-musica","tag-pontedera"],"acf":[],"yoast_head":"<!-- This site is optimized with the Yoast SEO Premium plugin v24.2 (Yoast SEO v25.6) - https:\/\/yoast.com\/wordpress\/plugins\/seo\/ -->\n<title>Il mondo della musica piange il violinista Roberto Cecchetti: talento puro scomparso prematuramente - intoscana<\/title>\n<meta name=\"description\" content=\"Pontedera piange la prematura scomparsa di Roberto Cecchetti talento del violino e persona umanamente speciale che lascia un vuoto\" \/>\n<meta name=\"robots\" content=\"index, follow, max-snippet:-1, max-image-preview:large, max-video-preview:-1\" \/>\n<link rel=\"canonical\" href=\"https:\/\/www.intoscana.it\/it\/roberto-cecchetti-violino-morto-pontedera\/\" \/>\n<meta property=\"og:locale\" content=\"it_IT\" \/>\n<meta property=\"og:type\" content=\"article\" \/>\n<meta property=\"og:title\" content=\"Il mondo della musica piange il violinista Roberto Cecchetti: talento puro scomparso prematuramente\" \/>\n<meta property=\"og:description\" content=\"Pontedera piange la prematura scomparsa di Roberto Cecchetti talento del violino e persona umanamente speciale che lascia un vuoto\" \/>\n<meta property=\"og:url\" content=\"https:\/\/www.intoscana.it\/it\/roberto-cecchetti-violino-morto-pontedera\/\" \/>\n<meta property=\"og:site_name\" content=\"intoscana\" \/>\n<meta property=\"article:publisher\" content=\"https:\/\/www.facebook.com\/intoscana.it\" \/>\n<meta property=\"article:published_time\" content=\"2023-01-31T09:32:12+00:00\" \/>\n<meta property=\"og:image\" content=\"https:\/\/www.intoscana.it\/wp-content\/uploads\/327055522_719440013141124_7737893583998669300_n.jpg\" \/>\n\t<meta property=\"og:image:width\" content=\"2048\" \/>\n\t<meta property=\"og:image:height\" content=\"1218\" \/>\n\t<meta property=\"og:image:type\" content=\"image\/jpeg\" \/>\n<meta name=\"author\" content=\"Costanza Baldini\" \/>\n<meta name=\"twitter:card\" content=\"summary_large_image\" \/>\n<meta name=\"twitter:creator\" content=\"@intoscana\" \/>\n<meta name=\"twitter:site\" content=\"@intoscana\" \/>\n<meta name=\"twitter:label1\" content=\"Written by\" \/>\n\t<meta name=\"twitter:data1\" content=\"Costanza Baldini\" \/>\n\t<meta name=\"twitter:label2\" content=\"Est. reading time\" \/>\n\t<meta name=\"twitter:data2\" content=\"3 minuti\" \/>\n<script type=\"application\/ld+json\" class=\"yoast-schema-graph\">{\"@context\":\"https:\/\/schema.org\",\"@graph\":[{\"@type\":\"WebPage\",\"@id\":\"https:\/\/www.intoscana.it\/it\/roberto-cecchetti-violino-morto-pontedera\/\",\"url\":\"https:\/\/www.intoscana.it\/it\/roberto-cecchetti-violino-morto-pontedera\/\",\"name\":\"Il mondo della musica piange il violinista Roberto Cecchetti: talento puro scomparso prematuramente - intoscana\",\"isPartOf\":{\"@id\":\"https:\/\/www.intoscana.it\/it\/#website\"},\"primaryImageOfPage\":{\"@id\":\"https:\/\/www.intoscana.it\/it\/roberto-cecchetti-violino-morto-pontedera\/#primaryimage\"},\"image\":{\"@id\":\"https:\/\/www.intoscana.it\/it\/roberto-cecchetti-violino-morto-pontedera\/#primaryimage\"},\"thumbnailUrl\":\"https:\/\/www.intoscana.it\/wp-content\/uploads\/327055522_719440013141124_7737893583998669300_n.jpg\",\"datePublished\":\"2023-01-31T09:32:12+00:00\",\"author\":{\"@id\":\"https:\/\/www.intoscana.it\/it\/#\/schema\/person\/d469f35f09739bdf00bf5dd3f0647a82\"},\"description\":\"Pontedera piange la prematura scomparsa di Roberto Cecchetti talento del violino e persona umanamente speciale che lascia un vuoto\",\"breadcrumb\":{\"@id\":\"https:\/\/www.intoscana.it\/it\/roberto-cecchetti-violino-morto-pontedera\/#breadcrumb\"},\"inLanguage\":\"it-IT\",\"potentialAction\":[{\"@type\":\"ReadAction\",\"target\":[\"https:\/\/www.intoscana.it\/it\/roberto-cecchetti-violino-morto-pontedera\/\"]}]},{\"@type\":\"ImageObject\",\"inLanguage\":\"it-IT\",\"@id\":\"https:\/\/www.intoscana.it\/it\/roberto-cecchetti-violino-morto-pontedera\/#primaryimage\",\"url\":\"https:\/\/www.intoscana.it\/wp-content\/uploads\/327055522_719440013141124_7737893583998669300_n.jpg\",\"contentUrl\":\"https:\/\/www.intoscana.it\/wp-content\/uploads\/327055522_719440013141124_7737893583998669300_n.jpg\",\"width\":2048,\"height\":1218,\"caption\":\"Roberto Cecchetti\"},{\"@type\":\"BreadcrumbList\",\"@id\":\"https:\/\/www.intoscana.it\/it\/roberto-cecchetti-violino-morto-pontedera\/#breadcrumb\",\"itemListElement\":[{\"@type\":\"ListItem\",\"position\":1,\"name\":\"Home\",\"item\":\"https:\/\/www.intoscana.it\/it\/\"},{\"@type\":\"ListItem\",\"position\":2,\"name\":\"Il mondo della musica piange il violinista Roberto Cecchetti: talento puro scomparso prematuramente\"}]},{\"@type\":\"WebSite\",\"@id\":\"https:\/\/www.intoscana.it\/it\/#website\",\"url\":\"https:\/\/www.intoscana.it\/it\/\",\"name\":\"intoscana\",\"description\":\"\",\"potentialAction\":[{\"@type\":\"SearchAction\",\"target\":{\"@type\":\"EntryPoint\",\"urlTemplate\":\"https:\/\/www.intoscana.it\/it\/?s={search_term_string}\"},\"query-input\":{\"@type\":\"PropertyValueSpecification\",\"valueRequired\":true,\"valueName\":\"search_term_string\"}}],\"inLanguage\":\"it-IT\"},{\"@type\":\"Person\",\"@id\":\"https:\/\/www.intoscana.it\/it\/#\/schema\/person\/d469f35f09739bdf00bf5dd3f0647a82\",\"name\":\"Costanza Baldini\",\"url\":\"https:\/\/www.intoscana.it\/it\/author\/costanza-baldini\/\"}]}<\/script>\n<!-- \/ Yoast SEO Premium plugin. -->","yoast_head_json":{"title":"Il mondo della musica piange il violinista Roberto Cecchetti: talento puro scomparso prematuramente - intoscana","description":"Pontedera piange la prematura scomparsa di Roberto Cecchetti talento del violino e persona umanamente speciale che lascia un vuoto","robots":{"index":"index","follow":"follow","max-snippet":"max-snippet:-1","max-image-preview":"max-image-preview:large","max-video-preview":"max-video-preview:-1"},"canonical":"https:\/\/www.intoscana.it\/it\/roberto-cecchetti-violino-morto-pontedera\/","og_locale":"it_IT","og_type":"article","og_title":"Il mondo della musica piange il violinista Roberto Cecchetti: talento puro scomparso prematuramente","og_description":"Pontedera piange la prematura scomparsa di Roberto Cecchetti talento del violino e persona umanamente speciale che lascia un vuoto","og_url":"https:\/\/www.intoscana.it\/it\/roberto-cecchetti-violino-morto-pontedera\/","og_site_name":"intoscana","article_publisher":"https:\/\/www.facebook.com\/intoscana.it","article_published_time":"2023-01-31T09:32:12+00:00","og_image":[{"width":2048,"height":1218,"url":"https:\/\/www.intoscana.it\/wp-content\/uploads\/327055522_719440013141124_7737893583998669300_n.jpg","type":"image\/jpeg"}],"author":"Costanza Baldini","twitter_card":"summary_large_image","twitter_creator":"@intoscana","twitter_site":"@intoscana","twitter_misc":{"Written by":"Costanza Baldini","Est. reading time":"3 minuti"},"schema":{"@context":"https:\/\/schema.org","@graph":[{"@type":"WebPage","@id":"https:\/\/www.intoscana.it\/it\/roberto-cecchetti-violino-morto-pontedera\/","url":"https:\/\/www.intoscana.it\/it\/roberto-cecchetti-violino-morto-pontedera\/","name":"Il mondo della musica piange il violinista Roberto Cecchetti: talento puro scomparso prematuramente - intoscana","isPartOf":{"@id":"https:\/\/www.intoscana.it\/it\/#website"},"primaryImageOfPage":{"@id":"https:\/\/www.intoscana.it\/it\/roberto-cecchetti-violino-morto-pontedera\/#primaryimage"},"image":{"@id":"https:\/\/www.intoscana.it\/it\/roberto-cecchetti-violino-morto-pontedera\/#primaryimage"},"thumbnailUrl":"https:\/\/www.intoscana.it\/wp-content\/uploads\/327055522_719440013141124_7737893583998669300_n.jpg","datePublished":"2023-01-31T09:32:12+00:00","author":{"@id":"https:\/\/www.intoscana.it\/it\/#\/schema\/person\/d469f35f09739bdf00bf5dd3f0647a82"},"description":"Pontedera piange la prematura scomparsa di Roberto Cecchetti talento del violino e persona umanamente speciale che lascia un vuoto","breadcrumb":{"@id":"https:\/\/www.intoscana.it\/it\/roberto-cecchetti-violino-morto-pontedera\/#breadcrumb"},"inLanguage":"it-IT","potentialAction":[{"@type":"ReadAction","target":["https:\/\/www.intoscana.it\/it\/roberto-cecchetti-violino-morto-pontedera\/"]}]},{"@type":"ImageObject","inLanguage":"it-IT","@id":"https:\/\/www.intoscana.it\/it\/roberto-cecchetti-violino-morto-pontedera\/#primaryimage","url":"https:\/\/www.intoscana.it\/wp-content\/uploads\/327055522_719440013141124_7737893583998669300_n.jpg","contentUrl":"https:\/\/www.intoscana.it\/wp-content\/uploads\/327055522_719440013141124_7737893583998669300_n.jpg","width":2048,"height":1218,"caption":"Roberto Cecchetti"},{"@type":"BreadcrumbList","@id":"https:\/\/www.intoscana.it\/it\/roberto-cecchetti-violino-morto-pontedera\/#breadcrumb","itemListElement":[{"@type":"ListItem","position":1,"name":"Home","item":"https:\/\/www.intoscana.it\/it\/"},{"@type":"ListItem","position":2,"name":"Il mondo della musica piange il violinista Roberto Cecchetti: talento puro scomparso prematuramente"}]},{"@type":"WebSite","@id":"https:\/\/www.intoscana.it\/it\/#website","url":"https:\/\/www.intoscana.it\/it\/","name":"intoscana","description":"","potentialAction":[{"@type":"SearchAction","target":{"@type":"EntryPoint","urlTemplate":"https:\/\/www.intoscana.it\/it\/?s={search_term_string}"},"query-input":{"@type":"PropertyValueSpecification","valueRequired":true,"valueName":"search_term_string"}}],"inLanguage":"it-IT"},{"@type":"Person","@id":"https:\/\/www.intoscana.it\/it\/#\/schema\/person\/d469f35f09739bdf00bf5dd3f0647a82","name":"Costanza Baldini","url":"https:\/\/www.intoscana.it\/it\/author\/costanza-baldini\/"}]}},"_links":{"self":[{"href":"https:\/\/www.intoscana.it\/it\/wp-json\/wp\/v2\/posts\/269674","targetHints":{"allow":["GET"]}}],"collection":[{"href":"https:\/\/www.intoscana.it\/it\/wp-json\/wp\/v2\/posts"}],"about":[{"href":"https:\/\/www.intoscana.it\/it\/wp-json\/wp\/v2\/types\/post"}],"author":[{"embeddable":true,"href":"https:\/\/www.intoscana.it\/it\/wp-json\/wp\/v2\/users\/518"}],"replies":[{"embeddable":true,"href":"https:\/\/www.intoscana.it\/it\/wp-json\/wp\/v2\/comments?post=269674"}],"version-history":[{"count":0,"href":"https:\/\/www.intoscana.it\/it\/wp-json\/wp\/v2\/posts\/269674\/revisions"}],"wp:featuredmedia":[{"embeddable":true,"href":"https:\/\/www.intoscana.it\/it\/wp-json\/wp\/v2\/media\/269676"}],"wp:attachment":[{"href":"https:\/\/www.intoscana.it\/it\/wp-json\/wp\/v2\/media?parent=269674"}],"wp:term":[{"taxonomy":"category","embeddable":true,"href":"https:\/\/www.intoscana.it\/it\/wp-json\/wp\/v2\/categories?post=269674"},{"taxonomy":"post_tag","embeddable":true,"href":"https:\/\/www.intoscana.it\/it\/wp-json\/wp\/v2\/tags?post=269674"}],"curies":[{"name":"wp","href":"https:\/\/api.w.org\/{rel}","templated":true}]}}