{"id":269795,"date":"2023-01-31T17:30:17","date_gmt":"2023-01-31T16:30:17","guid":{"rendered":"https:\/\/www.intoscana.it\/it\/?p=269795"},"modified":"2023-01-31T17:31:04","modified_gmt":"2023-01-31T16:31:04","slug":"ritorna-dopo-50mila-anni-la-cometa-dei-neanderthal-come-vederla","status":"publish","type":"post","link":"https:\/\/www.intoscana.it\/it\/ritorna-dopo-50mila-anni-la-cometa-dei-neanderthal-come-vederla\/","title":{"rendered":"Ritorna dopo 50mila anni la cometa dei Neanderthal, come vederla"},"content":{"rendered":"<p>La cometa dei Neanderthal si avvicina: <mark>gioved\u00ec 2 febbraio raggiunger\u00e0 la distanza minima dalla Terra<\/mark> proprio come aveva fatto <strong>50.000 anni fa<\/strong>. Allora c&#8217;erano ancora i vecchi cugini dell&#8217;uomo. Impossibile dire se allora qualcuno di loro l&#8217;abbia potuta ammirare a occhio nudo.<\/p>\n<p>Di certo questa volta riuscire a farlo sar\u00e0 quasi impossibile e per osservarla, anche dalle zone pi\u00f9 buie, sar\u00e0 <strong>necessario un binocolo<\/strong>.<\/p>\n<p>Il passaggio della cometa, chiamata <strong>ZTF (C\/2022 E3)<\/strong>, \u00e8 anche seguito costantemente dai grandi<strong> osservatori astronomici<\/strong> dell&#8217;emisfero Nord perch\u00e9 pu\u00f2 raccontare molto sia sull&#8217;origine del nostro Sistema Solare, sia sul modo in cui sono nati i sistemi planetari diversi dal nostro.<\/p>\n<h3>Necessario un binocolo per osservarla<\/h3>\n<p>&#8220;<em>Molto probabilmente la cometa non sar\u00e0 visibile a occhio nudo nemmeno dai luoghi pi\u00f9 bui e lontani dalle luci dei grandi centri abitati<\/em>&#8220;, dice all&#8217;Ansa l&#8217;astronoma <strong>Elena Mazzotta Epifani<\/strong>, dell&#8217;Istituto Nazionale di Astrofisica (Inaf).<\/p>\n<p>A fare la guastafeste \u00e8 infatti <strong>la Luna<\/strong>, che con la sua luce impedisce di vedere con chiarezza il passaggio della cometa: &#8220;<em>Anche dalle zone pi\u00f9 scure, quindi, si potr\u00e0 osservare la cometa con un buon binocolo<\/em>&#8220;.<\/p>\n<h3>Una sola visita 50mila anni fa<\/h3>\n<p>La <strong>C\/2022 E3<\/strong> \u00e8 una cometa molto antica, che <mark>arriva dai confini del nostro sistema planetario<\/mark>. Ha visitato la Terra solo una volta, <strong>50.000 anni fa<\/strong>: &#8220;v<em>isitatori cos\u00ec rari sono molto importanti perch\u00e9 ci raccontano delle origini<\/em>&#8220;.<\/p>\n<p>Possono &#8220;<em>raccontarci molte cose su come &#8216;era il Sistema Solare all&#8217;inizio della sua formazione, ma anche su come nascono i sistemi solari, visto che adesso sappiamo che non c&#8217;\u00e8 solo il nostro<\/em>&#8220;, osserva la ricercatrice.<\/p>\n<h3>L&#8217;iniziativa per vederla a Siena<\/h3>\n<p>In Toscana <strong>l&#8217;universit\u00e0 di Siena<\/strong> ha organizzato un incontro nel pomeriggio di marted\u00ec 31 gennaio, seguito dalla possibilit\u00e0 di osservare la <span class=\"il\">cometa<\/span> grazie ai <strong>telescopi dell\u2019Osservatorio<\/strong>, posizionati per l\u2019occasione su una delle terrazze del <strong>Polo scientifico di San Miniato<\/strong>.<\/p>\n","protected":false},"excerpt":{"rendered":"<p>Gioved\u00ec 2 febbraio raggiunger\u00e0 la distanza minima dalla terra: per poterla ammirare necessario un binocolo o un analogo strumento scientifico<\/p>\n","protected":false},"author":525,"featured_media":269837,"comment_status":"open","ping_status":"open","sticky":false,"template":"","format":"standard","meta":{"_acf_changed":false,"footnotes":""},"categories":[494],"tags":[4455],"class_list":["post-269795","post","type-post","status-publish","format-standard","has-post-thumbnail","hentry","category-attualita","tag-astronomia"],"acf":[],"yoast_head":"<!-- This site is optimized with the Yoast SEO Premium plugin v24.2 (Yoast SEO v25.6) - https:\/\/yoast.com\/wordpress\/plugins\/seo\/ -->\n<title>Dopo 50mila anni la cometa dei Neanderthal, come vederla - intoscana<\/title>\n<meta name=\"description\" content=\"Gioved\u00ec 2 febbraio raggiunger\u00e0 la distanza minima dalla terra: per poterla ammirare necessario un binocolo o un analogo strumento scientifico\" \/>\n<meta name=\"robots\" content=\"index, follow, max-snippet:-1, max-image-preview:large, max-video-preview:-1\" \/>\n<link rel=\"canonical\" href=\"https:\/\/www.intoscana.it\/it\/ritorna-dopo-50mila-anni-la-cometa-dei-neanderthal-come-vederla\/\" \/>\n<meta property=\"og:locale\" content=\"it_IT\" \/>\n<meta property=\"og:type\" content=\"article\" \/>\n<meta property=\"og:title\" content=\"Ritorna dopo 50mila anni la cometa dei Neanderthal, come vederla\" \/>\n<meta property=\"og:description\" content=\"Gioved\u00ec 2 febbraio raggiunger\u00e0 la distanza minima dalla terra: per poterla ammirare necessario un binocolo o un analogo strumento scientifico\" \/>\n<meta property=\"og:url\" content=\"https:\/\/www.intoscana.it\/it\/ritorna-dopo-50mila-anni-la-cometa-dei-neanderthal-come-vederla\/\" \/>\n<meta property=\"og:site_name\" content=\"intoscana\" \/>\n<meta property=\"article:publisher\" content=\"https:\/\/www.facebook.com\/intoscana.it\" \/>\n<meta property=\"article:published_time\" content=\"2023-01-31T16:30:17+00:00\" \/>\n<meta property=\"article:modified_time\" content=\"2023-01-31T16:31:04+00:00\" \/>\n<meta property=\"og:image\" content=\"https:\/\/www.intoscana.it\/wp-content\/uploads\/Cometa-C2022E3-TNG.jpg\" \/>\n\t<meta property=\"og:image:width\" content=\"1730\" \/>\n\t<meta property=\"og:image:height\" content=\"1936\" \/>\n\t<meta property=\"og:image:type\" content=\"image\/jpeg\" \/>\n<meta name=\"author\" content=\"Redazione\" \/>\n<meta name=\"twitter:card\" content=\"summary_large_image\" \/>\n<meta name=\"twitter:creator\" content=\"@intoscana\" \/>\n<meta name=\"twitter:site\" content=\"@intoscana\" \/>\n<meta name=\"twitter:label1\" content=\"Written by\" \/>\n\t<meta name=\"twitter:data1\" content=\"Redazione\" \/>\n\t<meta name=\"twitter:label2\" content=\"Est. reading time\" \/>\n\t<meta name=\"twitter:data2\" content=\"2 minuti\" \/>\n<script type=\"application\/ld+json\" class=\"yoast-schema-graph\">{\"@context\":\"https:\/\/schema.org\",\"@graph\":[{\"@type\":\"WebPage\",\"@id\":\"https:\/\/www.intoscana.it\/it\/ritorna-dopo-50mila-anni-la-cometa-dei-neanderthal-come-vederla\/\",\"url\":\"https:\/\/www.intoscana.it\/it\/ritorna-dopo-50mila-anni-la-cometa-dei-neanderthal-come-vederla\/\",\"name\":\"Dopo 50mila anni la cometa dei Neanderthal, come vederla - intoscana\",\"isPartOf\":{\"@id\":\"https:\/\/www.intoscana.it\/it\/#website\"},\"primaryImageOfPage\":{\"@id\":\"https:\/\/www.intoscana.it\/it\/ritorna-dopo-50mila-anni-la-cometa-dei-neanderthal-come-vederla\/#primaryimage\"},\"image\":{\"@id\":\"https:\/\/www.intoscana.it\/it\/ritorna-dopo-50mila-anni-la-cometa-dei-neanderthal-come-vederla\/#primaryimage\"},\"thumbnailUrl\":\"https:\/\/www.intoscana.it\/wp-content\/uploads\/Cometa-C2022E3-TNG.jpg\",\"datePublished\":\"2023-01-31T16:30:17+00:00\",\"dateModified\":\"2023-01-31T16:31:04+00:00\",\"author\":{\"@id\":\"https:\/\/www.intoscana.it\/it\/#\/schema\/person\/9223810753230f20bd670fdd322661f8\"},\"description\":\"Gioved\u00ec 2 febbraio raggiunger\u00e0 la distanza minima dalla terra: per poterla ammirare necessario un binocolo o un analogo strumento scientifico\",\"breadcrumb\":{\"@id\":\"https:\/\/www.intoscana.it\/it\/ritorna-dopo-50mila-anni-la-cometa-dei-neanderthal-come-vederla\/#breadcrumb\"},\"inLanguage\":\"it-IT\",\"potentialAction\":[{\"@type\":\"ReadAction\",\"target\":[\"https:\/\/www.intoscana.it\/it\/ritorna-dopo-50mila-anni-la-cometa-dei-neanderthal-come-vederla\/\"]}]},{\"@type\":\"ImageObject\",\"inLanguage\":\"it-IT\",\"@id\":\"https:\/\/www.intoscana.it\/it\/ritorna-dopo-50mila-anni-la-cometa-dei-neanderthal-come-vederla\/#primaryimage\",\"url\":\"https:\/\/www.intoscana.it\/wp-content\/uploads\/Cometa-C2022E3-TNG.jpg\",\"contentUrl\":\"https:\/\/www.intoscana.it\/wp-content\/uploads\/Cometa-C2022E3-TNG.jpg\",\"width\":1730,\"height\":1936,\"caption\":\"La cometa ZTF fotografata dal Telescopio Nazionale Galileo nella notte tra il 23 e il 24 gennaio 2023 - \u00a9 TNG & Daniel Del Nero Festa Nobre\"},{\"@type\":\"BreadcrumbList\",\"@id\":\"https:\/\/www.intoscana.it\/it\/ritorna-dopo-50mila-anni-la-cometa-dei-neanderthal-come-vederla\/#breadcrumb\",\"itemListElement\":[{\"@type\":\"ListItem\",\"position\":1,\"name\":\"Home\",\"item\":\"https:\/\/www.intoscana.it\/it\/\"},{\"@type\":\"ListItem\",\"position\":2,\"name\":\"Ritorna dopo 50mila anni la cometa dei Neanderthal, come vederla\"}]},{\"@type\":\"WebSite\",\"@id\":\"https:\/\/www.intoscana.it\/it\/#website\",\"url\":\"https:\/\/www.intoscana.it\/it\/\",\"name\":\"intoscana\",\"description\":\"\",\"potentialAction\":[{\"@type\":\"SearchAction\",\"target\":{\"@type\":\"EntryPoint\",\"urlTemplate\":\"https:\/\/www.intoscana.it\/it\/?s={search_term_string}\"},\"query-input\":{\"@type\":\"PropertyValueSpecification\",\"valueRequired\":true,\"valueName\":\"search_term_string\"}}],\"inLanguage\":\"it-IT\"},{\"@type\":\"Person\",\"@id\":\"https:\/\/www.intoscana.it\/it\/#\/schema\/person\/9223810753230f20bd670fdd322661f8\",\"name\":\"Redazione\",\"url\":\"https:\/\/www.intoscana.it\/it\/author\/redazione\/\"}]}<\/script>\n<!-- \/ Yoast SEO Premium plugin. -->","yoast_head_json":{"title":"Dopo 50mila anni la cometa dei Neanderthal, come vederla - intoscana","description":"Gioved\u00ec 2 febbraio raggiunger\u00e0 la distanza minima dalla terra: per poterla ammirare necessario un binocolo o un analogo strumento scientifico","robots":{"index":"index","follow":"follow","max-snippet":"max-snippet:-1","max-image-preview":"max-image-preview:large","max-video-preview":"max-video-preview:-1"},"canonical":"https:\/\/www.intoscana.it\/it\/ritorna-dopo-50mila-anni-la-cometa-dei-neanderthal-come-vederla\/","og_locale":"it_IT","og_type":"article","og_title":"Ritorna dopo 50mila anni la cometa dei Neanderthal, come vederla","og_description":"Gioved\u00ec 2 febbraio raggiunger\u00e0 la distanza minima dalla terra: per poterla ammirare necessario un binocolo o un analogo strumento scientifico","og_url":"https:\/\/www.intoscana.it\/it\/ritorna-dopo-50mila-anni-la-cometa-dei-neanderthal-come-vederla\/","og_site_name":"intoscana","article_publisher":"https:\/\/www.facebook.com\/intoscana.it","article_published_time":"2023-01-31T16:30:17+00:00","article_modified_time":"2023-01-31T16:31:04+00:00","og_image":[{"width":1730,"height":1936,"url":"https:\/\/www.intoscana.it\/wp-content\/uploads\/Cometa-C2022E3-TNG.jpg","type":"image\/jpeg"}],"author":"Redazione","twitter_card":"summary_large_image","twitter_creator":"@intoscana","twitter_site":"@intoscana","twitter_misc":{"Written by":"Redazione","Est. reading time":"2 minuti"},"schema":{"@context":"https:\/\/schema.org","@graph":[{"@type":"WebPage","@id":"https:\/\/www.intoscana.it\/it\/ritorna-dopo-50mila-anni-la-cometa-dei-neanderthal-come-vederla\/","url":"https:\/\/www.intoscana.it\/it\/ritorna-dopo-50mila-anni-la-cometa-dei-neanderthal-come-vederla\/","name":"Dopo 50mila anni la cometa dei Neanderthal, come vederla - intoscana","isPartOf":{"@id":"https:\/\/www.intoscana.it\/it\/#website"},"primaryImageOfPage":{"@id":"https:\/\/www.intoscana.it\/it\/ritorna-dopo-50mila-anni-la-cometa-dei-neanderthal-come-vederla\/#primaryimage"},"image":{"@id":"https:\/\/www.intoscana.it\/it\/ritorna-dopo-50mila-anni-la-cometa-dei-neanderthal-come-vederla\/#primaryimage"},"thumbnailUrl":"https:\/\/www.intoscana.it\/wp-content\/uploads\/Cometa-C2022E3-TNG.jpg","datePublished":"2023-01-31T16:30:17+00:00","dateModified":"2023-01-31T16:31:04+00:00","author":{"@id":"https:\/\/www.intoscana.it\/it\/#\/schema\/person\/9223810753230f20bd670fdd322661f8"},"description":"Gioved\u00ec 2 febbraio raggiunger\u00e0 la distanza minima dalla terra: per poterla ammirare necessario un binocolo o un analogo strumento scientifico","breadcrumb":{"@id":"https:\/\/www.intoscana.it\/it\/ritorna-dopo-50mila-anni-la-cometa-dei-neanderthal-come-vederla\/#breadcrumb"},"inLanguage":"it-IT","potentialAction":[{"@type":"ReadAction","target":["https:\/\/www.intoscana.it\/it\/ritorna-dopo-50mila-anni-la-cometa-dei-neanderthal-come-vederla\/"]}]},{"@type":"ImageObject","inLanguage":"it-IT","@id":"https:\/\/www.intoscana.it\/it\/ritorna-dopo-50mila-anni-la-cometa-dei-neanderthal-come-vederla\/#primaryimage","url":"https:\/\/www.intoscana.it\/wp-content\/uploads\/Cometa-C2022E3-TNG.jpg","contentUrl":"https:\/\/www.intoscana.it\/wp-content\/uploads\/Cometa-C2022E3-TNG.jpg","width":1730,"height":1936,"caption":"La cometa ZTF fotografata dal Telescopio Nazionale Galileo nella notte tra il 23 e il 24 gennaio 2023 - \u00a9 TNG & Daniel Del Nero Festa Nobre"},{"@type":"BreadcrumbList","@id":"https:\/\/www.intoscana.it\/it\/ritorna-dopo-50mila-anni-la-cometa-dei-neanderthal-come-vederla\/#breadcrumb","itemListElement":[{"@type":"ListItem","position":1,"name":"Home","item":"https:\/\/www.intoscana.it\/it\/"},{"@type":"ListItem","position":2,"name":"Ritorna dopo 50mila anni la cometa dei Neanderthal, come vederla"}]},{"@type":"WebSite","@id":"https:\/\/www.intoscana.it\/it\/#website","url":"https:\/\/www.intoscana.it\/it\/","name":"intoscana","description":"","potentialAction":[{"@type":"SearchAction","target":{"@type":"EntryPoint","urlTemplate":"https:\/\/www.intoscana.it\/it\/?s={search_term_string}"},"query-input":{"@type":"PropertyValueSpecification","valueRequired":true,"valueName":"search_term_string"}}],"inLanguage":"it-IT"},{"@type":"Person","@id":"https:\/\/www.intoscana.it\/it\/#\/schema\/person\/9223810753230f20bd670fdd322661f8","name":"Redazione","url":"https:\/\/www.intoscana.it\/it\/author\/redazione\/"}]}},"_links":{"self":[{"href":"https:\/\/www.intoscana.it\/it\/wp-json\/wp\/v2\/posts\/269795","targetHints":{"allow":["GET"]}}],"collection":[{"href":"https:\/\/www.intoscana.it\/it\/wp-json\/wp\/v2\/posts"}],"about":[{"href":"https:\/\/www.intoscana.it\/it\/wp-json\/wp\/v2\/types\/post"}],"author":[{"embeddable":true,"href":"https:\/\/www.intoscana.it\/it\/wp-json\/wp\/v2\/users\/525"}],"replies":[{"embeddable":true,"href":"https:\/\/www.intoscana.it\/it\/wp-json\/wp\/v2\/comments?post=269795"}],"version-history":[{"count":0,"href":"https:\/\/www.intoscana.it\/it\/wp-json\/wp\/v2\/posts\/269795\/revisions"}],"wp:featuredmedia":[{"embeddable":true,"href":"https:\/\/www.intoscana.it\/it\/wp-json\/wp\/v2\/media\/269837"}],"wp:attachment":[{"href":"https:\/\/www.intoscana.it\/it\/wp-json\/wp\/v2\/media?parent=269795"}],"wp:term":[{"taxonomy":"category","embeddable":true,"href":"https:\/\/www.intoscana.it\/it\/wp-json\/wp\/v2\/categories?post=269795"},{"taxonomy":"post_tag","embeddable":true,"href":"https:\/\/www.intoscana.it\/it\/wp-json\/wp\/v2\/tags?post=269795"}],"curies":[{"name":"wp","href":"https:\/\/api.w.org\/{rel}","templated":true}]}}