{"id":269809,"date":"2023-01-31T16:34:40","date_gmt":"2023-01-31T15:34:40","guid":{"rendered":"https:\/\/www.intoscana.it\/it\/?p=269809"},"modified":"2023-02-01T15:28:29","modified_gmt":"2023-02-01T14:28:29","slug":"recupero-della-fortezza-da-basso-di-firenze-nuovo-padiglione-cavaniglia-giardini-e-una-vista-inedita-sulla-citta","status":"publish","type":"post","link":"https:\/\/www.intoscana.it\/it\/recupero-della-fortezza-da-basso-di-firenze-nuovo-padiglione-cavaniglia-giardini-e-una-vista-inedita-sulla-citta\/","title":{"rendered":"Recupero della Fortezza da Basso di Firenze: nuovo padiglione Cavaniglia, giardini e una vista inedita sulla citt\u00e0"},"content":{"rendered":"<p>Il recupero della <strong>Fortezza da Basso di Firenze<\/strong> passa dal nuovo padiglione Cavaniglia, pensato per ospitare i grandi eventi fieristici e congressuali e allo stesso tempo posizionato in modo da valorizzare le mura storiche del Sangallo, con una vista inedita sulla citt\u00e0. <mark>Il padiglione esistente verr\u00e0 demolito per fare spazio alla nuova struttura che manterr\u00e0 la superficie totale di 3.600 metri quadrati. Preveder\u00e0, oltre alle aree espositive, un tetto verde, piazze e collegamenti pedonali con vista sulla citt\u00e0.<\/mark><\/p>\n<p>Il progetto definitivo da 20 milioni di euro ha avuto il via libera della giunta di Palazzo Vecchio. \u201c<strong>Il padiglione Cavaniglia<\/strong> rappresenta un altro importante tassello nel percorso di riqualificazione e rilancio di tutto il polo fieristico alla Fortezza da Basso&#8221;, ha detto il sindaco <strong>Dario Nardella<\/strong> che ha annunciato anche i passaggi successivi: &#8220;Dopo Pitti partiranno <mark>i lavori per il padiglione Bellavista e successivamente quelli per il Machiavelli con l\u2019obiettivo di terminare i lavori in accordo con Firenze Fiera e con Pitti entro il 2026.<\/mark> Saranno padiglioni che avranno grande attenzione agli aspetti ecologici, con la possibilit\u00e0 di sfruttare anche i tetti come giardini pensili e terrazze, quindi per una fiera da vivere non solo per gli eventi fieristici ed espositivi ma ogni giorno da tutti i cittadini e visitatori\u201d.<\/p>\n<p>Principale azionista di Firenze Fiera \u00e8 la <strong>Regione Toscana<\/strong>. Alla presentazione del progetto il presidente <strong>Eugenio Giani<\/strong> ha sottolineato come siano stati previsti &#8220;nel corso degli anni <mark>30 milioni di investimento per la ristrutturazione dell\u2019ambiente cardine del nostro sistema fieristico, secondo l\u2019accordo di programma che coinvolge i vari enti proprietari. Attraverso la Fortezza ci troviamo a vivere il rilancio fieristico della Toscana,<\/mark> avendone tutte le condizioni: accanto alle due storiche manifestazioni come la Mostra dell\u2019artigianato e Pitti, infatti, abbiamo visto nell\u2019attivit\u00e0 di Firenze Fiera un aumentare di fiere, convegni e manifestazioni. Un grande rilancio che vedr\u00e0 accanto anche la <strong>nuova stazione dell\u2019alta velocit\u00e0 Belfiore<\/strong>, che sar\u00e0 un enorme vantaggio per la cittadella fieristica\u201d.<\/p>\n<figure id=\"post-269810 media-269810\" class=\"align-none\">\n<figure id=\"post-269811 media-269811\" class=\"align-none\"><img decoding=\"async\" src=\"https:\/\/www.intoscana.it\/wp-content\/uploads\/cavaniglia3.jpeg\" alt=\"\" \/><\/figure>\n<div class=\"titleimg\"><\/div>\n<\/figure>\n<p>Il progetto prevede la realizzazione di un piano terra interamente dedicato a spazi espositivi, di un piano interrato destinato a guardaroba e di una copertura dedicata a giardino verde (2550 metri quadrati), percorsi e piazze. Il nuovo volume rivolge la sua facciata lunga e vetrata verso le mura e dedica la facciata opposta, verso il Padiglione Spadolini, all\u2019efficientamento energetico e acustico. <mark>Parte del sistema di collegamenti pedonali che connette il nuovo padiglione con il Bastione Cavaniglia e il padiglione Spadolini \u00e8 costituita dalla passerella aerea che permetter\u00e0 l\u2019avvicinamento alle mura e una nuova vista dall\u2019alto della citt\u00e0 storica.<\/mark><\/p>\n<figure id=\"post-269815 media-269815\" class=\"align-none\"><img decoding=\"async\" src=\"https:\/\/www.intoscana.it\/wp-content\/uploads\/cavaniglia2.jpeg\" alt=\"\" \/><\/figure>\n<div class=\"titleimg\"><\/div>\n<p>L\u2019intervento rientra nel Piano di recupero della Fortezza che prevede l\u2019adeguamento degli spazi espositivi e <mark>il recupero del sistema originario delle mura attraverso la ricostruzione e il recupero dei bastioni e il conseguente ripristino del camminamento di ronda.<\/mark> Con la realizzazione del piano, 25mila metri quadrati di spazi espositivi si aggiungeranno agli esistenti. La stima totale degli interventi prevista dal piano ammonta a 140 milioni di euro. <mark>L\u2019accordo di programma, sottoscritto dagli enti proprietari &#8211; Regione Toscana, Citt\u00e0 metropolitana di Firenze, Comune di Firenze e Camera di Commercio &#8211;\u00a0 nel marzo 2019 ha previsto lo stanziamento di oltre 68 milioni di euro.<\/mark><\/p>\n","protected":false},"excerpt":{"rendered":"<p>Progetto da 20 milioni di euro per il polo del capoluogo toscano. Prevista la valorizzazione delle mura, dei bastioni e del camminamento di ronda. Giani: &#8220;Da qui il rilancio fieristico della Toscana&#8221;<\/p>\n","protected":false},"author":525,"featured_media":269810,"comment_status":"open","ping_status":"open","sticky":false,"template":"","format":"standard","meta":{"_acf_changed":false,"footnotes":""},"categories":[475],"tags":[158,202,373],"class_list":["post-269809","post","type-post","status-publish","format-standard","has-post-thumbnail","hentry","category-innovazione","tag-eugenio-giani","tag-firenze","tag-fortezza-da-basso"],"acf":[],"yoast_head":"<!-- This site is optimized with the Yoast SEO Premium plugin v24.2 (Yoast SEO v25.6) - https:\/\/yoast.com\/wordpress\/plugins\/seo\/ -->\n<title>Recupero della Fortezza da Basso di Firenze: nuovo padiglione Cavaniglia, giardini e una vista inedita sulla citt\u00e0 - intoscana<\/title>\n<meta name=\"description\" content=\"Progetto da 20 milioni di euro per il polo del capoluogo toscano. Prevista la valorizzazione delle mura, dei bastioni e del camminamento di ronda. Giani: &quot;Da qui il rilancio fieristico della Toscana&quot;\" \/>\n<meta name=\"robots\" content=\"index, follow, max-snippet:-1, max-image-preview:large, max-video-preview:-1\" \/>\n<link rel=\"canonical\" href=\"https:\/\/www.intoscana.it\/it\/recupero-della-fortezza-da-basso-di-firenze-nuovo-padiglione-cavaniglia-giardini-e-una-vista-inedita-sulla-citta\/\" \/>\n<meta property=\"og:locale\" content=\"it_IT\" \/>\n<meta property=\"og:type\" content=\"article\" \/>\n<meta property=\"og:title\" content=\"Recupero della Fortezza da Basso di Firenze: nuovo padiglione Cavaniglia, giardini e una vista inedita sulla citt\u00e0\" \/>\n<meta property=\"og:description\" content=\"Progetto da 20 milioni di euro per il polo del capoluogo toscano. Prevista la valorizzazione delle mura, dei bastioni e del camminamento di ronda. Giani: &quot;Da qui il rilancio fieristico della Toscana&quot;\" \/>\n<meta property=\"og:url\" content=\"https:\/\/www.intoscana.it\/it\/recupero-della-fortezza-da-basso-di-firenze-nuovo-padiglione-cavaniglia-giardini-e-una-vista-inedita-sulla-citta\/\" \/>\n<meta property=\"og:site_name\" content=\"intoscana\" \/>\n<meta property=\"article:publisher\" content=\"https:\/\/www.facebook.com\/intoscana.it\" \/>\n<meta property=\"article:published_time\" content=\"2023-01-31T15:34:40+00:00\" \/>\n<meta property=\"article:modified_time\" content=\"2023-02-01T14:28:29+00:00\" \/>\n<meta property=\"og:image\" content=\"https:\/\/www.intoscana.it\/wp-content\/uploads\/cavanglia1.jpeg\" \/>\n\t<meta property=\"og:image:width\" content=\"1280\" \/>\n\t<meta property=\"og:image:height\" content=\"854\" \/>\n\t<meta property=\"og:image:type\" content=\"image\/jpeg\" \/>\n<meta name=\"author\" content=\"Redazione\" \/>\n<meta name=\"twitter:card\" content=\"summary_large_image\" \/>\n<meta name=\"twitter:creator\" content=\"@intoscana\" \/>\n<meta name=\"twitter:site\" content=\"@intoscana\" \/>\n<meta name=\"twitter:label1\" content=\"Written by\" \/>\n\t<meta name=\"twitter:data1\" content=\"Redazione\" \/>\n\t<meta name=\"twitter:label2\" content=\"Est. reading time\" \/>\n\t<meta name=\"twitter:data2\" content=\"3 minuti\" \/>\n<script type=\"application\/ld+json\" class=\"yoast-schema-graph\">{\"@context\":\"https:\/\/schema.org\",\"@graph\":[{\"@type\":\"WebPage\",\"@id\":\"https:\/\/www.intoscana.it\/it\/recupero-della-fortezza-da-basso-di-firenze-nuovo-padiglione-cavaniglia-giardini-e-una-vista-inedita-sulla-citta\/\",\"url\":\"https:\/\/www.intoscana.it\/it\/recupero-della-fortezza-da-basso-di-firenze-nuovo-padiglione-cavaniglia-giardini-e-una-vista-inedita-sulla-citta\/\",\"name\":\"Recupero della Fortezza da Basso di Firenze: nuovo padiglione Cavaniglia, giardini e una vista inedita sulla citt\u00e0 - intoscana\",\"isPartOf\":{\"@id\":\"https:\/\/www.intoscana.it\/it\/#website\"},\"primaryImageOfPage\":{\"@id\":\"https:\/\/www.intoscana.it\/it\/recupero-della-fortezza-da-basso-di-firenze-nuovo-padiglione-cavaniglia-giardini-e-una-vista-inedita-sulla-citta\/#primaryimage\"},\"image\":{\"@id\":\"https:\/\/www.intoscana.it\/it\/recupero-della-fortezza-da-basso-di-firenze-nuovo-padiglione-cavaniglia-giardini-e-una-vista-inedita-sulla-citta\/#primaryimage\"},\"thumbnailUrl\":\"https:\/\/www.intoscana.it\/wp-content\/uploads\/cavanglia1.jpeg\",\"datePublished\":\"2023-01-31T15:34:40+00:00\",\"dateModified\":\"2023-02-01T14:28:29+00:00\",\"author\":{\"@id\":\"https:\/\/www.intoscana.it\/it\/#\/schema\/person\/9223810753230f20bd670fdd322661f8\"},\"description\":\"Progetto da 20 milioni di euro per il polo del capoluogo toscano. Prevista la valorizzazione delle mura, dei bastioni e del camminamento di ronda. Giani: \\\"Da qui il rilancio fieristico della Toscana\\\"\",\"breadcrumb\":{\"@id\":\"https:\/\/www.intoscana.it\/it\/recupero-della-fortezza-da-basso-di-firenze-nuovo-padiglione-cavaniglia-giardini-e-una-vista-inedita-sulla-citta\/#breadcrumb\"},\"inLanguage\":\"it-IT\",\"potentialAction\":[{\"@type\":\"ReadAction\",\"target\":[\"https:\/\/www.intoscana.it\/it\/recupero-della-fortezza-da-basso-di-firenze-nuovo-padiglione-cavaniglia-giardini-e-una-vista-inedita-sulla-citta\/\"]}]},{\"@type\":\"ImageObject\",\"inLanguage\":\"it-IT\",\"@id\":\"https:\/\/www.intoscana.it\/it\/recupero-della-fortezza-da-basso-di-firenze-nuovo-padiglione-cavaniglia-giardini-e-una-vista-inedita-sulla-citta\/#primaryimage\",\"url\":\"https:\/\/www.intoscana.it\/wp-content\/uploads\/cavanglia1.jpeg\",\"contentUrl\":\"https:\/\/www.intoscana.it\/wp-content\/uploads\/cavanglia1.jpeg\",\"width\":1280,\"height\":854},{\"@type\":\"BreadcrumbList\",\"@id\":\"https:\/\/www.intoscana.it\/it\/recupero-della-fortezza-da-basso-di-firenze-nuovo-padiglione-cavaniglia-giardini-e-una-vista-inedita-sulla-citta\/#breadcrumb\",\"itemListElement\":[{\"@type\":\"ListItem\",\"position\":1,\"name\":\"Home\",\"item\":\"https:\/\/www.intoscana.it\/it\/\"},{\"@type\":\"ListItem\",\"position\":2,\"name\":\"Recupero della Fortezza da Basso di Firenze: nuovo padiglione Cavaniglia, giardini e una vista inedita sulla citt\u00e0\"}]},{\"@type\":\"WebSite\",\"@id\":\"https:\/\/www.intoscana.it\/it\/#website\",\"url\":\"https:\/\/www.intoscana.it\/it\/\",\"name\":\"intoscana\",\"description\":\"\",\"potentialAction\":[{\"@type\":\"SearchAction\",\"target\":{\"@type\":\"EntryPoint\",\"urlTemplate\":\"https:\/\/www.intoscana.it\/it\/?s={search_term_string}\"},\"query-input\":{\"@type\":\"PropertyValueSpecification\",\"valueRequired\":true,\"valueName\":\"search_term_string\"}}],\"inLanguage\":\"it-IT\"},{\"@type\":\"Person\",\"@id\":\"https:\/\/www.intoscana.it\/it\/#\/schema\/person\/9223810753230f20bd670fdd322661f8\",\"name\":\"Redazione\",\"url\":\"https:\/\/www.intoscana.it\/it\/author\/redazione\/\"}]}<\/script>\n<!-- \/ Yoast SEO Premium plugin. -->","yoast_head_json":{"title":"Recupero della Fortezza da Basso di Firenze: nuovo padiglione Cavaniglia, giardini e una vista inedita sulla citt\u00e0 - intoscana","description":"Progetto da 20 milioni di euro per il polo del capoluogo toscano. Prevista la valorizzazione delle mura, dei bastioni e del camminamento di ronda. Giani: \"Da qui il rilancio fieristico della Toscana\"","robots":{"index":"index","follow":"follow","max-snippet":"max-snippet:-1","max-image-preview":"max-image-preview:large","max-video-preview":"max-video-preview:-1"},"canonical":"https:\/\/www.intoscana.it\/it\/recupero-della-fortezza-da-basso-di-firenze-nuovo-padiglione-cavaniglia-giardini-e-una-vista-inedita-sulla-citta\/","og_locale":"it_IT","og_type":"article","og_title":"Recupero della Fortezza da Basso di Firenze: nuovo padiglione Cavaniglia, giardini e una vista inedita sulla citt\u00e0","og_description":"Progetto da 20 milioni di euro per il polo del capoluogo toscano. Prevista la valorizzazione delle mura, dei bastioni e del camminamento di ronda. Giani: \"Da qui il rilancio fieristico della Toscana\"","og_url":"https:\/\/www.intoscana.it\/it\/recupero-della-fortezza-da-basso-di-firenze-nuovo-padiglione-cavaniglia-giardini-e-una-vista-inedita-sulla-citta\/","og_site_name":"intoscana","article_publisher":"https:\/\/www.facebook.com\/intoscana.it","article_published_time":"2023-01-31T15:34:40+00:00","article_modified_time":"2023-02-01T14:28:29+00:00","og_image":[{"width":1280,"height":854,"url":"https:\/\/www.intoscana.it\/wp-content\/uploads\/cavanglia1.jpeg","type":"image\/jpeg"}],"author":"Redazione","twitter_card":"summary_large_image","twitter_creator":"@intoscana","twitter_site":"@intoscana","twitter_misc":{"Written by":"Redazione","Est. reading time":"3 minuti"},"schema":{"@context":"https:\/\/schema.org","@graph":[{"@type":"WebPage","@id":"https:\/\/www.intoscana.it\/it\/recupero-della-fortezza-da-basso-di-firenze-nuovo-padiglione-cavaniglia-giardini-e-una-vista-inedita-sulla-citta\/","url":"https:\/\/www.intoscana.it\/it\/recupero-della-fortezza-da-basso-di-firenze-nuovo-padiglione-cavaniglia-giardini-e-una-vista-inedita-sulla-citta\/","name":"Recupero della Fortezza da Basso di Firenze: nuovo padiglione Cavaniglia, giardini e una vista inedita sulla citt\u00e0 - intoscana","isPartOf":{"@id":"https:\/\/www.intoscana.it\/it\/#website"},"primaryImageOfPage":{"@id":"https:\/\/www.intoscana.it\/it\/recupero-della-fortezza-da-basso-di-firenze-nuovo-padiglione-cavaniglia-giardini-e-una-vista-inedita-sulla-citta\/#primaryimage"},"image":{"@id":"https:\/\/www.intoscana.it\/it\/recupero-della-fortezza-da-basso-di-firenze-nuovo-padiglione-cavaniglia-giardini-e-una-vista-inedita-sulla-citta\/#primaryimage"},"thumbnailUrl":"https:\/\/www.intoscana.it\/wp-content\/uploads\/cavanglia1.jpeg","datePublished":"2023-01-31T15:34:40+00:00","dateModified":"2023-02-01T14:28:29+00:00","author":{"@id":"https:\/\/www.intoscana.it\/it\/#\/schema\/person\/9223810753230f20bd670fdd322661f8"},"description":"Progetto da 20 milioni di euro per il polo del capoluogo toscano. Prevista la valorizzazione delle mura, dei bastioni e del camminamento di ronda. Giani: \"Da qui il rilancio fieristico della Toscana\"","breadcrumb":{"@id":"https:\/\/www.intoscana.it\/it\/recupero-della-fortezza-da-basso-di-firenze-nuovo-padiglione-cavaniglia-giardini-e-una-vista-inedita-sulla-citta\/#breadcrumb"},"inLanguage":"it-IT","potentialAction":[{"@type":"ReadAction","target":["https:\/\/www.intoscana.it\/it\/recupero-della-fortezza-da-basso-di-firenze-nuovo-padiglione-cavaniglia-giardini-e-una-vista-inedita-sulla-citta\/"]}]},{"@type":"ImageObject","inLanguage":"it-IT","@id":"https:\/\/www.intoscana.it\/it\/recupero-della-fortezza-da-basso-di-firenze-nuovo-padiglione-cavaniglia-giardini-e-una-vista-inedita-sulla-citta\/#primaryimage","url":"https:\/\/www.intoscana.it\/wp-content\/uploads\/cavanglia1.jpeg","contentUrl":"https:\/\/www.intoscana.it\/wp-content\/uploads\/cavanglia1.jpeg","width":1280,"height":854},{"@type":"BreadcrumbList","@id":"https:\/\/www.intoscana.it\/it\/recupero-della-fortezza-da-basso-di-firenze-nuovo-padiglione-cavaniglia-giardini-e-una-vista-inedita-sulla-citta\/#breadcrumb","itemListElement":[{"@type":"ListItem","position":1,"name":"Home","item":"https:\/\/www.intoscana.it\/it\/"},{"@type":"ListItem","position":2,"name":"Recupero della Fortezza da Basso di Firenze: nuovo padiglione Cavaniglia, giardini e una vista inedita sulla citt\u00e0"}]},{"@type":"WebSite","@id":"https:\/\/www.intoscana.it\/it\/#website","url":"https:\/\/www.intoscana.it\/it\/","name":"intoscana","description":"","potentialAction":[{"@type":"SearchAction","target":{"@type":"EntryPoint","urlTemplate":"https:\/\/www.intoscana.it\/it\/?s={search_term_string}"},"query-input":{"@type":"PropertyValueSpecification","valueRequired":true,"valueName":"search_term_string"}}],"inLanguage":"it-IT"},{"@type":"Person","@id":"https:\/\/www.intoscana.it\/it\/#\/schema\/person\/9223810753230f20bd670fdd322661f8","name":"Redazione","url":"https:\/\/www.intoscana.it\/it\/author\/redazione\/"}]}},"_links":{"self":[{"href":"https:\/\/www.intoscana.it\/it\/wp-json\/wp\/v2\/posts\/269809","targetHints":{"allow":["GET"]}}],"collection":[{"href":"https:\/\/www.intoscana.it\/it\/wp-json\/wp\/v2\/posts"}],"about":[{"href":"https:\/\/www.intoscana.it\/it\/wp-json\/wp\/v2\/types\/post"}],"author":[{"embeddable":true,"href":"https:\/\/www.intoscana.it\/it\/wp-json\/wp\/v2\/users\/525"}],"replies":[{"embeddable":true,"href":"https:\/\/www.intoscana.it\/it\/wp-json\/wp\/v2\/comments?post=269809"}],"version-history":[{"count":0,"href":"https:\/\/www.intoscana.it\/it\/wp-json\/wp\/v2\/posts\/269809\/revisions"}],"wp:featuredmedia":[{"embeddable":true,"href":"https:\/\/www.intoscana.it\/it\/wp-json\/wp\/v2\/media\/269810"}],"wp:attachment":[{"href":"https:\/\/www.intoscana.it\/it\/wp-json\/wp\/v2\/media?parent=269809"}],"wp:term":[{"taxonomy":"category","embeddable":true,"href":"https:\/\/www.intoscana.it\/it\/wp-json\/wp\/v2\/categories?post=269809"},{"taxonomy":"post_tag","embeddable":true,"href":"https:\/\/www.intoscana.it\/it\/wp-json\/wp\/v2\/tags?post=269809"}],"curies":[{"name":"wp","href":"https:\/\/api.w.org\/{rel}","templated":true}]}}