{"id":270203,"date":"2023-02-02T14:58:37","date_gmt":"2023-02-02T13:58:37","guid":{"rendered":"https:\/\/www.intoscana.it\/it\/?p=270203"},"modified":"2023-02-02T22:24:04","modified_gmt":"2023-02-02T21:24:04","slug":"torna-a-firenze-la-50-giorni-di-cinema-con-un-premio-dedicato-ai-nuovi-volti-del-futuro","status":"publish","type":"post","link":"https:\/\/www.intoscana.it\/it\/torna-a-firenze-la-50-giorni-di-cinema-con-un-premio-dedicato-ai-nuovi-volti-del-futuro\/","title":{"rendered":"Torna la 50 Giorni di Cinema con un premio dedicato ai volti del futuro nel segno del David di Donatello"},"content":{"rendered":"<p>La Toscana \u00e8 da sempre terra di cinema e nel 2023 lo sar\u00e0 ancora di pi\u00f9 grazie al ritorno della<strong> 50 Giorni di cinema<\/strong> il progetto nato nel 2007 per rilanciare con <strong>un cartellone unico i festival di cinema a carattere internazionale<\/strong> che porteranno a Firenze registi e prime assolute da ogni parte del mondo.<\/p>\n<p><strong>Eugenio Giani presidente Regione Toscana<\/strong> ha dichiarato:\u00a0<em>&#8220;Se penso alla 50 Giorni non posso fare a meno di associarvi la parola &#8216;qualit\u00e0&#8217;, \u00e8 questa da sempre la cifra della consolidata rassegna di cinema internazionale, frutto di un proficuo lavoro di squadra, rassegna di cui la Toscana si fregia e che orgogliosamente porta il nome della nostra regione nel mondo. Qualit\u00e0, cultura, apertura sono proprie della vocazione cinematografica della Toscana e della sua lunga tradizione che la Regione sostiene e valorizza con le sue politiche culturali, consapevole che il cinema \u00e8 parte di un processo pi\u00f9 ampio di cui fa parte la promozione del territorio.&#8221;<\/em><\/p>\n<div class=\"titleimg\">\n<div class=\"titleimg\">\n<div class=\"titleimg\">\n<div class=\"titleimg\">\n<div class=\"titleimg\">\n<figure id=\"post-270237 media-270237\" class=\"align-none\"><img decoding=\"async\" src=\"https:\/\/www.intoscana.it\/wp-content\/uploads\/ConferenzaStampa50giorni2023-1.jpg\" alt=\"\" \/><\/figure>\n<div class=\"titleimg\"><em>Presentazione 50 Giorni di cinema 2023<\/em><\/div>\n<\/div>\n<\/div>\n<\/div>\n<\/div>\n<\/div>\n<p>La rassegna presentata <strong>gioved\u00ec 2 febbraio a Firenze al Museo del Bargello<\/strong> torna dopo qualche anno di pausa grazie al protocollo d&#8217;intesa tra <strong>Comune di Firenze, Fondazione Sistema Toscana, Fondazione Cassa di Risparmio di Firenze e Camera di Commercio di Firenze.<\/strong><\/p>\n<p>La 50 Giorni sar\u00e0 possibile grazie a un <strong>finanziamento di 250 mila euro <\/strong>provenienti dal <strong>Ministero del Turismo<\/strong> per la valorizzazione delle <em><strong>&#8220;Grandi Destinazioni Italiane per un Turismo Sostenibile&#8221;, <\/strong><\/em>ai quali si andr\u00e0 ad aggiungere un contributo di<strong> 50 mila euro stanziato da Fondazione CR Firenze.<\/strong><\/p>\n<p><strong>Dario Nardella sindaco di Firenze<\/strong> ha dichiarato: <em>&#8220;Mai come adesso il settore cinematografico ha bisogno di supporto e rilancio e siamo pronti a fare la nostra parte. Con questo progetto andiamo a sostenere sempre di pi\u00f9 il comparto, dando avvio a una sinergia ancora pi\u00f9 forte tra le istituzioni e mettendo in campo una serie di azioni, a partire dal rilancio del cartellone della 50 Giorni di Cinema Internazionale a Firenze, che si va ad arricchire di un&#8217;iniziativa preziosa come il premio &#8216;Italian rising stars&#8217;, destinato a valorizzare giovani talenti. Obiettivo di questo grande lavoro \u00e8 da un lato valorizzare un progetto culturale ormai di riferimento, che cos\u00ec pu\u00f2 fare un ulteriore salto di qualit\u00e0 arrivando a intercettare ancora nuovi pubblici, dall&#8217;altro attivare strategie per promuovere sempre di pi\u00f9 la citt\u00e0 come set di produzioni cinematografiche e audiovisive e sfruttare al meglio le potenzialit\u00e0 di questo settore. Il tutto anche come leva per attirare target differenti di visitatori, nell&#8217;ottica di sviluppare un&#8217;offerta turistica sempre pi\u00f9 di qualit\u00e0 e sostenibile&#8221;.<\/em><\/p>\n<figure id=\"post-143376 media-143376\" class=\"align-none\"><img decoding=\"async\" src=\"https:\/\/www.intoscana.it\/wp-content\/uploads\/la_compagnia_1-2.jpeg\" alt=\"\" \/><\/figure>\n<div class=\"titleimg\">Cinema La Compagnia<\/div>\n<h3>I nove festival della 50 Giorni di Cinema<\/h3>\n<p>La<strong> 50 Giorni di cinema<\/strong> si terr\u00e0 dal 5 ottobre al 12 dicembre 2023 al cinema<strong> La Compagnia di Firenze<\/strong> e riunir\u00e0 ben nove festival: il <strong>F\u00e0nHua Chinese Film Festival, il Middle East Now, il Florence\u00a0Queer Festival, France Oceon, il Festival dei Popoli. Festival internazionale del Film Documentario, Lo Schermo dell&#8217;Arte Film Festival, il Festival Internazionale di Cinema e Donne, il NICE-New Italian Cinema Events e il River to River Florence Indian Film Festival.<\/strong><\/p>\n<figure id=\"post-270207 media-270207\" class=\"align-none\"><img decoding=\"async\" src=\"https:\/\/www.intoscana.it\/wp-content\/uploads\/IMG_5144-scaled.jpg\" alt=\"\" \/><\/figure>\n<div class=\"titleimg\"><em>Piera Detassis &#8211; \u00a9 Salvatore Bruno<\/em><\/div>\n<h3>Il premio &#8220;Italian Rising Stars&#8221;<\/h3>\n<p>Novit\u00e0 assoluta del 2023 \u00e8 una nuova iniziativa realizzata in collaborazione con l&#8217;<strong>Accademia del Cinema Italiano Premi David di Donatello,<\/strong> la prima edizione di <em><strong>&#8220;Italian Rising Stars&#8221;<\/strong><\/em> un premio che la giuria del David assegner\u00e0 ai <strong>nuovi volti del cinema del futuro<\/strong>.<\/p>\n<p><em>&#8220;Per i Premi David di Donatello \u00e8 un onore far parte di un&#8217;iniziativa che include un numero cos\u00ec significativo di eventi importanti<\/em> &#8211; <strong>ha detto la Presidente e Direttrice Artistica dell&#8217;Accademia del Cinema Italiano, Piera Detassis<\/strong> &#8211; <em>Parteciperemo al progetto culturale toscano con un&#8217;idea innovativa, che da tempo auspichiamo di realizzare, per dare risalto e valorizzare i talenti rivelazione del nostro cinema&#8221;.<\/em><\/p>\n","protected":false},"excerpt":{"rendered":"<p>La 50 Giorni di Cinema si terr\u00e0 dal 5 ottobre al 12 dicembre 2023 al cinema La Compagnia di Firenze e riunir\u00e0 ben nove festival internazionali. Novit\u00e0 del 2023 il premio &#8220;Italian Rising Stars\u201d<\/p>\n","protected":false},"author":518,"featured_media":270233,"comment_status":"open","ping_status":"open","sticky":false,"template":"","format":"standard","meta":{"_acf_changed":false,"footnotes":""},"categories":[493],"tags":[188,168,151],"class_list":["post-270203","post","type-post","status-publish","format-standard","has-post-thumbnail","hentry","category-cultura","tag-cinema","tag-fondazione-sistema-toscana","tag-regione-toscana"],"acf":[],"yoast_head":"<!-- This site is optimized with the Yoast SEO Premium plugin v24.2 (Yoast SEO v25.6) - https:\/\/yoast.com\/wordpress\/plugins\/seo\/ -->\n<title>Torna la 50 Giorni di Cinema con un premio dedicato ai volti del futuro nel segno del David di Donatello - intoscana<\/title>\n<meta name=\"description\" content=\"La 50 Giorni di cinema si terr\u00e0 dal 5 ottobre al 12 dicembre 2023 al cinema La Compagnia di Firenze e riunir\u00e0 ben nove festival\" \/>\n<meta name=\"robots\" content=\"index, follow, max-snippet:-1, max-image-preview:large, max-video-preview:-1\" \/>\n<link rel=\"canonical\" href=\"https:\/\/www.intoscana.it\/it\/torna-a-firenze-la-50-giorni-di-cinema-con-un-premio-dedicato-ai-nuovi-volti-del-futuro\/\" \/>\n<meta property=\"og:locale\" content=\"it_IT\" \/>\n<meta property=\"og:type\" content=\"article\" \/>\n<meta property=\"og:title\" content=\"Torna la 50 Giorni di Cinema con un premio dedicato ai volti del futuro nel segno del David di Donatello\" \/>\n<meta property=\"og:description\" content=\"La 50 Giorni di cinema si terr\u00e0 dal 5 ottobre al 12 dicembre 2023 al cinema La Compagnia di Firenze e riunir\u00e0 ben nove festival\" \/>\n<meta property=\"og:url\" content=\"https:\/\/www.intoscana.it\/it\/torna-a-firenze-la-50-giorni-di-cinema-con-un-premio-dedicato-ai-nuovi-volti-del-futuro\/\" \/>\n<meta property=\"og:site_name\" content=\"intoscana\" \/>\n<meta property=\"article:publisher\" content=\"https:\/\/www.facebook.com\/intoscana.it\" \/>\n<meta property=\"article:published_time\" content=\"2023-02-02T13:58:37+00:00\" \/>\n<meta property=\"article:modified_time\" content=\"2023-02-02T21:24:04+00:00\" \/>\n<meta property=\"og:image\" content=\"https:\/\/www.intoscana.it\/wp-content\/uploads\/LSDA-2022_16-11_La-Compagnia-ph.Marco-Rescigno-30-scaled.jpg\" \/>\n\t<meta property=\"og:image:width\" content=\"2048\" \/>\n\t<meta property=\"og:image:height\" content=\"1366\" \/>\n\t<meta property=\"og:image:type\" content=\"image\/jpeg\" \/>\n<meta name=\"author\" content=\"Costanza Baldini\" \/>\n<meta name=\"twitter:card\" content=\"summary_large_image\" \/>\n<meta name=\"twitter:creator\" content=\"@intoscana\" \/>\n<meta name=\"twitter:site\" content=\"@intoscana\" \/>\n<meta name=\"twitter:label1\" content=\"Written by\" \/>\n\t<meta name=\"twitter:data1\" content=\"Costanza Baldini\" \/>\n\t<meta name=\"twitter:label2\" content=\"Est. reading time\" \/>\n\t<meta name=\"twitter:data2\" content=\"3 minuti\" \/>\n<script type=\"application\/ld+json\" class=\"yoast-schema-graph\">{\"@context\":\"https:\/\/schema.org\",\"@graph\":[{\"@type\":\"WebPage\",\"@id\":\"https:\/\/www.intoscana.it\/it\/torna-a-firenze-la-50-giorni-di-cinema-con-un-premio-dedicato-ai-nuovi-volti-del-futuro\/\",\"url\":\"https:\/\/www.intoscana.it\/it\/torna-a-firenze-la-50-giorni-di-cinema-con-un-premio-dedicato-ai-nuovi-volti-del-futuro\/\",\"name\":\"Torna la 50 Giorni di Cinema con un premio dedicato ai volti del futuro nel segno del David di Donatello - intoscana\",\"isPartOf\":{\"@id\":\"https:\/\/www.intoscana.it\/it\/#website\"},\"primaryImageOfPage\":{\"@id\":\"https:\/\/www.intoscana.it\/it\/torna-a-firenze-la-50-giorni-di-cinema-con-un-premio-dedicato-ai-nuovi-volti-del-futuro\/#primaryimage\"},\"image\":{\"@id\":\"https:\/\/www.intoscana.it\/it\/torna-a-firenze-la-50-giorni-di-cinema-con-un-premio-dedicato-ai-nuovi-volti-del-futuro\/#primaryimage\"},\"thumbnailUrl\":\"https:\/\/www.intoscana.it\/wp-content\/uploads\/LSDA-2022_16-11_La-Compagnia-ph.Marco-Rescigno-30-scaled.jpg\",\"datePublished\":\"2023-02-02T13:58:37+00:00\",\"dateModified\":\"2023-02-02T21:24:04+00:00\",\"author\":{\"@id\":\"https:\/\/www.intoscana.it\/it\/#\/schema\/person\/d469f35f09739bdf00bf5dd3f0647a82\"},\"description\":\"La 50 Giorni di cinema si terr\u00e0 dal 5 ottobre al 12 dicembre 2023 al cinema La Compagnia di Firenze e riunir\u00e0 ben nove festival\",\"breadcrumb\":{\"@id\":\"https:\/\/www.intoscana.it\/it\/torna-a-firenze-la-50-giorni-di-cinema-con-un-premio-dedicato-ai-nuovi-volti-del-futuro\/#breadcrumb\"},\"inLanguage\":\"it-IT\",\"potentialAction\":[{\"@type\":\"ReadAction\",\"target\":[\"https:\/\/www.intoscana.it\/it\/torna-a-firenze-la-50-giorni-di-cinema-con-un-premio-dedicato-ai-nuovi-volti-del-futuro\/\"]}]},{\"@type\":\"ImageObject\",\"inLanguage\":\"it-IT\",\"@id\":\"https:\/\/www.intoscana.it\/it\/torna-a-firenze-la-50-giorni-di-cinema-con-un-premio-dedicato-ai-nuovi-volti-del-futuro\/#primaryimage\",\"url\":\"https:\/\/www.intoscana.it\/wp-content\/uploads\/LSDA-2022_16-11_La-Compagnia-ph.Marco-Rescigno-30-scaled.jpg\",\"contentUrl\":\"https:\/\/www.intoscana.it\/wp-content\/uploads\/LSDA-2022_16-11_La-Compagnia-ph.Marco-Rescigno-30-scaled.jpg\",\"width\":2048,\"height\":1366},{\"@type\":\"BreadcrumbList\",\"@id\":\"https:\/\/www.intoscana.it\/it\/torna-a-firenze-la-50-giorni-di-cinema-con-un-premio-dedicato-ai-nuovi-volti-del-futuro\/#breadcrumb\",\"itemListElement\":[{\"@type\":\"ListItem\",\"position\":1,\"name\":\"Home\",\"item\":\"https:\/\/www.intoscana.it\/it\/\"},{\"@type\":\"ListItem\",\"position\":2,\"name\":\"Torna la 50 Giorni di Cinema con un premio dedicato ai volti del futuro nel segno del David di Donatello\"}]},{\"@type\":\"WebSite\",\"@id\":\"https:\/\/www.intoscana.it\/it\/#website\",\"url\":\"https:\/\/www.intoscana.it\/it\/\",\"name\":\"intoscana\",\"description\":\"\",\"potentialAction\":[{\"@type\":\"SearchAction\",\"target\":{\"@type\":\"EntryPoint\",\"urlTemplate\":\"https:\/\/www.intoscana.it\/it\/?s={search_term_string}\"},\"query-input\":{\"@type\":\"PropertyValueSpecification\",\"valueRequired\":true,\"valueName\":\"search_term_string\"}}],\"inLanguage\":\"it-IT\"},{\"@type\":\"Person\",\"@id\":\"https:\/\/www.intoscana.it\/it\/#\/schema\/person\/d469f35f09739bdf00bf5dd3f0647a82\",\"name\":\"Costanza Baldini\",\"url\":\"https:\/\/www.intoscana.it\/it\/author\/costanza-baldini\/\"}]}<\/script>\n<!-- \/ Yoast SEO Premium plugin. -->","yoast_head_json":{"title":"Torna la 50 Giorni di Cinema con un premio dedicato ai volti del futuro nel segno del David di Donatello - intoscana","description":"La 50 Giorni di cinema si terr\u00e0 dal 5 ottobre al 12 dicembre 2023 al cinema La Compagnia di Firenze e riunir\u00e0 ben nove festival","robots":{"index":"index","follow":"follow","max-snippet":"max-snippet:-1","max-image-preview":"max-image-preview:large","max-video-preview":"max-video-preview:-1"},"canonical":"https:\/\/www.intoscana.it\/it\/torna-a-firenze-la-50-giorni-di-cinema-con-un-premio-dedicato-ai-nuovi-volti-del-futuro\/","og_locale":"it_IT","og_type":"article","og_title":"Torna la 50 Giorni di Cinema con un premio dedicato ai volti del futuro nel segno del David di Donatello","og_description":"La 50 Giorni di cinema si terr\u00e0 dal 5 ottobre al 12 dicembre 2023 al cinema La Compagnia di Firenze e riunir\u00e0 ben nove festival","og_url":"https:\/\/www.intoscana.it\/it\/torna-a-firenze-la-50-giorni-di-cinema-con-un-premio-dedicato-ai-nuovi-volti-del-futuro\/","og_site_name":"intoscana","article_publisher":"https:\/\/www.facebook.com\/intoscana.it","article_published_time":"2023-02-02T13:58:37+00:00","article_modified_time":"2023-02-02T21:24:04+00:00","og_image":[{"width":2048,"height":1366,"url":"https:\/\/www.intoscana.it\/wp-content\/uploads\/LSDA-2022_16-11_La-Compagnia-ph.Marco-Rescigno-30-scaled.jpg","type":"image\/jpeg"}],"author":"Costanza Baldini","twitter_card":"summary_large_image","twitter_creator":"@intoscana","twitter_site":"@intoscana","twitter_misc":{"Written by":"Costanza Baldini","Est. reading time":"3 minuti"},"schema":{"@context":"https:\/\/schema.org","@graph":[{"@type":"WebPage","@id":"https:\/\/www.intoscana.it\/it\/torna-a-firenze-la-50-giorni-di-cinema-con-un-premio-dedicato-ai-nuovi-volti-del-futuro\/","url":"https:\/\/www.intoscana.it\/it\/torna-a-firenze-la-50-giorni-di-cinema-con-un-premio-dedicato-ai-nuovi-volti-del-futuro\/","name":"Torna la 50 Giorni di Cinema con un premio dedicato ai volti del futuro nel segno del David di Donatello - intoscana","isPartOf":{"@id":"https:\/\/www.intoscana.it\/it\/#website"},"primaryImageOfPage":{"@id":"https:\/\/www.intoscana.it\/it\/torna-a-firenze-la-50-giorni-di-cinema-con-un-premio-dedicato-ai-nuovi-volti-del-futuro\/#primaryimage"},"image":{"@id":"https:\/\/www.intoscana.it\/it\/torna-a-firenze-la-50-giorni-di-cinema-con-un-premio-dedicato-ai-nuovi-volti-del-futuro\/#primaryimage"},"thumbnailUrl":"https:\/\/www.intoscana.it\/wp-content\/uploads\/LSDA-2022_16-11_La-Compagnia-ph.Marco-Rescigno-30-scaled.jpg","datePublished":"2023-02-02T13:58:37+00:00","dateModified":"2023-02-02T21:24:04+00:00","author":{"@id":"https:\/\/www.intoscana.it\/it\/#\/schema\/person\/d469f35f09739bdf00bf5dd3f0647a82"},"description":"La 50 Giorni di cinema si terr\u00e0 dal 5 ottobre al 12 dicembre 2023 al cinema La Compagnia di Firenze e riunir\u00e0 ben nove festival","breadcrumb":{"@id":"https:\/\/www.intoscana.it\/it\/torna-a-firenze-la-50-giorni-di-cinema-con-un-premio-dedicato-ai-nuovi-volti-del-futuro\/#breadcrumb"},"inLanguage":"it-IT","potentialAction":[{"@type":"ReadAction","target":["https:\/\/www.intoscana.it\/it\/torna-a-firenze-la-50-giorni-di-cinema-con-un-premio-dedicato-ai-nuovi-volti-del-futuro\/"]}]},{"@type":"ImageObject","inLanguage":"it-IT","@id":"https:\/\/www.intoscana.it\/it\/torna-a-firenze-la-50-giorni-di-cinema-con-un-premio-dedicato-ai-nuovi-volti-del-futuro\/#primaryimage","url":"https:\/\/www.intoscana.it\/wp-content\/uploads\/LSDA-2022_16-11_La-Compagnia-ph.Marco-Rescigno-30-scaled.jpg","contentUrl":"https:\/\/www.intoscana.it\/wp-content\/uploads\/LSDA-2022_16-11_La-Compagnia-ph.Marco-Rescigno-30-scaled.jpg","width":2048,"height":1366},{"@type":"BreadcrumbList","@id":"https:\/\/www.intoscana.it\/it\/torna-a-firenze-la-50-giorni-di-cinema-con-un-premio-dedicato-ai-nuovi-volti-del-futuro\/#breadcrumb","itemListElement":[{"@type":"ListItem","position":1,"name":"Home","item":"https:\/\/www.intoscana.it\/it\/"},{"@type":"ListItem","position":2,"name":"Torna la 50 Giorni di Cinema con un premio dedicato ai volti del futuro nel segno del David di Donatello"}]},{"@type":"WebSite","@id":"https:\/\/www.intoscana.it\/it\/#website","url":"https:\/\/www.intoscana.it\/it\/","name":"intoscana","description":"","potentialAction":[{"@type":"SearchAction","target":{"@type":"EntryPoint","urlTemplate":"https:\/\/www.intoscana.it\/it\/?s={search_term_string}"},"query-input":{"@type":"PropertyValueSpecification","valueRequired":true,"valueName":"search_term_string"}}],"inLanguage":"it-IT"},{"@type":"Person","@id":"https:\/\/www.intoscana.it\/it\/#\/schema\/person\/d469f35f09739bdf00bf5dd3f0647a82","name":"Costanza Baldini","url":"https:\/\/www.intoscana.it\/it\/author\/costanza-baldini\/"}]}},"_links":{"self":[{"href":"https:\/\/www.intoscana.it\/it\/wp-json\/wp\/v2\/posts\/270203","targetHints":{"allow":["GET"]}}],"collection":[{"href":"https:\/\/www.intoscana.it\/it\/wp-json\/wp\/v2\/posts"}],"about":[{"href":"https:\/\/www.intoscana.it\/it\/wp-json\/wp\/v2\/types\/post"}],"author":[{"embeddable":true,"href":"https:\/\/www.intoscana.it\/it\/wp-json\/wp\/v2\/users\/518"}],"replies":[{"embeddable":true,"href":"https:\/\/www.intoscana.it\/it\/wp-json\/wp\/v2\/comments?post=270203"}],"version-history":[{"count":0,"href":"https:\/\/www.intoscana.it\/it\/wp-json\/wp\/v2\/posts\/270203\/revisions"}],"wp:featuredmedia":[{"embeddable":true,"href":"https:\/\/www.intoscana.it\/it\/wp-json\/wp\/v2\/media\/270233"}],"wp:attachment":[{"href":"https:\/\/www.intoscana.it\/it\/wp-json\/wp\/v2\/media?parent=270203"}],"wp:term":[{"taxonomy":"category","embeddable":true,"href":"https:\/\/www.intoscana.it\/it\/wp-json\/wp\/v2\/categories?post=270203"},{"taxonomy":"post_tag","embeddable":true,"href":"https:\/\/www.intoscana.it\/it\/wp-json\/wp\/v2\/tags?post=270203"}],"curies":[{"name":"wp","href":"https:\/\/api.w.org\/{rel}","templated":true}]}}