{"id":270519,"date":"2023-02-04T08:53:28","date_gmt":"2023-02-04T07:53:28","guid":{"rendered":"https:\/\/www.intoscana.it\/it\/?p=270519"},"modified":"2023-02-06T09:30:34","modified_gmt":"2023-02-06T08:30:34","slug":"capodanno-dellannunciazione-arezzo-ospitera-le-celebrazioni-di-marzo","status":"publish","type":"post","link":"https:\/\/www.intoscana.it\/it\/capodanno-dellannunciazione-arezzo-ospitera-le-celebrazioni-di-marzo\/","title":{"rendered":"Capodanno dell&#8217;Annunciazione, Arezzo ospiter\u00e0 le celebrazioni di marzo"},"content":{"rendered":"<p>Arezzo ospiter\u00e0 le celebrazioni del <strong>Capodanno dell\u2019Annunciazione<\/strong> in programma i prossimi 24, 25 e 26 marzo. Dopo Firenze nel 2022, il principio di rotazione delle citt\u00e0 ospitanti stabilito dal presidente <strong>Eugenio Giani<\/strong> fa ricadere la scelta sulla citt\u00e0 della Giostra del Saracino.<\/p>\n<h3><em>Il Capodanno dell&#8217;Annunciazione. date e significato<\/em><\/h3>\n<p>Il 25 marzo ricorre il Capodanno dell\u2019Annunciazione: <mark>\u00e8 la data nella quale fino al 1749 in Toscana si faceva iniziare il nuovo anno.<\/mark> Come spiega il presidente della Regione Toscana Eugenio Giani, &#8220;La celebrazione quest\u2019anno si terr\u00e0 nella citt\u00e0 di Arezzo, che per tre giorni, dal 24 al 26 marzo, vedr\u00e0 confluire migliaia di figuranti in costume storico, provenienti da tutta la nostra regione, divenendo di fatto capitale della rievocazione storica d\u2019Italia&#8221;.<\/p>\n<p>Nelle piazze della citt\u00e0 si terranno presentazioni delle principali discipline legate alle manifestazioni storiche: dimostrazioni di sbandieratori, balestrieri, arcieri. <mark>&#8220;Sar\u00e0 anche l\u2019occasione per riavviare l\u2019iter di approvazione della nuova legge nazionale sulle manifestazioni storiche, che prese avvio proprio l\u2019anno scorso a Firenze in occasione delle celebrazioni del Capodanno dell\u2019Annunciazione.<\/mark> Questo appuntamento &#8211; continua Giani &#8211;\u00a0 fa della Toscana il naturale punto di riferimento di tutto il mondo della rievocazione storica, un grande patrimonio culturale immateriale &#8211; come enunciato dalla Convenzione di Faro &#8211; che affianca l\u2019immenso patrimonio storico-artistico di cui la Toscana in generale, ed Arezzo in particolare, sono molto ricche\u201d.<\/p>\n<h3><em>Il bando del Consiglio regionale, Mazzeo: &#8220;Arezzo sapr\u00e0 onorare le celebrazioni&#8221;<\/em><\/h3>\n<p>Il <strong>Consiglio regionale<\/strong> ha pubblicato un <a href=\"https:\/\/www.consiglio.regione.toscana.it\/avvisi\/default?idc=0\" target=\"_blank\" rel=\"noopener\">bando<\/a> che prevede forme di sostegno economico dedicate proprio a chi prender\u00e0 parte all&#8217;evento regionale di Arezzo. <mark>C&#8217;\u00e8 tempo fino al 20 febbraio per partecipare.<\/mark> L&#8217;assemblea, aggiunge il suo presidente <strong>Antonio Mazzeo<\/strong>, \u00e8 impegnata &#8220;a sostenere le tante iniziative che si svolgono sui territori. Ho condiviso la scelta del Comitato delle rievocazioni storiche della Toscana di individuare annualmente una citt\u00e0 che ospiti la celebrazione regionale del Capodanno. Quest&#8217;anno la scelta \u00e8 andata su Arezzo, che sicuramente sapr\u00e0 onorare questo compito nel modo migliore visto la grande esperienza nelle rievocazioni.&#8221;<\/p>\n<p>Nel panorama delle rievocazioni storiche Arezzo \u00e8 conosciuta in tutto il mondo per la <strong>Giostra del Saracino<\/strong> che, come spiega il sindaco di Arezzo <strong>Alessandro Ghinelli<\/strong>, &#8220;con i suoi protagonisti dar\u00e0 simbolicamente il benvenuto alla Festa. Sar\u00e0 un weekend di appuntamenti ed eventi importanti alla cui organizzazione stiamo lavorando&#8221;.<\/p>\n","protected":false},"excerpt":{"rendered":"<p>Torna la rievocazione storica voluta dalla Regione con tre giorni di eventi, protagonista anche la Giostra del Saracino. Giani: &#8220;Occasione per riavviare l&#8217;iter sulla legge nazionale&#8221;. Bando del Consiglio regionale per sostenere chi parteciper\u00e0<\/p>\n","protected":false},"author":525,"featured_media":105884,"comment_status":"open","ping_status":"open","sticky":false,"template":"","format":"standard","meta":{"_acf_changed":false,"footnotes":""},"categories":[493],"tags":[4760,196,158,6130],"class_list":["post-270519","post","type-post","status-publish","format-standard","has-post-thumbnail","hentry","category-cultura","tag-antonio-mazzeo","tag-arezzo","tag-eugenio-giani","tag-rievocazioni-storiche"],"acf":[],"yoast_head":"<!-- This site is optimized with the Yoast SEO Premium plugin v24.2 (Yoast SEO v25.6) - https:\/\/yoast.com\/wordpress\/plugins\/seo\/ -->\n<title>Capodanno dell&#039;Annunciazione, Arezzo ospiter\u00e0 le celebrazioni di marzo - intoscana<\/title>\n<meta name=\"description\" content=\"Torna la rievocazione storica voluta dalla Regione con tre giorni di eventi, protagonista anche la Giostra del Saracino. Giani: &quot;Occasione per riavviare l&#039;iter sulla legge nazionale&quot;. Bando del Consiglio regionale per sostenere chi parteciper\u00e0\" \/>\n<meta name=\"robots\" content=\"index, follow, max-snippet:-1, max-image-preview:large, max-video-preview:-1\" \/>\n<link rel=\"canonical\" href=\"https:\/\/www.intoscana.it\/it\/capodanno-dellannunciazione-arezzo-ospitera-le-celebrazioni-di-marzo\/\" \/>\n<meta property=\"og:locale\" content=\"it_IT\" \/>\n<meta property=\"og:type\" content=\"article\" \/>\n<meta property=\"og:title\" content=\"Capodanno dell&#039;Annunciazione, Arezzo ospiter\u00e0 le celebrazioni di marzo\" \/>\n<meta property=\"og:description\" content=\"Torna la rievocazione storica voluta dalla Regione con tre giorni di eventi, protagonista anche la Giostra del Saracino. Giani: &quot;Occasione per riavviare l&#039;iter sulla legge nazionale&quot;. Bando del Consiglio regionale per sostenere chi parteciper\u00e0\" \/>\n<meta property=\"og:url\" content=\"https:\/\/www.intoscana.it\/it\/capodanno-dellannunciazione-arezzo-ospitera-le-celebrazioni-di-marzo\/\" \/>\n<meta property=\"og:site_name\" content=\"intoscana\" \/>\n<meta property=\"article:publisher\" content=\"https:\/\/www.facebook.com\/intoscana.it\" \/>\n<meta property=\"article:published_time\" content=\"2023-02-04T07:53:28+00:00\" \/>\n<meta property=\"article:modified_time\" content=\"2023-02-06T08:30:34+00:00\" \/>\n<meta property=\"og:image\" content=\"https:\/\/www.intoscana.it\/wp-content\/uploads\/giostra-saracino-arezzo.jpg\" \/>\n\t<meta property=\"og:image:width\" content=\"1000\" \/>\n\t<meta property=\"og:image:height\" content=\"667\" \/>\n\t<meta property=\"og:image:type\" content=\"image\/jpeg\" \/>\n<meta name=\"author\" content=\"Redazione\" \/>\n<meta name=\"twitter:card\" content=\"summary_large_image\" \/>\n<meta name=\"twitter:creator\" content=\"@intoscana\" \/>\n<meta name=\"twitter:site\" content=\"@intoscana\" \/>\n<meta name=\"twitter:label1\" content=\"Written by\" \/>\n\t<meta name=\"twitter:data1\" content=\"Redazione\" \/>\n\t<meta name=\"twitter:label2\" content=\"Est. reading time\" \/>\n\t<meta name=\"twitter:data2\" content=\"2 minuti\" \/>\n<script type=\"application\/ld+json\" class=\"yoast-schema-graph\">{\"@context\":\"https:\/\/schema.org\",\"@graph\":[{\"@type\":\"WebPage\",\"@id\":\"https:\/\/www.intoscana.it\/it\/capodanno-dellannunciazione-arezzo-ospitera-le-celebrazioni-di-marzo\/\",\"url\":\"https:\/\/www.intoscana.it\/it\/capodanno-dellannunciazione-arezzo-ospitera-le-celebrazioni-di-marzo\/\",\"name\":\"Capodanno dell'Annunciazione, Arezzo ospiter\u00e0 le celebrazioni di marzo - intoscana\",\"isPartOf\":{\"@id\":\"https:\/\/www.intoscana.it\/it\/#website\"},\"primaryImageOfPage\":{\"@id\":\"https:\/\/www.intoscana.it\/it\/capodanno-dellannunciazione-arezzo-ospitera-le-celebrazioni-di-marzo\/#primaryimage\"},\"image\":{\"@id\":\"https:\/\/www.intoscana.it\/it\/capodanno-dellannunciazione-arezzo-ospitera-le-celebrazioni-di-marzo\/#primaryimage\"},\"thumbnailUrl\":\"https:\/\/www.intoscana.it\/wp-content\/uploads\/giostra-saracino-arezzo.jpg\",\"datePublished\":\"2023-02-04T07:53:28+00:00\",\"dateModified\":\"2023-02-06T08:30:34+00:00\",\"author\":{\"@id\":\"https:\/\/www.intoscana.it\/it\/#\/schema\/person\/9223810753230f20bd670fdd322661f8\"},\"description\":\"Torna la rievocazione storica voluta dalla Regione con tre giorni di eventi, protagonista anche la Giostra del Saracino. Giani: \\\"Occasione per riavviare l'iter sulla legge nazionale\\\". Bando del Consiglio regionale per sostenere chi parteciper\u00e0\",\"breadcrumb\":{\"@id\":\"https:\/\/www.intoscana.it\/it\/capodanno-dellannunciazione-arezzo-ospitera-le-celebrazioni-di-marzo\/#breadcrumb\"},\"inLanguage\":\"it-IT\",\"potentialAction\":[{\"@type\":\"ReadAction\",\"target\":[\"https:\/\/www.intoscana.it\/it\/capodanno-dellannunciazione-arezzo-ospitera-le-celebrazioni-di-marzo\/\"]}]},{\"@type\":\"ImageObject\",\"inLanguage\":\"it-IT\",\"@id\":\"https:\/\/www.intoscana.it\/it\/capodanno-dellannunciazione-arezzo-ospitera-le-celebrazioni-di-marzo\/#primaryimage\",\"url\":\"https:\/\/www.intoscana.it\/wp-content\/uploads\/giostra-saracino-arezzo.jpg\",\"contentUrl\":\"https:\/\/www.intoscana.it\/wp-content\/uploads\/giostra-saracino-arezzo.jpg\",\"width\":1000,\"height\":667},{\"@type\":\"BreadcrumbList\",\"@id\":\"https:\/\/www.intoscana.it\/it\/capodanno-dellannunciazione-arezzo-ospitera-le-celebrazioni-di-marzo\/#breadcrumb\",\"itemListElement\":[{\"@type\":\"ListItem\",\"position\":1,\"name\":\"Home\",\"item\":\"https:\/\/www.intoscana.it\/it\/\"},{\"@type\":\"ListItem\",\"position\":2,\"name\":\"Capodanno dell&#8217;Annunciazione, Arezzo ospiter\u00e0 le celebrazioni di marzo\"}]},{\"@type\":\"WebSite\",\"@id\":\"https:\/\/www.intoscana.it\/it\/#website\",\"url\":\"https:\/\/www.intoscana.it\/it\/\",\"name\":\"intoscana\",\"description\":\"\",\"potentialAction\":[{\"@type\":\"SearchAction\",\"target\":{\"@type\":\"EntryPoint\",\"urlTemplate\":\"https:\/\/www.intoscana.it\/it\/?s={search_term_string}\"},\"query-input\":{\"@type\":\"PropertyValueSpecification\",\"valueRequired\":true,\"valueName\":\"search_term_string\"}}],\"inLanguage\":\"it-IT\"},{\"@type\":\"Person\",\"@id\":\"https:\/\/www.intoscana.it\/it\/#\/schema\/person\/9223810753230f20bd670fdd322661f8\",\"name\":\"Redazione\",\"url\":\"https:\/\/www.intoscana.it\/it\/author\/redazione\/\"}]}<\/script>\n<!-- \/ Yoast SEO Premium plugin. -->","yoast_head_json":{"title":"Capodanno dell'Annunciazione, Arezzo ospiter\u00e0 le celebrazioni di marzo - intoscana","description":"Torna la rievocazione storica voluta dalla Regione con tre giorni di eventi, protagonista anche la Giostra del Saracino. Giani: \"Occasione per riavviare l'iter sulla legge nazionale\". Bando del Consiglio regionale per sostenere chi parteciper\u00e0","robots":{"index":"index","follow":"follow","max-snippet":"max-snippet:-1","max-image-preview":"max-image-preview:large","max-video-preview":"max-video-preview:-1"},"canonical":"https:\/\/www.intoscana.it\/it\/capodanno-dellannunciazione-arezzo-ospitera-le-celebrazioni-di-marzo\/","og_locale":"it_IT","og_type":"article","og_title":"Capodanno dell'Annunciazione, Arezzo ospiter\u00e0 le celebrazioni di marzo","og_description":"Torna la rievocazione storica voluta dalla Regione con tre giorni di eventi, protagonista anche la Giostra del Saracino. Giani: \"Occasione per riavviare l'iter sulla legge nazionale\". Bando del Consiglio regionale per sostenere chi parteciper\u00e0","og_url":"https:\/\/www.intoscana.it\/it\/capodanno-dellannunciazione-arezzo-ospitera-le-celebrazioni-di-marzo\/","og_site_name":"intoscana","article_publisher":"https:\/\/www.facebook.com\/intoscana.it","article_published_time":"2023-02-04T07:53:28+00:00","article_modified_time":"2023-02-06T08:30:34+00:00","og_image":[{"width":1000,"height":667,"url":"https:\/\/www.intoscana.it\/wp-content\/uploads\/giostra-saracino-arezzo.jpg","type":"image\/jpeg"}],"author":"Redazione","twitter_card":"summary_large_image","twitter_creator":"@intoscana","twitter_site":"@intoscana","twitter_misc":{"Written by":"Redazione","Est. reading time":"2 minuti"},"schema":{"@context":"https:\/\/schema.org","@graph":[{"@type":"WebPage","@id":"https:\/\/www.intoscana.it\/it\/capodanno-dellannunciazione-arezzo-ospitera-le-celebrazioni-di-marzo\/","url":"https:\/\/www.intoscana.it\/it\/capodanno-dellannunciazione-arezzo-ospitera-le-celebrazioni-di-marzo\/","name":"Capodanno dell'Annunciazione, Arezzo ospiter\u00e0 le celebrazioni di marzo - intoscana","isPartOf":{"@id":"https:\/\/www.intoscana.it\/it\/#website"},"primaryImageOfPage":{"@id":"https:\/\/www.intoscana.it\/it\/capodanno-dellannunciazione-arezzo-ospitera-le-celebrazioni-di-marzo\/#primaryimage"},"image":{"@id":"https:\/\/www.intoscana.it\/it\/capodanno-dellannunciazione-arezzo-ospitera-le-celebrazioni-di-marzo\/#primaryimage"},"thumbnailUrl":"https:\/\/www.intoscana.it\/wp-content\/uploads\/giostra-saracino-arezzo.jpg","datePublished":"2023-02-04T07:53:28+00:00","dateModified":"2023-02-06T08:30:34+00:00","author":{"@id":"https:\/\/www.intoscana.it\/it\/#\/schema\/person\/9223810753230f20bd670fdd322661f8"},"description":"Torna la rievocazione storica voluta dalla Regione con tre giorni di eventi, protagonista anche la Giostra del Saracino. Giani: \"Occasione per riavviare l'iter sulla legge nazionale\". Bando del Consiglio regionale per sostenere chi parteciper\u00e0","breadcrumb":{"@id":"https:\/\/www.intoscana.it\/it\/capodanno-dellannunciazione-arezzo-ospitera-le-celebrazioni-di-marzo\/#breadcrumb"},"inLanguage":"it-IT","potentialAction":[{"@type":"ReadAction","target":["https:\/\/www.intoscana.it\/it\/capodanno-dellannunciazione-arezzo-ospitera-le-celebrazioni-di-marzo\/"]}]},{"@type":"ImageObject","inLanguage":"it-IT","@id":"https:\/\/www.intoscana.it\/it\/capodanno-dellannunciazione-arezzo-ospitera-le-celebrazioni-di-marzo\/#primaryimage","url":"https:\/\/www.intoscana.it\/wp-content\/uploads\/giostra-saracino-arezzo.jpg","contentUrl":"https:\/\/www.intoscana.it\/wp-content\/uploads\/giostra-saracino-arezzo.jpg","width":1000,"height":667},{"@type":"BreadcrumbList","@id":"https:\/\/www.intoscana.it\/it\/capodanno-dellannunciazione-arezzo-ospitera-le-celebrazioni-di-marzo\/#breadcrumb","itemListElement":[{"@type":"ListItem","position":1,"name":"Home","item":"https:\/\/www.intoscana.it\/it\/"},{"@type":"ListItem","position":2,"name":"Capodanno dell&#8217;Annunciazione, Arezzo ospiter\u00e0 le celebrazioni di marzo"}]},{"@type":"WebSite","@id":"https:\/\/www.intoscana.it\/it\/#website","url":"https:\/\/www.intoscana.it\/it\/","name":"intoscana","description":"","potentialAction":[{"@type":"SearchAction","target":{"@type":"EntryPoint","urlTemplate":"https:\/\/www.intoscana.it\/it\/?s={search_term_string}"},"query-input":{"@type":"PropertyValueSpecification","valueRequired":true,"valueName":"search_term_string"}}],"inLanguage":"it-IT"},{"@type":"Person","@id":"https:\/\/www.intoscana.it\/it\/#\/schema\/person\/9223810753230f20bd670fdd322661f8","name":"Redazione","url":"https:\/\/www.intoscana.it\/it\/author\/redazione\/"}]}},"_links":{"self":[{"href":"https:\/\/www.intoscana.it\/it\/wp-json\/wp\/v2\/posts\/270519","targetHints":{"allow":["GET"]}}],"collection":[{"href":"https:\/\/www.intoscana.it\/it\/wp-json\/wp\/v2\/posts"}],"about":[{"href":"https:\/\/www.intoscana.it\/it\/wp-json\/wp\/v2\/types\/post"}],"author":[{"embeddable":true,"href":"https:\/\/www.intoscana.it\/it\/wp-json\/wp\/v2\/users\/525"}],"replies":[{"embeddable":true,"href":"https:\/\/www.intoscana.it\/it\/wp-json\/wp\/v2\/comments?post=270519"}],"version-history":[{"count":0,"href":"https:\/\/www.intoscana.it\/it\/wp-json\/wp\/v2\/posts\/270519\/revisions"}],"wp:featuredmedia":[{"embeddable":true,"href":"https:\/\/www.intoscana.it\/it\/wp-json\/wp\/v2\/media\/105884"}],"wp:attachment":[{"href":"https:\/\/www.intoscana.it\/it\/wp-json\/wp\/v2\/media?parent=270519"}],"wp:term":[{"taxonomy":"category","embeddable":true,"href":"https:\/\/www.intoscana.it\/it\/wp-json\/wp\/v2\/categories?post=270519"},{"taxonomy":"post_tag","embeddable":true,"href":"https:\/\/www.intoscana.it\/it\/wp-json\/wp\/v2\/tags?post=270519"}],"curies":[{"name":"wp","href":"https:\/\/api.w.org\/{rel}","templated":true}]}}