{"id":270543,"date":"2023-02-11T12:02:09","date_gmt":"2023-02-11T11:02:09","guid":{"rendered":"https:\/\/www.intoscana.it\/it\/?p=270543"},"modified":"2023-02-11T16:47:30","modified_gmt":"2023-02-11T15:47:30","slug":"franco-zeffirelli-100-anni","status":"publish","type":"post","link":"https:\/\/www.intoscana.it\/it\/franco-zeffirelli-100-anni\/","title":{"rendered":"Franco Zeffirelli, i 100 anni del maestro: Firenze festeggia con le Frecce tricolori"},"content":{"rendered":"<p>Firenze rende omaggio ad uno dei suoi cittadini pi\u00f9 illustri, <strong>Franco Zeffirelli<\/strong>, che qui nasceva il 12 febbraio 1923. Sabato 11 e domenica 12 febbraio il clou dei festeggiamenti. A rendere ancora pi\u00f9 solenne i 100 anni della nascita del maestro le Frecce Tricolori. Nella giornata di sabato prove sui cieli di Firenze con due velivoli Aermacchi in vista del passaggio della Pattuglia acrobatica nazionale la mattina di domenica 12 febbraio.<\/p>\n<p>Tanti gli eventi organizzati in citt\u00e0 per iniziativa del Comune di Firenze e della Fondazione Franco Zeffirelli Onlus, con il patrocinio del Ministero della Cultura, della Regione Toscana e dello stesso Comune di Firenze.<\/p>\n<figure id=\"post-270552 media-270552\" class=\"align-none\"><img decoding=\"async\" src=\"https:\/\/www.intoscana.it\/wp-content\/uploads\/Maestro-ritratto.jpg\" alt=\"\" \/><\/figure>\n<h3><em>Il programma di domenica 12 febbraio, ci sono anche le Frecce Tricolori<\/em><\/h3>\n<p>Gli eventi si svolgeranno domenica 12 febbraio. La giornata inizier\u00e0 alle 9,30 con la benedizione di Padre Bernardo al cimitero delle Porte Sante dove sono sepolte le spoglie di Franco Zeffirelli dal 2019. <mark>Alle 10 \u00e8 prevista la cerimonia per l\u2019intitolazione del Belvedere a Franco Zeffirelli, alla presenza delle autorit\u00e0. Da l\u00ec sar\u00e0 atteso il passaggio della Pattuglia Acrobatica Nazionale &#8211; Frecce Tricolori sulla citt\u00e0, omaggio dell\u2019Aeronautica Militare a Franco Zeffirelli.<\/mark><\/p>\n<p>Durante tutta la giornata (eccetto dalle 12 alle 15) la <strong>Collezione Zeffirelli<\/strong> sar\u00e0 inoltre aperta al pubblico e gratuita per tutti i residenti della citt\u00e0 metropolitana. Nel pomeriggio, negli spazi della Fondazione Zeffirelli sar\u00e0 inoltre presentato <mark>il francobollo dedicato al maestro e sar\u00e0 effettuato l\u2019annullo filatelico, omaggio del Ministero delle Imprese e del made in Italy e di Poste Italiane. Alle 15 sar\u00e0 inaugurata la mostra filatelica \u201cFranco Zeffirelli tra arte, fede e politica\u201d a cura di Fabrizio Fabrini.<\/mark><\/p>\n<figure id=\"post-270545 media-270545\" class=\"align-none\"><img decoding=\"async\" src=\"https:\/\/www.intoscana.it\/wp-content\/uploads\/Esterno-Fondazione-Zeffirelli-scaled.jpeg\" alt=\"\" \/><\/figure>\n<div class=\"titleimg\">\u00a0Fondazione Zeffirelli<\/div>\n<p>Le celebrazioni si concluderanno con il concerto omaggio \u201cA Franco Zeffirelli\u201d alle ore 17 in collaborazione con l\u2019Orchestra Filarmonica della Calabria e con il Coro Lirico Siciliano diretti dal Maestro Filippo Arlia. Il concerto si svolger\u00e0 all\u2019interno della Sala Musica della Fondazione Zeffirelli ed \u00e8 offerto gratuitamente, previa prenotazione.<\/p>\n<h3><em><strong>Sabato 11 febbraio il Maggio celebra Zeffirelli<\/strong><\/em><\/h3>\n<p>Il giorno prima, l&#8217;11 febbraio, il <strong>Maggio Musicale Fiorentino<\/strong> omagger\u00e0 il Maestro con la giornata di studi \u201cE per castelli in aria &#8211; Franco Zeffirelli a cento anni dalla nascita&#8221;. La giornata di studi sar\u00e0 aperta nel Foyer di Galleria del teatro dagli interventi del Sovrintendente del Maggio Musicale Fiorentino Alexander Pereira e del Presidente della Fondazione Franco Zeffirelli Onlus Pippo Zeffirelli. Seguiranno i contributi di studiosi e collaboratori del Maestro che lo hanno incontrato nelle diverse fasi della sua carriera.<br \/>\nLa giornata si concluder\u00e0 con <mark>la visita guidata all\u2019Archivio Storico del teatro del Maggio Musicale Fiorentino dove sono custodite molte opere preparatorie delle produzioni del Maestro.<\/mark><\/p>\n<p>Marted\u00ec 14 febbraio il concerto omaggio del tenore <strong>Massimo Giordano<\/strong> che si terr\u00e0 nella Sala Musica della Fondazione Zeffirelli. Il ricavato del concerto sar\u00e0 devoluto alla <strong>Fondazione dell\u2019Ospedale Pediatrico Meyer di Firenze<\/strong>. &#8220;<em>Il concerto sar\u00e0 un&#8217;occasione unica per celebrare la visione artistica di Zeffirelli e, allo stesso tempo, sostenere la missione dell&#8217;Ospedale Meyer<\/em>&#8220;, spiega lo stesso cantante. In programma <strong>arie d&#8217;opera e grandi classici<\/strong> della canzone napoletana: da <strong>Puccini a Leoncavallo<\/strong> e Massenet e da Tosti a De Curtis e Di Capua.<\/p>\n<h3><em>Le manifestazioni in Italia e nel mondo<\/em><\/h3>\n<p>A <strong>Milano<\/strong>, la mostra \u201cZeffirelli alla Scala\u201d \u00e8 stata inaugurata il 7 novembre 2022 al Museo Teatrale alla Scala e rimarr\u00e0 aperta per tutta la stagione 2022-23; dal 4 al 26 marzo 2023 andranno in scena 8 recite di La boh\u00e8me, nello storico allestimento creato per La Scala nel 1963.<\/p>\n<p>Al Teatro Filarmonico di <strong>Verona<\/strong>, dal 12 al 19 febbraio 2023, andranno in scena 4 recite di Aida, nello storico allestimento creato per il Teatro Verdi di Busseto nel 2001. A <strong>Roma<\/strong> al Teatro dell\u2019Opera, la Mostra \u201cZeffirelli al Teatro dell\u2019Opera\u201d inaugurer\u00e0 il 12 marzo 2023 insieme alla ripresa di Pagliacci nell\u2019allestimento creato per il Teatro Erode Attico di Atene nel 2005 e che sar\u00e0 in aprile anche al Teatro Regio di Parma.<\/p>\n<p>Al Teatro Massimo di <strong>Palermo<\/strong> \u00e8 prevista per l\u2019autunno 2023 la Mostra \u201cZeffirelli al Massimo\u201d. La Mostra \u201cZeffirelli all\u2019Opera\u201d creata nel 2022 per la Royal Opera House di Muscat sar\u00e0 presentata a marzo 2023 a San Daniele del Friuli (Palazzo Monte di Piet\u00e0) e a giugno 2023 al Castello Svevo di Vieste.<br \/>\nAlla Fondazione De Filippo a <strong>Napoli<\/strong> \u00e8 inoltre in via di realizzazione una mostra sulla collaborazione tra Zeffirelli e Eduardo de Filippo.<br \/>\nGi\u00e0 a settembre il documentario \u201cZeffirelli conformista ribelle\u201d di Anselma dell\u2019Olio aveva inaugurato i festeggiamenti per il centenario del Maestro con la sua presentazione alla <strong>Biennale di Venezia<\/strong> e la sua attuale candidatura al David di Donatello.<\/p>\n<figure id=\"post-270556 media-270556\" class=\"align-none\"><img decoding=\"async\" src=\"https:\/\/www.intoscana.it\/wp-content\/uploads\/Zeffirelli-al-nuovo-Met-scaled.jpg\" alt=\"\" \/><\/figure>\n<div class=\"titleimg\">Zeffirelli al nuovo Met<\/div>\n<p>A <strong>Tokyo<\/strong> al New National Theatre andranno in scena ben sette repliche dell\u2019Aida del 1998, mentre sar\u00e0 inaugurata la mostra sul Ges\u00f9 di Nazareth a Ribat di Monastir in <strong>Tunisia<\/strong>, dove fu girato gran parte del film.<br \/>\nIn via di definizione gli accordi con il Metropolitan Opera House di <strong>New York<\/strong> dove si prevede la ripresa del La boh\u00e8me di Zeffirelli e una mostra sui grandi allestimenti del maestro ospitati dal Teatro. Contemporaneamente la Casa Italiana Zerilli Marim\u00f2 di New York, in collaborazione con la New York University, organizzer\u00e0 una retrospettiva di alcuni film di Franco Zeffirelli.<\/p>\n<figure id=\"post-270557 media-270557\" class=\"align-none\"><img decoding=\"async\" src=\"https:\/\/www.intoscana.it\/wp-content\/uploads\/Zeffirelli-giovane-disegna-manichino.jpg\" alt=\"\" \/><\/figure>\n<div class=\"titleimg\">Zeffirelli giovane disegna<\/div>\n<p>&nbsp;<\/p>\n","protected":false},"excerpt":{"rendered":"<p>Prove sui cieli di Firenze in vista del sorvolo domenica 12 per i 100 anni dalla nascita. Eventi a Milano, Roma, Verona, Tokyo e New York<\/p>\n","protected":false},"author":525,"featured_media":270547,"comment_status":"open","ping_status":"open","sticky":false,"template":"","format":"standard","meta":{"_acf_changed":false,"footnotes":""},"categories":[493],"tags":[188,202],"class_list":["post-270543","post","type-post","status-publish","format-standard","has-post-thumbnail","hentry","category-cultura","tag-cinema","tag-firenze"],"acf":[],"yoast_head":"<!-- This site is optimized with the Yoast SEO Premium plugin v24.2 (Yoast SEO v25.6) - https:\/\/yoast.com\/wordpress\/plugins\/seo\/ -->\n<title>Franco Zeffirelli, Firenze festeggia con le Frecce tricolori - intoscana<\/title>\n<meta name=\"description\" content=\"Prove sui cieli di Firenze in vista del sorvolo domenica 12 per i 100 anni dalla nascita. Eventi a Milano, Roma, Verona, Tokyo e New York\" \/>\n<meta name=\"robots\" content=\"index, follow, max-snippet:-1, max-image-preview:large, max-video-preview:-1\" \/>\n<link rel=\"canonical\" href=\"https:\/\/www.intoscana.it\/it\/franco-zeffirelli-100-anni\/\" \/>\n<meta property=\"og:locale\" content=\"it_IT\" \/>\n<meta property=\"og:type\" content=\"article\" \/>\n<meta property=\"og:title\" content=\"Franco Zeffirelli, i 100 anni del maestro: Firenze festeggia con le Frecce tricolori\" \/>\n<meta property=\"og:description\" content=\"Prove sui cieli di Firenze in vista del sorvolo domenica 12 per i 100 anni dalla nascita. Eventi a Milano, Roma, Verona, Tokyo e New York\" \/>\n<meta property=\"og:url\" content=\"https:\/\/www.intoscana.it\/it\/franco-zeffirelli-100-anni\/\" \/>\n<meta property=\"og:site_name\" content=\"intoscana\" \/>\n<meta property=\"article:publisher\" content=\"https:\/\/www.facebook.com\/intoscana.it\" \/>\n<meta property=\"article:published_time\" content=\"2023-02-11T11:02:09+00:00\" \/>\n<meta property=\"article:modified_time\" content=\"2023-02-11T15:47:30+00:00\" \/>\n<meta property=\"og:image\" content=\"https:\/\/www.intoscana.it\/wp-content\/uploads\/Maestro-a-Firenze.jpg\" \/>\n\t<meta property=\"og:image:width\" content=\"500\" \/>\n\t<meta property=\"og:image:height\" content=\"353\" \/>\n\t<meta property=\"og:image:type\" content=\"image\/jpeg\" \/>\n<meta name=\"author\" content=\"Redazione\" \/>\n<meta name=\"twitter:card\" content=\"summary_large_image\" \/>\n<meta name=\"twitter:creator\" content=\"@intoscana\" \/>\n<meta name=\"twitter:site\" content=\"@intoscana\" \/>\n<meta name=\"twitter:label1\" content=\"Written by\" \/>\n\t<meta name=\"twitter:data1\" content=\"Redazione\" \/>\n\t<meta name=\"twitter:label2\" content=\"Est. reading time\" \/>\n\t<meta name=\"twitter:data2\" content=\"4 minuti\" \/>\n<script type=\"application\/ld+json\" class=\"yoast-schema-graph\">{\"@context\":\"https:\/\/schema.org\",\"@graph\":[{\"@type\":\"WebPage\",\"@id\":\"https:\/\/www.intoscana.it\/it\/franco-zeffirelli-100-anni\/\",\"url\":\"https:\/\/www.intoscana.it\/it\/franco-zeffirelli-100-anni\/\",\"name\":\"Franco Zeffirelli, Firenze festeggia con le Frecce tricolori - intoscana\",\"isPartOf\":{\"@id\":\"https:\/\/www.intoscana.it\/it\/#website\"},\"primaryImageOfPage\":{\"@id\":\"https:\/\/www.intoscana.it\/it\/franco-zeffirelli-100-anni\/#primaryimage\"},\"image\":{\"@id\":\"https:\/\/www.intoscana.it\/it\/franco-zeffirelli-100-anni\/#primaryimage\"},\"thumbnailUrl\":\"https:\/\/www.intoscana.it\/wp-content\/uploads\/Maestro-a-Firenze.jpg\",\"datePublished\":\"2023-02-11T11:02:09+00:00\",\"dateModified\":\"2023-02-11T15:47:30+00:00\",\"author\":{\"@id\":\"https:\/\/www.intoscana.it\/it\/#\/schema\/person\/9223810753230f20bd670fdd322661f8\"},\"description\":\"Prove sui cieli di Firenze in vista del sorvolo domenica 12 per i 100 anni dalla nascita. Eventi a Milano, Roma, Verona, Tokyo e New York\",\"breadcrumb\":{\"@id\":\"https:\/\/www.intoscana.it\/it\/franco-zeffirelli-100-anni\/#breadcrumb\"},\"inLanguage\":\"it-IT\",\"potentialAction\":[{\"@type\":\"ReadAction\",\"target\":[\"https:\/\/www.intoscana.it\/it\/franco-zeffirelli-100-anni\/\"]}]},{\"@type\":\"ImageObject\",\"inLanguage\":\"it-IT\",\"@id\":\"https:\/\/www.intoscana.it\/it\/franco-zeffirelli-100-anni\/#primaryimage\",\"url\":\"https:\/\/www.intoscana.it\/wp-content\/uploads\/Maestro-a-Firenze.jpg\",\"contentUrl\":\"https:\/\/www.intoscana.it\/wp-content\/uploads\/Maestro-a-Firenze.jpg\",\"width\":9880,\"height\":6980},{\"@type\":\"BreadcrumbList\",\"@id\":\"https:\/\/www.intoscana.it\/it\/franco-zeffirelli-100-anni\/#breadcrumb\",\"itemListElement\":[{\"@type\":\"ListItem\",\"position\":1,\"name\":\"Home\",\"item\":\"https:\/\/www.intoscana.it\/it\/\"},{\"@type\":\"ListItem\",\"position\":2,\"name\":\"Franco Zeffirelli, i 100 anni del maestro: Firenze festeggia con le Frecce tricolori\"}]},{\"@type\":\"WebSite\",\"@id\":\"https:\/\/www.intoscana.it\/it\/#website\",\"url\":\"https:\/\/www.intoscana.it\/it\/\",\"name\":\"intoscana\",\"description\":\"\",\"potentialAction\":[{\"@type\":\"SearchAction\",\"target\":{\"@type\":\"EntryPoint\",\"urlTemplate\":\"https:\/\/www.intoscana.it\/it\/?s={search_term_string}\"},\"query-input\":{\"@type\":\"PropertyValueSpecification\",\"valueRequired\":true,\"valueName\":\"search_term_string\"}}],\"inLanguage\":\"it-IT\"},{\"@type\":\"Person\",\"@id\":\"https:\/\/www.intoscana.it\/it\/#\/schema\/person\/9223810753230f20bd670fdd322661f8\",\"name\":\"Redazione\",\"url\":\"https:\/\/www.intoscana.it\/it\/author\/redazione\/\"}]}<\/script>\n<!-- \/ Yoast SEO Premium plugin. -->","yoast_head_json":{"title":"Franco Zeffirelli, Firenze festeggia con le Frecce tricolori - intoscana","description":"Prove sui cieli di Firenze in vista del sorvolo domenica 12 per i 100 anni dalla nascita. Eventi a Milano, Roma, Verona, Tokyo e New York","robots":{"index":"index","follow":"follow","max-snippet":"max-snippet:-1","max-image-preview":"max-image-preview:large","max-video-preview":"max-video-preview:-1"},"canonical":"https:\/\/www.intoscana.it\/it\/franco-zeffirelli-100-anni\/","og_locale":"it_IT","og_type":"article","og_title":"Franco Zeffirelli, i 100 anni del maestro: Firenze festeggia con le Frecce tricolori","og_description":"Prove sui cieli di Firenze in vista del sorvolo domenica 12 per i 100 anni dalla nascita. Eventi a Milano, Roma, Verona, Tokyo e New York","og_url":"https:\/\/www.intoscana.it\/it\/franco-zeffirelli-100-anni\/","og_site_name":"intoscana","article_publisher":"https:\/\/www.facebook.com\/intoscana.it","article_published_time":"2023-02-11T11:02:09+00:00","article_modified_time":"2023-02-11T15:47:30+00:00","og_image":[{"url":"https:\/\/www.intoscana.it\/wp-content\/uploads\/Maestro-a-Firenze.jpg","width":500,"height":353,"type":"image\/jpeg"}],"author":"Redazione","twitter_card":"summary_large_image","twitter_creator":"@intoscana","twitter_site":"@intoscana","twitter_misc":{"Written by":"Redazione","Est. reading time":"4 minuti"},"schema":{"@context":"https:\/\/schema.org","@graph":[{"@type":"WebPage","@id":"https:\/\/www.intoscana.it\/it\/franco-zeffirelli-100-anni\/","url":"https:\/\/www.intoscana.it\/it\/franco-zeffirelli-100-anni\/","name":"Franco Zeffirelli, Firenze festeggia con le Frecce tricolori - intoscana","isPartOf":{"@id":"https:\/\/www.intoscana.it\/it\/#website"},"primaryImageOfPage":{"@id":"https:\/\/www.intoscana.it\/it\/franco-zeffirelli-100-anni\/#primaryimage"},"image":{"@id":"https:\/\/www.intoscana.it\/it\/franco-zeffirelli-100-anni\/#primaryimage"},"thumbnailUrl":"https:\/\/www.intoscana.it\/wp-content\/uploads\/Maestro-a-Firenze.jpg","datePublished":"2023-02-11T11:02:09+00:00","dateModified":"2023-02-11T15:47:30+00:00","author":{"@id":"https:\/\/www.intoscana.it\/it\/#\/schema\/person\/9223810753230f20bd670fdd322661f8"},"description":"Prove sui cieli di Firenze in vista del sorvolo domenica 12 per i 100 anni dalla nascita. Eventi a Milano, Roma, Verona, Tokyo e New York","breadcrumb":{"@id":"https:\/\/www.intoscana.it\/it\/franco-zeffirelli-100-anni\/#breadcrumb"},"inLanguage":"it-IT","potentialAction":[{"@type":"ReadAction","target":["https:\/\/www.intoscana.it\/it\/franco-zeffirelli-100-anni\/"]}]},{"@type":"ImageObject","inLanguage":"it-IT","@id":"https:\/\/www.intoscana.it\/it\/franco-zeffirelli-100-anni\/#primaryimage","url":"https:\/\/www.intoscana.it\/wp-content\/uploads\/Maestro-a-Firenze.jpg","contentUrl":"https:\/\/www.intoscana.it\/wp-content\/uploads\/Maestro-a-Firenze.jpg","width":9880,"height":6980},{"@type":"BreadcrumbList","@id":"https:\/\/www.intoscana.it\/it\/franco-zeffirelli-100-anni\/#breadcrumb","itemListElement":[{"@type":"ListItem","position":1,"name":"Home","item":"https:\/\/www.intoscana.it\/it\/"},{"@type":"ListItem","position":2,"name":"Franco Zeffirelli, i 100 anni del maestro: Firenze festeggia con le Frecce tricolori"}]},{"@type":"WebSite","@id":"https:\/\/www.intoscana.it\/it\/#website","url":"https:\/\/www.intoscana.it\/it\/","name":"intoscana","description":"","potentialAction":[{"@type":"SearchAction","target":{"@type":"EntryPoint","urlTemplate":"https:\/\/www.intoscana.it\/it\/?s={search_term_string}"},"query-input":{"@type":"PropertyValueSpecification","valueRequired":true,"valueName":"search_term_string"}}],"inLanguage":"it-IT"},{"@type":"Person","@id":"https:\/\/www.intoscana.it\/it\/#\/schema\/person\/9223810753230f20bd670fdd322661f8","name":"Redazione","url":"https:\/\/www.intoscana.it\/it\/author\/redazione\/"}]}},"_links":{"self":[{"href":"https:\/\/www.intoscana.it\/it\/wp-json\/wp\/v2\/posts\/270543","targetHints":{"allow":["GET"]}}],"collection":[{"href":"https:\/\/www.intoscana.it\/it\/wp-json\/wp\/v2\/posts"}],"about":[{"href":"https:\/\/www.intoscana.it\/it\/wp-json\/wp\/v2\/types\/post"}],"author":[{"embeddable":true,"href":"https:\/\/www.intoscana.it\/it\/wp-json\/wp\/v2\/users\/525"}],"replies":[{"embeddable":true,"href":"https:\/\/www.intoscana.it\/it\/wp-json\/wp\/v2\/comments?post=270543"}],"version-history":[{"count":0,"href":"https:\/\/www.intoscana.it\/it\/wp-json\/wp\/v2\/posts\/270543\/revisions"}],"wp:featuredmedia":[{"embeddable":true,"href":"https:\/\/www.intoscana.it\/it\/wp-json\/wp\/v2\/media\/270547"}],"wp:attachment":[{"href":"https:\/\/www.intoscana.it\/it\/wp-json\/wp\/v2\/media?parent=270543"}],"wp:term":[{"taxonomy":"category","embeddable":true,"href":"https:\/\/www.intoscana.it\/it\/wp-json\/wp\/v2\/categories?post=270543"},{"taxonomy":"post_tag","embeddable":true,"href":"https:\/\/www.intoscana.it\/it\/wp-json\/wp\/v2\/tags?post=270543"}],"curies":[{"name":"wp","href":"https:\/\/api.w.org\/{rel}","templated":true}]}}