{"id":270561,"date":"2023-02-04T12:11:34","date_gmt":"2023-02-04T11:11:34","guid":{"rendered":"https:\/\/www.intoscana.it\/it\/?p=270561"},"modified":"2023-02-06T10:40:16","modified_gmt":"2023-02-06T09:40:16","slug":"covid-il-bollettino-della-toscana-275-nuovi-casi-e-un-decesso","status":"publish","type":"post","link":"https:\/\/www.intoscana.it\/it\/covid-il-bollettino-della-toscana-275-nuovi-casi-e-un-decesso\/","title":{"rendered":"Covid, il bollettino della Toscana: 275 nuovi casi e un decesso"},"content":{"rendered":"<p>Sono 275 i nuovi casi di <strong>Covid<\/strong> registrati nelle ultime ventiquattro ore in Toscana. Al momento risultano pertanto 42.637 positivi, -5,9% rispetto a ieri. Di questi <mark>179 (2 in pi\u00f9 rispetto a ieri) sono ricoverati in ospedale: 6 (stabili) si trovano in terapia intensiva. Si registra un nuovo decesso: una donna di 74 anni.<\/mark><\/p>\n<p>Dall&#8217;ultimo bollettino quotidiano sono stati eseguiti 377 <strong>tamponi<\/strong> molecolari e 2.256 tamponi antigenici rapidi: di questi il 10,4% \u00e8 risultato positivo.<\/p>\n<h3><em>L&#8217;andamento per provincia<\/em><\/h3>\n<p>Con gli ultimi casi salgono a 423.895 i positivi dall&#8217;inizio dell&#8217;emergenza nei comuni della Citt\u00e0 metropolitana di Firenze (65 in pi\u00f9 rispetto a ieri), 103.274 in provincia di Prato (11 in pi\u00f9), 123.050 a Pistoia (9 in pi\u00f9), 83.063 a Massa Carrara (15 in pi\u00f9), 172.768 a Lucca (21 in pi\u00f9), 185.324 a Pisa (40 in pi\u00f9), 146.254 a Livorno (37 in pi\u00f9), 143.001 ad Arezzo (30 in pi\u00f9), 113.176 a Siena (18 in pi\u00f9) e 88.649 a Grosseto (28 in pi\u00f9).<\/p>\n<p>In 42.458 sono in<strong> isolamento<\/strong> a casa, perch\u00e9 presentano sintomi lievi che non richiedono cure ospedaliere o risultano prive di sintomi (2.692 in meno rispetto a ieri, meno 6%).<\/p>\n<p>Sono <mark>11.489 i deceduti dall&#8217;inizio dell&#8217;epidemia<\/mark>: 3.653 nella Citt\u00e0 metropolitana di Firenze, 942 in provincia di Prato, 1.031 a Pistoia, 715 a Massa Carrara, 1.063 a Lucca, 1.280 a Pisa, 861 a Livorno, 731 ad Arezzo, 628 a Siena, 418 a Grosseto. Vanno aggiunte 167 persone decedute sul suolo toscano ma erano residenti fuori regione.<\/p>\n","protected":false},"excerpt":{"rendered":"<p>Al momento risultano 42.637 positivi, di questi 179 sono ricoverati in ospedale: 6 si trovano in terapia intensiva<\/p>\n","protected":false},"author":525,"featured_media":260000,"comment_status":"open","ping_status":"open","sticky":false,"template":"","format":"standard","meta":{"_acf_changed":false,"footnotes":""},"categories":[494],"tags":[418],"class_list":["post-270561","post","type-post","status-publish","format-standard","has-post-thumbnail","hentry","category-attualita","tag-covid-19"],"acf":[],"yoast_head":"<!-- This site is optimized with the Yoast SEO Premium plugin v24.2 (Yoast SEO v25.6) - https:\/\/yoast.com\/wordpress\/plugins\/seo\/ -->\n<title>Covid, il bollettino della Toscana: 275 nuovi casi e un decesso - intoscana<\/title>\n<meta name=\"description\" content=\"Al momento risultano 42.637 positivi, di questi 179 sono ricoverati in ospedale: 6 si trovano in terapia intensiva\" \/>\n<meta name=\"robots\" content=\"index, follow, max-snippet:-1, max-image-preview:large, max-video-preview:-1\" \/>\n<link rel=\"canonical\" href=\"https:\/\/www.intoscana.it\/it\/covid-il-bollettino-della-toscana-275-nuovi-casi-e-un-decesso\/\" \/>\n<meta property=\"og:locale\" content=\"it_IT\" \/>\n<meta property=\"og:type\" content=\"article\" \/>\n<meta property=\"og:title\" content=\"Covid, il bollettino della Toscana: 275 nuovi casi e un decesso\" \/>\n<meta property=\"og:description\" content=\"Al momento risultano 42.637 positivi, di questi 179 sono ricoverati in ospedale: 6 si trovano in terapia intensiva\" \/>\n<meta property=\"og:url\" content=\"https:\/\/www.intoscana.it\/it\/covid-il-bollettino-della-toscana-275-nuovi-casi-e-un-decesso\/\" \/>\n<meta property=\"og:site_name\" content=\"intoscana\" \/>\n<meta property=\"article:publisher\" content=\"https:\/\/www.facebook.com\/intoscana.it\" \/>\n<meta property=\"article:published_time\" content=\"2023-02-04T11:11:34+00:00\" \/>\n<meta property=\"article:modified_time\" content=\"2023-02-06T09:40:16+00:00\" \/>\n<meta property=\"og:image\" content=\"https:\/\/www.intoscana.it\/wp-content\/uploads\/antigen-6939138_1920.jpg\" \/>\n\t<meta property=\"og:image:width\" content=\"1920\" \/>\n\t<meta property=\"og:image:height\" content=\"1081\" \/>\n\t<meta property=\"og:image:type\" content=\"image\/jpeg\" \/>\n<meta name=\"author\" content=\"Redazione\" \/>\n<meta name=\"twitter:card\" content=\"summary_large_image\" \/>\n<meta name=\"twitter:creator\" content=\"@intoscana\" \/>\n<meta name=\"twitter:site\" content=\"@intoscana\" \/>\n<meta name=\"twitter:label1\" content=\"Written by\" \/>\n\t<meta name=\"twitter:data1\" content=\"Redazione\" \/>\n\t<meta name=\"twitter:label2\" content=\"Est. reading time\" \/>\n\t<meta name=\"twitter:data2\" content=\"1 minuto\" \/>\n<script type=\"application\/ld+json\" class=\"yoast-schema-graph\">{\"@context\":\"https:\/\/schema.org\",\"@graph\":[{\"@type\":\"WebPage\",\"@id\":\"https:\/\/www.intoscana.it\/it\/covid-il-bollettino-della-toscana-275-nuovi-casi-e-un-decesso\/\",\"url\":\"https:\/\/www.intoscana.it\/it\/covid-il-bollettino-della-toscana-275-nuovi-casi-e-un-decesso\/\",\"name\":\"Covid, il bollettino della Toscana: 275 nuovi casi e un decesso - intoscana\",\"isPartOf\":{\"@id\":\"https:\/\/www.intoscana.it\/it\/#website\"},\"primaryImageOfPage\":{\"@id\":\"https:\/\/www.intoscana.it\/it\/covid-il-bollettino-della-toscana-275-nuovi-casi-e-un-decesso\/#primaryimage\"},\"image\":{\"@id\":\"https:\/\/www.intoscana.it\/it\/covid-il-bollettino-della-toscana-275-nuovi-casi-e-un-decesso\/#primaryimage\"},\"thumbnailUrl\":\"https:\/\/www.intoscana.it\/wp-content\/uploads\/antigen-6939138_1920.jpg\",\"datePublished\":\"2023-02-04T11:11:34+00:00\",\"dateModified\":\"2023-02-06T09:40:16+00:00\",\"author\":{\"@id\":\"https:\/\/www.intoscana.it\/it\/#\/schema\/person\/9223810753230f20bd670fdd322661f8\"},\"description\":\"Al momento risultano 42.637 positivi, di questi 179 sono ricoverati in ospedale: 6 si trovano in terapia intensiva\",\"breadcrumb\":{\"@id\":\"https:\/\/www.intoscana.it\/it\/covid-il-bollettino-della-toscana-275-nuovi-casi-e-un-decesso\/#breadcrumb\"},\"inLanguage\":\"it-IT\",\"potentialAction\":[{\"@type\":\"ReadAction\",\"target\":[\"https:\/\/www.intoscana.it\/it\/covid-il-bollettino-della-toscana-275-nuovi-casi-e-un-decesso\/\"]}]},{\"@type\":\"ImageObject\",\"inLanguage\":\"it-IT\",\"@id\":\"https:\/\/www.intoscana.it\/it\/covid-il-bollettino-della-toscana-275-nuovi-casi-e-un-decesso\/#primaryimage\",\"url\":\"https:\/\/www.intoscana.it\/wp-content\/uploads\/antigen-6939138_1920.jpg\",\"contentUrl\":\"https:\/\/www.intoscana.it\/wp-content\/uploads\/antigen-6939138_1920.jpg\",\"width\":1920,\"height\":1081,\"caption\":\"Un test rapido per il Covid-19\"},{\"@type\":\"BreadcrumbList\",\"@id\":\"https:\/\/www.intoscana.it\/it\/covid-il-bollettino-della-toscana-275-nuovi-casi-e-un-decesso\/#breadcrumb\",\"itemListElement\":[{\"@type\":\"ListItem\",\"position\":1,\"name\":\"Home\",\"item\":\"https:\/\/www.intoscana.it\/it\/\"},{\"@type\":\"ListItem\",\"position\":2,\"name\":\"Covid, il bollettino della Toscana: 275 nuovi casi e un decesso\"}]},{\"@type\":\"WebSite\",\"@id\":\"https:\/\/www.intoscana.it\/it\/#website\",\"url\":\"https:\/\/www.intoscana.it\/it\/\",\"name\":\"intoscana\",\"description\":\"\",\"potentialAction\":[{\"@type\":\"SearchAction\",\"target\":{\"@type\":\"EntryPoint\",\"urlTemplate\":\"https:\/\/www.intoscana.it\/it\/?s={search_term_string}\"},\"query-input\":{\"@type\":\"PropertyValueSpecification\",\"valueRequired\":true,\"valueName\":\"search_term_string\"}}],\"inLanguage\":\"it-IT\"},{\"@type\":\"Person\",\"@id\":\"https:\/\/www.intoscana.it\/it\/#\/schema\/person\/9223810753230f20bd670fdd322661f8\",\"name\":\"Redazione\",\"url\":\"https:\/\/www.intoscana.it\/it\/author\/redazione\/\"}]}<\/script>\n<!-- \/ Yoast SEO Premium plugin. -->","yoast_head_json":{"title":"Covid, il bollettino della Toscana: 275 nuovi casi e un decesso - intoscana","description":"Al momento risultano 42.637 positivi, di questi 179 sono ricoverati in ospedale: 6 si trovano in terapia intensiva","robots":{"index":"index","follow":"follow","max-snippet":"max-snippet:-1","max-image-preview":"max-image-preview:large","max-video-preview":"max-video-preview:-1"},"canonical":"https:\/\/www.intoscana.it\/it\/covid-il-bollettino-della-toscana-275-nuovi-casi-e-un-decesso\/","og_locale":"it_IT","og_type":"article","og_title":"Covid, il bollettino della Toscana: 275 nuovi casi e un decesso","og_description":"Al momento risultano 42.637 positivi, di questi 179 sono ricoverati in ospedale: 6 si trovano in terapia intensiva","og_url":"https:\/\/www.intoscana.it\/it\/covid-il-bollettino-della-toscana-275-nuovi-casi-e-un-decesso\/","og_site_name":"intoscana","article_publisher":"https:\/\/www.facebook.com\/intoscana.it","article_published_time":"2023-02-04T11:11:34+00:00","article_modified_time":"2023-02-06T09:40:16+00:00","og_image":[{"width":1920,"height":1081,"url":"https:\/\/www.intoscana.it\/wp-content\/uploads\/antigen-6939138_1920.jpg","type":"image\/jpeg"}],"author":"Redazione","twitter_card":"summary_large_image","twitter_creator":"@intoscana","twitter_site":"@intoscana","twitter_misc":{"Written by":"Redazione","Est. reading time":"1 minuto"},"schema":{"@context":"https:\/\/schema.org","@graph":[{"@type":"WebPage","@id":"https:\/\/www.intoscana.it\/it\/covid-il-bollettino-della-toscana-275-nuovi-casi-e-un-decesso\/","url":"https:\/\/www.intoscana.it\/it\/covid-il-bollettino-della-toscana-275-nuovi-casi-e-un-decesso\/","name":"Covid, il bollettino della Toscana: 275 nuovi casi e un decesso - intoscana","isPartOf":{"@id":"https:\/\/www.intoscana.it\/it\/#website"},"primaryImageOfPage":{"@id":"https:\/\/www.intoscana.it\/it\/covid-il-bollettino-della-toscana-275-nuovi-casi-e-un-decesso\/#primaryimage"},"image":{"@id":"https:\/\/www.intoscana.it\/it\/covid-il-bollettino-della-toscana-275-nuovi-casi-e-un-decesso\/#primaryimage"},"thumbnailUrl":"https:\/\/www.intoscana.it\/wp-content\/uploads\/antigen-6939138_1920.jpg","datePublished":"2023-02-04T11:11:34+00:00","dateModified":"2023-02-06T09:40:16+00:00","author":{"@id":"https:\/\/www.intoscana.it\/it\/#\/schema\/person\/9223810753230f20bd670fdd322661f8"},"description":"Al momento risultano 42.637 positivi, di questi 179 sono ricoverati in ospedale: 6 si trovano in terapia intensiva","breadcrumb":{"@id":"https:\/\/www.intoscana.it\/it\/covid-il-bollettino-della-toscana-275-nuovi-casi-e-un-decesso\/#breadcrumb"},"inLanguage":"it-IT","potentialAction":[{"@type":"ReadAction","target":["https:\/\/www.intoscana.it\/it\/covid-il-bollettino-della-toscana-275-nuovi-casi-e-un-decesso\/"]}]},{"@type":"ImageObject","inLanguage":"it-IT","@id":"https:\/\/www.intoscana.it\/it\/covid-il-bollettino-della-toscana-275-nuovi-casi-e-un-decesso\/#primaryimage","url":"https:\/\/www.intoscana.it\/wp-content\/uploads\/antigen-6939138_1920.jpg","contentUrl":"https:\/\/www.intoscana.it\/wp-content\/uploads\/antigen-6939138_1920.jpg","width":1920,"height":1081,"caption":"Un test rapido per il Covid-19"},{"@type":"BreadcrumbList","@id":"https:\/\/www.intoscana.it\/it\/covid-il-bollettino-della-toscana-275-nuovi-casi-e-un-decesso\/#breadcrumb","itemListElement":[{"@type":"ListItem","position":1,"name":"Home","item":"https:\/\/www.intoscana.it\/it\/"},{"@type":"ListItem","position":2,"name":"Covid, il bollettino della Toscana: 275 nuovi casi e un decesso"}]},{"@type":"WebSite","@id":"https:\/\/www.intoscana.it\/it\/#website","url":"https:\/\/www.intoscana.it\/it\/","name":"intoscana","description":"","potentialAction":[{"@type":"SearchAction","target":{"@type":"EntryPoint","urlTemplate":"https:\/\/www.intoscana.it\/it\/?s={search_term_string}"},"query-input":{"@type":"PropertyValueSpecification","valueRequired":true,"valueName":"search_term_string"}}],"inLanguage":"it-IT"},{"@type":"Person","@id":"https:\/\/www.intoscana.it\/it\/#\/schema\/person\/9223810753230f20bd670fdd322661f8","name":"Redazione","url":"https:\/\/www.intoscana.it\/it\/author\/redazione\/"}]}},"_links":{"self":[{"href":"https:\/\/www.intoscana.it\/it\/wp-json\/wp\/v2\/posts\/270561","targetHints":{"allow":["GET"]}}],"collection":[{"href":"https:\/\/www.intoscana.it\/it\/wp-json\/wp\/v2\/posts"}],"about":[{"href":"https:\/\/www.intoscana.it\/it\/wp-json\/wp\/v2\/types\/post"}],"author":[{"embeddable":true,"href":"https:\/\/www.intoscana.it\/it\/wp-json\/wp\/v2\/users\/525"}],"replies":[{"embeddable":true,"href":"https:\/\/www.intoscana.it\/it\/wp-json\/wp\/v2\/comments?post=270561"}],"version-history":[{"count":0,"href":"https:\/\/www.intoscana.it\/it\/wp-json\/wp\/v2\/posts\/270561\/revisions"}],"wp:featuredmedia":[{"embeddable":true,"href":"https:\/\/www.intoscana.it\/it\/wp-json\/wp\/v2\/media\/260000"}],"wp:attachment":[{"href":"https:\/\/www.intoscana.it\/it\/wp-json\/wp\/v2\/media?parent=270561"}],"wp:term":[{"taxonomy":"category","embeddable":true,"href":"https:\/\/www.intoscana.it\/it\/wp-json\/wp\/v2\/categories?post=270561"},{"taxonomy":"post_tag","embeddable":true,"href":"https:\/\/www.intoscana.it\/it\/wp-json\/wp\/v2\/tags?post=270561"}],"curies":[{"name":"wp","href":"https:\/\/api.w.org\/{rel}","templated":true}]}}