{"id":270567,"date":"2023-02-04T14:57:13","date_gmt":"2023-02-04T13:57:13","guid":{"rendered":"https:\/\/www.intoscana.it\/it\/?p=270567"},"modified":"2023-02-04T14:57:13","modified_gmt":"2023-02-04T13:57:13","slug":"bambino-di-10-anni-porta-i-compiti-ai-compagni-malati-di-covid-mattarella-lo-nomina-alfiere-della-repubblica","status":"publish","type":"post","link":"https:\/\/www.intoscana.it\/it\/bambino-di-10-anni-porta-i-compiti-ai-compagni-malati-di-covid-mattarella-lo-nomina-alfiere-della-repubblica\/","title":{"rendered":"Bambino di 10 anni porta i compiti ai compagni malati di Covid: Mattarella lo nomina Alfiere della Repubblica"},"content":{"rendered":"<p>Lo chiamano il &#8220;<strong>postino di Perignano<\/strong>&#8220;, la frazione di Crespina Lorenzana, nel pisano, in cui vive perch\u00e9 <mark>durante i lunghi mesi della pandemia lasciava i compiti nella buca delle lettere\u00a0 dei compagni di scuola positivi al Covid.<\/mark> Lui si chiama <strong>William D&#8217;Alascio<\/strong>, ha appena dieci anni, ed stato nominato <strong>Alfiere della Repubblica<\/strong> dal Presidente della Repubblica <strong>Sergio Mattarella<\/strong>.<\/p>\n<p>Il suo gesto di amicizia e di altruismo ha lasciato il segno. Come si legge nelle motivazioni della nomina, conferita sabato 4 febbraio, \u00e8 Alfiere della Repubblica\u00a0 <mark>&#8220;p<span class=\"s7\">er l<\/span><span class=\"s7\">\u2019impegno e la generosit\u00e0 con cui, nelle fasi pi\u00f9 difficili della pandemia, si \u00e8 assicurato che i compagni di classe, costretti in casa dal virus, non rimanessero indietro nel programma di studi, consegnando loro i compiti \u201ca domicilio\u201d come un vero postino&#8221;.<\/mark><\/span><\/p>\n<h3><em>Il &#8220;postino&#8221; William premiato per l&#8217;impegno e la generosit\u00e0<\/em><\/h3>\n<p>William, si legge ancora nella nota del Quirinale, &#8220;frequenta la scuola primaria e si \u00e8 contraddistinto, nel periodo pi\u00f9 difficile della diffusione del Covid, per l&#8217;impegno e la generosit\u00e0 con cui quotidianamente ha raccolto il materiale realizzato in classe e lo ha portato a casa dei compagni che di volta in volta avevano contratto il virus. <mark>In questo modo ha consentito a tutti di non restare indietro rispetto alla programmazione della classe. \u00c8 stato soprannominato &#8220;il postino di Perignano&#8221; (la frazione in cui vive) perch\u00e9 come un postino lasciava il materiale scolastico nelle cassette della posta dei compagni malati&#8221;.<\/mark><\/p>\n<p>Sono in tutto trenta gli attestati d&#8217;onore che il Presidente della Repubblica, Sergio Mattarella, ha conferito. La <strong>solidariet\u00e0 per la pace<\/strong> \u00e8 il tema prevalente che ha ispirato nel 2022 la scelta dei giovani Alfieri. La selezione tra tanti meritevoli, \u00e8 stata infatti &#8220;orientata a valorizzare comportamenti e azioni solidali, ora nell&#8217;ambito di un&#8217;accoglienza a <strong>ragazzi ucraini<\/strong> in fuga dalla guerra, ora attraverso altri gesti di <strong>amicizia<\/strong>, cooperazione, inclusione affinch\u00e9 le diversit\u00e0 non diventino mai barriere. <mark>I testimoni scelti non costituiscono esempi di azioni rare, ma sono emblematici di comportamenti diffusi tra i giovani, che illustrano un mosaico di virt\u00f9 civiche di cui, per fortuna, le nostre comunit\u00e0 sono ricche.<\/mark> Le storie degli Alfieri della Repubblica possono anche essere viste, dunque, come la punta di un grande iceberg che rappresenta, in ogni territorio, la vita quotidiana dei giovani&#8221;.<\/p>\n<h3><em>Premiati anche tre studenti pisani per l&#8217;aiuto dato ai loro coetanei ucraini in fuga dalla guerra<\/em><\/h3>\n<p>Il Presidente Mattarella ha inoltre assegnato quattro targhe &#8220;per azioni collettive che intendono valorizzare la partecipazione attiva e sentita dei giovani, anche al fine di incoraggiare un loro pi\u00f9 consapevole protagonismo&#8221;. Tra di loro anche un gruppo di ragazzi che frequentano il <strong>liceo Carducci di Pisa<\/strong> che si sono distinti per l&#8217;aiuto spontaneo dato ai loro coetanei ucraini, fuggiti dalla guerra. <mark>I tre studenti sono Paula Kalauz (25\/7\/2005 Drochia, Moldavia), Diana Enea (3\/1\/2006 Tarata, Per\u00f9) e Edoardo Dominijanni (26\/9\/2006 Pisa).<\/mark><\/p>\n<p>La motivazione: &#8220;Per aver promosso un linguaggio universale di pace Paula, Edoardo e Diana si sono distinti per la generosit\u00e0 e l&#8217;impegno con cui hanno accolto alcuni ragazzi ucraini fuggiti dalla guerra e accolti presso il loro istituto. <mark>I tre studenti, in modo del tutto spontaneo e impiegando il loro tempo libero, hanno ideato e realizzato un progetto finalizzato a insegnare la lingua italiana ai ragazzi ucraini,<\/mark> adottando un metodo di insegnamento facilitato con slides esplicative e lezioni in inglese, russo e italiano&#8221;.<\/p>\n","protected":false},"excerpt":{"rendered":"<p>William D&#8217;Alascio ha 10 anni ed \u00e8 di Crespina Lorenzana, nel pisano: durante la pandemia ha aiutato gli amici chiusi in casa a non rimanere indietro con il programma scolastico. Il presidente della Repubblica ha anche conferito una targa a tre studenti del liceo Carducci di Pisa per aver aiutato i loro coetanei ucraini<\/p>\n","protected":false},"author":545,"featured_media":200654,"comment_status":"open","ping_status":"open","sticky":false,"template":"","format":"standard","meta":{"_acf_changed":false,"footnotes":""},"categories":[4],"tags":[418,6427,5149,4581],"class_list":["post-270567","post","type-post","status-publish","format-standard","has-post-thumbnail","hentry","category-storie","tag-covid-19","tag-guerra-ucraina","tag-pandemia","tag-sergio-mattarella"],"acf":[],"yoast_head":"<!-- This site is optimized with the Yoast SEO Premium plugin v24.2 (Yoast SEO v25.6) - https:\/\/yoast.com\/wordpress\/plugins\/seo\/ -->\n<title>Bambino di 10 anni porta i compiti ai compagni malati di Covid: Mattarella lo nomina Alfiere della Repubblica - intoscana<\/title>\n<meta name=\"description\" content=\"William D&#039;Alascio ha 10 anni ed \u00e8 di Crespina Lorenzana, nel pisano: durante la pandemia ha aiutato gli amici chiusi in casa a non rimanere indietro con il programma scolastico. Il presidente della Repubblica ha conferito anche una targa a tre studenti del liceo Carducci di Pisa per aver aiutato i loro coetanei ucraini\" \/>\n<meta name=\"robots\" content=\"index, follow, max-snippet:-1, max-image-preview:large, max-video-preview:-1\" \/>\n<link rel=\"canonical\" href=\"https:\/\/www.intoscana.it\/it\/bambino-di-10-anni-porta-i-compiti-ai-compagni-malati-di-covid-mattarella-lo-nomina-alfiere-della-repubblica\/\" \/>\n<meta property=\"og:locale\" content=\"it_IT\" \/>\n<meta property=\"og:type\" content=\"article\" \/>\n<meta property=\"og:title\" content=\"Bambino di 10 anni porta i compiti ai compagni malati di Covid: Mattarella lo nomina Alfiere della Repubblica\" \/>\n<meta property=\"og:description\" content=\"William D&#039;Alascio ha 10 anni ed \u00e8 di Crespina Lorenzana, nel pisano: durante la pandemia ha aiutato gli amici chiusi in casa a non rimanere indietro con il programma scolastico. Il presidente della Repubblica ha conferito anche una targa a tre studenti del liceo Carducci di Pisa per aver aiutato i loro coetanei ucraini\" \/>\n<meta property=\"og:url\" content=\"https:\/\/www.intoscana.it\/it\/bambino-di-10-anni-porta-i-compiti-ai-compagni-malati-di-covid-mattarella-lo-nomina-alfiere-della-repubblica\/\" \/>\n<meta property=\"og:site_name\" content=\"intoscana\" \/>\n<meta property=\"article:publisher\" content=\"https:\/\/www.facebook.com\/intoscana.it\" \/>\n<meta property=\"article:published_time\" content=\"2023-02-04T13:57:13+00:00\" \/>\n<meta property=\"og:image\" content=\"https:\/\/www.intoscana.it\/wp-content\/uploads\/Sergio-Mattarella-a-Scandicci.jpeg\" \/>\n\t<meta property=\"og:image:width\" content=\"1208\" \/>\n\t<meta property=\"og:image:height\" content=\"812\" \/>\n\t<meta property=\"og:image:type\" content=\"image\/jpeg\" \/>\n<meta name=\"author\" content=\"Clara D&#039;Acunto\" \/>\n<meta name=\"twitter:card\" content=\"summary_large_image\" \/>\n<meta name=\"twitter:creator\" content=\"@intoscana\" \/>\n<meta name=\"twitter:site\" content=\"@intoscana\" \/>\n<meta name=\"twitter:label1\" content=\"Written by\" \/>\n\t<meta name=\"twitter:data1\" content=\"Clara D&#039;Acunto\" \/>\n\t<meta name=\"twitter:label2\" content=\"Est. reading time\" \/>\n\t<meta name=\"twitter:data2\" content=\"3 minuti\" \/>\n<script type=\"application\/ld+json\" class=\"yoast-schema-graph\">{\"@context\":\"https:\/\/schema.org\",\"@graph\":[{\"@type\":\"WebPage\",\"@id\":\"https:\/\/www.intoscana.it\/it\/bambino-di-10-anni-porta-i-compiti-ai-compagni-malati-di-covid-mattarella-lo-nomina-alfiere-della-repubblica\/\",\"url\":\"https:\/\/www.intoscana.it\/it\/bambino-di-10-anni-porta-i-compiti-ai-compagni-malati-di-covid-mattarella-lo-nomina-alfiere-della-repubblica\/\",\"name\":\"Bambino di 10 anni porta i compiti ai compagni malati di Covid: Mattarella lo nomina Alfiere della Repubblica - intoscana\",\"isPartOf\":{\"@id\":\"https:\/\/www.intoscana.it\/it\/#website\"},\"primaryImageOfPage\":{\"@id\":\"https:\/\/www.intoscana.it\/it\/bambino-di-10-anni-porta-i-compiti-ai-compagni-malati-di-covid-mattarella-lo-nomina-alfiere-della-repubblica\/#primaryimage\"},\"image\":{\"@id\":\"https:\/\/www.intoscana.it\/it\/bambino-di-10-anni-porta-i-compiti-ai-compagni-malati-di-covid-mattarella-lo-nomina-alfiere-della-repubblica\/#primaryimage\"},\"thumbnailUrl\":\"https:\/\/www.intoscana.it\/wp-content\/uploads\/Sergio-Mattarella-a-Scandicci.jpeg\",\"datePublished\":\"2023-02-04T13:57:13+00:00\",\"author\":{\"@id\":\"https:\/\/www.intoscana.it\/it\/#\/schema\/person\/137419af9ef5d385bde52864a841e6ce\"},\"description\":\"William D'Alascio ha 10 anni ed \u00e8 di Crespina Lorenzana, nel pisano: durante la pandemia ha aiutato gli amici chiusi in casa a non rimanere indietro con il programma scolastico. Il presidente della Repubblica ha conferito anche una targa a tre studenti del liceo Carducci di Pisa per aver aiutato i loro coetanei ucraini\",\"breadcrumb\":{\"@id\":\"https:\/\/www.intoscana.it\/it\/bambino-di-10-anni-porta-i-compiti-ai-compagni-malati-di-covid-mattarella-lo-nomina-alfiere-della-repubblica\/#breadcrumb\"},\"inLanguage\":\"it-IT\",\"potentialAction\":[{\"@type\":\"ReadAction\",\"target\":[\"https:\/\/www.intoscana.it\/it\/bambino-di-10-anni-porta-i-compiti-ai-compagni-malati-di-covid-mattarella-lo-nomina-alfiere-della-repubblica\/\"]}]},{\"@type\":\"ImageObject\",\"inLanguage\":\"it-IT\",\"@id\":\"https:\/\/www.intoscana.it\/it\/bambino-di-10-anni-porta-i-compiti-ai-compagni-malati-di-covid-mattarella-lo-nomina-alfiere-della-repubblica\/#primaryimage\",\"url\":\"https:\/\/www.intoscana.it\/wp-content\/uploads\/Sergio-Mattarella-a-Scandicci.jpeg\",\"contentUrl\":\"https:\/\/www.intoscana.it\/wp-content\/uploads\/Sergio-Mattarella-a-Scandicci.jpeg\",\"width\":1208,\"height\":812},{\"@type\":\"BreadcrumbList\",\"@id\":\"https:\/\/www.intoscana.it\/it\/bambino-di-10-anni-porta-i-compiti-ai-compagni-malati-di-covid-mattarella-lo-nomina-alfiere-della-repubblica\/#breadcrumb\",\"itemListElement\":[{\"@type\":\"ListItem\",\"position\":1,\"name\":\"Home\",\"item\":\"https:\/\/www.intoscana.it\/it\/\"},{\"@type\":\"ListItem\",\"position\":2,\"name\":\"Bambino di 10 anni porta i compiti ai compagni malati di Covid: Mattarella lo nomina Alfiere della Repubblica\"}]},{\"@type\":\"WebSite\",\"@id\":\"https:\/\/www.intoscana.it\/it\/#website\",\"url\":\"https:\/\/www.intoscana.it\/it\/\",\"name\":\"intoscana\",\"description\":\"\",\"potentialAction\":[{\"@type\":\"SearchAction\",\"target\":{\"@type\":\"EntryPoint\",\"urlTemplate\":\"https:\/\/www.intoscana.it\/it\/?s={search_term_string}\"},\"query-input\":{\"@type\":\"PropertyValueSpecification\",\"valueRequired\":true,\"valueName\":\"search_term_string\"}}],\"inLanguage\":\"it-IT\"},{\"@type\":\"Person\",\"@id\":\"https:\/\/www.intoscana.it\/it\/#\/schema\/person\/137419af9ef5d385bde52864a841e6ce\",\"name\":\"Clara D'Acunto\",\"url\":\"https:\/\/www.intoscana.it\/it\/author\/clara-d_acunto\/\"}]}<\/script>\n<!-- \/ Yoast SEO Premium plugin. -->","yoast_head_json":{"title":"Bambino di 10 anni porta i compiti ai compagni malati di Covid: Mattarella lo nomina Alfiere della Repubblica - intoscana","description":"William D'Alascio ha 10 anni ed \u00e8 di Crespina Lorenzana, nel pisano: durante la pandemia ha aiutato gli amici chiusi in casa a non rimanere indietro con il programma scolastico. Il presidente della Repubblica ha conferito anche una targa a tre studenti del liceo Carducci di Pisa per aver aiutato i loro coetanei ucraini","robots":{"index":"index","follow":"follow","max-snippet":"max-snippet:-1","max-image-preview":"max-image-preview:large","max-video-preview":"max-video-preview:-1"},"canonical":"https:\/\/www.intoscana.it\/it\/bambino-di-10-anni-porta-i-compiti-ai-compagni-malati-di-covid-mattarella-lo-nomina-alfiere-della-repubblica\/","og_locale":"it_IT","og_type":"article","og_title":"Bambino di 10 anni porta i compiti ai compagni malati di Covid: Mattarella lo nomina Alfiere della Repubblica","og_description":"William D'Alascio ha 10 anni ed \u00e8 di Crespina Lorenzana, nel pisano: durante la pandemia ha aiutato gli amici chiusi in casa a non rimanere indietro con il programma scolastico. Il presidente della Repubblica ha conferito anche una targa a tre studenti del liceo Carducci di Pisa per aver aiutato i loro coetanei ucraini","og_url":"https:\/\/www.intoscana.it\/it\/bambino-di-10-anni-porta-i-compiti-ai-compagni-malati-di-covid-mattarella-lo-nomina-alfiere-della-repubblica\/","og_site_name":"intoscana","article_publisher":"https:\/\/www.facebook.com\/intoscana.it","article_published_time":"2023-02-04T13:57:13+00:00","og_image":[{"width":1208,"height":812,"url":"https:\/\/www.intoscana.it\/wp-content\/uploads\/Sergio-Mattarella-a-Scandicci.jpeg","type":"image\/jpeg"}],"author":"Clara D'Acunto","twitter_card":"summary_large_image","twitter_creator":"@intoscana","twitter_site":"@intoscana","twitter_misc":{"Written by":"Clara D'Acunto","Est. reading time":"3 minuti"},"schema":{"@context":"https:\/\/schema.org","@graph":[{"@type":"WebPage","@id":"https:\/\/www.intoscana.it\/it\/bambino-di-10-anni-porta-i-compiti-ai-compagni-malati-di-covid-mattarella-lo-nomina-alfiere-della-repubblica\/","url":"https:\/\/www.intoscana.it\/it\/bambino-di-10-anni-porta-i-compiti-ai-compagni-malati-di-covid-mattarella-lo-nomina-alfiere-della-repubblica\/","name":"Bambino di 10 anni porta i compiti ai compagni malati di Covid: Mattarella lo nomina Alfiere della Repubblica - intoscana","isPartOf":{"@id":"https:\/\/www.intoscana.it\/it\/#website"},"primaryImageOfPage":{"@id":"https:\/\/www.intoscana.it\/it\/bambino-di-10-anni-porta-i-compiti-ai-compagni-malati-di-covid-mattarella-lo-nomina-alfiere-della-repubblica\/#primaryimage"},"image":{"@id":"https:\/\/www.intoscana.it\/it\/bambino-di-10-anni-porta-i-compiti-ai-compagni-malati-di-covid-mattarella-lo-nomina-alfiere-della-repubblica\/#primaryimage"},"thumbnailUrl":"https:\/\/www.intoscana.it\/wp-content\/uploads\/Sergio-Mattarella-a-Scandicci.jpeg","datePublished":"2023-02-04T13:57:13+00:00","author":{"@id":"https:\/\/www.intoscana.it\/it\/#\/schema\/person\/137419af9ef5d385bde52864a841e6ce"},"description":"William D'Alascio ha 10 anni ed \u00e8 di Crespina Lorenzana, nel pisano: durante la pandemia ha aiutato gli amici chiusi in casa a non rimanere indietro con il programma scolastico. Il presidente della Repubblica ha conferito anche una targa a tre studenti del liceo Carducci di Pisa per aver aiutato i loro coetanei ucraini","breadcrumb":{"@id":"https:\/\/www.intoscana.it\/it\/bambino-di-10-anni-porta-i-compiti-ai-compagni-malati-di-covid-mattarella-lo-nomina-alfiere-della-repubblica\/#breadcrumb"},"inLanguage":"it-IT","potentialAction":[{"@type":"ReadAction","target":["https:\/\/www.intoscana.it\/it\/bambino-di-10-anni-porta-i-compiti-ai-compagni-malati-di-covid-mattarella-lo-nomina-alfiere-della-repubblica\/"]}]},{"@type":"ImageObject","inLanguage":"it-IT","@id":"https:\/\/www.intoscana.it\/it\/bambino-di-10-anni-porta-i-compiti-ai-compagni-malati-di-covid-mattarella-lo-nomina-alfiere-della-repubblica\/#primaryimage","url":"https:\/\/www.intoscana.it\/wp-content\/uploads\/Sergio-Mattarella-a-Scandicci.jpeg","contentUrl":"https:\/\/www.intoscana.it\/wp-content\/uploads\/Sergio-Mattarella-a-Scandicci.jpeg","width":1208,"height":812},{"@type":"BreadcrumbList","@id":"https:\/\/www.intoscana.it\/it\/bambino-di-10-anni-porta-i-compiti-ai-compagni-malati-di-covid-mattarella-lo-nomina-alfiere-della-repubblica\/#breadcrumb","itemListElement":[{"@type":"ListItem","position":1,"name":"Home","item":"https:\/\/www.intoscana.it\/it\/"},{"@type":"ListItem","position":2,"name":"Bambino di 10 anni porta i compiti ai compagni malati di Covid: Mattarella lo nomina Alfiere della Repubblica"}]},{"@type":"WebSite","@id":"https:\/\/www.intoscana.it\/it\/#website","url":"https:\/\/www.intoscana.it\/it\/","name":"intoscana","description":"","potentialAction":[{"@type":"SearchAction","target":{"@type":"EntryPoint","urlTemplate":"https:\/\/www.intoscana.it\/it\/?s={search_term_string}"},"query-input":{"@type":"PropertyValueSpecification","valueRequired":true,"valueName":"search_term_string"}}],"inLanguage":"it-IT"},{"@type":"Person","@id":"https:\/\/www.intoscana.it\/it\/#\/schema\/person\/137419af9ef5d385bde52864a841e6ce","name":"Clara D'Acunto","url":"https:\/\/www.intoscana.it\/it\/author\/clara-d_acunto\/"}]}},"_links":{"self":[{"href":"https:\/\/www.intoscana.it\/it\/wp-json\/wp\/v2\/posts\/270567","targetHints":{"allow":["GET"]}}],"collection":[{"href":"https:\/\/www.intoscana.it\/it\/wp-json\/wp\/v2\/posts"}],"about":[{"href":"https:\/\/www.intoscana.it\/it\/wp-json\/wp\/v2\/types\/post"}],"author":[{"embeddable":true,"href":"https:\/\/www.intoscana.it\/it\/wp-json\/wp\/v2\/users\/545"}],"replies":[{"embeddable":true,"href":"https:\/\/www.intoscana.it\/it\/wp-json\/wp\/v2\/comments?post=270567"}],"version-history":[{"count":0,"href":"https:\/\/www.intoscana.it\/it\/wp-json\/wp\/v2\/posts\/270567\/revisions"}],"wp:featuredmedia":[{"embeddable":true,"href":"https:\/\/www.intoscana.it\/it\/wp-json\/wp\/v2\/media\/200654"}],"wp:attachment":[{"href":"https:\/\/www.intoscana.it\/it\/wp-json\/wp\/v2\/media?parent=270567"}],"wp:term":[{"taxonomy":"category","embeddable":true,"href":"https:\/\/www.intoscana.it\/it\/wp-json\/wp\/v2\/categories?post=270567"},{"taxonomy":"post_tag","embeddable":true,"href":"https:\/\/www.intoscana.it\/it\/wp-json\/wp\/v2\/tags?post=270567"}],"curies":[{"name":"wp","href":"https:\/\/api.w.org\/{rel}","templated":true}]}}