{"id":270777,"date":"2023-02-11T16:51:39","date_gmt":"2023-02-11T15:51:39","guid":{"rendered":"https:\/\/www.intoscana.it\/it\/?p=270777"},"modified":"2023-02-13T09:52:45","modified_gmt":"2023-02-13T08:52:45","slug":"turismo-la-toscana-alla-bit-di-milano-le-nuove-proposte-tra-benessere-natura-e-cultura","status":"publish","type":"post","link":"https:\/\/www.intoscana.it\/it\/turismo-la-toscana-alla-bit-di-milano-le-nuove-proposte-tra-benessere-natura-e-cultura\/","title":{"rendered":"Turismo, la Toscana alla Bit: le nuove proposte tra benessere, natura e cultura"},"content":{"rendered":"<p>Un <strong>turismo<\/strong> attento al benessere, lento e a contatto con la natura: alla <a href=\"https:\/\/bit.fieramilano.it\/\" target=\"_blank\" rel=\"noopener\">Bit di Milano<\/a> la <strong>Toscana<\/strong> sbarca con il suo vestito migliore. <mark>Dal 12 al 14 febbraio, la grande fiera dedicata al turismo propone una vetrina sulle ultime tendenze e novit\u00e0: turismo slow, accordi nazionali e internazionali e offerta dei territori.<\/mark><\/p>\n<p>La regione si presenter\u00e0 in forze, con uno stand pi\u00f9 grande e innovativo, schermi immersivi e anche set fotografici per far immergere i visitatori nel paesaggio regionale per un\u2019esperienza unica. Saranno 31 gli operatori partecipanti e 10 gli \u201c<strong>Ambiti turistici omogenei<\/strong>\u201d della regione presenti.<\/p>\n<p>Giornata clou, luned\u00ec 13 febbraio, con l\u2019assessore regionale al turismo e alle attivit\u00e0 produttive <strong>Leonardo Marras<\/strong>, il direttore di Toscana Promozione Turistica, <strong>Francesco Tapinassi<\/strong> e il direttore di Fondazione Sistema Toscana, <strong>Francesco Palumbo<\/strong>. Novit\u00e0 sul <strong>cicloturismo<\/strong> su <a href=\"https:\/\/www.visittuscany.com\/it\/index.html\" target=\"_blank\" rel=\"noopener\">Visittuscany.com<\/a> e la <a href=\"https:\/\/www.intoscana.it\/it\/dettaglio-video\/nel-2023-una-nuova-edizione-della-50-giorni-di-cinema-con-un-premio-dedicato-ai-giovani\/\" target=\"_blank\" rel=\"noopener\">50 Giorni di Cinema a Firenze<\/a> saranno le proposte chiave, a cui si aggiungono inedite collaborazioni con alcune zone della Grecia.<\/p>\n<h3>La Toscana attende i dati pre-pandemia<\/h3>\n<p>\u201c<em>Andiamo in Bit con la consapevolezza di aver chiuso il 2022 con numeri decisamente positivi<\/em> \u2013 commenta <strong>Leonardo Marras<\/strong>, assessore all\u2019economia e al turismo della Regione Toscana \u2013,<em> le tendenze in prospettiva ci dicono che nel 2023 torneremo ai numeri del 2019 e potremo fare, forse, ancora meglio. Presenteremo novit\u00e0 e peculiarit\u00e0 della destinazione toscana e poi, in virt\u00f9 del fatto che siamo una delle regioni fondatrici di Necstour, l\u2019associazione delle regioni per il turismo sostenibile, la nostra agenzia di promozione turistica sottoscriver\u00e0 due accordi di partenariato con gli enti di promozione turistica di alcune regioni della Grecia e delle Canarie. Queste collaborazioni sono molto importanti per costruire canali diretti con i vari territori europei, abbiamo iniziato a creare una rete solida di contatti e nel 2023 la rafforzeremo ancora di pi\u00f9 a partire proprio dagli appuntamenti previsti in Bit<\/em>\u201d.<\/p>\n<figure id=\"post-146831 media-146831\" class=\"align-none\"><img decoding=\"async\" src=\"https:\/\/www.intoscana.it\/wp-content\/uploads\/TOSCANA_Rinascimento-senza-fine.jpg\" alt=\"\" \/><\/figure>\n<div class=\"titleimg\">Toscana, Rinascimento senza fine<\/div>\n<h3><em>Lo stand della Toscana<\/em><\/h3>\n<p>Lo stand (Pad. 3, Stand C101-103 D102-104) offre un tuffo in Toscana grazie a una semisfera del diametro di sei metri che circonda di immagini il visitatore. All&#8217;interno del Dome (cos\u00ec si chiama la tecnologia) si potranno ricreare i <strong>percorsi cicloturistici<\/strong> pi\u00f9 suggestivi della Toscana, consentendo di vivere sensazioni ed emozioni proprie dei luoghi rappresentati.<\/p>\n<p>Sar\u00e0 possibile sperimentare anche <strong>MEDinitaly<\/strong>: un\u2019esperienza di meditazione in realt\u00e0 virtuale ambientata in Val d\u2019Orcia, nella provincia di Siena.<\/p>\n<h3><em>Il programma<\/em><\/h3>\n<p>La giornata si aprir\u00e0 luned\u00ec 13 febbraio con la presentazione, a cura di <strong>Fondazione Sistema Toscana<\/strong>, della <strong>50 Giorni di Cinema a Firenze<\/strong>, kermesse internazionale dei grandi festival di cinema fiorentini. A seguire la presentazione dei <mark>nuovi servizi digitali per il cicloturismo su visittuscany.com: 163 gli itinerari disponibili online e 16 ambiti turistici coinvolti<\/mark>.<\/p>\n<p>La giornata proseguir\u00e0 con la firma di <strong>due accordi di collaborazione<\/strong> tra Toscana Promozione Turistica e gli enti di promozione turistica di alcune regioni europee che, come la Toscana, fanno parte del network di Necstour (associazione delle regioni per il turismo sostenibile).<\/p>\n<p>Gli eventi principali si concentrano nella seconda giornata, luned\u00ec 13 febbraio, quando sar\u00e0 presente anche l\u2019assessore al turismo <strong>Leonardo Marras<\/strong>.<\/p>\n<figure id=\"post-270785 media-270785\" class=\"align-none\"><img decoding=\"async\" src=\"https:\/\/www.intoscana.it\/wp-content\/uploads\/Eroica-by-Paolo-Martelli-scaled.jpg\" alt=\"\" \/><\/figure>\n<div class=\"titleimg\">Eroica by Paolo Martelli<\/div>\n<p>Ore 11.30, nello Stand Grecia (Pad 4 &#8211; Stand C83 D84-D86) sar\u00e0 presentata la collaborazione tra <mark>Toscana e Macedonia centrale\/Penisola Calcidica, Macedonia orientale\/Tracia e Unione delle municipalit\u00e0 delle Isole Ionie con Cefalonia capofila<\/mark>.\u00a0Saranno presenti le autorit\u00e0 istituzionali greche in Italia, i rappresentanti delle agenzie di promozione turistica coinvolte, della Regione Toscana e di Toscana Promozione Turistica.<\/p>\n<p>L\u2019iniziativa \u00e8 ispirata ad Aristotele ed intitolata &#8220;Ef Zin&#8221;, che significa \u201cstar bene fisicamente e spiritualmente\u201d. Si racconteranno la Macedonia centrale e quella orientale, che hanno in comune con la Toscana la vocazione al viaggio come esperienza all\u2019insegna del benessere interiore e fisico, unite dall\u2019archeologia, dai beni Unesco, dalla natura e dall&#8217;enogastromia.<\/p>\n<p>I rappresentanti istituzionali della Penisola Calcidica presenteranno anche <strong>Stagira<\/strong>, il sito archeologico della citt\u00e0 natale del filosofo greco, che ospiter\u00e0 il simposio etrusco-toscano nel prossimo giugno 2023. Sar\u00e0 poi la volta della produttrice dell\u2019olio greco pi\u00f9 antico, quello di Cefalonia, Marina Galiatsatos, che dialogher\u00e0 con la produttrice toscana di Trequanda, Carlotta Pometti.<\/p>\n<p>Spazio anche al progetto di<strong> turismo femminile \u201cBenvenute\u201d<\/strong> che per l\u2019occasione diventer\u00e0 anche &#8220;Benvenute\u2026 in Grecia&#8221;. Simbolo uno dei personaggi femminili pi\u00f9 iconici, <strong>Maria Callas<\/strong>, della quale ricorrono quest\u2019anno i 100 anni dalla nascita. <mark>Ospite anche il Mascagni Festival di Livorno, che presenter\u00e0 la speciale giornata dedicata alla Divina e alla Cavalleria rusticana del prossimo 4 agosto 2023.<\/mark> Una soprano del festival intoner\u00e0 un\u2019aria dell\u2019opera di Mascagni nel ruolo di Santuzza: quello di debutto della Callas nel 1939 e da lei interpretato per l\u2019ultima volta proprio il 4 agosto 1957.<\/p>\n<p>Si torna nello stand Toscana alle 12.45 per continuare il confronto etrusco-ellenico tra donne, ma questa volta si parla di vino e di miele con le produttrici greche e toscane. <mark>Il pranzo \u00e8 a cura di due chef: la toscana, Mariella Lencioni, e la greca Yota Koufadaki.<\/mark><\/p>\n<p>Alle 14,\u00a0 (Pad. 4 &#8211; Sala Coral 5) alle 14 <strong>l\u2019assessore Marras<\/strong> ed il direttore di Toscana Promozione Turistica <strong>Francesco Tapinassi<\/strong> parteciperanno alla conferenza stampa di presentazione dell\u2019<strong>Annuario Gist 2023<\/strong>\u00a0(Gruppo Italiano Stampa Turistica) realizzato in collaborazione con Toscana Promozione Turistica, seguita dalla cerimonia di consegna dei <strong>Green Travel Award<\/strong>.<\/p>\n<p>Altra collaborazione da annunciare: alle 15.30, nello Stand Toscana, verr\u00e0 presentata la collaborazione tra <strong>Toscana Promozione Turistica<\/strong> e <strong>Gran Canaria<\/strong>.<\/p>\n<p>Infine, <strong>nelle giornate di luned\u00ec e marted\u00ec<\/strong>, si alterneranno nello stand toscano alcuni <strong>ambiti turistici<\/strong> per presentare peculiarit\u00e0 ed offerta dei territori: Chianti, Firenze e Area Fiorentina, Livorno, Lunigiana, Maremma nord, Montagna pistoiese, Mugello, Piana di Lucca, Pistoia e Valdichiana Senese.<\/p>\n<p>La Toscana alla Bit d\u00e0 spazio ai giovani con una collaborazione con gli istituti di istruzione secondaria del territorio. <mark>24 studenti dell&#8217; I.I.S.S. Polo Cattaneo di Cecina (Livorno) collaboreranno allo stand Toscana con lo staff dell&#8217;agenzia per i servizi di accoglienza, informazione turistica, assistenza lo stand nelle aree di animazione.<\/mark><\/p>\n","protected":false},"excerpt":{"rendered":"<p>Stand hi-tech per i servizi digitali sul cicloturismo e la 50 Giorni di Cinema. Marras: &#8220;Presenteremo le novit\u00e0 e tendenze della destinazione&#8221;<\/p>\n","protected":false},"author":525,"featured_media":271957,"comment_status":"open","ping_status":"open","sticky":false,"template":"","format":"standard","meta":{"_acf_changed":false,"footnotes":""},"categories":[6],"tags":[1634,1558,4706,143],"class_list":["post-270777","post","type-post","status-publish","format-standard","has-post-thumbnail","hentry","category-viaggi","tag-bit","tag-la-toscana-alla-bit","tag-toscana-promozione-turistica","tag-turismo"],"acf":[],"yoast_head":"<!-- This site is optimized with the Yoast SEO Premium plugin v24.2 (Yoast SEO v25.6) - https:\/\/yoast.com\/wordpress\/plugins\/seo\/ -->\n<title>Turismo, la Toscana alla Bit tra benessere, natura e cultura - intoscana<\/title>\n<meta name=\"description\" content=\"Stand hi-tech per i servizi digitali sul cicloturismo e la 50 Giorni di Cinema. Marras: &quot;Presenteremo le novit\u00e0 e tendenze&quot; - intoscana\" \/>\n<meta name=\"robots\" content=\"index, follow, max-snippet:-1, max-image-preview:large, max-video-preview:-1\" \/>\n<link rel=\"canonical\" href=\"https:\/\/www.intoscana.it\/it\/turismo-la-toscana-alla-bit-di-milano-le-nuove-proposte-tra-benessere-natura-e-cultura\/\" \/>\n<meta property=\"og:locale\" content=\"it_IT\" \/>\n<meta property=\"og:type\" content=\"article\" \/>\n<meta property=\"og:title\" content=\"Turismo, la Toscana alla Bit: le nuove proposte tra benessere, natura e cultura\" \/>\n<meta property=\"og:description\" content=\"Stand hi-tech per i servizi digitali sul cicloturismo e la 50 Giorni di Cinema. Marras: &quot;Presenteremo le novit\u00e0 e tendenze&quot; - intoscana\" \/>\n<meta property=\"og:url\" content=\"https:\/\/www.intoscana.it\/it\/turismo-la-toscana-alla-bit-di-milano-le-nuove-proposte-tra-benessere-natura-e-cultura\/\" \/>\n<meta property=\"og:site_name\" content=\"intoscana\" \/>\n<meta property=\"article:publisher\" content=\"https:\/\/www.facebook.com\/intoscana.it\" \/>\n<meta property=\"article:published_time\" content=\"2023-02-11T15:51:39+00:00\" \/>\n<meta property=\"article:modified_time\" content=\"2023-02-13T08:52:45+00:00\" \/>\n<meta property=\"og:image\" content=\"https:\/\/www.intoscana.it\/wp-content\/uploads\/Stand-Toscana-Bit-2023-e1676209848161.jpeg\" \/>\n\t<meta property=\"og:image:width\" content=\"1469\" \/>\n\t<meta property=\"og:image:height\" content=\"906\" \/>\n\t<meta property=\"og:image:type\" content=\"image\/jpeg\" \/>\n<meta name=\"author\" content=\"Redazione\" \/>\n<meta name=\"twitter:card\" content=\"summary_large_image\" \/>\n<meta name=\"twitter:creator\" content=\"@intoscana\" \/>\n<meta name=\"twitter:site\" content=\"@intoscana\" \/>\n<meta name=\"twitter:label1\" content=\"Written by\" \/>\n\t<meta name=\"twitter:data1\" content=\"Redazione\" \/>\n\t<meta name=\"twitter:label2\" content=\"Est. reading time\" \/>\n\t<meta name=\"twitter:data2\" content=\"5 minuti\" \/>\n<script type=\"application\/ld+json\" class=\"yoast-schema-graph\">{\"@context\":\"https:\/\/schema.org\",\"@graph\":[{\"@type\":\"WebPage\",\"@id\":\"https:\/\/www.intoscana.it\/it\/turismo-la-toscana-alla-bit-di-milano-le-nuove-proposte-tra-benessere-natura-e-cultura\/\",\"url\":\"https:\/\/www.intoscana.it\/it\/turismo-la-toscana-alla-bit-di-milano-le-nuove-proposte-tra-benessere-natura-e-cultura\/\",\"name\":\"Turismo, la Toscana alla Bit tra benessere, natura e cultura - intoscana\",\"isPartOf\":{\"@id\":\"https:\/\/www.intoscana.it\/it\/#website\"},\"primaryImageOfPage\":{\"@id\":\"https:\/\/www.intoscana.it\/it\/turismo-la-toscana-alla-bit-di-milano-le-nuove-proposte-tra-benessere-natura-e-cultura\/#primaryimage\"},\"image\":{\"@id\":\"https:\/\/www.intoscana.it\/it\/turismo-la-toscana-alla-bit-di-milano-le-nuove-proposte-tra-benessere-natura-e-cultura\/#primaryimage\"},\"thumbnailUrl\":\"https:\/\/www.intoscana.it\/wp-content\/uploads\/Stand-Toscana-Bit-2023-e1676209848161.jpeg\",\"datePublished\":\"2023-02-11T15:51:39+00:00\",\"dateModified\":\"2023-02-13T08:52:45+00:00\",\"author\":{\"@id\":\"https:\/\/www.intoscana.it\/it\/#\/schema\/person\/9223810753230f20bd670fdd322661f8\"},\"description\":\"Stand hi-tech per i servizi digitali sul cicloturismo e la 50 Giorni di Cinema. Marras: \\\"Presenteremo le novit\u00e0 e tendenze\\\" - intoscana\",\"breadcrumb\":{\"@id\":\"https:\/\/www.intoscana.it\/it\/turismo-la-toscana-alla-bit-di-milano-le-nuove-proposte-tra-benessere-natura-e-cultura\/#breadcrumb\"},\"inLanguage\":\"it-IT\",\"potentialAction\":[{\"@type\":\"ReadAction\",\"target\":[\"https:\/\/www.intoscana.it\/it\/turismo-la-toscana-alla-bit-di-milano-le-nuove-proposte-tra-benessere-natura-e-cultura\/\"]}]},{\"@type\":\"ImageObject\",\"inLanguage\":\"it-IT\",\"@id\":\"https:\/\/www.intoscana.it\/it\/turismo-la-toscana-alla-bit-di-milano-le-nuove-proposte-tra-benessere-natura-e-cultura\/#primaryimage\",\"url\":\"https:\/\/www.intoscana.it\/wp-content\/uploads\/Stand-Toscana-Bit-2023-e1676209848161.jpeg\",\"contentUrl\":\"https:\/\/www.intoscana.it\/wp-content\/uploads\/Stand-Toscana-Bit-2023-e1676209848161.jpeg\",\"width\":1469,\"height\":906,\"caption\":\"Lo stand della Toscana alla Bit 2023\"},{\"@type\":\"BreadcrumbList\",\"@id\":\"https:\/\/www.intoscana.it\/it\/turismo-la-toscana-alla-bit-di-milano-le-nuove-proposte-tra-benessere-natura-e-cultura\/#breadcrumb\",\"itemListElement\":[{\"@type\":\"ListItem\",\"position\":1,\"name\":\"Home\",\"item\":\"https:\/\/www.intoscana.it\/it\/\"},{\"@type\":\"ListItem\",\"position\":2,\"name\":\"Turismo, la Toscana alla Bit: le nuove proposte tra benessere, natura e cultura\"}]},{\"@type\":\"WebSite\",\"@id\":\"https:\/\/www.intoscana.it\/it\/#website\",\"url\":\"https:\/\/www.intoscana.it\/it\/\",\"name\":\"intoscana\",\"description\":\"\",\"potentialAction\":[{\"@type\":\"SearchAction\",\"target\":{\"@type\":\"EntryPoint\",\"urlTemplate\":\"https:\/\/www.intoscana.it\/it\/?s={search_term_string}\"},\"query-input\":{\"@type\":\"PropertyValueSpecification\",\"valueRequired\":true,\"valueName\":\"search_term_string\"}}],\"inLanguage\":\"it-IT\"},{\"@type\":\"Person\",\"@id\":\"https:\/\/www.intoscana.it\/it\/#\/schema\/person\/9223810753230f20bd670fdd322661f8\",\"name\":\"Redazione\",\"url\":\"https:\/\/www.intoscana.it\/it\/author\/redazione\/\"}]}<\/script>\n<!-- \/ Yoast SEO Premium plugin. -->","yoast_head_json":{"title":"Turismo, la Toscana alla Bit tra benessere, natura e cultura - intoscana","description":"Stand hi-tech per i servizi digitali sul cicloturismo e la 50 Giorni di Cinema. Marras: \"Presenteremo le novit\u00e0 e tendenze\" - intoscana","robots":{"index":"index","follow":"follow","max-snippet":"max-snippet:-1","max-image-preview":"max-image-preview:large","max-video-preview":"max-video-preview:-1"},"canonical":"https:\/\/www.intoscana.it\/it\/turismo-la-toscana-alla-bit-di-milano-le-nuove-proposte-tra-benessere-natura-e-cultura\/","og_locale":"it_IT","og_type":"article","og_title":"Turismo, la Toscana alla Bit: le nuove proposte tra benessere, natura e cultura","og_description":"Stand hi-tech per i servizi digitali sul cicloturismo e la 50 Giorni di Cinema. Marras: \"Presenteremo le novit\u00e0 e tendenze\" - intoscana","og_url":"https:\/\/www.intoscana.it\/it\/turismo-la-toscana-alla-bit-di-milano-le-nuove-proposte-tra-benessere-natura-e-cultura\/","og_site_name":"intoscana","article_publisher":"https:\/\/www.facebook.com\/intoscana.it","article_published_time":"2023-02-11T15:51:39+00:00","article_modified_time":"2023-02-13T08:52:45+00:00","og_image":[{"width":1469,"height":906,"url":"https:\/\/www.intoscana.it\/wp-content\/uploads\/Stand-Toscana-Bit-2023-e1676209848161.jpeg","type":"image\/jpeg"}],"author":"Redazione","twitter_card":"summary_large_image","twitter_creator":"@intoscana","twitter_site":"@intoscana","twitter_misc":{"Written by":"Redazione","Est. reading time":"5 minuti"},"schema":{"@context":"https:\/\/schema.org","@graph":[{"@type":"WebPage","@id":"https:\/\/www.intoscana.it\/it\/turismo-la-toscana-alla-bit-di-milano-le-nuove-proposte-tra-benessere-natura-e-cultura\/","url":"https:\/\/www.intoscana.it\/it\/turismo-la-toscana-alla-bit-di-milano-le-nuove-proposte-tra-benessere-natura-e-cultura\/","name":"Turismo, la Toscana alla Bit tra benessere, natura e cultura - intoscana","isPartOf":{"@id":"https:\/\/www.intoscana.it\/it\/#website"},"primaryImageOfPage":{"@id":"https:\/\/www.intoscana.it\/it\/turismo-la-toscana-alla-bit-di-milano-le-nuove-proposte-tra-benessere-natura-e-cultura\/#primaryimage"},"image":{"@id":"https:\/\/www.intoscana.it\/it\/turismo-la-toscana-alla-bit-di-milano-le-nuove-proposte-tra-benessere-natura-e-cultura\/#primaryimage"},"thumbnailUrl":"https:\/\/www.intoscana.it\/wp-content\/uploads\/Stand-Toscana-Bit-2023-e1676209848161.jpeg","datePublished":"2023-02-11T15:51:39+00:00","dateModified":"2023-02-13T08:52:45+00:00","author":{"@id":"https:\/\/www.intoscana.it\/it\/#\/schema\/person\/9223810753230f20bd670fdd322661f8"},"description":"Stand hi-tech per i servizi digitali sul cicloturismo e la 50 Giorni di Cinema. Marras: \"Presenteremo le novit\u00e0 e tendenze\" - intoscana","breadcrumb":{"@id":"https:\/\/www.intoscana.it\/it\/turismo-la-toscana-alla-bit-di-milano-le-nuove-proposte-tra-benessere-natura-e-cultura\/#breadcrumb"},"inLanguage":"it-IT","potentialAction":[{"@type":"ReadAction","target":["https:\/\/www.intoscana.it\/it\/turismo-la-toscana-alla-bit-di-milano-le-nuove-proposte-tra-benessere-natura-e-cultura\/"]}]},{"@type":"ImageObject","inLanguage":"it-IT","@id":"https:\/\/www.intoscana.it\/it\/turismo-la-toscana-alla-bit-di-milano-le-nuove-proposte-tra-benessere-natura-e-cultura\/#primaryimage","url":"https:\/\/www.intoscana.it\/wp-content\/uploads\/Stand-Toscana-Bit-2023-e1676209848161.jpeg","contentUrl":"https:\/\/www.intoscana.it\/wp-content\/uploads\/Stand-Toscana-Bit-2023-e1676209848161.jpeg","width":1469,"height":906,"caption":"Lo stand della Toscana alla Bit 2023"},{"@type":"BreadcrumbList","@id":"https:\/\/www.intoscana.it\/it\/turismo-la-toscana-alla-bit-di-milano-le-nuove-proposte-tra-benessere-natura-e-cultura\/#breadcrumb","itemListElement":[{"@type":"ListItem","position":1,"name":"Home","item":"https:\/\/www.intoscana.it\/it\/"},{"@type":"ListItem","position":2,"name":"Turismo, la Toscana alla Bit: le nuove proposte tra benessere, natura e cultura"}]},{"@type":"WebSite","@id":"https:\/\/www.intoscana.it\/it\/#website","url":"https:\/\/www.intoscana.it\/it\/","name":"intoscana","description":"","potentialAction":[{"@type":"SearchAction","target":{"@type":"EntryPoint","urlTemplate":"https:\/\/www.intoscana.it\/it\/?s={search_term_string}"},"query-input":{"@type":"PropertyValueSpecification","valueRequired":true,"valueName":"search_term_string"}}],"inLanguage":"it-IT"},{"@type":"Person","@id":"https:\/\/www.intoscana.it\/it\/#\/schema\/person\/9223810753230f20bd670fdd322661f8","name":"Redazione","url":"https:\/\/www.intoscana.it\/it\/author\/redazione\/"}]}},"_links":{"self":[{"href":"https:\/\/www.intoscana.it\/it\/wp-json\/wp\/v2\/posts\/270777","targetHints":{"allow":["GET"]}}],"collection":[{"href":"https:\/\/www.intoscana.it\/it\/wp-json\/wp\/v2\/posts"}],"about":[{"href":"https:\/\/www.intoscana.it\/it\/wp-json\/wp\/v2\/types\/post"}],"author":[{"embeddable":true,"href":"https:\/\/www.intoscana.it\/it\/wp-json\/wp\/v2\/users\/525"}],"replies":[{"embeddable":true,"href":"https:\/\/www.intoscana.it\/it\/wp-json\/wp\/v2\/comments?post=270777"}],"version-history":[{"count":0,"href":"https:\/\/www.intoscana.it\/it\/wp-json\/wp\/v2\/posts\/270777\/revisions"}],"wp:featuredmedia":[{"embeddable":true,"href":"https:\/\/www.intoscana.it\/it\/wp-json\/wp\/v2\/media\/271957"}],"wp:attachment":[{"href":"https:\/\/www.intoscana.it\/it\/wp-json\/wp\/v2\/media?parent=270777"}],"wp:term":[{"taxonomy":"category","embeddable":true,"href":"https:\/\/www.intoscana.it\/it\/wp-json\/wp\/v2\/categories?post=270777"},{"taxonomy":"post_tag","embeddable":true,"href":"https:\/\/www.intoscana.it\/it\/wp-json\/wp\/v2\/tags?post=270777"}],"curies":[{"name":"wp","href":"https:\/\/api.w.org\/{rel}","templated":true}]}}