{"id":270884,"date":"2023-02-07T17:06:43","date_gmt":"2023-02-07T16:06:43","guid":{"rendered":"https:\/\/www.intoscana.it\/it\/?p=270884"},"modified":"2023-02-07T17:06:43","modified_gmt":"2023-02-07T16:06:43","slug":"i-50-anni-doro-di-viareggio-tra-liberty-e-boom-economico-cosi-nacque-il-carnevale","status":"publish","type":"post","link":"https:\/\/www.intoscana.it\/it\/i-50-anni-doro-di-viareggio-tra-liberty-e-boom-economico-cosi-nacque-il-carnevale\/","title":{"rendered":"I 50 anni d&#8217;oro di Viareggio tra Liberty e boom economico: cos\u00ec nacque il Carnevale"},"content":{"rendered":"<p>Erano gli anni dello stile Liberty che accarezzava la passeggiata sul mare, gli anni della crescita demografica e del boom economico. La personalit\u00e0 di <strong>Viareggio<\/strong> si delineava con potenza: da una parte l&#8217;anima economica fatta di cantieri e imbarcazioni e dall&#8217;altra quella culturale, artistica, sregolata ma sempre elegante. Dal 1873 al 1923 la citt\u00e0 vibrava di ottimismo e speranza, passioni incontenibili che dovevano trovare concretezza. E Viareggio cre\u00f2 cos\u00ec il suo <strong>Carnevale<\/strong>.<\/p>\n<p>Un <strong>libro<\/strong> ripercorre questi anni d&#8217;oro da cui tutto nacque: le maschere, i carri, la cultura del travestimento e della festa. Si chiama <strong>&#8220;Travolgente Frenesia&#8221;<\/strong> e racconta la citt\u00e0 dal profondo. <mark>Perch\u00e9 dietro la baldoria che sfocia nei corsi cos\u00ec famosi c&#8217;\u00e8 mestiere e disciplina, cura del dettaglio e coraggio. Il Carnevale di Viareggio \u00e8 s\u00ec musica e parrucche, ma \u00e8 anche politica, denuncia sociale, lettura impietosa della realt\u00e0 modellata dalla cartapesta dei carri.<\/mark><\/p>\n<figure id=\"post-270926 media-270926\" class=\"align-none\"><img decoding=\"async\" src=\"https:\/\/www.intoscana.it\/wp-content\/uploads\/copertina.png\" alt=\"\" \/><\/figure>\n<div class=\"titleimg\">copertina Travolgente frenesia \u2013 Carnevale Viareggio<\/div>\n<p>Scritto a quattro mani da viareggini doc &#8211; <strong>Claudia Menechini<\/strong> e <strong>Giampiero Petrucci<\/strong> (Ancora- Hop Frog) &#8211; il libro analizza la simbiosi della citt\u00e0 con la sua festa. 270 pagine e 300 foto, con testimonianze di viareggini, con il racconto dettagliato di avvenimenti e personaggi. <mark>Dalla cronaca locale si passa alla storia mondiale, dall\u2019arte alla musica, lo sport, la religione e la politica, la guerra e il fascismo, fino alla crescita economica, all&#8217;esplosione di Viareggio come meta turistica.<\/mark><\/p>\n<h3><em>I 150 anni del Carnevale di Viareggio<\/em><\/h3>\n<p>In questo 2023 il Carnevale compie 150 anni e il <a href=\"https:\/\/www.intoscana.it\/it\/articolo\/carnevale-di-viareggio-apertura\/\" target=\"_blank\" rel=\"noopener\">primo corso dello scorso 4 febbraio<\/a> \u00e8 stata molto pi\u00f9 di una celebrazione: un occhio sarcastico e non banale sull&#8217;oggi, tra guerre ed emergenze climatiche, tra denunce e critica sociale. Il libro &#8211; presentato anche nella sede del Consiglio regionale della Toscana, a Firenze &#8211; racconta come tutto questo nasce e diventa costume popolare, tradizione e materia creative sempre in costante evoluzione.<\/p>\n<p>&#8220;Il Carnevale di Viareggio \u00e8 il racconto della faccia bella della Toscana &#8211; ha detto il presidente dell Assemblea toscana, <strong>Antonio Mazzeo<\/strong> &#8211; <mark>Questo libro racconta i suoi primi 50 anni, quelli della crescita, del turismo balneare, quando Viareggio divenne capitale del Carnevale italiano. L&#8217;illustrazione di una crescita che ad un certo punto ha portato Viareggio ad essere conosciuta nel mondo&#8221;.<\/mark><\/p>\n<p>&nbsp;<\/p>\n<p>&nbsp;<\/p>\n","protected":false},"excerpt":{"rendered":"<p>Il libro &#8220;Travolgente Frenesia&#8221; racconta la nascita della festa e di come sia simbiotica allo sviluppo della citt\u00e0. Un racconto con testimonianze, storie e foto di un periodo florido per tutta la Versilia<\/p>\n","protected":false},"author":545,"featured_media":270616,"comment_status":"open","ping_status":"open","sticky":false,"template":"","format":"standard","meta":{"_acf_changed":false,"footnotes":""},"categories":[493],"tags":[1533,4753],"class_list":["post-270884","post","type-post","status-publish","format-standard","has-post-thumbnail","hentry","category-cultura","tag-carnevale-di-viareggio","tag-consiglio-regionale-della-toscana"],"acf":[],"yoast_head":"<!-- This site is optimized with the Yoast SEO Premium plugin v24.2 (Yoast SEO v25.6) - https:\/\/yoast.com\/wordpress\/plugins\/seo\/ -->\n<title>I 50 anni d&#039;oro di Viareggio tra Liberty e boom economico: cos\u00ec nacque il Carnevale - intoscana<\/title>\n<meta name=\"description\" content=\"Il libro &quot;Travolgente Frenesia&quot; racconta la nascita della festa e di come sia simbiotica allo sviluppo della citt\u00e0. Un racconto con testimonianze, storie e foto di un periodo florido per tutta la Versilia\" \/>\n<meta name=\"robots\" content=\"index, follow, max-snippet:-1, max-image-preview:large, max-video-preview:-1\" \/>\n<link rel=\"canonical\" href=\"https:\/\/www.intoscana.it\/it\/i-50-anni-doro-di-viareggio-tra-liberty-e-boom-economico-cosi-nacque-il-carnevale\/\" \/>\n<meta property=\"og:locale\" content=\"it_IT\" \/>\n<meta property=\"og:type\" content=\"article\" \/>\n<meta property=\"og:title\" content=\"I 50 anni d&#039;oro di Viareggio tra Liberty e boom economico: cos\u00ec nacque il Carnevale\" \/>\n<meta property=\"og:description\" content=\"Il libro &quot;Travolgente Frenesia&quot; racconta la nascita della festa e di come sia simbiotica allo sviluppo della citt\u00e0. Un racconto con testimonianze, storie e foto di un periodo florido per tutta la Versilia\" \/>\n<meta property=\"og:url\" content=\"https:\/\/www.intoscana.it\/it\/i-50-anni-doro-di-viareggio-tra-liberty-e-boom-economico-cosi-nacque-il-carnevale\/\" \/>\n<meta property=\"og:site_name\" content=\"intoscana\" \/>\n<meta property=\"article:publisher\" content=\"https:\/\/www.facebook.com\/intoscana.it\" \/>\n<meta property=\"article:published_time\" content=\"2023-02-07T16:06:43+00:00\" \/>\n<meta property=\"og:image\" content=\"https:\/\/www.intoscana.it\/wp-content\/uploads\/WhatsApp-Image-2023-02-04-at-22.29.19.jpeg\" \/>\n\t<meta property=\"og:image:width\" content=\"1600\" \/>\n\t<meta property=\"og:image:height\" content=\"1200\" \/>\n\t<meta property=\"og:image:type\" content=\"image\/jpeg\" \/>\n<meta name=\"author\" content=\"Clara D&#039;Acunto\" \/>\n<meta name=\"twitter:card\" content=\"summary_large_image\" \/>\n<meta name=\"twitter:creator\" content=\"@intoscana\" \/>\n<meta name=\"twitter:site\" content=\"@intoscana\" \/>\n<meta name=\"twitter:label1\" content=\"Written by\" \/>\n\t<meta name=\"twitter:data1\" content=\"Clara D&#039;Acunto\" \/>\n\t<meta name=\"twitter:label2\" content=\"Est. reading time\" \/>\n\t<meta name=\"twitter:data2\" content=\"2 minuti\" \/>\n<script type=\"application\/ld+json\" class=\"yoast-schema-graph\">{\"@context\":\"https:\/\/schema.org\",\"@graph\":[{\"@type\":\"WebPage\",\"@id\":\"https:\/\/www.intoscana.it\/it\/i-50-anni-doro-di-viareggio-tra-liberty-e-boom-economico-cosi-nacque-il-carnevale\/\",\"url\":\"https:\/\/www.intoscana.it\/it\/i-50-anni-doro-di-viareggio-tra-liberty-e-boom-economico-cosi-nacque-il-carnevale\/\",\"name\":\"I 50 anni d'oro di Viareggio tra Liberty e boom economico: cos\u00ec nacque il Carnevale - intoscana\",\"isPartOf\":{\"@id\":\"https:\/\/www.intoscana.it\/it\/#website\"},\"primaryImageOfPage\":{\"@id\":\"https:\/\/www.intoscana.it\/it\/i-50-anni-doro-di-viareggio-tra-liberty-e-boom-economico-cosi-nacque-il-carnevale\/#primaryimage\"},\"image\":{\"@id\":\"https:\/\/www.intoscana.it\/it\/i-50-anni-doro-di-viareggio-tra-liberty-e-boom-economico-cosi-nacque-il-carnevale\/#primaryimage\"},\"thumbnailUrl\":\"https:\/\/www.intoscana.it\/wp-content\/uploads\/WhatsApp-Image-2023-02-04-at-22.29.19.jpeg\",\"datePublished\":\"2023-02-07T16:06:43+00:00\",\"author\":{\"@id\":\"https:\/\/www.intoscana.it\/it\/#\/schema\/person\/137419af9ef5d385bde52864a841e6ce\"},\"description\":\"Il libro \\\"Travolgente Frenesia\\\" racconta la nascita della festa e di come sia simbiotica allo sviluppo della citt\u00e0. Un racconto con testimonianze, storie e foto di un periodo florido per tutta la Versilia\",\"breadcrumb\":{\"@id\":\"https:\/\/www.intoscana.it\/it\/i-50-anni-doro-di-viareggio-tra-liberty-e-boom-economico-cosi-nacque-il-carnevale\/#breadcrumb\"},\"inLanguage\":\"it-IT\",\"potentialAction\":[{\"@type\":\"ReadAction\",\"target\":[\"https:\/\/www.intoscana.it\/it\/i-50-anni-doro-di-viareggio-tra-liberty-e-boom-economico-cosi-nacque-il-carnevale\/\"]}]},{\"@type\":\"ImageObject\",\"inLanguage\":\"it-IT\",\"@id\":\"https:\/\/www.intoscana.it\/it\/i-50-anni-doro-di-viareggio-tra-liberty-e-boom-economico-cosi-nacque-il-carnevale\/#primaryimage\",\"url\":\"https:\/\/www.intoscana.it\/wp-content\/uploads\/WhatsApp-Image-2023-02-04-at-22.29.19.jpeg\",\"contentUrl\":\"https:\/\/www.intoscana.it\/wp-content\/uploads\/WhatsApp-Image-2023-02-04-at-22.29.19.jpeg\",\"width\":1600,\"height\":1200,\"caption\":\"\\\"Pace armata\\\" di Alessandro Avanzini al Carnevale di Viareggio 2023\"},{\"@type\":\"BreadcrumbList\",\"@id\":\"https:\/\/www.intoscana.it\/it\/i-50-anni-doro-di-viareggio-tra-liberty-e-boom-economico-cosi-nacque-il-carnevale\/#breadcrumb\",\"itemListElement\":[{\"@type\":\"ListItem\",\"position\":1,\"name\":\"Home\",\"item\":\"https:\/\/www.intoscana.it\/it\/\"},{\"@type\":\"ListItem\",\"position\":2,\"name\":\"I 50 anni d&#8217;oro di Viareggio tra Liberty e boom economico: cos\u00ec nacque il Carnevale\"}]},{\"@type\":\"WebSite\",\"@id\":\"https:\/\/www.intoscana.it\/it\/#website\",\"url\":\"https:\/\/www.intoscana.it\/it\/\",\"name\":\"intoscana\",\"description\":\"\",\"potentialAction\":[{\"@type\":\"SearchAction\",\"target\":{\"@type\":\"EntryPoint\",\"urlTemplate\":\"https:\/\/www.intoscana.it\/it\/?s={search_term_string}\"},\"query-input\":{\"@type\":\"PropertyValueSpecification\",\"valueRequired\":true,\"valueName\":\"search_term_string\"}}],\"inLanguage\":\"it-IT\"},{\"@type\":\"Person\",\"@id\":\"https:\/\/www.intoscana.it\/it\/#\/schema\/person\/137419af9ef5d385bde52864a841e6ce\",\"name\":\"Clara D'Acunto\",\"url\":\"https:\/\/www.intoscana.it\/it\/author\/clara-d_acunto\/\"}]}<\/script>\n<!-- \/ Yoast SEO Premium plugin. -->","yoast_head_json":{"title":"I 50 anni d'oro di Viareggio tra Liberty e boom economico: cos\u00ec nacque il Carnevale - intoscana","description":"Il libro \"Travolgente Frenesia\" racconta la nascita della festa e di come sia simbiotica allo sviluppo della citt\u00e0. Un racconto con testimonianze, storie e foto di un periodo florido per tutta la Versilia","robots":{"index":"index","follow":"follow","max-snippet":"max-snippet:-1","max-image-preview":"max-image-preview:large","max-video-preview":"max-video-preview:-1"},"canonical":"https:\/\/www.intoscana.it\/it\/i-50-anni-doro-di-viareggio-tra-liberty-e-boom-economico-cosi-nacque-il-carnevale\/","og_locale":"it_IT","og_type":"article","og_title":"I 50 anni d'oro di Viareggio tra Liberty e boom economico: cos\u00ec nacque il Carnevale","og_description":"Il libro \"Travolgente Frenesia\" racconta la nascita della festa e di come sia simbiotica allo sviluppo della citt\u00e0. Un racconto con testimonianze, storie e foto di un periodo florido per tutta la Versilia","og_url":"https:\/\/www.intoscana.it\/it\/i-50-anni-doro-di-viareggio-tra-liberty-e-boom-economico-cosi-nacque-il-carnevale\/","og_site_name":"intoscana","article_publisher":"https:\/\/www.facebook.com\/intoscana.it","article_published_time":"2023-02-07T16:06:43+00:00","og_image":[{"width":1600,"height":1200,"url":"https:\/\/www.intoscana.it\/wp-content\/uploads\/WhatsApp-Image-2023-02-04-at-22.29.19.jpeg","type":"image\/jpeg"}],"author":"Clara D'Acunto","twitter_card":"summary_large_image","twitter_creator":"@intoscana","twitter_site":"@intoscana","twitter_misc":{"Written by":"Clara D'Acunto","Est. reading time":"2 minuti"},"schema":{"@context":"https:\/\/schema.org","@graph":[{"@type":"WebPage","@id":"https:\/\/www.intoscana.it\/it\/i-50-anni-doro-di-viareggio-tra-liberty-e-boom-economico-cosi-nacque-il-carnevale\/","url":"https:\/\/www.intoscana.it\/it\/i-50-anni-doro-di-viareggio-tra-liberty-e-boom-economico-cosi-nacque-il-carnevale\/","name":"I 50 anni d'oro di Viareggio tra Liberty e boom economico: cos\u00ec nacque il Carnevale - intoscana","isPartOf":{"@id":"https:\/\/www.intoscana.it\/it\/#website"},"primaryImageOfPage":{"@id":"https:\/\/www.intoscana.it\/it\/i-50-anni-doro-di-viareggio-tra-liberty-e-boom-economico-cosi-nacque-il-carnevale\/#primaryimage"},"image":{"@id":"https:\/\/www.intoscana.it\/it\/i-50-anni-doro-di-viareggio-tra-liberty-e-boom-economico-cosi-nacque-il-carnevale\/#primaryimage"},"thumbnailUrl":"https:\/\/www.intoscana.it\/wp-content\/uploads\/WhatsApp-Image-2023-02-04-at-22.29.19.jpeg","datePublished":"2023-02-07T16:06:43+00:00","author":{"@id":"https:\/\/www.intoscana.it\/it\/#\/schema\/person\/137419af9ef5d385bde52864a841e6ce"},"description":"Il libro \"Travolgente Frenesia\" racconta la nascita della festa e di come sia simbiotica allo sviluppo della citt\u00e0. Un racconto con testimonianze, storie e foto di un periodo florido per tutta la Versilia","breadcrumb":{"@id":"https:\/\/www.intoscana.it\/it\/i-50-anni-doro-di-viareggio-tra-liberty-e-boom-economico-cosi-nacque-il-carnevale\/#breadcrumb"},"inLanguage":"it-IT","potentialAction":[{"@type":"ReadAction","target":["https:\/\/www.intoscana.it\/it\/i-50-anni-doro-di-viareggio-tra-liberty-e-boom-economico-cosi-nacque-il-carnevale\/"]}]},{"@type":"ImageObject","inLanguage":"it-IT","@id":"https:\/\/www.intoscana.it\/it\/i-50-anni-doro-di-viareggio-tra-liberty-e-boom-economico-cosi-nacque-il-carnevale\/#primaryimage","url":"https:\/\/www.intoscana.it\/wp-content\/uploads\/WhatsApp-Image-2023-02-04-at-22.29.19.jpeg","contentUrl":"https:\/\/www.intoscana.it\/wp-content\/uploads\/WhatsApp-Image-2023-02-04-at-22.29.19.jpeg","width":1600,"height":1200,"caption":"\"Pace armata\" di Alessandro Avanzini al Carnevale di Viareggio 2023"},{"@type":"BreadcrumbList","@id":"https:\/\/www.intoscana.it\/it\/i-50-anni-doro-di-viareggio-tra-liberty-e-boom-economico-cosi-nacque-il-carnevale\/#breadcrumb","itemListElement":[{"@type":"ListItem","position":1,"name":"Home","item":"https:\/\/www.intoscana.it\/it\/"},{"@type":"ListItem","position":2,"name":"I 50 anni d&#8217;oro di Viareggio tra Liberty e boom economico: cos\u00ec nacque il Carnevale"}]},{"@type":"WebSite","@id":"https:\/\/www.intoscana.it\/it\/#website","url":"https:\/\/www.intoscana.it\/it\/","name":"intoscana","description":"","potentialAction":[{"@type":"SearchAction","target":{"@type":"EntryPoint","urlTemplate":"https:\/\/www.intoscana.it\/it\/?s={search_term_string}"},"query-input":{"@type":"PropertyValueSpecification","valueRequired":true,"valueName":"search_term_string"}}],"inLanguage":"it-IT"},{"@type":"Person","@id":"https:\/\/www.intoscana.it\/it\/#\/schema\/person\/137419af9ef5d385bde52864a841e6ce","name":"Clara D'Acunto","url":"https:\/\/www.intoscana.it\/it\/author\/clara-d_acunto\/"}]}},"_links":{"self":[{"href":"https:\/\/www.intoscana.it\/it\/wp-json\/wp\/v2\/posts\/270884","targetHints":{"allow":["GET"]}}],"collection":[{"href":"https:\/\/www.intoscana.it\/it\/wp-json\/wp\/v2\/posts"}],"about":[{"href":"https:\/\/www.intoscana.it\/it\/wp-json\/wp\/v2\/types\/post"}],"author":[{"embeddable":true,"href":"https:\/\/www.intoscana.it\/it\/wp-json\/wp\/v2\/users\/545"}],"replies":[{"embeddable":true,"href":"https:\/\/www.intoscana.it\/it\/wp-json\/wp\/v2\/comments?post=270884"}],"version-history":[{"count":0,"href":"https:\/\/www.intoscana.it\/it\/wp-json\/wp\/v2\/posts\/270884\/revisions"}],"wp:featuredmedia":[{"embeddable":true,"href":"https:\/\/www.intoscana.it\/it\/wp-json\/wp\/v2\/media\/270616"}],"wp:attachment":[{"href":"https:\/\/www.intoscana.it\/it\/wp-json\/wp\/v2\/media?parent=270884"}],"wp:term":[{"taxonomy":"category","embeddable":true,"href":"https:\/\/www.intoscana.it\/it\/wp-json\/wp\/v2\/categories?post=270884"},{"taxonomy":"post_tag","embeddable":true,"href":"https:\/\/www.intoscana.it\/it\/wp-json\/wp\/v2\/tags?post=270884"}],"curies":[{"name":"wp","href":"https:\/\/api.w.org\/{rel}","templated":true}]}}