{"id":270933,"date":"2023-02-07T10:32:57","date_gmt":"2023-02-07T09:32:57","guid":{"rendered":"https:\/\/www.intoscana.it\/it\/?p=270933"},"modified":"2023-02-07T10:33:55","modified_gmt":"2023-02-07T09:33:55","slug":"covid19-446-nuovi-casi","status":"publish","type":"post","link":"https:\/\/www.intoscana.it\/it\/covid19-446-nuovi-casi\/","title":{"rendered":"Covid-19: 446 nuovi casi e tre decessi in Toscana"},"content":{"rendered":"<div class=\"row\">\n<div id=\"column-1\" class=\"col-md-12 portlet-column portlet-column-only\">\n<section class=\"rt-subheader rt-subheader--news\">\n<div class=\"rt-subheader__wrapper\">\n<div class=\"rt-subheader__title-wrapper\"><\/div>\n<div class=\"rt-subheader__excerpt\">\n<p>Sono 446 i nuovi casi di <strong>Covid-19<\/strong> registrati nelle ultime ventiquattro ore in Toscana: 80 sono stati confermati con tampone molecolare e gli altri 366 con test rapido. Il numero dei contagiati rilevati nella regione dall&#8217;inizio della pandemia sale dunque a 1.584.454.\u00a0 I nuovi casi sono lo <strong>0,03% in pi\u00f9<\/strong> rispetto al totale del giorno precedente. I guariti crescono dello 0,2% (2.837 persone) e raggiungono quota 1.538.191 (97,1% dei casi totali).<\/p>\n<\/div>\n<\/div>\n<\/section>\n<\/div>\n<\/div>\n<div class=\"row has-sidebar\">\n<div id=\"column-2\" class=\"col-md-12 col-lg-9 portlet-column portlet-column-first\">\n<div class=\"rt-page__content rt-page-content--left\">\n<div class=\"rt-page__content-text\">\n<p>Al momento in Toscana risultano pertanto<strong> 34.769 positivi,<\/strong> -6,4% rispetto a ieri. Di questi 199 (10 in pi\u00f9 rispetto a ieri) sono ricoverati in <strong>ospedale<\/strong>: 12 (2 in pi\u00f9) si trovano in terapia intensiva.<br \/>\nLa lista dei decessi si aggiorna con <strong>3 nuovi decessi:<\/strong> un uomo e 2 donne con un&#8217;et\u00e0 media di 83 anni.<\/p>\n<p>Dall&#8217;ultimo bollettino quotidiano sono stati eseguiti 547 tamponi molecolari e 4.146 <strong>tamponi antigenici rapid<\/strong>i: di questi il 9,5% \u00e8 risultato positivo. Sono invece 737 i soggetti testati, escludendo i tamponi di controllo: il 60,5% di questi \u00e8 risultato positivo.<\/p>\n<p>I dati, relativi all&#8217;andamento della pandemia, sono quelli accertati oggi sulla base delle richieste della Protezione civile nazionale.<\/p>\n<h3><strong>L&#8217;andamento dei casi per provincia<\/strong><\/h3>\n<p>Con gli ultimi casi salgono a <strong>424.087 i positivi <\/strong>dall&#8217;inizio dell&#8217;emergenza nei comuni della Citt\u00e0 metropolitana di Firenze (112 in pi\u00f9 rispetto a ieri), 103.310 in provincia di Prato (20 in pi\u00f9), 123.092 a Pistoia (29 in pi\u00f9), 83.102 a Massa-Carrara (22 in pi\u00f9), 172.830 a Lucca (39 in pi\u00f9), 185.454 a Pisa (75 in pi\u00f9), 146.340 a Livorno (54 in pi\u00f9), 143.071 ad Arezzo (43 in pi\u00f9), 113.226 a Siena (34 in pi\u00f9) e 88.683 a Grosseto (18 in pi\u00f9). A questi vanno aggiunti 569 casi di positivit\u00e0 notificati in Toscana ma che riguardano residenti in altre regioni.<\/p>\n<p>La Toscana ha circa 43.253 casi complessivi ogni 100.000 abitanti dall&#8217;inizio della pandemia (tra residenti e non residenti). Al momento la provincia di notifica con il tasso pi\u00f9 alto \u00e8 Lucca (con 45.189 casi ogni 100 mila abitanti), seguita da Livorno (44.716) e Pisa (44.469). La pi\u00f9 bassa concentrazione si riscontra a Prato (con un tasso di 40.024).<\/p>\n<p>In 34.570 sono in <strong>isolamento a casa,<\/strong> perch\u00e9 presentano sintomi lievi che non richiedono cure ospedaliere o risultano prive di sintomi (2.404 in meno rispetto a ieri, meno 6,5%).<\/p>\n<p>I 1.538.191 guariti registrati a oggi lo sono a tutti gli effetti, da un punto di vista virale, certificati con tampone negativo.<\/p>\n<h3><strong>Tre nuovi decessi: et\u00e0 media 83 anni<br \/>\n<\/strong><\/h3>\n<p>La lista dei decessi si aggiorna con 3 nuovi decessi: un uomo e 2 donne con un&#8217;<strong>et\u00e0 media di 83 anni.<\/strong> Relativamente alla provincia di residenza, le persone decedute sono: 2 a Firenze, 1 a Livorno.<\/p>\n<p>Sono <strong>11.494 i deceduti<\/strong> dall&#8217;inizio dell&#8217;epidemia: 3.655 nella Citt\u00e0 metropolitana di Firenze, 942 in provincia di Prato, 1.031 a Pistoia, 715 a Massa-Carrara, 1.063 a Lucca, 1.280 a Pisa, 863 a Livorno, 731 ad Arezzo, 628 a Siena, 418 a Grosseto. Vanno aggiunte 168 persone decedute sul suolo toscano ma erano residenti fuori regione.<\/p>\n<p>Il <strong>tasso grezzo di mortalit\u00e0<\/strong> per Covid-19 (numero di deceduti\/popolazione residente) \u00e8 al momento 313,8 ogni 100 mila residenti. Per quanto riguarda le province, il tasso di mortalit\u00e0 pi\u00f9 alto si riscontra a Massa Carrara (379,3 ogni 100 mila abitanti), seguita da Firenze (370,2 x100.000) e Prato (364,9 x100.000), mentre il pi\u00f9 basso \u00e8 a Grosseto (192,6 x100.000).<\/p>\n<\/div>\n<\/div>\n<div class=\"rt-btn-wrapper rt-btn-wrapper--right-align\">\n<div class=\"a2a_kit a2a_kit_size_32 a2a_default_style\" data-a2a-title=\"Coronavirus, 446 nuovi casi. Sono tre i decessi\"><\/div>\n<\/div>\n<\/div>\n<\/div>\n","protected":false},"excerpt":{"rendered":"<p>Sono 199 (10 in pi\u00f9 rispetto a ieri) i ricoverati in ospedale, mentre 34.570 persone si trovano in isolamento a casa,<\/p>\n","protected":false},"author":525,"featured_media":260000,"comment_status":"open","ping_status":"open","sticky":false,"template":"","format":"standard","meta":{"_acf_changed":false,"footnotes":""},"categories":[494],"tags":[4868,418],"class_list":["post-270933","post","type-post","status-publish","format-standard","has-post-thumbnail","hentry","category-attualita","tag-bollettino-covid-toscana","tag-covid-19"],"acf":[],"yoast_head":"<!-- This site is optimized with the Yoast SEO Premium plugin v24.2 (Yoast SEO v25.6) - https:\/\/yoast.com\/wordpress\/plugins\/seo\/ -->\n<title>Covid-19: 446 nuovi casi e tre decessi in Toscana - intoscana<\/title>\n<meta name=\"description\" content=\"Sono 446 nuovi casi di Covid-19 oggi in Toscana, si registrano anche tre nuovi decessi in Toscana con et\u00e0 media di 83 anni.\" \/>\n<meta name=\"robots\" content=\"index, follow, max-snippet:-1, max-image-preview:large, max-video-preview:-1\" \/>\n<link rel=\"canonical\" href=\"https:\/\/www.intoscana.it\/it\/covid19-446-nuovi-casi\/\" \/>\n<meta property=\"og:locale\" content=\"it_IT\" \/>\n<meta property=\"og:type\" content=\"article\" \/>\n<meta property=\"og:title\" content=\"Covid-19: 446 nuovi casi e tre decessi in Toscana\" \/>\n<meta property=\"og:description\" content=\"Sono 446 nuovi casi di Covid-19 oggi in Toscana, si registrano anche tre nuovi decessi in Toscana con et\u00e0 media di 83 anni.\" \/>\n<meta property=\"og:url\" content=\"https:\/\/www.intoscana.it\/it\/covid19-446-nuovi-casi\/\" \/>\n<meta property=\"og:site_name\" content=\"intoscana\" \/>\n<meta property=\"article:publisher\" content=\"https:\/\/www.facebook.com\/intoscana.it\" \/>\n<meta property=\"article:published_time\" content=\"2023-02-07T09:32:57+00:00\" \/>\n<meta property=\"article:modified_time\" content=\"2023-02-07T09:33:55+00:00\" \/>\n<meta property=\"og:image\" content=\"https:\/\/www.intoscana.it\/wp-content\/uploads\/antigen-6939138_1920.jpg\" \/>\n\t<meta property=\"og:image:width\" content=\"1920\" \/>\n\t<meta property=\"og:image:height\" content=\"1081\" \/>\n\t<meta property=\"og:image:type\" content=\"image\/jpeg\" \/>\n<meta name=\"author\" content=\"Redazione\" \/>\n<meta name=\"twitter:card\" content=\"summary_large_image\" \/>\n<meta name=\"twitter:creator\" content=\"@intoscana\" \/>\n<meta name=\"twitter:site\" content=\"@intoscana\" \/>\n<meta name=\"twitter:label1\" content=\"Written by\" \/>\n\t<meta name=\"twitter:data1\" content=\"Redazione\" \/>\n\t<meta name=\"twitter:label2\" content=\"Est. reading time\" \/>\n\t<meta name=\"twitter:data2\" content=\"2 minuti\" \/>\n<script type=\"application\/ld+json\" class=\"yoast-schema-graph\">{\"@context\":\"https:\/\/schema.org\",\"@graph\":[{\"@type\":\"WebPage\",\"@id\":\"https:\/\/www.intoscana.it\/it\/covid19-446-nuovi-casi\/\",\"url\":\"https:\/\/www.intoscana.it\/it\/covid19-446-nuovi-casi\/\",\"name\":\"Covid-19: 446 nuovi casi e tre decessi in Toscana - intoscana\",\"isPartOf\":{\"@id\":\"https:\/\/www.intoscana.it\/it\/#website\"},\"primaryImageOfPage\":{\"@id\":\"https:\/\/www.intoscana.it\/it\/covid19-446-nuovi-casi\/#primaryimage\"},\"image\":{\"@id\":\"https:\/\/www.intoscana.it\/it\/covid19-446-nuovi-casi\/#primaryimage\"},\"thumbnailUrl\":\"https:\/\/www.intoscana.it\/wp-content\/uploads\/antigen-6939138_1920.jpg\",\"datePublished\":\"2023-02-07T09:32:57+00:00\",\"dateModified\":\"2023-02-07T09:33:55+00:00\",\"author\":{\"@id\":\"https:\/\/www.intoscana.it\/it\/#\/schema\/person\/9223810753230f20bd670fdd322661f8\"},\"description\":\"Sono 446 nuovi casi di Covid-19 oggi in Toscana, si registrano anche tre nuovi decessi in Toscana con et\u00e0 media di 83 anni.\",\"breadcrumb\":{\"@id\":\"https:\/\/www.intoscana.it\/it\/covid19-446-nuovi-casi\/#breadcrumb\"},\"inLanguage\":\"it-IT\",\"potentialAction\":[{\"@type\":\"ReadAction\",\"target\":[\"https:\/\/www.intoscana.it\/it\/covid19-446-nuovi-casi\/\"]}]},{\"@type\":\"ImageObject\",\"inLanguage\":\"it-IT\",\"@id\":\"https:\/\/www.intoscana.it\/it\/covid19-446-nuovi-casi\/#primaryimage\",\"url\":\"https:\/\/www.intoscana.it\/wp-content\/uploads\/antigen-6939138_1920.jpg\",\"contentUrl\":\"https:\/\/www.intoscana.it\/wp-content\/uploads\/antigen-6939138_1920.jpg\",\"width\":1920,\"height\":1081,\"caption\":\"Un test rapido per il Covid-19\"},{\"@type\":\"BreadcrumbList\",\"@id\":\"https:\/\/www.intoscana.it\/it\/covid19-446-nuovi-casi\/#breadcrumb\",\"itemListElement\":[{\"@type\":\"ListItem\",\"position\":1,\"name\":\"Home\",\"item\":\"https:\/\/www.intoscana.it\/it\/\"},{\"@type\":\"ListItem\",\"position\":2,\"name\":\"Covid-19: 446 nuovi casi e tre decessi in Toscana\"}]},{\"@type\":\"WebSite\",\"@id\":\"https:\/\/www.intoscana.it\/it\/#website\",\"url\":\"https:\/\/www.intoscana.it\/it\/\",\"name\":\"intoscana\",\"description\":\"\",\"potentialAction\":[{\"@type\":\"SearchAction\",\"target\":{\"@type\":\"EntryPoint\",\"urlTemplate\":\"https:\/\/www.intoscana.it\/it\/?s={search_term_string}\"},\"query-input\":{\"@type\":\"PropertyValueSpecification\",\"valueRequired\":true,\"valueName\":\"search_term_string\"}}],\"inLanguage\":\"it-IT\"},{\"@type\":\"Person\",\"@id\":\"https:\/\/www.intoscana.it\/it\/#\/schema\/person\/9223810753230f20bd670fdd322661f8\",\"name\":\"Redazione\",\"url\":\"https:\/\/www.intoscana.it\/it\/author\/redazione\/\"}]}<\/script>\n<!-- \/ Yoast SEO Premium plugin. -->","yoast_head_json":{"title":"Covid-19: 446 nuovi casi e tre decessi in Toscana - intoscana","description":"Sono 446 nuovi casi di Covid-19 oggi in Toscana, si registrano anche tre nuovi decessi in Toscana con et\u00e0 media di 83 anni.","robots":{"index":"index","follow":"follow","max-snippet":"max-snippet:-1","max-image-preview":"max-image-preview:large","max-video-preview":"max-video-preview:-1"},"canonical":"https:\/\/www.intoscana.it\/it\/covid19-446-nuovi-casi\/","og_locale":"it_IT","og_type":"article","og_title":"Covid-19: 446 nuovi casi e tre decessi in Toscana","og_description":"Sono 446 nuovi casi di Covid-19 oggi in Toscana, si registrano anche tre nuovi decessi in Toscana con et\u00e0 media di 83 anni.","og_url":"https:\/\/www.intoscana.it\/it\/covid19-446-nuovi-casi\/","og_site_name":"intoscana","article_publisher":"https:\/\/www.facebook.com\/intoscana.it","article_published_time":"2023-02-07T09:32:57+00:00","article_modified_time":"2023-02-07T09:33:55+00:00","og_image":[{"width":1920,"height":1081,"url":"https:\/\/www.intoscana.it\/wp-content\/uploads\/antigen-6939138_1920.jpg","type":"image\/jpeg"}],"author":"Redazione","twitter_card":"summary_large_image","twitter_creator":"@intoscana","twitter_site":"@intoscana","twitter_misc":{"Written by":"Redazione","Est. reading time":"2 minuti"},"schema":{"@context":"https:\/\/schema.org","@graph":[{"@type":"WebPage","@id":"https:\/\/www.intoscana.it\/it\/covid19-446-nuovi-casi\/","url":"https:\/\/www.intoscana.it\/it\/covid19-446-nuovi-casi\/","name":"Covid-19: 446 nuovi casi e tre decessi in Toscana - intoscana","isPartOf":{"@id":"https:\/\/www.intoscana.it\/it\/#website"},"primaryImageOfPage":{"@id":"https:\/\/www.intoscana.it\/it\/covid19-446-nuovi-casi\/#primaryimage"},"image":{"@id":"https:\/\/www.intoscana.it\/it\/covid19-446-nuovi-casi\/#primaryimage"},"thumbnailUrl":"https:\/\/www.intoscana.it\/wp-content\/uploads\/antigen-6939138_1920.jpg","datePublished":"2023-02-07T09:32:57+00:00","dateModified":"2023-02-07T09:33:55+00:00","author":{"@id":"https:\/\/www.intoscana.it\/it\/#\/schema\/person\/9223810753230f20bd670fdd322661f8"},"description":"Sono 446 nuovi casi di Covid-19 oggi in Toscana, si registrano anche tre nuovi decessi in Toscana con et\u00e0 media di 83 anni.","breadcrumb":{"@id":"https:\/\/www.intoscana.it\/it\/covid19-446-nuovi-casi\/#breadcrumb"},"inLanguage":"it-IT","potentialAction":[{"@type":"ReadAction","target":["https:\/\/www.intoscana.it\/it\/covid19-446-nuovi-casi\/"]}]},{"@type":"ImageObject","inLanguage":"it-IT","@id":"https:\/\/www.intoscana.it\/it\/covid19-446-nuovi-casi\/#primaryimage","url":"https:\/\/www.intoscana.it\/wp-content\/uploads\/antigen-6939138_1920.jpg","contentUrl":"https:\/\/www.intoscana.it\/wp-content\/uploads\/antigen-6939138_1920.jpg","width":1920,"height":1081,"caption":"Un test rapido per il Covid-19"},{"@type":"BreadcrumbList","@id":"https:\/\/www.intoscana.it\/it\/covid19-446-nuovi-casi\/#breadcrumb","itemListElement":[{"@type":"ListItem","position":1,"name":"Home","item":"https:\/\/www.intoscana.it\/it\/"},{"@type":"ListItem","position":2,"name":"Covid-19: 446 nuovi casi e tre decessi in Toscana"}]},{"@type":"WebSite","@id":"https:\/\/www.intoscana.it\/it\/#website","url":"https:\/\/www.intoscana.it\/it\/","name":"intoscana","description":"","potentialAction":[{"@type":"SearchAction","target":{"@type":"EntryPoint","urlTemplate":"https:\/\/www.intoscana.it\/it\/?s={search_term_string}"},"query-input":{"@type":"PropertyValueSpecification","valueRequired":true,"valueName":"search_term_string"}}],"inLanguage":"it-IT"},{"@type":"Person","@id":"https:\/\/www.intoscana.it\/it\/#\/schema\/person\/9223810753230f20bd670fdd322661f8","name":"Redazione","url":"https:\/\/www.intoscana.it\/it\/author\/redazione\/"}]}},"_links":{"self":[{"href":"https:\/\/www.intoscana.it\/it\/wp-json\/wp\/v2\/posts\/270933","targetHints":{"allow":["GET"]}}],"collection":[{"href":"https:\/\/www.intoscana.it\/it\/wp-json\/wp\/v2\/posts"}],"about":[{"href":"https:\/\/www.intoscana.it\/it\/wp-json\/wp\/v2\/types\/post"}],"author":[{"embeddable":true,"href":"https:\/\/www.intoscana.it\/it\/wp-json\/wp\/v2\/users\/525"}],"replies":[{"embeddable":true,"href":"https:\/\/www.intoscana.it\/it\/wp-json\/wp\/v2\/comments?post=270933"}],"version-history":[{"count":0,"href":"https:\/\/www.intoscana.it\/it\/wp-json\/wp\/v2\/posts\/270933\/revisions"}],"wp:featuredmedia":[{"embeddable":true,"href":"https:\/\/www.intoscana.it\/it\/wp-json\/wp\/v2\/media\/260000"}],"wp:attachment":[{"href":"https:\/\/www.intoscana.it\/it\/wp-json\/wp\/v2\/media?parent=270933"}],"wp:term":[{"taxonomy":"category","embeddable":true,"href":"https:\/\/www.intoscana.it\/it\/wp-json\/wp\/v2\/categories?post=270933"},{"taxonomy":"post_tag","embeddable":true,"href":"https:\/\/www.intoscana.it\/it\/wp-json\/wp\/v2\/tags?post=270933"}],"curies":[{"name":"wp","href":"https:\/\/api.w.org\/{rel}","templated":true}]}}