{"id":271298,"date":"2023-02-08T11:02:18","date_gmt":"2023-02-08T10:02:18","guid":{"rendered":"https:\/\/www.intoscana.it\/it\/?p=271298"},"modified":"2023-02-08T11:02:41","modified_gmt":"2023-02-08T10:02:41","slug":"covid-229-nuovi-positivi","status":"publish","type":"post","link":"https:\/\/www.intoscana.it\/it\/covid-229-nuovi-positivi\/","title":{"rendered":"Covid, 229 nuovi positivi. Quattro i decessi di oggi"},"content":{"rendered":"<p>Sono <strong>229<\/strong> i nuovi casi di Covid-19 registrati nelle ultime ventiquattro ore in Toscana: 64 sono stati confermati con tampone molecolare e gli altri 165 con test rapido.<\/p>\n<h3>Il dettaglio in Toscana<\/h3>\n<p>Il numero dei contagiati rilevati nella regione dall&#8217;inizio della pandemia sale dunque a 1.584.683. I nuovi casi sono lo <strong>0,01%<\/strong> in pi\u00f9 rispetto al totale del giorno precedente. I guariti crescono dello 0,2% (2.965 persone) e raggiungono quota 1.541.156 (97,3% dei casi totali).<\/p>\n<p><mark>Al momento in Toscana risultano pertanto 32.029 positivi, -7,9% rispetto a ieri. Di questi 195 (4 in meno rispetto a ieri) sono ricoverati in ospedale: 9 (3 in meno) si trovano in terapia intensiva <\/mark>.<\/p>\n<p>Dall&#8217;ultimo bollettino quotidiano sono stati eseguiti 378 tamponi molecolari e 3.057 tamponi antigenici rapidi: di questi il 6,7% \u00e8 risultato positivo. Sono invece 460 i soggetti testati, escludendo i tamponi di controllo: il 49,8% di questi \u00e8 risultato positivo.<\/p>\n<h3>L&#8217;andamento per provincia<\/h3>\n<p>Con gli ultimi casi salgono a 424.137 i positivi dall&#8217;inizio dell&#8217;emergenza nei comuni della Citt\u00e0 metropolitana di Firenze (50 in pi\u00f9 rispetto a ieri), 103.325 in provincia di Prato (15 in pi\u00f9), 123.100 a Pistoia (8 in pi\u00f9), 83.115 a Massa Carrara (13 in pi\u00f9), 172.845 a Lucca (15 in pi\u00f9), 185.491 a Pisa (37 in pi\u00f9), 146.361 a Livorno (21 in pi\u00f9), 143.098 ad Arezzo (27 in pi\u00f9), 113.250 a Siena (24 in pi\u00f9) e 88.700 a Grosseto (17 in pi\u00f9). A questi vanno aggiunti 569 casi di positivit\u00e0 notificati in Toscana ma che riguardano residenti in altre regioni.<\/p>\n<p>La Toscana ha circa 43.260 casi complessivi ogni 100.000 abitanti dall&#8217;inizio della pandemia (tra residenti e non residenti). Al momento la provincia di notifica con il tasso pi\u00f9 alto \u00e9 Lucca (con 45.192 casi ogni 100 mila abitanti), seguita da Livorno (44.723) e Pisa (44.478). La pi\u00f9 bassa concentrazione si riscontra a Prato (con un tasso di 40.029).<\/p>\n<p>In 31.834 sono in isolamento a casa, perch\u00e9 presentano sintomi lievi che non richiedono cure ospedaliere o risultano prive di sintomi (2.736 in meno rispetto a ieri, meno 7,9%).<\/p>\n<p>I 1.541.156 guariti registrati a oggi lo sono a tutti gli effetti, da un punto di vista virale, certificati con tampone negativo.<\/p>\n<h3>I decessi<\/h3>\n<p>La lista dei decessi si aggiorna con 4 nuovi decessi: 4 donne, con un&#8217;et\u00e0 media di 78,5 anni. Relativamente alla provincia di residenza, le persone decedute sono: 1 a Pistoia, 1 a Lucca, 1 a Pisa, 1 a Livorno.<\/p>\n<p>Sono 11.498 i deceduti dall&#8217;inizio dell&#8217;epidemia: 3.655 nella Citt\u00e0 metropolitana di Firenze, 942 in provincia di Prato, 1.032 a Pistoia, 715 a Massa Carrara, 1.064 a Lucca, 1.281 a Pisa, 864 a Livorno, 731 ad Arezzo, 628 a Siena, 418 a Grosseto. Vanno aggiunte 168 persone decedute sul suolo toscano ma erano residenti fuori regione.<\/p>\n<p>Il tasso grezzo di mortalit\u00e0 per Covid-19 (numero di deceduti\/popolazione residente) \u00e8 al momento 313,9 ogni 100 mila residenti. Per quanto riguarda le province, il tasso di mortalit\u00e0 pi\u00f9 alto si riscontra a Massa Carrara (379,3 ogni 100 mila abitanti), seguita da Firenze (370,2 x100.000) e Prato (364,9 x100.000), mentre il pi\u00f9 basso \u00e8 a Grosseto (192,6 x100.000).<\/p>\n","protected":false},"excerpt":{"rendered":"<p>Al momento in Toscana risultano 32.029 positivi, -7,9% rispetto a ieri. In calo le terapie intensive. La lista dei decessi si aggiorna con 4 nuovi decessi: 4 donne, con un&#8217;et\u00e0 media di 78,5 anni<\/p>\n","protected":false},"author":525,"featured_media":260000,"comment_status":"open","ping_status":"open","sticky":false,"template":"","format":"standard","meta":{"_acf_changed":false,"footnotes":""},"categories":[494],"tags":[4868,4809,134,349],"class_list":["post-271298","post","type-post","status-publish","format-standard","has-post-thumbnail","hentry","category-attualita","tag-bollettino-covid-toscana","tag-covid","tag-salute","tag-sanita"],"acf":[],"yoast_head":"<!-- This site is optimized with the Yoast SEO Premium plugin v24.2 (Yoast SEO v25.6) - https:\/\/yoast.com\/wordpress\/plugins\/seo\/ -->\n<title>Covid, 229 nuovi positivi. Quattro i decessi di oggi - intoscana<\/title>\n<meta name=\"description\" content=\"Al momento in Toscana risultano 32.029 positivi, -7,9% rispetto a ieri. In calo le terapie intensive e i ricoveri\" \/>\n<meta name=\"robots\" content=\"index, follow, max-snippet:-1, max-image-preview:large, max-video-preview:-1\" \/>\n<link rel=\"canonical\" href=\"https:\/\/www.intoscana.it\/it\/covid-229-nuovi-positivi\/\" \/>\n<meta property=\"og:locale\" content=\"it_IT\" \/>\n<meta property=\"og:type\" content=\"article\" \/>\n<meta property=\"og:title\" content=\"Covid, 229 nuovi positivi. Quattro i decessi di oggi\" \/>\n<meta property=\"og:description\" content=\"Al momento in Toscana risultano 32.029 positivi, -7,9% rispetto a ieri. In calo le terapie intensive e i ricoveri\" \/>\n<meta property=\"og:url\" content=\"https:\/\/www.intoscana.it\/it\/covid-229-nuovi-positivi\/\" \/>\n<meta property=\"og:site_name\" content=\"intoscana\" \/>\n<meta property=\"article:publisher\" content=\"https:\/\/www.facebook.com\/intoscana.it\" \/>\n<meta property=\"article:published_time\" content=\"2023-02-08T10:02:18+00:00\" \/>\n<meta property=\"article:modified_time\" content=\"2023-02-08T10:02:41+00:00\" \/>\n<meta property=\"og:image\" content=\"https:\/\/www.intoscana.it\/wp-content\/uploads\/antigen-6939138_1920.jpg\" \/>\n\t<meta property=\"og:image:width\" content=\"1920\" \/>\n\t<meta property=\"og:image:height\" content=\"1081\" \/>\n\t<meta property=\"og:image:type\" content=\"image\/jpeg\" \/>\n<meta name=\"author\" content=\"Redazione\" \/>\n<meta name=\"twitter:card\" content=\"summary_large_image\" \/>\n<meta name=\"twitter:creator\" content=\"@intoscana\" \/>\n<meta name=\"twitter:site\" content=\"@intoscana\" \/>\n<meta name=\"twitter:label1\" content=\"Written by\" \/>\n\t<meta name=\"twitter:data1\" content=\"Redazione\" \/>\n\t<meta name=\"twitter:label2\" content=\"Est. reading time\" \/>\n\t<meta name=\"twitter:data2\" content=\"2 minuti\" \/>\n<script type=\"application\/ld+json\" class=\"yoast-schema-graph\">{\"@context\":\"https:\/\/schema.org\",\"@graph\":[{\"@type\":\"WebPage\",\"@id\":\"https:\/\/www.intoscana.it\/it\/covid-229-nuovi-positivi\/\",\"url\":\"https:\/\/www.intoscana.it\/it\/covid-229-nuovi-positivi\/\",\"name\":\"Covid, 229 nuovi positivi. Quattro i decessi di oggi - intoscana\",\"isPartOf\":{\"@id\":\"https:\/\/www.intoscana.it\/it\/#website\"},\"primaryImageOfPage\":{\"@id\":\"https:\/\/www.intoscana.it\/it\/covid-229-nuovi-positivi\/#primaryimage\"},\"image\":{\"@id\":\"https:\/\/www.intoscana.it\/it\/covid-229-nuovi-positivi\/#primaryimage\"},\"thumbnailUrl\":\"https:\/\/www.intoscana.it\/wp-content\/uploads\/antigen-6939138_1920.jpg\",\"datePublished\":\"2023-02-08T10:02:18+00:00\",\"dateModified\":\"2023-02-08T10:02:41+00:00\",\"author\":{\"@id\":\"https:\/\/www.intoscana.it\/it\/#\/schema\/person\/9223810753230f20bd670fdd322661f8\"},\"description\":\"Al momento in Toscana risultano 32.029 positivi, -7,9% rispetto a ieri. In calo le terapie intensive e i ricoveri\",\"breadcrumb\":{\"@id\":\"https:\/\/www.intoscana.it\/it\/covid-229-nuovi-positivi\/#breadcrumb\"},\"inLanguage\":\"it-IT\",\"potentialAction\":[{\"@type\":\"ReadAction\",\"target\":[\"https:\/\/www.intoscana.it\/it\/covid-229-nuovi-positivi\/\"]}]},{\"@type\":\"ImageObject\",\"inLanguage\":\"it-IT\",\"@id\":\"https:\/\/www.intoscana.it\/it\/covid-229-nuovi-positivi\/#primaryimage\",\"url\":\"https:\/\/www.intoscana.it\/wp-content\/uploads\/antigen-6939138_1920.jpg\",\"contentUrl\":\"https:\/\/www.intoscana.it\/wp-content\/uploads\/antigen-6939138_1920.jpg\",\"width\":1920,\"height\":1081,\"caption\":\"Un test rapido per il Covid-19\"},{\"@type\":\"BreadcrumbList\",\"@id\":\"https:\/\/www.intoscana.it\/it\/covid-229-nuovi-positivi\/#breadcrumb\",\"itemListElement\":[{\"@type\":\"ListItem\",\"position\":1,\"name\":\"Home\",\"item\":\"https:\/\/www.intoscana.it\/it\/\"},{\"@type\":\"ListItem\",\"position\":2,\"name\":\"Covid, 229 nuovi positivi. Quattro i decessi di oggi\"}]},{\"@type\":\"WebSite\",\"@id\":\"https:\/\/www.intoscana.it\/it\/#website\",\"url\":\"https:\/\/www.intoscana.it\/it\/\",\"name\":\"intoscana\",\"description\":\"\",\"potentialAction\":[{\"@type\":\"SearchAction\",\"target\":{\"@type\":\"EntryPoint\",\"urlTemplate\":\"https:\/\/www.intoscana.it\/it\/?s={search_term_string}\"},\"query-input\":{\"@type\":\"PropertyValueSpecification\",\"valueRequired\":true,\"valueName\":\"search_term_string\"}}],\"inLanguage\":\"it-IT\"},{\"@type\":\"Person\",\"@id\":\"https:\/\/www.intoscana.it\/it\/#\/schema\/person\/9223810753230f20bd670fdd322661f8\",\"name\":\"Redazione\",\"url\":\"https:\/\/www.intoscana.it\/it\/author\/redazione\/\"}]}<\/script>\n<!-- \/ Yoast SEO Premium plugin. -->","yoast_head_json":{"title":"Covid, 229 nuovi positivi. Quattro i decessi di oggi - intoscana","description":"Al momento in Toscana risultano 32.029 positivi, -7,9% rispetto a ieri. In calo le terapie intensive e i ricoveri","robots":{"index":"index","follow":"follow","max-snippet":"max-snippet:-1","max-image-preview":"max-image-preview:large","max-video-preview":"max-video-preview:-1"},"canonical":"https:\/\/www.intoscana.it\/it\/covid-229-nuovi-positivi\/","og_locale":"it_IT","og_type":"article","og_title":"Covid, 229 nuovi positivi. Quattro i decessi di oggi","og_description":"Al momento in Toscana risultano 32.029 positivi, -7,9% rispetto a ieri. In calo le terapie intensive e i ricoveri","og_url":"https:\/\/www.intoscana.it\/it\/covid-229-nuovi-positivi\/","og_site_name":"intoscana","article_publisher":"https:\/\/www.facebook.com\/intoscana.it","article_published_time":"2023-02-08T10:02:18+00:00","article_modified_time":"2023-02-08T10:02:41+00:00","og_image":[{"width":1920,"height":1081,"url":"https:\/\/www.intoscana.it\/wp-content\/uploads\/antigen-6939138_1920.jpg","type":"image\/jpeg"}],"author":"Redazione","twitter_card":"summary_large_image","twitter_creator":"@intoscana","twitter_site":"@intoscana","twitter_misc":{"Written by":"Redazione","Est. reading time":"2 minuti"},"schema":{"@context":"https:\/\/schema.org","@graph":[{"@type":"WebPage","@id":"https:\/\/www.intoscana.it\/it\/covid-229-nuovi-positivi\/","url":"https:\/\/www.intoscana.it\/it\/covid-229-nuovi-positivi\/","name":"Covid, 229 nuovi positivi. Quattro i decessi di oggi - intoscana","isPartOf":{"@id":"https:\/\/www.intoscana.it\/it\/#website"},"primaryImageOfPage":{"@id":"https:\/\/www.intoscana.it\/it\/covid-229-nuovi-positivi\/#primaryimage"},"image":{"@id":"https:\/\/www.intoscana.it\/it\/covid-229-nuovi-positivi\/#primaryimage"},"thumbnailUrl":"https:\/\/www.intoscana.it\/wp-content\/uploads\/antigen-6939138_1920.jpg","datePublished":"2023-02-08T10:02:18+00:00","dateModified":"2023-02-08T10:02:41+00:00","author":{"@id":"https:\/\/www.intoscana.it\/it\/#\/schema\/person\/9223810753230f20bd670fdd322661f8"},"description":"Al momento in Toscana risultano 32.029 positivi, -7,9% rispetto a ieri. In calo le terapie intensive e i ricoveri","breadcrumb":{"@id":"https:\/\/www.intoscana.it\/it\/covid-229-nuovi-positivi\/#breadcrumb"},"inLanguage":"it-IT","potentialAction":[{"@type":"ReadAction","target":["https:\/\/www.intoscana.it\/it\/covid-229-nuovi-positivi\/"]}]},{"@type":"ImageObject","inLanguage":"it-IT","@id":"https:\/\/www.intoscana.it\/it\/covid-229-nuovi-positivi\/#primaryimage","url":"https:\/\/www.intoscana.it\/wp-content\/uploads\/antigen-6939138_1920.jpg","contentUrl":"https:\/\/www.intoscana.it\/wp-content\/uploads\/antigen-6939138_1920.jpg","width":1920,"height":1081,"caption":"Un test rapido per il Covid-19"},{"@type":"BreadcrumbList","@id":"https:\/\/www.intoscana.it\/it\/covid-229-nuovi-positivi\/#breadcrumb","itemListElement":[{"@type":"ListItem","position":1,"name":"Home","item":"https:\/\/www.intoscana.it\/it\/"},{"@type":"ListItem","position":2,"name":"Covid, 229 nuovi positivi. Quattro i decessi di oggi"}]},{"@type":"WebSite","@id":"https:\/\/www.intoscana.it\/it\/#website","url":"https:\/\/www.intoscana.it\/it\/","name":"intoscana","description":"","potentialAction":[{"@type":"SearchAction","target":{"@type":"EntryPoint","urlTemplate":"https:\/\/www.intoscana.it\/it\/?s={search_term_string}"},"query-input":{"@type":"PropertyValueSpecification","valueRequired":true,"valueName":"search_term_string"}}],"inLanguage":"it-IT"},{"@type":"Person","@id":"https:\/\/www.intoscana.it\/it\/#\/schema\/person\/9223810753230f20bd670fdd322661f8","name":"Redazione","url":"https:\/\/www.intoscana.it\/it\/author\/redazione\/"}]}},"_links":{"self":[{"href":"https:\/\/www.intoscana.it\/it\/wp-json\/wp\/v2\/posts\/271298","targetHints":{"allow":["GET"]}}],"collection":[{"href":"https:\/\/www.intoscana.it\/it\/wp-json\/wp\/v2\/posts"}],"about":[{"href":"https:\/\/www.intoscana.it\/it\/wp-json\/wp\/v2\/types\/post"}],"author":[{"embeddable":true,"href":"https:\/\/www.intoscana.it\/it\/wp-json\/wp\/v2\/users\/525"}],"replies":[{"embeddable":true,"href":"https:\/\/www.intoscana.it\/it\/wp-json\/wp\/v2\/comments?post=271298"}],"version-history":[{"count":0,"href":"https:\/\/www.intoscana.it\/it\/wp-json\/wp\/v2\/posts\/271298\/revisions"}],"wp:featuredmedia":[{"embeddable":true,"href":"https:\/\/www.intoscana.it\/it\/wp-json\/wp\/v2\/media\/260000"}],"wp:attachment":[{"href":"https:\/\/www.intoscana.it\/it\/wp-json\/wp\/v2\/media?parent=271298"}],"wp:term":[{"taxonomy":"category","embeddable":true,"href":"https:\/\/www.intoscana.it\/it\/wp-json\/wp\/v2\/categories?post=271298"},{"taxonomy":"post_tag","embeddable":true,"href":"https:\/\/www.intoscana.it\/it\/wp-json\/wp\/v2\/tags?post=271298"}],"curies":[{"name":"wp","href":"https:\/\/api.w.org\/{rel}","templated":true}]}}