{"id":271346,"date":"2023-02-08T14:40:21","date_gmt":"2023-02-08T13:40:21","guid":{"rendered":"https:\/\/www.intoscana.it\/it\/?p=271346"},"modified":"2023-02-08T14:49:24","modified_gmt":"2023-02-08T13:49:24","slug":"mostra-carlo-levi-firenze-2023","status":"publish","type":"post","link":"https:\/\/www.intoscana.it\/it\/mostra-carlo-levi-firenze-2023\/","title":{"rendered":"&#8220;Un anno di vita sotterranea&#8221; una mostra a Firenze celebra lo scrittore e pittore antifascista Carlo Levi"},"content":{"rendered":"<p><strong>Dal 1941 al 1945<\/strong> lo scrittore\u00a0<strong>Carlo Levi<\/strong> soggiorn\u00f2 a<strong> Firenze<\/strong>, qui durante l&#8217;ultimo anno della<strong> Seconda Guerra Mondiale<\/strong> scrisse <em><strong>&#8220;Cristo si \u00e8 fermato a Eboli&#8221;<\/strong><\/em> libro chiave della letteratura italiana.<\/p>\n<p>Nella sua<strong> prima e pi\u00f9 nota opera<\/strong> Levi rievocava volti, storie e personaggi del suo confino a <strong>Grassano e ad Aliano in Lucania<\/strong>: un\u2019esperienza sconvolgente che lo port\u00f2 alla scoperta di un\u2019altra Italia, <strong>l\u2019Italia contadina e arcaica<\/strong> confinata in un sud che vive fuori dai tempi della storia e che fatica a mettersi in relazione con la mitologia imperiale imposta dal fascismo.<\/p>\n<p><strong>Dal 9 febbraio al 19 marzo<\/strong> una mostra a <strong>Palazzo Medici Riccardi a Firenze<\/strong> vuole celebrare l\u2019intellettuale antifascista<strong> Carlo Levi<\/strong> esponendo <strong>34 opere e disegni<\/strong> oltre a una riproduzione del celebre<strong> telero Lucania \u201961.<\/strong><\/p>\n<p>\u201c<i>Carlo Levi intitol\u00f2 un suo libro di viaggi \u201cIl futuro ha un cuore antico\u201d\u2019. Ho ripensato a questa frase \u2013 <\/i>nota il Sindaco <b>Dario Nardella<\/b><i> &#8211; guardando i ritratti di Carlo Levi ospitati in Palazzo Medici Riccardi, simbolo di citt\u00e0 resistente, luogo di riunione del Comitato di liberazione nazionale, ma al tempo stesso richiamo a quella geografia urbana e umana alla quale il pittore e scrittore si era legato profondamente. Torino, Firenze e la Basilicata sono altri modi di pensare a lui e a quel cuore antico, fatto di volti, che ci richiamano a una storia che ci appartiene, alle radici profonde di quello che siamo perch\u00e9 non abbiamo dimenticato. E c\u2019\u00e8 la bellezza dello stile di Levi che nel ritrarre evidenzia la sua simpatia per i volti disegnati come scorgendone linee interiori e attese (forse in questo imitato dal \u201csuo\u201d fotografo e compagno di viaggio <strong>Mario Carbone<\/strong>).\u00a0 <\/i><i>C\u2019\u00e8 una specularit\u00e0 tra la chiave narrativa di Levi e quella figurativa che nel \u2018<strong>Cristo si \u00e8 fermato ad Eboli\u2019<\/strong> mi pare pienamente espressa. \u00c8 interessante sottolineare a questo riguardo come la stesura del suo romanzo sia avvenuta a Firenze, nel momento pi\u00f9 difficile e pericoloso di divisione nazionale e dell\u2019occupazione nazista, tra Resistenza e Liberazione. La mostra illumina volti, storie e rapporti, alcuni pi\u00f9 noti, altri che col tempo vengono storicizzati e che sono caratterizzati dal contributo del Levi scrittore e pittore, come i quadri destinati alla copertina del romanzo di un amico scrittore lucano, vissuto a Firenze in stagioni diverse della sua vita\u201d.<\/i><\/p>\n<figure id=\"post-271371 media-271371\" class=\"align-none\"><img decoding=\"async\" src=\"https:\/\/www.intoscana.it\/wp-content\/uploads\/Carlo-Levi_Autoritratto-con-Paola-ph.-Riccardo-Lodovici-scaled.jpg\" alt=\"\" \/><\/figure>\n<div class=\"titleimg\"><em>Carlo Levi, Autoritratto con Paola, foto di Riccardo Lodovici<\/em><\/div>\n<h3>La mostra &#8220;Carlo Levi a Firenze. Una vita sotterranea&#8221;<\/h3>\n<p>A<strong> palazzo Medici Riccardi<\/strong> saranno esposte <strong>le opere dipinte da Carlo Levi <\/strong>durante il confino a Grassano e ad Aliano\u00a0in <strong>Lucania<\/strong> esperienza che segner\u00e0 per il futuro la di questo scrittore meridionalista, pittore e uomo politico.<\/p>\n<p>Si tratta di una galleria di ritratti,<strong> la madre, le donne amate e gli amici,<\/strong>\u00a0la compagna del tempo<strong> Paola Levi Olivetti,<\/strong> amatissima e tante volte rievocata sulla tela, per la quale decise di trasferirsi a Firenze abbandonando l\u2019ipotesi di un espatrio in America.<\/p>\n<p>Poi<strong> Anna Maria Ichino, la partigiana generosa<\/strong> che lo accolse nel rifugio di <strong>Piazza Pitti, 14<\/strong> e che lo am\u00f2 in modo disinteressato per una breve stagione.<\/p>\n<p>Chiuso in questo nuovo \u201cconfino\u201d fiorentino, Levi ritrae e intreccia rapporti con i grandi <strong>protagonisti del mondo intellettuale antifascista<\/strong> che si \u00e8 concentrato a Firenze: Lo scultore <strong>Alfieri<\/strong>, il pittore <strong>Colacicchi,<\/strong> i letterati <strong>Montale, Bazlen e Cancogni<\/strong>, lo scrittore psichiatra <strong>Mario Tobino, e Leone Ginzburg<\/strong> che morir\u00e0 nell\u2019estate del \u201844 per mano nazifascista.<\/p>\n<p>Per la prima volta sono esposti in una mostra di <strong>Carlo Levi<\/strong> anche due dei tre quadri, provenienti da una collezione privata, da lui realizzati per il suo amico scrittore<strong> Giuseppe Brancale<\/strong> (Sant\u2019Arcangelo, Pz, 1925 \u2013 Firenze, 1979) e il suo romanzo <em><strong>Echi nella valle<\/strong> <\/em>(1973).<\/p>\n<p>Qui Levi si autoritrae con una donna anziana prima della partenza dalla Lucania in cui era stato al confino. Sullo stesso tema, ma con un titolo diverso, Levi avrebbe poi dipinto su tela L\u2019addio dell\u2019emigrante ora ospitato nella pinacoteca di Aliano.<\/p>\n<p>Tra le opere in mostra anche quelle di <strong>denuncia sociale, di esplicito indirizzo neorealista,<\/strong> che mostrano i <strong>corpi delle donne sotto il peso della fatica<\/strong>, gli occhi dei bambini scavati dalla malaria, i volti degli uomini segnati dalla malattia, le contadine rivoluzionarie, il nonno, la contadina calabrese, ma anche i protagonisti che hanno lottato per la giustizia, come <strong>Salvatore Carnevale, sindacalista siciliano ucciso dalla mafia<\/strong>, e il <strong>sociologo-attivista della non violenza Danilo Dolci.<\/strong><\/p>\n<p><i>\u201c\u00c8 una grande emozione per me essere qui questa mattina per presentare la mostra dedicata a Carlo Levi a Firenze \u2013 <\/i>dichiara <b>Antonio Mazzeo<\/b>, presidente del Consiglio Regionale della Toscana<i> &#8211; \u00a0Io che sono Lucano \u00e8 che lavoro quotidianamente a Firenze, abitando a Pisa, ho fatto della Toscana la mia terra, vedo in Carlo Levi e nel suo forte attaccamento culturale e artistico alla Basilicata un elemento in cui mi ritrovo fortemente. \u00c8 emozionante vedere l&#8217;opera Lucania 61 qui riprodotta, come sapete l\u2019originale \u00e8 custodito nella Sala Levi del Museo nazionale d&#8217;arte medievale e moderna di Matera, a Palazzo Lanfranchi. Un&#8217;opera che ha un valore artistico ma anche politico e morale, fu commissionata dal comitato per le celebrazioni del centenario dell&#8217;Unit\u00e0 d&#8217;Italia per rappresentare la Basilicata alla mostra, appunto Italia 61. Quella mostra fu ospitata nel maggio del 61 a Torino, citt\u00e0 di Carlo Levi.\u00a0 Lucania 61 e Cristo si \u00e8 fermato a Eboli rappresentano il forte legame che Carlo Levi ebbe con la Basilicata e col Mezzogiorno. Nel libro e poi nell\u2019opera c&#8217;\u00e8 tutta la Lucania, c&#8217;\u00e8 tutta una regione, c&#8217;\u00e8 una cultura. Un paese intero vive in quest&#8217;opera, in quelle scene, in quei volti, in quei personaggi. Le difficili condizioni del sud Italia che all\u2019epoca era quasi dimenticato. L\u2019esperienza del confino ha talmente legato Carlo Levi alla Basilicata che poi ci ritorner\u00e0 dopo la guerra. Sono stati veramente pochi i mesi in cui Levi \u00e8 stato in Basilicata eppure \u00e8 come se parte della Lucania gli fosse entrata dentro, come se fosse diventata una sua passione. E nel suo periodo fiorentino, 4 anni, prima met\u00e0 degli anni 40, durante la guerra e poi durante il periodo di liberazione scrive il Cristo si \u00e8 fermata a Eboli proprio a Firenze. La Lucania \u00e8 stata a terra che ha dato a Levi ispirazione, momenti di riflessione. Dalla Lucania dice \u201cmi pareva di essere staccato da ogni cosa, da ogni luogo remotissimo, da ogni determinazione, perduto fuori del tempo\u201d. Non a caso nel 1975, quando mor\u00ec, a Roma, si \u00e8 voluto far seppellire ad Agliano, nel cimitero in cui spesso la gente lo incontrava con il cavalletto e i colori, per quella che poi era la sua vera professione: il pittore.\u00a0 A quella gente, ai lucani, aveva promesso di ritornare. s\u00ec, vi \u00e8 ritornato pi\u00f9 pi\u00f9 volte dopo la guerra\u2026 ma vi \u00e8 ritornato soprattutto per riposare per sempre\u201d.<\/i><\/p>\n<figure id=\"post-271365 media-271365\" class=\"align-none\"><img decoding=\"async\" src=\"https:\/\/www.intoscana.it\/wp-content\/uploads\/Slider-Home-Museo-Nazionale-di-Matera.jpg\" alt=\"\" \/><\/figure>\n<div class=\"titleimg\"><em>Telero Lucania \u201961<\/em><\/div>\n<h3>Il telero Lucania &#8217;61<\/h3>\n<p>In mostra sar\u00e0 possibile ammirare anche una riproduzione del celeberrimo <strong>telero Lucania \u201961,<\/strong> commissionato all\u2019artista da <strong>Mario Soldati<\/strong> per rappresentare la Basilicata nel Padiglione della mostra delle Regioni a Torino in occasione delle celebrazioni per il <strong>Centenario dell\u2019Unit\u00e0 d\u2019Italia,<\/strong> conservato presso il <a href=\"https:\/\/www.museonazionaledimatera.it\" target=\"_blank\" rel=\"noopener\"><strong>Museo Nazionale di Matera. <\/strong><\/a><\/p>\n<p>L\u2019opera riassume tutta la<strong> visione leviana della questione meridionale<\/strong> filtrata dalla vicenda di <strong>Rocco Scotellaro, \u201cil poeta della libert\u00e0 contadina\u201d<\/strong>, a cui Levi deve la comprensione delle lotte contadine e del pensiero meridionalista.<\/p>\n<figure id=\"post-271377 media-271377\" class=\"align-none\"><img decoding=\"async\" src=\"https:\/\/www.intoscana.it\/wp-content\/uploads\/Carlo-Levi_Paola-con-labito-bianco-e-nero-ph-Riccardo-Lodovici-scaled.jpg\" alt=\"\" \/><\/figure>\n<div class=\"titleimg\"><em>Carlo Levi, Paola con l\u2019abito bianco e nero ph Riccardo Lodovici<\/em><\/div>\n<p>&nbsp;<\/p>\n<p>&nbsp;<\/p>\n<p>&nbsp;<\/p>\n","protected":false},"excerpt":{"rendered":"<p>Dal 9 febbraio al 19 marzo Palazzo Medici Riccardi ospita nelle Sale Fabiani la mostra dedicata al pittore che nei suoi quadri ritraeva gli intellettuali del tempo e la questione meridionale<\/p>\n","protected":false},"author":525,"featured_media":271353,"comment_status":"open","ping_status":"open","sticky":false,"template":"","format":"standard","meta":{"_acf_changed":false,"footnotes":""},"categories":[493],"tags":[4474,202,222],"class_list":["post-271346","post","type-post","status-publish","format-standard","has-post-thumbnail","hentry","category-cultura","tag-eventi","tag-firenze","tag-mostre"],"acf":[],"yoast_head":"<!-- This site is optimized with the Yoast SEO Premium plugin v24.2 (Yoast SEO v25.6) - https:\/\/yoast.com\/wordpress\/plugins\/seo\/ -->\n<title>&quot;Un anno di vita sotterranea&quot; una mostra a Firenze celebra lo scrittore e pittore antifascista Carlo Levi - intoscana<\/title>\n<meta name=\"description\" content=\"Dal 9 febbraio al 19 marzo una mostra a Palazzo Medici Riccardi a Firenze vuole celebrare l\u2019intellettuale antifascista Carlo Levi\" \/>\n<meta name=\"robots\" content=\"index, follow, max-snippet:-1, max-image-preview:large, max-video-preview:-1\" \/>\n<link rel=\"canonical\" href=\"https:\/\/www.intoscana.it\/it\/mostra-carlo-levi-firenze-2023\/\" \/>\n<meta property=\"og:locale\" content=\"it_IT\" \/>\n<meta property=\"og:type\" content=\"article\" \/>\n<meta property=\"og:title\" content=\"&quot;Un anno di vita sotterranea&quot; una mostra a Firenze celebra lo scrittore e pittore antifascista Carlo Levi\" \/>\n<meta property=\"og:description\" content=\"Dal 9 febbraio al 19 marzo una mostra a Palazzo Medici Riccardi a Firenze vuole celebrare l\u2019intellettuale antifascista Carlo Levi\" \/>\n<meta property=\"og:url\" content=\"https:\/\/www.intoscana.it\/it\/mostra-carlo-levi-firenze-2023\/\" \/>\n<meta property=\"og:site_name\" content=\"intoscana\" \/>\n<meta property=\"article:publisher\" content=\"https:\/\/www.facebook.com\/intoscana.it\" \/>\n<meta property=\"article:published_time\" content=\"2023-02-08T13:40:21+00:00\" \/>\n<meta property=\"article:modified_time\" content=\"2023-02-08T13:49:24+00:00\" \/>\n<meta property=\"og:image\" content=\"https:\/\/www.intoscana.it\/wp-content\/uploads\/Carlo-Levi-biografia.jpg\" \/>\n\t<meta property=\"og:image:width\" content=\"1224\" \/>\n\t<meta property=\"og:image:height\" content=\"916\" \/>\n\t<meta property=\"og:image:type\" content=\"image\/jpeg\" \/>\n<meta name=\"author\" content=\"Redazione\" \/>\n<meta name=\"twitter:card\" content=\"summary_large_image\" \/>\n<meta name=\"twitter:creator\" content=\"@intoscana\" \/>\n<meta name=\"twitter:site\" content=\"@intoscana\" \/>\n<meta name=\"twitter:label1\" content=\"Written by\" \/>\n\t<meta name=\"twitter:data1\" content=\"Redazione\" \/>\n\t<meta name=\"twitter:label2\" content=\"Est. reading time\" \/>\n\t<meta name=\"twitter:data2\" content=\"6 minuti\" \/>\n<script type=\"application\/ld+json\" class=\"yoast-schema-graph\">{\"@context\":\"https:\/\/schema.org\",\"@graph\":[{\"@type\":\"WebPage\",\"@id\":\"https:\/\/www.intoscana.it\/it\/mostra-carlo-levi-firenze-2023\/\",\"url\":\"https:\/\/www.intoscana.it\/it\/mostra-carlo-levi-firenze-2023\/\",\"name\":\"\\\"Un anno di vita sotterranea\\\" una mostra a Firenze celebra lo scrittore e pittore antifascista Carlo Levi - intoscana\",\"isPartOf\":{\"@id\":\"https:\/\/www.intoscana.it\/it\/#website\"},\"primaryImageOfPage\":{\"@id\":\"https:\/\/www.intoscana.it\/it\/mostra-carlo-levi-firenze-2023\/#primaryimage\"},\"image\":{\"@id\":\"https:\/\/www.intoscana.it\/it\/mostra-carlo-levi-firenze-2023\/#primaryimage\"},\"thumbnailUrl\":\"https:\/\/www.intoscana.it\/wp-content\/uploads\/Carlo-Levi-biografia.jpg\",\"datePublished\":\"2023-02-08T13:40:21+00:00\",\"dateModified\":\"2023-02-08T13:49:24+00:00\",\"author\":{\"@id\":\"https:\/\/www.intoscana.it\/it\/#\/schema\/person\/9223810753230f20bd670fdd322661f8\"},\"description\":\"Dal 9 febbraio al 19 marzo una mostra a Palazzo Medici Riccardi a Firenze vuole celebrare l\u2019intellettuale antifascista Carlo Levi\",\"breadcrumb\":{\"@id\":\"https:\/\/www.intoscana.it\/it\/mostra-carlo-levi-firenze-2023\/#breadcrumb\"},\"inLanguage\":\"it-IT\",\"potentialAction\":[{\"@type\":\"ReadAction\",\"target\":[\"https:\/\/www.intoscana.it\/it\/mostra-carlo-levi-firenze-2023\/\"]}]},{\"@type\":\"ImageObject\",\"inLanguage\":\"it-IT\",\"@id\":\"https:\/\/www.intoscana.it\/it\/mostra-carlo-levi-firenze-2023\/#primaryimage\",\"url\":\"https:\/\/www.intoscana.it\/wp-content\/uploads\/Carlo-Levi-biografia.jpg\",\"contentUrl\":\"https:\/\/www.intoscana.it\/wp-content\/uploads\/Carlo-Levi-biografia.jpg\",\"width\":1224,\"height\":916},{\"@type\":\"BreadcrumbList\",\"@id\":\"https:\/\/www.intoscana.it\/it\/mostra-carlo-levi-firenze-2023\/#breadcrumb\",\"itemListElement\":[{\"@type\":\"ListItem\",\"position\":1,\"name\":\"Home\",\"item\":\"https:\/\/www.intoscana.it\/it\/\"},{\"@type\":\"ListItem\",\"position\":2,\"name\":\"&#8220;Un anno di vita sotterranea&#8221; una mostra a Firenze celebra lo scrittore e pittore antifascista Carlo Levi\"}]},{\"@type\":\"WebSite\",\"@id\":\"https:\/\/www.intoscana.it\/it\/#website\",\"url\":\"https:\/\/www.intoscana.it\/it\/\",\"name\":\"intoscana\",\"description\":\"\",\"potentialAction\":[{\"@type\":\"SearchAction\",\"target\":{\"@type\":\"EntryPoint\",\"urlTemplate\":\"https:\/\/www.intoscana.it\/it\/?s={search_term_string}\"},\"query-input\":{\"@type\":\"PropertyValueSpecification\",\"valueRequired\":true,\"valueName\":\"search_term_string\"}}],\"inLanguage\":\"it-IT\"},{\"@type\":\"Person\",\"@id\":\"https:\/\/www.intoscana.it\/it\/#\/schema\/person\/9223810753230f20bd670fdd322661f8\",\"name\":\"Redazione\",\"url\":\"https:\/\/www.intoscana.it\/it\/author\/redazione\/\"}]}<\/script>\n<!-- \/ Yoast SEO Premium plugin. -->","yoast_head_json":{"title":"\"Un anno di vita sotterranea\" una mostra a Firenze celebra lo scrittore e pittore antifascista Carlo Levi - intoscana","description":"Dal 9 febbraio al 19 marzo una mostra a Palazzo Medici Riccardi a Firenze vuole celebrare l\u2019intellettuale antifascista Carlo Levi","robots":{"index":"index","follow":"follow","max-snippet":"max-snippet:-1","max-image-preview":"max-image-preview:large","max-video-preview":"max-video-preview:-1"},"canonical":"https:\/\/www.intoscana.it\/it\/mostra-carlo-levi-firenze-2023\/","og_locale":"it_IT","og_type":"article","og_title":"\"Un anno di vita sotterranea\" una mostra a Firenze celebra lo scrittore e pittore antifascista Carlo Levi","og_description":"Dal 9 febbraio al 19 marzo una mostra a Palazzo Medici Riccardi a Firenze vuole celebrare l\u2019intellettuale antifascista Carlo Levi","og_url":"https:\/\/www.intoscana.it\/it\/mostra-carlo-levi-firenze-2023\/","og_site_name":"intoscana","article_publisher":"https:\/\/www.facebook.com\/intoscana.it","article_published_time":"2023-02-08T13:40:21+00:00","article_modified_time":"2023-02-08T13:49:24+00:00","og_image":[{"width":1224,"height":916,"url":"https:\/\/www.intoscana.it\/wp-content\/uploads\/Carlo-Levi-biografia.jpg","type":"image\/jpeg"}],"author":"Redazione","twitter_card":"summary_large_image","twitter_creator":"@intoscana","twitter_site":"@intoscana","twitter_misc":{"Written by":"Redazione","Est. reading time":"6 minuti"},"schema":{"@context":"https:\/\/schema.org","@graph":[{"@type":"WebPage","@id":"https:\/\/www.intoscana.it\/it\/mostra-carlo-levi-firenze-2023\/","url":"https:\/\/www.intoscana.it\/it\/mostra-carlo-levi-firenze-2023\/","name":"\"Un anno di vita sotterranea\" una mostra a Firenze celebra lo scrittore e pittore antifascista Carlo Levi - intoscana","isPartOf":{"@id":"https:\/\/www.intoscana.it\/it\/#website"},"primaryImageOfPage":{"@id":"https:\/\/www.intoscana.it\/it\/mostra-carlo-levi-firenze-2023\/#primaryimage"},"image":{"@id":"https:\/\/www.intoscana.it\/it\/mostra-carlo-levi-firenze-2023\/#primaryimage"},"thumbnailUrl":"https:\/\/www.intoscana.it\/wp-content\/uploads\/Carlo-Levi-biografia.jpg","datePublished":"2023-02-08T13:40:21+00:00","dateModified":"2023-02-08T13:49:24+00:00","author":{"@id":"https:\/\/www.intoscana.it\/it\/#\/schema\/person\/9223810753230f20bd670fdd322661f8"},"description":"Dal 9 febbraio al 19 marzo una mostra a Palazzo Medici Riccardi a Firenze vuole celebrare l\u2019intellettuale antifascista Carlo Levi","breadcrumb":{"@id":"https:\/\/www.intoscana.it\/it\/mostra-carlo-levi-firenze-2023\/#breadcrumb"},"inLanguage":"it-IT","potentialAction":[{"@type":"ReadAction","target":["https:\/\/www.intoscana.it\/it\/mostra-carlo-levi-firenze-2023\/"]}]},{"@type":"ImageObject","inLanguage":"it-IT","@id":"https:\/\/www.intoscana.it\/it\/mostra-carlo-levi-firenze-2023\/#primaryimage","url":"https:\/\/www.intoscana.it\/wp-content\/uploads\/Carlo-Levi-biografia.jpg","contentUrl":"https:\/\/www.intoscana.it\/wp-content\/uploads\/Carlo-Levi-biografia.jpg","width":1224,"height":916},{"@type":"BreadcrumbList","@id":"https:\/\/www.intoscana.it\/it\/mostra-carlo-levi-firenze-2023\/#breadcrumb","itemListElement":[{"@type":"ListItem","position":1,"name":"Home","item":"https:\/\/www.intoscana.it\/it\/"},{"@type":"ListItem","position":2,"name":"&#8220;Un anno di vita sotterranea&#8221; una mostra a Firenze celebra lo scrittore e pittore antifascista Carlo Levi"}]},{"@type":"WebSite","@id":"https:\/\/www.intoscana.it\/it\/#website","url":"https:\/\/www.intoscana.it\/it\/","name":"intoscana","description":"","potentialAction":[{"@type":"SearchAction","target":{"@type":"EntryPoint","urlTemplate":"https:\/\/www.intoscana.it\/it\/?s={search_term_string}"},"query-input":{"@type":"PropertyValueSpecification","valueRequired":true,"valueName":"search_term_string"}}],"inLanguage":"it-IT"},{"@type":"Person","@id":"https:\/\/www.intoscana.it\/it\/#\/schema\/person\/9223810753230f20bd670fdd322661f8","name":"Redazione","url":"https:\/\/www.intoscana.it\/it\/author\/redazione\/"}]}},"_links":{"self":[{"href":"https:\/\/www.intoscana.it\/it\/wp-json\/wp\/v2\/posts\/271346","targetHints":{"allow":["GET"]}}],"collection":[{"href":"https:\/\/www.intoscana.it\/it\/wp-json\/wp\/v2\/posts"}],"about":[{"href":"https:\/\/www.intoscana.it\/it\/wp-json\/wp\/v2\/types\/post"}],"author":[{"embeddable":true,"href":"https:\/\/www.intoscana.it\/it\/wp-json\/wp\/v2\/users\/525"}],"replies":[{"embeddable":true,"href":"https:\/\/www.intoscana.it\/it\/wp-json\/wp\/v2\/comments?post=271346"}],"version-history":[{"count":0,"href":"https:\/\/www.intoscana.it\/it\/wp-json\/wp\/v2\/posts\/271346\/revisions"}],"wp:featuredmedia":[{"embeddable":true,"href":"https:\/\/www.intoscana.it\/it\/wp-json\/wp\/v2\/media\/271353"}],"wp:attachment":[{"href":"https:\/\/www.intoscana.it\/it\/wp-json\/wp\/v2\/media?parent=271346"}],"wp:term":[{"taxonomy":"category","embeddable":true,"href":"https:\/\/www.intoscana.it\/it\/wp-json\/wp\/v2\/categories?post=271346"},{"taxonomy":"post_tag","embeddable":true,"href":"https:\/\/www.intoscana.it\/it\/wp-json\/wp\/v2\/tags?post=271346"}],"curies":[{"name":"wp","href":"https:\/\/api.w.org\/{rel}","templated":true}]}}