{"id":271994,"date":"2023-02-13T09:54:42","date_gmt":"2023-02-13T08:54:42","guid":{"rendered":"https:\/\/www.intoscana.it\/it\/?p=271994"},"modified":"2023-02-13T09:59:30","modified_gmt":"2023-02-13T08:59:30","slug":"vetrina-toscana-bit-milano-2023","status":"publish","type":"post","link":"https:\/\/www.intoscana.it\/it\/vetrina-toscana-bit-milano-2023\/","title":{"rendered":"Olio, vino e miele: la Toscana alla BIT celebra la cucina mediterranea"},"content":{"rendered":"<p>Si parler\u00e0 di <strong>viaggi slow, cinema e benessere<\/strong> allo stand della Toscana allestito alla <a href=\"https:\/\/www.intoscana.it\/it\/articolo\/turismo-la-toscana-alla-bit-di-milano-le-nuove-proposte-tra-benessere-natura-e-cultura\/\"><strong>Bit di Milano<\/strong><\/a>, la grande fiera dedicata al turismo in programma <strong>dal 12 al 14 febbraio<\/strong>. La manifestazione vuole proporre una vetrina sulle ultime tendenze e novit\u00e0, come accordi nazionali e internazionali e offerta dei territori.<\/p>\n<p><strong>Luned\u00ec 13 febbraio<\/strong>, per celebrare l&#8217;accordo di collaborazione tra Toscana Promozione Turistica e la Macedonia centrale-Penisola Calcidica, Macedonia orientale-Tracia e Unione municipalit\u00e0 Isole Ionie, la chef toscana <strong>Mariella Lencioni<\/strong>, presidente dell\u2019Associazione Cuochi di Lucca, e la greca<strong> Yota Koufadaki<\/strong>, dello storico ristorante, Boukadoura, nella penisola Calcidica, delizieranno i palati con un <strong>menu a quattro mani<\/strong>: un banchetto Etrusco-Ellenico che racconta le radici della cucina mediterranea.<\/p>\n<figure id=\"post-271996 media-271996\" class=\"align-none\"><img decoding=\"async\" src=\"https:\/\/www.intoscana.it\/wp-content\/uploads\/Chef-Mariella-Lencioni.jpeg\" alt=\"\" \/><\/figure>\n<div class=\"titleimg\">Chef Mariella Lencioni<\/div>\n<h3>I prodotti protagonisti dell&#8217;evento<\/h3>\n<p>Un vero e proprio viaggio con <a href=\"http:\/\/vetrina.toscana.it\/\" target=\"_blank\" rel=\"noopener\"><strong>Vetrina Toscana<\/strong><\/a> a ritroso nel tempo, alla ricerca delle origini del gusto. Protagonisti sono <strong>olio, vino e miele<\/strong>, prodotti antichi che, in entrambe le culture, hanno assunto una rilevanza fondamentale e che sono importanti elementi della dieta Mediterranea.<\/p>\n<p>Proprio il \u201cmiele di Aristotele\u201d, prodotto nella Penisola Calcidica sin dai tempi del filosofo, rappresenter\u00e0 la Grecia. A raccontare la Toscana <strong>Francesca Buonagurelli<\/strong>, dell&#8217;azienda Al Benefizio, produttrice a Barga, in Garfagnana (Lucca) di miele di castagno, prodotto in altura da api che raccolgono il polline da castagni leggendari, alcuni dei quali hanno un\u2019et\u00e0 di ben 4 secoli.<\/p>\n<p>Ci sar\u00e0, poi, la produttrice di olio autoctono di Cefalonia, variet\u00e0 Itaca Thiako, <strong>Marina Galiatsatos<\/strong> che dialogher\u00e0 con la produttrice toscana di Trequanda, <strong>Carlotta Pometti<\/strong> che, in un paesaggio rurale storico vocato per la coltivazione dell\u2019olivo, produce un olio prelibato da oliveti antichi, composti da piante secolari.<\/p>\n<p>La presidente del Consorzio dei 6 vini autoctoni di Cefalonia, <strong>Ioanna Charitou<\/strong>, racconter\u00e0 alcuni dei vini, tra i pi\u00f9 antichi d&#8217;Europa, mentre a rappresentare la Toscana sar\u00e0 l&#8217;<strong>Ansonica del Giglio<\/strong>, millenario vitigno che fu introdotto grazie all\u2019espansione dei Greci nel Mediterraneo. Ne illustreranno le caratteristiche <strong>Guido Cossu<\/strong>, presidente della cooperativa Le Greppe del Giglio e <strong>Francesco Carfagna<\/strong> dell\u2019azienda Altura che ha recuperato, in dieci anni, 4 ettari di antichi terrazzamenti per riportare in produzione l&#8217;Ansonaco.<\/p>\n<figure id=\"post-271997 media-271997\" class=\"align-none\"><img decoding=\"async\" src=\"https:\/\/www.intoscana.it\/wp-content\/uploads\/Chef-Yota-Koufadaki.jpg\" alt=\"\" \/><\/figure>\n<div class=\"titleimg\">Chef Yota Koufadaki<\/div>\n<h3>Il menu a quattro mani<\/h3>\n<p>Il men\u00f9 \u00e8 un gioco di rimandi, tra diversit\u00e0 e assonanze, di piatti che raccontano radici, ma che sono estremamente attuali: dai <strong>Dolmadakia<\/strong>, involtini in foglia di vite serviti con yogurt greco, ai crostini di farina di farro con olive o formaggio di capra, dalla <strong>Trahanopita<\/strong>, pita ripiena con trahanas (grano duro), feta, porri ed erbe aromatiche, all&#8217;\u201c<strong>Aruspicina<\/strong>\u201d, tipica salsiccia del Casentino al profumo di finocchio che prende il nome dall&#8217;arte divinatoria caratteristica degli Etruschi.<\/p>\n<p>Un interessante parallelismo tra la <strong>Fasolada greca<\/strong>, tipica zuppa di fagioli, servita con le olive greche varieta\u0300 Calcidica e olio extravergine d&#8217;oliva e la <strong>zuppa con Farro della Garfagnana IGP<\/strong>, fagioli dall\u2019occhio, fave, ceci ed erbette aromatiche. \u201cDulcis in fundo\u201d: <strong>necci con ricotta, castagnaccio, buccellato e Sousamopita con miele<\/strong>, il tutto accompagnato dai vini del Consorzio Vini autoctoni di Cefalonia e del Consorzio del Nobile di Montepulciano.<\/p>\n<figure id=\"post-271998 media-271998\" class=\"align-none\"><img decoding=\"async\" src=\"https:\/\/www.intoscana.it\/wp-content\/uploads\/vigneti-dellisola-del-Giglio-credits-Daniela-Mugnai-scaled.jpg\" alt=\"\" \/><\/figure>\n<div class=\"titleimg\">Vigneti dell\u2019isola del Giglio &#8211; \u00a9 Daniela Mugnai<\/div>\n<h3>L&#8217;accordo con Gran Canaria<\/h3>\n<p>Nel pomeriggio, a suggellare un&#8217;altra importante firma, quella dell\u2019accordo con Gran Canaria, si terr\u00e0 una <strong>degustazione con rum delle Canarie<\/strong> accompagnato da <a href=\"https:\/\/www.intoscana.it\/it\/articolo\/viaggio-tra-prato-e-la-val-di-bisenzio-terra-di-fornai-pasticcieri-e-biscotti-dautore\/\">biscotti toscani<\/a> della tradizione.<\/p>\n<p>A completare il programma enogastronomico della <a href=\"https:\/\/bit.fieramilano.it\/\" target=\"_blank\" rel=\"noopener\">BIT<\/a>, marted\u00ec 13 febbraio, degustazioni a base dei prodotti a denominazione in collaborazione con l&#8217;<strong>Unione Regionale Cuochi Toscani<\/strong>.<\/p>\n","protected":false},"excerpt":{"rendered":"<p>Per festeggiare la collaborazione tra Toscana Promozione Turistica e la Macedonia centrale-Penisola Calcidica, Macedonia orientale-Tracia e Unione municipalit\u00e0 Isole Ionie, luned\u00ec 13 febbraio a Milano, \u00e8 in programma un banchetto Etrusco-Ellenico con un men\u00f9 costruito a 4 mani e raccontato da due donne chef<\/p>\n","protected":false},"author":525,"featured_media":169503,"comment_status":"open","ping_status":"open","sticky":false,"template":"","format":"standard","meta":{"_acf_changed":false,"footnotes":""},"categories":[8],"tags":[1634,4706,146],"class_list":["post-271994","post","type-post","status-publish","format-standard","has-post-thumbnail","hentry","category-enogastronomia","tag-bit","tag-toscana-promozione-turistica","tag-vetrina-toscana"],"acf":[],"yoast_head":"<!-- This site is optimized with the Yoast SEO Premium plugin v24.2 (Yoast SEO v25.6) - https:\/\/yoast.com\/wordpress\/plugins\/seo\/ -->\n<title>Olio, vino e miele: la Toscana alla BIT celebra la cucina mediterranea - intoscana<\/title>\n<meta name=\"description\" content=\"Olio, vino e miele: la Toscana si presenta alla BIT di Milano e celebra la cucina mediterranea ancestrale.\" \/>\n<meta name=\"robots\" content=\"index, follow, max-snippet:-1, max-image-preview:large, max-video-preview:-1\" \/>\n<link rel=\"canonical\" href=\"https:\/\/www.intoscana.it\/it\/vetrina-toscana-bit-milano-2023\/\" \/>\n<meta property=\"og:locale\" content=\"it_IT\" \/>\n<meta property=\"og:type\" content=\"article\" \/>\n<meta property=\"og:title\" content=\"Olio, vino e miele: la Toscana alla BIT celebra la cucina mediterranea\" \/>\n<meta property=\"og:description\" content=\"Olio, vino e miele: la Toscana si presenta alla BIT di Milano e celebra la cucina mediterranea ancestrale.\" \/>\n<meta property=\"og:url\" content=\"https:\/\/www.intoscana.it\/it\/vetrina-toscana-bit-milano-2023\/\" \/>\n<meta property=\"og:site_name\" content=\"intoscana\" \/>\n<meta property=\"article:publisher\" content=\"https:\/\/www.facebook.com\/intoscana.it\" \/>\n<meta property=\"article:published_time\" content=\"2023-02-13T08:54:42+00:00\" \/>\n<meta property=\"article:modified_time\" content=\"2023-02-13T08:59:30+00:00\" \/>\n<meta property=\"og:image\" content=\"https:\/\/www.intoscana.it\/wp-content\/uploads\/vigneti-giglio-scaled.jpg\" \/>\n\t<meta property=\"og:image:width\" content=\"2048\" \/>\n\t<meta property=\"og:image:height\" content=\"1536\" \/>\n\t<meta property=\"og:image:type\" content=\"image\/jpeg\" \/>\n<meta name=\"author\" content=\"Redazione\" \/>\n<meta name=\"twitter:card\" content=\"summary_large_image\" \/>\n<meta name=\"twitter:creator\" content=\"@intoscana\" \/>\n<meta name=\"twitter:site\" content=\"@intoscana\" \/>\n<meta name=\"twitter:label1\" content=\"Written by\" \/>\n\t<meta name=\"twitter:data1\" content=\"Redazione\" \/>\n\t<meta name=\"twitter:label2\" content=\"Est. reading time\" \/>\n\t<meta name=\"twitter:data2\" content=\"3 minuti\" \/>\n<script type=\"application\/ld+json\" class=\"yoast-schema-graph\">{\"@context\":\"https:\/\/schema.org\",\"@graph\":[{\"@type\":\"WebPage\",\"@id\":\"https:\/\/www.intoscana.it\/it\/vetrina-toscana-bit-milano-2023\/\",\"url\":\"https:\/\/www.intoscana.it\/it\/vetrina-toscana-bit-milano-2023\/\",\"name\":\"Olio, vino e miele: la Toscana alla BIT celebra la cucina mediterranea - intoscana\",\"isPartOf\":{\"@id\":\"https:\/\/www.intoscana.it\/it\/#website\"},\"primaryImageOfPage\":{\"@id\":\"https:\/\/www.intoscana.it\/it\/vetrina-toscana-bit-milano-2023\/#primaryimage\"},\"image\":{\"@id\":\"https:\/\/www.intoscana.it\/it\/vetrina-toscana-bit-milano-2023\/#primaryimage\"},\"thumbnailUrl\":\"https:\/\/www.intoscana.it\/wp-content\/uploads\/vigneti-giglio-scaled.jpg\",\"datePublished\":\"2023-02-13T08:54:42+00:00\",\"dateModified\":\"2023-02-13T08:59:30+00:00\",\"author\":{\"@id\":\"https:\/\/www.intoscana.it\/it\/#\/schema\/person\/9223810753230f20bd670fdd322661f8\"},\"description\":\"Olio, vino e miele: la Toscana si presenta alla BIT di Milano e celebra la cucina mediterranea ancestrale.\",\"breadcrumb\":{\"@id\":\"https:\/\/www.intoscana.it\/it\/vetrina-toscana-bit-milano-2023\/#breadcrumb\"},\"inLanguage\":\"it-IT\",\"potentialAction\":[{\"@type\":\"ReadAction\",\"target\":[\"https:\/\/www.intoscana.it\/it\/vetrina-toscana-bit-milano-2023\/\"]}]},{\"@type\":\"ImageObject\",\"inLanguage\":\"it-IT\",\"@id\":\"https:\/\/www.intoscana.it\/it\/vetrina-toscana-bit-milano-2023\/#primaryimage\",\"url\":\"https:\/\/www.intoscana.it\/wp-content\/uploads\/vigneti-giglio-scaled.jpg\",\"contentUrl\":\"https:\/\/www.intoscana.it\/wp-content\/uploads\/vigneti-giglio-scaled.jpg\",\"width\":2048,\"height\":1536,\"caption\":\"\u200bLa viticoltura eroica all'Isola del Giglio\"},{\"@type\":\"BreadcrumbList\",\"@id\":\"https:\/\/www.intoscana.it\/it\/vetrina-toscana-bit-milano-2023\/#breadcrumb\",\"itemListElement\":[{\"@type\":\"ListItem\",\"position\":1,\"name\":\"Home\",\"item\":\"https:\/\/www.intoscana.it\/it\/\"},{\"@type\":\"ListItem\",\"position\":2,\"name\":\"Olio, vino e miele: la Toscana alla BIT celebra la cucina mediterranea\"}]},{\"@type\":\"WebSite\",\"@id\":\"https:\/\/www.intoscana.it\/it\/#website\",\"url\":\"https:\/\/www.intoscana.it\/it\/\",\"name\":\"intoscana\",\"description\":\"\",\"potentialAction\":[{\"@type\":\"SearchAction\",\"target\":{\"@type\":\"EntryPoint\",\"urlTemplate\":\"https:\/\/www.intoscana.it\/it\/?s={search_term_string}\"},\"query-input\":{\"@type\":\"PropertyValueSpecification\",\"valueRequired\":true,\"valueName\":\"search_term_string\"}}],\"inLanguage\":\"it-IT\"},{\"@type\":\"Person\",\"@id\":\"https:\/\/www.intoscana.it\/it\/#\/schema\/person\/9223810753230f20bd670fdd322661f8\",\"name\":\"Redazione\",\"url\":\"https:\/\/www.intoscana.it\/it\/author\/redazione\/\"}]}<\/script>\n<!-- \/ Yoast SEO Premium plugin. -->","yoast_head_json":{"title":"Olio, vino e miele: la Toscana alla BIT celebra la cucina mediterranea - intoscana","description":"Olio, vino e miele: la Toscana si presenta alla BIT di Milano e celebra la cucina mediterranea ancestrale.","robots":{"index":"index","follow":"follow","max-snippet":"max-snippet:-1","max-image-preview":"max-image-preview:large","max-video-preview":"max-video-preview:-1"},"canonical":"https:\/\/www.intoscana.it\/it\/vetrina-toscana-bit-milano-2023\/","og_locale":"it_IT","og_type":"article","og_title":"Olio, vino e miele: la Toscana alla BIT celebra la cucina mediterranea","og_description":"Olio, vino e miele: la Toscana si presenta alla BIT di Milano e celebra la cucina mediterranea ancestrale.","og_url":"https:\/\/www.intoscana.it\/it\/vetrina-toscana-bit-milano-2023\/","og_site_name":"intoscana","article_publisher":"https:\/\/www.facebook.com\/intoscana.it","article_published_time":"2023-02-13T08:54:42+00:00","article_modified_time":"2023-02-13T08:59:30+00:00","og_image":[{"width":2048,"height":1536,"url":"https:\/\/www.intoscana.it\/wp-content\/uploads\/vigneti-giglio-scaled.jpg","type":"image\/jpeg"}],"author":"Redazione","twitter_card":"summary_large_image","twitter_creator":"@intoscana","twitter_site":"@intoscana","twitter_misc":{"Written by":"Redazione","Est. reading time":"3 minuti"},"schema":{"@context":"https:\/\/schema.org","@graph":[{"@type":"WebPage","@id":"https:\/\/www.intoscana.it\/it\/vetrina-toscana-bit-milano-2023\/","url":"https:\/\/www.intoscana.it\/it\/vetrina-toscana-bit-milano-2023\/","name":"Olio, vino e miele: la Toscana alla BIT celebra la cucina mediterranea - intoscana","isPartOf":{"@id":"https:\/\/www.intoscana.it\/it\/#website"},"primaryImageOfPage":{"@id":"https:\/\/www.intoscana.it\/it\/vetrina-toscana-bit-milano-2023\/#primaryimage"},"image":{"@id":"https:\/\/www.intoscana.it\/it\/vetrina-toscana-bit-milano-2023\/#primaryimage"},"thumbnailUrl":"https:\/\/www.intoscana.it\/wp-content\/uploads\/vigneti-giglio-scaled.jpg","datePublished":"2023-02-13T08:54:42+00:00","dateModified":"2023-02-13T08:59:30+00:00","author":{"@id":"https:\/\/www.intoscana.it\/it\/#\/schema\/person\/9223810753230f20bd670fdd322661f8"},"description":"Olio, vino e miele: la Toscana si presenta alla BIT di Milano e celebra la cucina mediterranea ancestrale.","breadcrumb":{"@id":"https:\/\/www.intoscana.it\/it\/vetrina-toscana-bit-milano-2023\/#breadcrumb"},"inLanguage":"it-IT","potentialAction":[{"@type":"ReadAction","target":["https:\/\/www.intoscana.it\/it\/vetrina-toscana-bit-milano-2023\/"]}]},{"@type":"ImageObject","inLanguage":"it-IT","@id":"https:\/\/www.intoscana.it\/it\/vetrina-toscana-bit-milano-2023\/#primaryimage","url":"https:\/\/www.intoscana.it\/wp-content\/uploads\/vigneti-giglio-scaled.jpg","contentUrl":"https:\/\/www.intoscana.it\/wp-content\/uploads\/vigneti-giglio-scaled.jpg","width":2048,"height":1536,"caption":"\u200bLa viticoltura eroica all'Isola del Giglio"},{"@type":"BreadcrumbList","@id":"https:\/\/www.intoscana.it\/it\/vetrina-toscana-bit-milano-2023\/#breadcrumb","itemListElement":[{"@type":"ListItem","position":1,"name":"Home","item":"https:\/\/www.intoscana.it\/it\/"},{"@type":"ListItem","position":2,"name":"Olio, vino e miele: la Toscana alla BIT celebra la cucina mediterranea"}]},{"@type":"WebSite","@id":"https:\/\/www.intoscana.it\/it\/#website","url":"https:\/\/www.intoscana.it\/it\/","name":"intoscana","description":"","potentialAction":[{"@type":"SearchAction","target":{"@type":"EntryPoint","urlTemplate":"https:\/\/www.intoscana.it\/it\/?s={search_term_string}"},"query-input":{"@type":"PropertyValueSpecification","valueRequired":true,"valueName":"search_term_string"}}],"inLanguage":"it-IT"},{"@type":"Person","@id":"https:\/\/www.intoscana.it\/it\/#\/schema\/person\/9223810753230f20bd670fdd322661f8","name":"Redazione","url":"https:\/\/www.intoscana.it\/it\/author\/redazione\/"}]}},"_links":{"self":[{"href":"https:\/\/www.intoscana.it\/it\/wp-json\/wp\/v2\/posts\/271994","targetHints":{"allow":["GET"]}}],"collection":[{"href":"https:\/\/www.intoscana.it\/it\/wp-json\/wp\/v2\/posts"}],"about":[{"href":"https:\/\/www.intoscana.it\/it\/wp-json\/wp\/v2\/types\/post"}],"author":[{"embeddable":true,"href":"https:\/\/www.intoscana.it\/it\/wp-json\/wp\/v2\/users\/525"}],"replies":[{"embeddable":true,"href":"https:\/\/www.intoscana.it\/it\/wp-json\/wp\/v2\/comments?post=271994"}],"version-history":[{"count":0,"href":"https:\/\/www.intoscana.it\/it\/wp-json\/wp\/v2\/posts\/271994\/revisions"}],"wp:featuredmedia":[{"embeddable":true,"href":"https:\/\/www.intoscana.it\/it\/wp-json\/wp\/v2\/media\/169503"}],"wp:attachment":[{"href":"https:\/\/www.intoscana.it\/it\/wp-json\/wp\/v2\/media?parent=271994"}],"wp:term":[{"taxonomy":"category","embeddable":true,"href":"https:\/\/www.intoscana.it\/it\/wp-json\/wp\/v2\/categories?post=271994"},{"taxonomy":"post_tag","embeddable":true,"href":"https:\/\/www.intoscana.it\/it\/wp-json\/wp\/v2\/tags?post=271994"}],"curies":[{"name":"wp","href":"https:\/\/api.w.org\/{rel}","templated":true}]}}