{"id":272130,"date":"2023-02-13T18:24:40","date_gmt":"2023-02-13T17:24:40","guid":{"rendered":"https:\/\/www.intoscana.it\/it\/?p=272130"},"modified":"2023-02-13T18:28:44","modified_gmt":"2023-02-13T17:28:44","slug":"sociale-potenziata-la-rete-di-pronto-intervento-per-il-seus","status":"publish","type":"post","link":"https:\/\/www.intoscana.it\/it\/sociale-potenziata-la-rete-di-pronto-intervento-per-il-seus\/","title":{"rendered":"Sociale, potenziata la rete di pronto intervento del Seus"},"content":{"rendered":"<div class=\"rt-page__content rt-page-content--left\">\n<div class=\"rt-page__content-text\">\n<p>Cresce e si potenzia <mark>la rete del Seus, il pronto intervento del servizio sociale<\/mark>. Il servizio, che permette di fronteggiare h24 e 365 giorni all\u2019anno le situazioni gravi e improvvise sotto il profilo sociale, con il 2023 entra in una nuova fase. Un nuovo sistema di <strong>gestione pi\u00f9 capillare<\/strong> e strutturata e anche da un ampliamento della copertura regionale.<\/p>\n<p><strong>Varato nel 2018<\/strong> a titolo sperimentale, il servizio ha gi\u00e0 dato ampia prova della sua utilit\u00e0: sono <strong>circa 5.000 gli interventi<\/strong> effettuati fino a oggi con i quali si sono potuti fronteggiare con immediatezza casi di <mark>maltrattamenti familiari, violenze di genere, situazioni di estrema povert\u00e0 e disagio<\/mark>.<\/p>\n<p>Quest\u2019anno si \u00e8 conclusa la nuova gara per l\u2019assegnazione della<strong> gestione della centrale operativa<\/strong>. Ad aggiudicarsela un sodalizio costituito da <strong>Proges<\/strong> (cooperativa sociale leader a livello nazionale nell\u2019ambito dei servizi alla persona) e dal <strong>Consorzio Opere di Misericordia<\/strong> (che affianca le Misericordie nella progettazione, sviluppo e realizzazione di interventi innovativi).<\/p>\n<p>\u201c<em>Inizia una nuova fase per il Seus che dalla fase di sperimentazione comincia a funzionare a regime<\/em> &#8211; \u00e8 il commento dell\u2019assessora alle politiche sociali <strong>Serena Spinelli<\/strong> -. <em>La nuova gestione garantir\u00e0 una presenza capillare e consentir\u00e0 un\u2019attivazione immediata del servizio. Questo permetter\u00e0, ormai in gran parte del territorio regionale, di attivare una risposta immediata in caso di situazioni gravi sotto il profilo sociale<\/em>\u201d.<\/p>\n<figure id=\"post-256479 media-256479\" class=\"align-none\"><img decoding=\"async\" src=\"https:\/\/www.intoscana.it\/wp-content\/uploads\/Schermata-2022-11-05-alle-19.20.50-e1669011438384.png\" alt=\"\" \/><\/figure>\n<div class=\"titleimg\">Serena Spinelli<\/div>\n<p>Con la nuova gestione il servizio potr\u00e0 quindi avvalersi delle <strong>sedi delle Misericordie<\/strong>, che saranno il luogo fisico dove risiederanno le unit\u00e0 territoriali composte da un assistente sociale e da altre figure professionali. Le unit\u00e0 avranno anche a disposizione mezzi dedicati per l\u2019effettuazione degli interventi.<\/p>\n<h3>Il Seus tra sociale e sanit\u00e0<\/h3>\n<p>\u201c<em>A cinque anni dall\u2019avvio della sperimentazione &#8211;<\/em> prosegue la Spinelli &#8211; <em>siamo sempre pi\u00f9 consapevoli della bont\u00e0 di questa scelta, che la Toscana ha perseguito per prima in Italia: il Seus permette di integrare la risposta sociale con quella sanitaria, valorizza tante professionalit\u00e0 degli assistenti sociali a livello territoriale, anche in collaborazione con il terzo settore. Permette una continuit\u00e0 fondamentale tra l\u2019evento che ha determinato l\u2019intervento e la presa in carico dei servizi sociali<\/em>\u201d.<\/p>\n<h3>La centrale operativa a Pistoia<\/h3>\n<p>Con la nuova organizzazione assumer\u00e0 <mark>un ruolo strategico la Centrale operativa, che avr\u00e0 sede a Pistoia<\/mark>: sar\u00e0 <strong>il punto di snodo<\/strong> di tutta l\u2019attivit\u00e0 del Seus. Cresceranno anche gli ambiti territoriali nei quali il Seus \u00e8 attivo: alla fine dell\u2019anno <strong>la copertura sar\u00e0 pari al 64%<\/strong> della popolazione residente in Toscana. Sar\u00e0 sensibilmente pi\u00f9 vicina l\u2019estensione di questo servizio a tutto il territorio regionale.<\/p>\n<p>\u201c<em>Operando sul campo ci siamo resi conto che c\u2019era, nell\u2019assistenza prestata, un pezzo che mancava e queto servizio, sia pur di secondo livello, colma la lacuna ed offre un elemento di tranquillit\u00e0 in pi\u00f9<\/em>\u201c commenta \u00a0<strong>Alberto Corsinovi<\/strong>, presidente delle Misecordie della Toscana. \u201c<em>Con le nostre associazioni siamo presenti<\/em> \u2013 aggiunge \u2013 <em>con 406 sedi in tutto il territorio regionale e confidiamo che presto questo servizio, a cui crediamo molto, possa essere esteso a tutta la Toscana<\/em>\u201d.<\/p>\n<p>&#8220;<em>Il Pis \u00a0rappresenta una frontiera di intervento inedita, che completa il quadro della gestione delle emergenze fino a oggi riservato all\u2019ambito sanitario, sposando un concetto di sicurezza, salute e benessere pi\u00f9 ampio di quello a cui siamo comunemente abituati<\/em>\u201d \u00e8 intervenuta <strong>Rossana Mori<\/strong>, consigliera del Cda di Proges.<\/p>\n<p><em>\u201cCome cooperativa sociale<\/em> \u2013 prosegue &#8211; <em>puntiamo a rafforzare il nostro know-how e a proporci sempre di pi\u00f9 come soggetto imprenditoriale radicato e competente in Toscana. Nei prossimi mesi il servizio verr\u00e0 ulteriormente esteso e per questo stiamo ricercando assistenti sociali e assistenti di base interessati a un\u2019esperienza professionale inedita e di cos\u00ec forte utilit\u00e0<\/em>&#8220;.<\/p>\n<p>Alla presentazione del servizio sono intervenuti anche <strong>Rossella Boldrini<\/strong>, direttrice dei servizi sociali Ausl Toscana Centro, e <strong>Franco Doni<\/strong>, direttore della Societ\u00e0 della salute Empolese Valdarno Valdelsa.<\/p>\n<h3>Come funziona il Seus?<\/h3>\n<p>Tra le motivazioni pi\u00f9 frequenti ci sono esplosioni di <strong>alta conflittualit\u00e0<\/strong> in nuclei familiari fragili, episodi di <strong>violenza e maltrattamento<\/strong> di donne o di persone anziane, manifestazioni di <strong>grave malessere<\/strong> in ragazzi e adolescenti, improvviso<strong> abbandono o stato di solitudin<\/strong>e di persone non autosufficienti o gravemente disabili.<\/p>\n<p>In situazioni come queste, per le quali un intervento sociale \u00e8 necessario e indifferibile, questo servizio garantisce l&#8217;attivazione tempestiva di un<strong> pronto intervento\u00a0\u00a0di sostegno<\/strong> per garantire una stabilizzazione della situazione, o per evitare un suo peggioramento o un rischio per l&#8217;incolumit\u00e0 della persona coinvolta.<\/p>\n<figure id=\"post-272189 media-272189\" class=\"align-none\"><img decoding=\"async\" src=\"https:\/\/www.intoscana.it\/wp-content\/uploads\/La-presentazione-del-Seus.jpeg\" alt=\"\" \/><\/figure>\n<div class=\"titleimg\">La presentazione del Seus<\/div>\n<h3>Come funziona il servizio<\/h3>\n<p><mark>Il Seus non viene attivato da un cittadino: le segnalazioni partono da servizi sociali territoriali, ma anche le forze dell&#8217;ordine, il dipartimento dell&#8217;emergenza urgenza sanitaria e altri servizi sanitari<\/mark>. Ad agire altri soggetti del territorio che si trovino di fronte ad una situazione di <strong>emergenza-urgenza sociale personale<\/strong> o familiare. Disponibile <strong>un numero verde unico regionale<\/strong> gratuito attivo\u00a0\u00a0h24 e 365 giorni all\u2019anno.<\/p>\n<p>A seguito della segnalazione, la Centrale operativa del Seus\u00a0\u00a0effettua la valutazione professionale e fornisce una assistenza immediata per la fase emergenziale attraverso l\u2019attivazione delle professionalit\u00e0 necessarie costituite direttamente sui territori (Unit\u00e0 territoriali di emergenza urgenza). L\u2019intervento si conclude con l\u2019affidamento della persona al servizio sociale competente e a agli altri servizi necessari, nel primo momento utile per garantire la continuit\u00e0 della presa in carico.<\/p>\n<h3>Dove \u00e8 presente il Seus<\/h3>\n<p>Attualmente sono<strong> 14 su 28 gli Ambiti territoriali<\/strong> toscani nei quali il Seus \u00e8 attivo: <mark>Empolese-Valdarno inferiore, Valdinievole, Fiorentina nord ovest, Fiorentina sud est, Pistoiese, Pratese, Mugello, Senese, Bassa Val di Cecina Val di Cornia, Colline dell&#8217;Albegna, Amiata grossetana Colline metallifere Grossetana, Alta Val di Cecina Valdera, Alta Val d&#8217;Elsa, Amiata Val d&#8217;Orcia Valdichiana Senese<\/mark>.<\/p>\n<p>Entro il 2023 entreranno nel sistema <strong>le zone Livornese e Pisana<\/strong> e sono state presentate candidature per l\u2019ingresso anche da parte delle <strong>zone Aretina e Versilia<\/strong>. L\u2019obiettivo \u00e8 giungere progressivamente all\u2019inclusione di tutti i territori toscani.<\/p>\n<h3>I dati del servizio Seus<\/h3>\n<p>Dal 2018 in poi <strong>il pronto intervento sociale<\/strong> \u00e8 stato attivato circa <strong>5.000 volte <\/strong>secondo i dati del 2021. In quell\u2019anno <strong>gli interventi <\/strong>sono stati <strong>1.315<\/strong>; gran parte delle richieste\u00a0\u00a0sono giunte <strong>da ospedali e pronti soccorso<\/strong> (475), seguiti dai <strong>servizi sociali territoriali<\/strong> (319) e da <strong>forze dell\u2019ordine<\/strong> e polizia municipale (353).<\/p>\n<figure id=\"post-73217 media-73217\" class=\"align-none\"><img decoding=\"async\" src=\"https:\/\/www.intoscana.it\/wp-content\/uploads\/50-no-violenza-donne-jpg4.jpg\" alt=\"\" \/><\/figure>\n<div class=\"titleimg\">Violenza di genere<\/div>\n<p>Sempre nel 2021 il Seus \u00e8 stato attivato soprattutto a seguito di criticit\u00e0 legate a gravi episodi di conflittualit\u00e0 familiare come <strong>maltrattamenti o casi di abbandono<\/strong> (396 casi), in <strong>situazioni di povert\u00e0<\/strong> con forme di grave disagio abitativo o di carenza di mezzi di sostentamento (313), in casi gravi di <strong>non autosufficienza o disabilit\u00e0<\/strong> che determinano abbandono o solitudine (270) in situazioni da Codice rosa, e quindi <strong>violenza di genere, abusi<\/strong> e sfruttamento sessuale\u00a0\u00a0(248), in casi di minori esposti a grave rischio, come nel caso del <strong>bullismo<\/strong> (65 casi) e infine in situazioni di <strong>emergenza ambientale<\/strong> (17).<\/p>\n<\/div>\n<\/div>\n","protected":false},"excerpt":{"rendered":"<p>Oltre 5mila gli interventi dal 2018 ad oggi per fronteggiare maltrattamenti, violenze di genere, situazioni di estrema povert\u00e0 e disagio. Spinelli: &#8220;Potenziato il servizio, gestione pi\u00f9 capillare&#8221;<\/p>\n","protected":false},"author":525,"featured_media":101874,"comment_status":"open","ping_status":"open","sticky":false,"template":"","format":"standard","meta":{"_acf_changed":false,"footnotes":""},"categories":[494],"tags":[4822,5298,4615],"class_list":["post-272130","post","type-post","status-publish","format-standard","has-post-thumbnail","hentry","category-attualita","tag-serena-spinelli","tag-sociale","tag-violenza-di-genere"],"acf":[],"yoast_head":"<!-- This site is optimized with the Yoast SEO Premium plugin v24.2 (Yoast SEO v25.6) - https:\/\/yoast.com\/wordpress\/plugins\/seo\/ -->\n<title>Sociale, potenziata la rete di pronto intervento del Seus - intoscana<\/title>\n<meta name=\"description\" content=\"Oltre 5mila gli interventi dal 2018 ad oggi per fronteggiare maltrattamenti, violenze di genere, situazioni di estrema povert\u00e0 e disagio\" \/>\n<meta name=\"robots\" content=\"index, follow, max-snippet:-1, max-image-preview:large, max-video-preview:-1\" \/>\n<link rel=\"canonical\" href=\"https:\/\/www.intoscana.it\/it\/sociale-potenziata-la-rete-di-pronto-intervento-per-il-seus\/\" \/>\n<meta property=\"og:locale\" content=\"it_IT\" \/>\n<meta property=\"og:type\" content=\"article\" \/>\n<meta property=\"og:title\" content=\"Sociale, potenziata la rete di pronto intervento del Seus\" \/>\n<meta property=\"og:description\" content=\"Oltre 5mila gli interventi dal 2018 ad oggi per fronteggiare maltrattamenti, violenze di genere, situazioni di estrema povert\u00e0 e disagio\" \/>\n<meta property=\"og:url\" content=\"https:\/\/www.intoscana.it\/it\/sociale-potenziata-la-rete-di-pronto-intervento-per-il-seus\/\" \/>\n<meta property=\"og:site_name\" content=\"intoscana\" \/>\n<meta property=\"article:publisher\" content=\"https:\/\/www.facebook.com\/intoscana.it\" \/>\n<meta property=\"article:published_time\" content=\"2023-02-13T17:24:40+00:00\" \/>\n<meta property=\"article:modified_time\" content=\"2023-02-13T17:28:44+00:00\" \/>\n<meta property=\"og:image\" content=\"https:\/\/www.intoscana.it\/wp-content\/uploads\/bullismo-1.jpg\" \/>\n\t<meta property=\"og:image:width\" content=\"2000\" \/>\n\t<meta property=\"og:image:height\" content=\"1333\" \/>\n\t<meta property=\"og:image:type\" content=\"image\/jpeg\" \/>\n<meta name=\"author\" content=\"Redazione\" \/>\n<meta name=\"twitter:card\" content=\"summary_large_image\" \/>\n<meta name=\"twitter:creator\" content=\"@intoscana\" \/>\n<meta name=\"twitter:site\" content=\"@intoscana\" \/>\n<meta name=\"twitter:label1\" content=\"Written by\" \/>\n\t<meta name=\"twitter:data1\" content=\"Redazione\" \/>\n\t<meta name=\"twitter:label2\" content=\"Est. reading time\" \/>\n\t<meta name=\"twitter:data2\" content=\"6 minuti\" \/>\n<script type=\"application\/ld+json\" class=\"yoast-schema-graph\">{\"@context\":\"https:\/\/schema.org\",\"@graph\":[{\"@type\":\"WebPage\",\"@id\":\"https:\/\/www.intoscana.it\/it\/sociale-potenziata-la-rete-di-pronto-intervento-per-il-seus\/\",\"url\":\"https:\/\/www.intoscana.it\/it\/sociale-potenziata-la-rete-di-pronto-intervento-per-il-seus\/\",\"name\":\"Sociale, potenziata la rete di pronto intervento del Seus - intoscana\",\"isPartOf\":{\"@id\":\"https:\/\/www.intoscana.it\/it\/#website\"},\"primaryImageOfPage\":{\"@id\":\"https:\/\/www.intoscana.it\/it\/sociale-potenziata-la-rete-di-pronto-intervento-per-il-seus\/#primaryimage\"},\"image\":{\"@id\":\"https:\/\/www.intoscana.it\/it\/sociale-potenziata-la-rete-di-pronto-intervento-per-il-seus\/#primaryimage\"},\"thumbnailUrl\":\"https:\/\/www.intoscana.it\/wp-content\/uploads\/bullismo-1.jpg\",\"datePublished\":\"2023-02-13T17:24:40+00:00\",\"dateModified\":\"2023-02-13T17:28:44+00:00\",\"author\":{\"@id\":\"https:\/\/www.intoscana.it\/it\/#\/schema\/person\/9223810753230f20bd670fdd322661f8\"},\"description\":\"Oltre 5mila gli interventi dal 2018 ad oggi per fronteggiare maltrattamenti, violenze di genere, situazioni di estrema povert\u00e0 e disagio\",\"breadcrumb\":{\"@id\":\"https:\/\/www.intoscana.it\/it\/sociale-potenziata-la-rete-di-pronto-intervento-per-il-seus\/#breadcrumb\"},\"inLanguage\":\"it-IT\",\"potentialAction\":[{\"@type\":\"ReadAction\",\"target\":[\"https:\/\/www.intoscana.it\/it\/sociale-potenziata-la-rete-di-pronto-intervento-per-il-seus\/\"]}]},{\"@type\":\"ImageObject\",\"inLanguage\":\"it-IT\",\"@id\":\"https:\/\/www.intoscana.it\/it\/sociale-potenziata-la-rete-di-pronto-intervento-per-il-seus\/#primaryimage\",\"url\":\"https:\/\/www.intoscana.it\/wp-content\/uploads\/bullismo-1.jpg\",\"contentUrl\":\"https:\/\/www.intoscana.it\/wp-content\/uploads\/bullismo-1.jpg\",\"width\":2000,\"height\":1333,\"caption\":\"Notrap!, progetto della Regione Toscana contro il bullismo\"},{\"@type\":\"BreadcrumbList\",\"@id\":\"https:\/\/www.intoscana.it\/it\/sociale-potenziata-la-rete-di-pronto-intervento-per-il-seus\/#breadcrumb\",\"itemListElement\":[{\"@type\":\"ListItem\",\"position\":1,\"name\":\"Home\",\"item\":\"https:\/\/www.intoscana.it\/it\/\"},{\"@type\":\"ListItem\",\"position\":2,\"name\":\"Sociale, potenziata la rete di pronto intervento del Seus\"}]},{\"@type\":\"WebSite\",\"@id\":\"https:\/\/www.intoscana.it\/it\/#website\",\"url\":\"https:\/\/www.intoscana.it\/it\/\",\"name\":\"intoscana\",\"description\":\"\",\"potentialAction\":[{\"@type\":\"SearchAction\",\"target\":{\"@type\":\"EntryPoint\",\"urlTemplate\":\"https:\/\/www.intoscana.it\/it\/?s={search_term_string}\"},\"query-input\":{\"@type\":\"PropertyValueSpecification\",\"valueRequired\":true,\"valueName\":\"search_term_string\"}}],\"inLanguage\":\"it-IT\"},{\"@type\":\"Person\",\"@id\":\"https:\/\/www.intoscana.it\/it\/#\/schema\/person\/9223810753230f20bd670fdd322661f8\",\"name\":\"Redazione\",\"url\":\"https:\/\/www.intoscana.it\/it\/author\/redazione\/\"}]}<\/script>\n<!-- \/ Yoast SEO Premium plugin. -->","yoast_head_json":{"title":"Sociale, potenziata la rete di pronto intervento del Seus - intoscana","description":"Oltre 5mila gli interventi dal 2018 ad oggi per fronteggiare maltrattamenti, violenze di genere, situazioni di estrema povert\u00e0 e disagio","robots":{"index":"index","follow":"follow","max-snippet":"max-snippet:-1","max-image-preview":"max-image-preview:large","max-video-preview":"max-video-preview:-1"},"canonical":"https:\/\/www.intoscana.it\/it\/sociale-potenziata-la-rete-di-pronto-intervento-per-il-seus\/","og_locale":"it_IT","og_type":"article","og_title":"Sociale, potenziata la rete di pronto intervento del Seus","og_description":"Oltre 5mila gli interventi dal 2018 ad oggi per fronteggiare maltrattamenti, violenze di genere, situazioni di estrema povert\u00e0 e disagio","og_url":"https:\/\/www.intoscana.it\/it\/sociale-potenziata-la-rete-di-pronto-intervento-per-il-seus\/","og_site_name":"intoscana","article_publisher":"https:\/\/www.facebook.com\/intoscana.it","article_published_time":"2023-02-13T17:24:40+00:00","article_modified_time":"2023-02-13T17:28:44+00:00","og_image":[{"width":2000,"height":1333,"url":"https:\/\/www.intoscana.it\/wp-content\/uploads\/bullismo-1.jpg","type":"image\/jpeg"}],"author":"Redazione","twitter_card":"summary_large_image","twitter_creator":"@intoscana","twitter_site":"@intoscana","twitter_misc":{"Written by":"Redazione","Est. reading time":"6 minuti"},"schema":{"@context":"https:\/\/schema.org","@graph":[{"@type":"WebPage","@id":"https:\/\/www.intoscana.it\/it\/sociale-potenziata-la-rete-di-pronto-intervento-per-il-seus\/","url":"https:\/\/www.intoscana.it\/it\/sociale-potenziata-la-rete-di-pronto-intervento-per-il-seus\/","name":"Sociale, potenziata la rete di pronto intervento del Seus - intoscana","isPartOf":{"@id":"https:\/\/www.intoscana.it\/it\/#website"},"primaryImageOfPage":{"@id":"https:\/\/www.intoscana.it\/it\/sociale-potenziata-la-rete-di-pronto-intervento-per-il-seus\/#primaryimage"},"image":{"@id":"https:\/\/www.intoscana.it\/it\/sociale-potenziata-la-rete-di-pronto-intervento-per-il-seus\/#primaryimage"},"thumbnailUrl":"https:\/\/www.intoscana.it\/wp-content\/uploads\/bullismo-1.jpg","datePublished":"2023-02-13T17:24:40+00:00","dateModified":"2023-02-13T17:28:44+00:00","author":{"@id":"https:\/\/www.intoscana.it\/it\/#\/schema\/person\/9223810753230f20bd670fdd322661f8"},"description":"Oltre 5mila gli interventi dal 2018 ad oggi per fronteggiare maltrattamenti, violenze di genere, situazioni di estrema povert\u00e0 e disagio","breadcrumb":{"@id":"https:\/\/www.intoscana.it\/it\/sociale-potenziata-la-rete-di-pronto-intervento-per-il-seus\/#breadcrumb"},"inLanguage":"it-IT","potentialAction":[{"@type":"ReadAction","target":["https:\/\/www.intoscana.it\/it\/sociale-potenziata-la-rete-di-pronto-intervento-per-il-seus\/"]}]},{"@type":"ImageObject","inLanguage":"it-IT","@id":"https:\/\/www.intoscana.it\/it\/sociale-potenziata-la-rete-di-pronto-intervento-per-il-seus\/#primaryimage","url":"https:\/\/www.intoscana.it\/wp-content\/uploads\/bullismo-1.jpg","contentUrl":"https:\/\/www.intoscana.it\/wp-content\/uploads\/bullismo-1.jpg","width":2000,"height":1333,"caption":"Notrap!, progetto della Regione Toscana contro il bullismo"},{"@type":"BreadcrumbList","@id":"https:\/\/www.intoscana.it\/it\/sociale-potenziata-la-rete-di-pronto-intervento-per-il-seus\/#breadcrumb","itemListElement":[{"@type":"ListItem","position":1,"name":"Home","item":"https:\/\/www.intoscana.it\/it\/"},{"@type":"ListItem","position":2,"name":"Sociale, potenziata la rete di pronto intervento del Seus"}]},{"@type":"WebSite","@id":"https:\/\/www.intoscana.it\/it\/#website","url":"https:\/\/www.intoscana.it\/it\/","name":"intoscana","description":"","potentialAction":[{"@type":"SearchAction","target":{"@type":"EntryPoint","urlTemplate":"https:\/\/www.intoscana.it\/it\/?s={search_term_string}"},"query-input":{"@type":"PropertyValueSpecification","valueRequired":true,"valueName":"search_term_string"}}],"inLanguage":"it-IT"},{"@type":"Person","@id":"https:\/\/www.intoscana.it\/it\/#\/schema\/person\/9223810753230f20bd670fdd322661f8","name":"Redazione","url":"https:\/\/www.intoscana.it\/it\/author\/redazione\/"}]}},"_links":{"self":[{"href":"https:\/\/www.intoscana.it\/it\/wp-json\/wp\/v2\/posts\/272130","targetHints":{"allow":["GET"]}}],"collection":[{"href":"https:\/\/www.intoscana.it\/it\/wp-json\/wp\/v2\/posts"}],"about":[{"href":"https:\/\/www.intoscana.it\/it\/wp-json\/wp\/v2\/types\/post"}],"author":[{"embeddable":true,"href":"https:\/\/www.intoscana.it\/it\/wp-json\/wp\/v2\/users\/525"}],"replies":[{"embeddable":true,"href":"https:\/\/www.intoscana.it\/it\/wp-json\/wp\/v2\/comments?post=272130"}],"version-history":[{"count":0,"href":"https:\/\/www.intoscana.it\/it\/wp-json\/wp\/v2\/posts\/272130\/revisions"}],"wp:featuredmedia":[{"embeddable":true,"href":"https:\/\/www.intoscana.it\/it\/wp-json\/wp\/v2\/media\/101874"}],"wp:attachment":[{"href":"https:\/\/www.intoscana.it\/it\/wp-json\/wp\/v2\/media?parent=272130"}],"wp:term":[{"taxonomy":"category","embeddable":true,"href":"https:\/\/www.intoscana.it\/it\/wp-json\/wp\/v2\/categories?post=272130"},{"taxonomy":"post_tag","embeddable":true,"href":"https:\/\/www.intoscana.it\/it\/wp-json\/wp\/v2\/tags?post=272130"}],"curies":[{"name":"wp","href":"https:\/\/api.w.org\/{rel}","templated":true}]}}