{"id":272389,"date":"2023-02-14T17:03:03","date_gmt":"2023-02-14T16:03:03","guid":{"rendered":"https:\/\/www.intoscana.it\/it\/?p=272389"},"modified":"2023-05-22T16:27:10","modified_gmt":"2023-05-22T14:27:10","slug":"accorpamenti-scolastici-in-toscana-a-rischio-40-dirigenti-la-regione-fa-ricorso-alla-consulta","status":"publish","type":"post","link":"https:\/\/www.intoscana.it\/it\/accorpamenti-scolastici-in-toscana-a-rischio-40-dirigenti-la-regione-fa-ricorso-alla-consulta\/","title":{"rendered":"Accorpamenti scolastici, in Toscana a rischio 40 dirigenti: la Regione fa ricorso alla Consulta"},"content":{"rendered":"<p><strong>La Giunta della Toscana ha dato mandato all\u2019Avvocatura regionale,<\/strong> con una delibera approvata ieri, di<strong> ricorrere davanti alla Corte costituzionale<\/strong> contro la nuova disciplina di<strong> riorganizzazione della rete scolastica contenuta nell\u2019ultima legge di bilancio<\/strong> (legge 197 del 29 dicembre 2022, \u201cBilancio di previsione dello Stato per l&#8217;anno finanziario 2023 e bilancio pluriennale per il triennio 2023-2025\u201d) perch\u00e8 si tratta (si legge) di\u00a0&#8220;norme lesive delle competenze regionali in materia di istruzione e autonomia scolastica ex commi 3 e 6 dell\u2019articolo 117 della Costituzione, nonch\u00e9 dei principi di cui agli articoli 5, 118 primo e secondo comma, e 120 della Carta, ovvero leale collaborazione e sussidiariet\u00e0, mancato rispetto delle procedure di coordinamento Stato-Regioni in materia di scuola e delle disposizioni che regolano l\u2019esercizio del potere sostitutivo.&#8221;<\/p>\n<p>A illustrare \u00a0motivi alla base del ricorso alla Consulta, sono stati <strong>il presidente Eugenio Giani e l\u2019assessora all\u2019istruzione Alessandra Nardini,<\/strong> durante una conferenza stampa a a Palazzo Strozzi Sacrati.<\/p>\n<p>Le norme in questione individuano i parametri correttivi per <strong>determinare e ripartire i contingenti dei dirigenti scolastici<\/strong>, prevedendo <strong>una riduzione degli organici da parte dello Stato<\/strong> in modo unilaterale, che costringer\u00e0 ad accorpare numerosi istituti senza la possibilit\u00e0 di alcun intervento regionale. Si stabilisce infatti che lo Stato potr\u00e0 esercitare il potere sostitutivo di determinare la distribuzione tra Regioni dell\u2019organico nel caso di mancato accordo entro il 31 maggio in conferenza unificata.<\/p>\n<p>I criteri che il Ministero dell\u2019Istruzione e del Merito adotter\u00e0 per definire i contingenti non sono stati ancora esplicitati chiaramente, ma\u00a0sulla base di elaborazioni comunicate dal Ministero si evince che <strong>il numero di dirigenti scolastici che verr\u00e0 assegnato alla Toscana non sar\u00e0 sufficiente<\/strong> a coprire le attuali dirigenze attive sul territorio regionale.<\/p>\n<p><em>\u201cStimiamo un taglio di dirigenti in 40 unit\u00e0\u201d, <\/em><strong>afferma il presidente Eugenio Giani, spiegando che <\/strong><em>\u201cl\u2019accorpamento di istituti pregiudica la stessa capacit\u00e0 di svolgere un servizio scolastico adeguato soprattutto nelle aree della Toscana diffusa, mettendo a rischio funzionalit\u00e0 ed efficienza. \u201cCon il ricorso \u2013 osserva il presidente dopo aver sottolineato come la decisione \u00e8 il risultato di una profonda valutazione collettiva della giunta &#8211; vogliamo dire che la scuola pubblica non pu\u00f2 essere penalizzata, ridimensionata, e considerata oggetto di tagli in un momento in cui invece abbiamo bisogno di offrire pi\u00f9 qualit\u00e0 e qualit\u00e0 di servizio scolastico proprio nelle aree pi\u00f9 interne, pi\u00f9 disagiate, in cui abbiamo il rischio di spopolamento\u201d.<\/em><\/p>\n<p><strong>Secondo Giani, <\/strong><em>\u201cIl governo deve mettere soldi sulla scuola. Se c\u2019\u00e8 bisogno di risorse per poter consentire di lasciare quantomeno inalterati il numero di dirigenti e l\u2019autonomia delle singole scuola allora queste sono una propriet\u00e0\u201d. \u201cSulla legge di bilancio c\u2019erano 35 miliardi, e allora, &#8211;<\/em> chiede il presidente &#8211;<em> perch\u00e9 le maggiori insufficienze le abbiamo viste proprio su scuola e sanit\u00e0? Nella sanit\u00e0 sono stati indirizzati due miliardi, nella scuola ancora meno, e il risultato \u00e8 questo\u201d.<\/em><\/p>\n<p><em>\u201cCon il presidente Giani \u2013<\/em><strong> dice l\u2019assessora Nardini <\/strong><em>&#8211; abbiamo dichiarato fin da subito la nostra contrariet\u00e0 verso questa scelta del Governo che penalizza la scuola, la quale invece di vedere forti investimenti, come sarebbe necessario e doveroso, \u00e8 oggetto di tagli. \u201cLa questione \u2013 osserva Nardini \u2013 preoccupa sia per le implicazioni sulla qualit\u00e0 della didattica che sui livelli occupazionali, quindi bene hanno fatto i sindacati a far sentire la loro voce. Proprio nei giorni scorsi ho promosso un incontro con le categorie di Cgil, Cisl e Uil Toscana che seguono la scuola, Anci e Upi Toscana in rappresentanza di Comuni e Province&#8221;.<\/em><\/p>\n<p><em>\u201cInsieme ad altre colleghe e colleghi assessori regionali <\/em><strong>&#8211; conclude <\/strong><em>&#8211; ci siamo sempre, in ogni sede, dagli incontri con il Ministero alla Commissione Istruzione della Conferenza delle Regioni, dichiarati contrari a questa scelta e ci siamo attivati con i nostri Presidenti per promuovere il ricorso. Ha gi\u00e0 seguito questa strada la Campania e sono intenzionati a farlo anche Puglia ed Emilia Romagna. Mi auguro che, al netto del colore politico, anche altre Regioni seguano questa strada a tutela del proprio sistema scolastico. Con questa norma si tagliano autonomie scolastiche e si scarica sulle Regioni la responsabilit\u00e0 di questa scelta. Non \u00e8 certo questa la flessibilit\u00e0 che volevamo per tutelare alcune situazioni particolari, cos\u00ec alle Regioni non resta che decidere dove tagliare. La scuola dovrebbe essere al centro dell&#8217;attenzione delle istituzioni a tutti i livelli, a maggior ragione dopo questi anni cos\u00ec difficili&#8221;.<\/em><\/p>\n","protected":false},"excerpt":{"rendered":"<p>Sulla base di elaborazioni comunicate dal Ministero si evince che il numero di dirigenti scolastici che verr\u00e0 assegnato alla Toscana non sar\u00e0 sufficiente a coprire le attuali dirigenze attive sul territorio regionale<\/p>\n","protected":false},"author":525,"featured_media":254995,"comment_status":"open","ping_status":"open","sticky":false,"template":"","format":"standard","meta":{"_acf_changed":false,"footnotes":""},"categories":[494],"tags":[158,151,212],"class_list":["post-272389","post","type-post","status-publish","format-standard","has-post-thumbnail","hentry","category-attualita","tag-eugenio-giani","tag-regione-toscana","tag-scuola"],"acf":[],"yoast_head":"<!-- This site is optimized with the Yoast SEO Premium plugin v24.2 (Yoast SEO v25.6) - https:\/\/yoast.com\/wordpress\/plugins\/seo\/ -->\n<title>Accorpamenti scolastici, in Toscana a rischio 40 dirigenti: la Regione fa ricorso alla Consulta - intoscana<\/title>\n<meta name=\"description\" content=\"Accorpamenti scolastici, in Toscana a rischio 40 dirigenti: la Regione fa ricorso alla Consulta tramite i suoi avvocati\" \/>\n<meta name=\"robots\" content=\"index, follow, max-snippet:-1, max-image-preview:large, max-video-preview:-1\" \/>\n<link rel=\"canonical\" href=\"https:\/\/www.intoscana.it\/it\/accorpamenti-scolastici-in-toscana-a-rischio-40-dirigenti-la-regione-fa-ricorso-alla-consulta\/\" \/>\n<meta property=\"og:locale\" content=\"it_IT\" \/>\n<meta property=\"og:type\" content=\"article\" \/>\n<meta property=\"og:title\" content=\"Accorpamenti scolastici, in Toscana a rischio 40 dirigenti: la Regione fa ricorso alla Consulta\" \/>\n<meta property=\"og:description\" content=\"Accorpamenti scolastici, in Toscana a rischio 40 dirigenti: la Regione fa ricorso alla Consulta tramite i suoi avvocati\" \/>\n<meta property=\"og:url\" content=\"https:\/\/www.intoscana.it\/it\/accorpamenti-scolastici-in-toscana-a-rischio-40-dirigenti-la-regione-fa-ricorso-alla-consulta\/\" \/>\n<meta property=\"og:site_name\" content=\"intoscana\" \/>\n<meta property=\"article:publisher\" content=\"https:\/\/www.facebook.com\/intoscana.it\" \/>\n<meta property=\"article:published_time\" content=\"2023-02-14T16:03:03+00:00\" \/>\n<meta property=\"article:modified_time\" content=\"2023-05-22T14:27:10+00:00\" \/>\n<meta property=\"og:image\" content=\"https:\/\/www.intoscana.it\/wp-content\/uploads\/PRT_2907-scaled.jpg\" \/>\n\t<meta property=\"og:image:width\" content=\"2048\" \/>\n\t<meta property=\"og:image:height\" content=\"1365\" \/>\n\t<meta property=\"og:image:type\" content=\"image\/jpeg\" \/>\n<meta name=\"author\" content=\"Redazione\" \/>\n<meta name=\"twitter:card\" content=\"summary_large_image\" \/>\n<meta name=\"twitter:creator\" content=\"@intoscana\" \/>\n<meta name=\"twitter:site\" content=\"@intoscana\" \/>\n<meta name=\"twitter:label1\" content=\"Written by\" \/>\n\t<meta name=\"twitter:data1\" content=\"Redazione\" \/>\n\t<meta name=\"twitter:label2\" content=\"Est. reading time\" \/>\n\t<meta name=\"twitter:data2\" content=\"4 minuti\" \/>\n<script type=\"application\/ld+json\" class=\"yoast-schema-graph\">{\"@context\":\"https:\/\/schema.org\",\"@graph\":[{\"@type\":\"WebPage\",\"@id\":\"https:\/\/www.intoscana.it\/it\/accorpamenti-scolastici-in-toscana-a-rischio-40-dirigenti-la-regione-fa-ricorso-alla-consulta\/\",\"url\":\"https:\/\/www.intoscana.it\/it\/accorpamenti-scolastici-in-toscana-a-rischio-40-dirigenti-la-regione-fa-ricorso-alla-consulta\/\",\"name\":\"Accorpamenti scolastici, in Toscana a rischio 40 dirigenti: la Regione fa ricorso alla Consulta - intoscana\",\"isPartOf\":{\"@id\":\"https:\/\/www.intoscana.it\/it\/#website\"},\"primaryImageOfPage\":{\"@id\":\"https:\/\/www.intoscana.it\/it\/accorpamenti-scolastici-in-toscana-a-rischio-40-dirigenti-la-regione-fa-ricorso-alla-consulta\/#primaryimage\"},\"image\":{\"@id\":\"https:\/\/www.intoscana.it\/it\/accorpamenti-scolastici-in-toscana-a-rischio-40-dirigenti-la-regione-fa-ricorso-alla-consulta\/#primaryimage\"},\"thumbnailUrl\":\"https:\/\/www.intoscana.it\/wp-content\/uploads\/PRT_2907-scaled.jpg\",\"datePublished\":\"2023-02-14T16:03:03+00:00\",\"dateModified\":\"2023-05-22T14:27:10+00:00\",\"author\":{\"@id\":\"https:\/\/www.intoscana.it\/it\/#\/schema\/person\/9223810753230f20bd670fdd322661f8\"},\"description\":\"Accorpamenti scolastici, in Toscana a rischio 40 dirigenti: la Regione fa ricorso alla Consulta tramite i suoi avvocati\",\"breadcrumb\":{\"@id\":\"https:\/\/www.intoscana.it\/it\/accorpamenti-scolastici-in-toscana-a-rischio-40-dirigenti-la-regione-fa-ricorso-alla-consulta\/#breadcrumb\"},\"inLanguage\":\"it-IT\",\"potentialAction\":[{\"@type\":\"ReadAction\",\"target\":[\"https:\/\/www.intoscana.it\/it\/accorpamenti-scolastici-in-toscana-a-rischio-40-dirigenti-la-regione-fa-ricorso-alla-consulta\/\"]}]},{\"@type\":\"ImageObject\",\"inLanguage\":\"it-IT\",\"@id\":\"https:\/\/www.intoscana.it\/it\/accorpamenti-scolastici-in-toscana-a-rischio-40-dirigenti-la-regione-fa-ricorso-alla-consulta\/#primaryimage\",\"url\":\"https:\/\/www.intoscana.it\/wp-content\/uploads\/PRT_2907-scaled.jpg\",\"contentUrl\":\"https:\/\/www.intoscana.it\/wp-content\/uploads\/PRT_2907-scaled.jpg\",\"width\":2048,\"height\":1365},{\"@type\":\"BreadcrumbList\",\"@id\":\"https:\/\/www.intoscana.it\/it\/accorpamenti-scolastici-in-toscana-a-rischio-40-dirigenti-la-regione-fa-ricorso-alla-consulta\/#breadcrumb\",\"itemListElement\":[{\"@type\":\"ListItem\",\"position\":1,\"name\":\"Home\",\"item\":\"https:\/\/www.intoscana.it\/it\/\"},{\"@type\":\"ListItem\",\"position\":2,\"name\":\"Accorpamenti scolastici, in Toscana a rischio 40 dirigenti: la Regione fa ricorso alla Consulta\"}]},{\"@type\":\"WebSite\",\"@id\":\"https:\/\/www.intoscana.it\/it\/#website\",\"url\":\"https:\/\/www.intoscana.it\/it\/\",\"name\":\"intoscana\",\"description\":\"\",\"potentialAction\":[{\"@type\":\"SearchAction\",\"target\":{\"@type\":\"EntryPoint\",\"urlTemplate\":\"https:\/\/www.intoscana.it\/it\/?s={search_term_string}\"},\"query-input\":{\"@type\":\"PropertyValueSpecification\",\"valueRequired\":true,\"valueName\":\"search_term_string\"}}],\"inLanguage\":\"it-IT\"},{\"@type\":\"Person\",\"@id\":\"https:\/\/www.intoscana.it\/it\/#\/schema\/person\/9223810753230f20bd670fdd322661f8\",\"name\":\"Redazione\",\"url\":\"https:\/\/www.intoscana.it\/it\/author\/redazione\/\"}]}<\/script>\n<!-- \/ Yoast SEO Premium plugin. -->","yoast_head_json":{"title":"Accorpamenti scolastici, in Toscana a rischio 40 dirigenti: la Regione fa ricorso alla Consulta - intoscana","description":"Accorpamenti scolastici, in Toscana a rischio 40 dirigenti: la Regione fa ricorso alla Consulta tramite i suoi avvocati","robots":{"index":"index","follow":"follow","max-snippet":"max-snippet:-1","max-image-preview":"max-image-preview:large","max-video-preview":"max-video-preview:-1"},"canonical":"https:\/\/www.intoscana.it\/it\/accorpamenti-scolastici-in-toscana-a-rischio-40-dirigenti-la-regione-fa-ricorso-alla-consulta\/","og_locale":"it_IT","og_type":"article","og_title":"Accorpamenti scolastici, in Toscana a rischio 40 dirigenti: la Regione fa ricorso alla Consulta","og_description":"Accorpamenti scolastici, in Toscana a rischio 40 dirigenti: la Regione fa ricorso alla Consulta tramite i suoi avvocati","og_url":"https:\/\/www.intoscana.it\/it\/accorpamenti-scolastici-in-toscana-a-rischio-40-dirigenti-la-regione-fa-ricorso-alla-consulta\/","og_site_name":"intoscana","article_publisher":"https:\/\/www.facebook.com\/intoscana.it","article_published_time":"2023-02-14T16:03:03+00:00","article_modified_time":"2023-05-22T14:27:10+00:00","og_image":[{"width":2048,"height":1365,"url":"https:\/\/www.intoscana.it\/wp-content\/uploads\/PRT_2907-scaled.jpg","type":"image\/jpeg"}],"author":"Redazione","twitter_card":"summary_large_image","twitter_creator":"@intoscana","twitter_site":"@intoscana","twitter_misc":{"Written by":"Redazione","Est. reading time":"4 minuti"},"schema":{"@context":"https:\/\/schema.org","@graph":[{"@type":"WebPage","@id":"https:\/\/www.intoscana.it\/it\/accorpamenti-scolastici-in-toscana-a-rischio-40-dirigenti-la-regione-fa-ricorso-alla-consulta\/","url":"https:\/\/www.intoscana.it\/it\/accorpamenti-scolastici-in-toscana-a-rischio-40-dirigenti-la-regione-fa-ricorso-alla-consulta\/","name":"Accorpamenti scolastici, in Toscana a rischio 40 dirigenti: la Regione fa ricorso alla Consulta - intoscana","isPartOf":{"@id":"https:\/\/www.intoscana.it\/it\/#website"},"primaryImageOfPage":{"@id":"https:\/\/www.intoscana.it\/it\/accorpamenti-scolastici-in-toscana-a-rischio-40-dirigenti-la-regione-fa-ricorso-alla-consulta\/#primaryimage"},"image":{"@id":"https:\/\/www.intoscana.it\/it\/accorpamenti-scolastici-in-toscana-a-rischio-40-dirigenti-la-regione-fa-ricorso-alla-consulta\/#primaryimage"},"thumbnailUrl":"https:\/\/www.intoscana.it\/wp-content\/uploads\/PRT_2907-scaled.jpg","datePublished":"2023-02-14T16:03:03+00:00","dateModified":"2023-05-22T14:27:10+00:00","author":{"@id":"https:\/\/www.intoscana.it\/it\/#\/schema\/person\/9223810753230f20bd670fdd322661f8"},"description":"Accorpamenti scolastici, in Toscana a rischio 40 dirigenti: la Regione fa ricorso alla Consulta tramite i suoi avvocati","breadcrumb":{"@id":"https:\/\/www.intoscana.it\/it\/accorpamenti-scolastici-in-toscana-a-rischio-40-dirigenti-la-regione-fa-ricorso-alla-consulta\/#breadcrumb"},"inLanguage":"it-IT","potentialAction":[{"@type":"ReadAction","target":["https:\/\/www.intoscana.it\/it\/accorpamenti-scolastici-in-toscana-a-rischio-40-dirigenti-la-regione-fa-ricorso-alla-consulta\/"]}]},{"@type":"ImageObject","inLanguage":"it-IT","@id":"https:\/\/www.intoscana.it\/it\/accorpamenti-scolastici-in-toscana-a-rischio-40-dirigenti-la-regione-fa-ricorso-alla-consulta\/#primaryimage","url":"https:\/\/www.intoscana.it\/wp-content\/uploads\/PRT_2907-scaled.jpg","contentUrl":"https:\/\/www.intoscana.it\/wp-content\/uploads\/PRT_2907-scaled.jpg","width":2048,"height":1365},{"@type":"BreadcrumbList","@id":"https:\/\/www.intoscana.it\/it\/accorpamenti-scolastici-in-toscana-a-rischio-40-dirigenti-la-regione-fa-ricorso-alla-consulta\/#breadcrumb","itemListElement":[{"@type":"ListItem","position":1,"name":"Home","item":"https:\/\/www.intoscana.it\/it\/"},{"@type":"ListItem","position":2,"name":"Accorpamenti scolastici, in Toscana a rischio 40 dirigenti: la Regione fa ricorso alla Consulta"}]},{"@type":"WebSite","@id":"https:\/\/www.intoscana.it\/it\/#website","url":"https:\/\/www.intoscana.it\/it\/","name":"intoscana","description":"","potentialAction":[{"@type":"SearchAction","target":{"@type":"EntryPoint","urlTemplate":"https:\/\/www.intoscana.it\/it\/?s={search_term_string}"},"query-input":{"@type":"PropertyValueSpecification","valueRequired":true,"valueName":"search_term_string"}}],"inLanguage":"it-IT"},{"@type":"Person","@id":"https:\/\/www.intoscana.it\/it\/#\/schema\/person\/9223810753230f20bd670fdd322661f8","name":"Redazione","url":"https:\/\/www.intoscana.it\/it\/author\/redazione\/"}]}},"_links":{"self":[{"href":"https:\/\/www.intoscana.it\/it\/wp-json\/wp\/v2\/posts\/272389","targetHints":{"allow":["GET"]}}],"collection":[{"href":"https:\/\/www.intoscana.it\/it\/wp-json\/wp\/v2\/posts"}],"about":[{"href":"https:\/\/www.intoscana.it\/it\/wp-json\/wp\/v2\/types\/post"}],"author":[{"embeddable":true,"href":"https:\/\/www.intoscana.it\/it\/wp-json\/wp\/v2\/users\/525"}],"replies":[{"embeddable":true,"href":"https:\/\/www.intoscana.it\/it\/wp-json\/wp\/v2\/comments?post=272389"}],"version-history":[{"count":0,"href":"https:\/\/www.intoscana.it\/it\/wp-json\/wp\/v2\/posts\/272389\/revisions"}],"wp:featuredmedia":[{"embeddable":true,"href":"https:\/\/www.intoscana.it\/it\/wp-json\/wp\/v2\/media\/254995"}],"wp:attachment":[{"href":"https:\/\/www.intoscana.it\/it\/wp-json\/wp\/v2\/media?parent=272389"}],"wp:term":[{"taxonomy":"category","embeddable":true,"href":"https:\/\/www.intoscana.it\/it\/wp-json\/wp\/v2\/categories?post=272389"},{"taxonomy":"post_tag","embeddable":true,"href":"https:\/\/www.intoscana.it\/it\/wp-json\/wp\/v2\/tags?post=272389"}],"curies":[{"name":"wp","href":"https:\/\/api.w.org\/{rel}","templated":true}]}}